{"id":181067,"date":"2026-01-25T14:05:00","date_gmt":"2026-01-25T17:05:00","guid":{"rendered":"https:\/\/www.correiobraziliense.com.br\/cbradar\/?p=181067"},"modified":"2026-01-25T05:24:09","modified_gmt":"2026-01-25T08:24:09","slug":"a-princesinha-do-sul-e-nordestina-e-atrai-pela-beleza-gritante-com-aguas-cristalinas-de-enxergar-os-pes-e-patrimonios-preservados","status":"publish","type":"post","link":"https:\/\/www.correiobraziliense.com.br\/cbradar\/a-princesinha-do-sul-e-nordestina-e-atrai-pela-beleza-gritante-com-aguas-cristalinas-de-enxergar-os-pes-e-patrimonios-preservados\/","title":{"rendered":"A &#8220;Princesinha do Sul&#8221; \u00e9 Nordestina e atra\u00ed pela beleza gritante com \u00e1guas cristalinas de enxergar os p\u00e9s e patrim\u00f4nios preservados"},"content":{"rendered":"\n<p>Localizada a cerca de 450 km da capital <strong>Salvador<\/strong>, a cidade de <strong>Ilh\u00e9us<\/strong> \u00e9 a porta de entrada da deslumbrante <strong>Costa do Cacau<\/strong>. Conhecida como a&#8221; Princesinha do Sul&#8221;, o munic\u00edpio combina praias extensas com um patrim\u00f4nio arquitet\u00f4nico que narra a \u00e9poca \u00e1urea dos coron\u00e9is do cacau.<\/p>\n\n\n\n<h2 class=\"wp-block-heading\">Por que a cidade \u00e9 considerada o ber\u00e7o de Gabriela e dos coron\u00e9is?<\/h2>\n\n\n\n<p>A fama mundial do munic\u00edpio deve-se \u00e0 obra do escritor <strong>Jorge Amado<\/strong>, que imortalizou a cultura cacaueira em cl\u00e1ssicos como &#8220;Gabriela, Cravo e Canela&#8221;. O ciclo do cacau, no in\u00edcio do s\u00e9culo 20, enriqueceu a regi\u00e3o e financiou a constru\u00e7\u00e3o de palacetes e edif\u00edcios neocl\u00e1ssicos que ainda dominam o centro hist\u00f3rico.<\/p>\n\n\n\n<p>Essa heran\u00e7a liter\u00e1ria e econ\u00f4mica transformou a cidade em um museu a c\u00e9u aberto, onde a fic\u00e7\u00e3o se mistura com a realidade. Caminhar pelas ruas do centro \u00e9 reviver os romances e as disputas de terra que moldaram a identidade cultural do sul da <strong>Bahia<\/strong> e projetaram o <strong>Brasil<\/strong> no cen\u00e1rio internacional.<\/p>\n\n\n<div class=\"wp-block-image\">\n<figure class=\"aligncenter size-large\"><img decoding=\"async\" width=\"1024\" height=\"576\" src=\"https:\/\/www.correiobraziliense.com.br\/cbradar\/wp-content\/uploads\/2025\/11\/Ilheus-_1764144552378-1024x576.jpg\" alt=\"A &quot;Princesinha do Sul&quot; \u00e9 Nordestina e atra\u00ed pela beleza gritante com \u00e1guas cristalinas de enxergar os p\u00e9s e patrim\u00f4nios preservados\" class=\"wp-image-145109\" srcset=\"https:\/\/www.correiobraziliense.com.br\/cbradar\/wp-content\/uploads\/2025\/11\/Ilheus-_1764144552378-1024x576.jpg 1024w, https:\/\/www.correiobraziliense.com.br\/cbradar\/wp-content\/uploads\/2025\/11\/Ilheus-_1764144552378-300x169.jpg 300w, https:\/\/www.correiobraziliense.com.br\/cbradar\/wp-content\/uploads\/2025\/11\/Ilheus-_1764144552378-768x432.jpg 768w, https:\/\/www.correiobraziliense.com.br\/cbradar\/wp-content\/uploads\/2025\/11\/Ilheus-_1764144552378-750x422.jpg 750w, https:\/\/www.correiobraziliense.com.br\/cbradar\/wp-content\/uploads\/2025\/11\/Ilheus-_1764144552378-1140x641.jpg 1140w, https:\/\/www.correiobraziliense.com.br\/cbradar\/wp-content\/uploads\/2025\/11\/Ilheus-_1764144552378.jpg 1280w\" sizes=\"(max-width: 1024px) 100vw, 1024px\" \/><figcaption class=\"wp-element-caption\"> Ilh\u00e9us encanta com suas praias paradis\u00edacas, culin\u00e1ria diversa e o charme hist\u00f3rico de suas constru\u00e7\u00f5es coloniais. \/\/ Cr\u00e9ditos: depositphotos.com \/ PedroTruffi<\/figcaption><\/figure><\/div>\n\n\n<h2 class=\"wp-block-heading\">Como \u00e9 a rotina entre o centro hist\u00f3rico e o mar?<\/h2>\n\n\n\n<p>Viver ou visitar <strong>Ilh\u00e9us<\/strong> significa transitar entre a calmaria de praias paradis\u00edacas e a efervesc\u00eancia cultural de um centro urbano vibrante. O estilo de vida local \u00e9 marcado pelo lazer nas cabanas de praia durante o dia e pela boemia nos bares hist\u00f3ricos ao entardecer, mantendo viva a tradi\u00e7\u00e3o dos antigos encontros sociais.<\/p>\n\n\n\n<p>A cidade possui o litoral mais extenso do estado, permitindo que moradores e turistas encontrem desde faixas de areia badaladas at\u00e9 ref\u00fagios selvagens cercados pela Mata Atl\u00e2ntica. A infraestrutura hoteleira e gastron\u00f4mica acompanha esse fluxo, oferecendo conforto sem perder a autenticidade baiana.<\/p>\n\n\n\n<p>Descubra o que fazer em <strong>Ilh\u00e9us<\/strong>, na Bahia, a famosa &#8220;Terra do Cacau&#8221; e cen\u00e1rio das obras de Jorge Amado. O v\u00eddeo do canal <strong>Grupo Dicas De Viagem<\/strong> apresenta um guia completo para aproveitar o sul baiano:<\/p>\n\n\n\n<figure class=\"wp-block-embed aligncenter is-type-video is-provider-youtube wp-block-embed-youtube wp-embed-aspect-16-9 wp-has-aspect-ratio\"><div class=\"wp-block-embed__wrapper\">\n<div class=\"jeg_video_container jeg_video_content\"><iframe loading=\"lazy\" title=\"O QUE FAZER EM ILH\u00c9US! Passeios, pontos tur\u00edsticos e atra\u00e7\u00f5es!\" width=\"500\" height=\"281\" src=\"https:\/\/www.youtube.com\/embed\/qpO64Ps-p1A?feature=oembed\" frameborder=\"0\" allow=\"accelerometer; autoplay; clipboard-write; encrypted-media; gyroscope; picture-in-picture; web-share\" referrerpolicy=\"strict-origin-when-cross-origin\" allowfullscreen><\/iframe><\/div>\n<\/div><\/figure>\n\n\n\n<h2 class=\"wp-block-heading\">Qual o tamanho atual da popula\u00e7\u00e3o e a estrutura educacional?<\/h2>\n\n\n\n<p>O munic\u00edpio abriga 178 mil habitantes, conforme dados do Censo 2022 do <strong><a href=\"https:\/\/cidades.ibge.gov.br\/brasil\/ba\/ilheus\/panorama\" target=\"_blank\" rel=\"noreferrer noopener\">IBGE (Instituto Brasileiro de Geografia e Estat\u00edstica)<\/a><\/strong>, sendo um dos mais populosos do interior baiano. A regi\u00e3o tamb\u00e9m se destaca como um polo universit\u00e1rio, sediando a <strong>Universidade Estadual de Santa Cruz<\/strong> (<strong>UESC<\/strong>), que atrai estudantes de todo o pa\u00eds.<\/p>\n\n\n\n<p>A presen\u00e7a acad\u00eamica renova a demografia local e impulsiona o setor de servi\u00e7os, criando um ambiente onde a tradi\u00e7\u00e3o convive com a juventude universit\u00e1ria. Esse dinamismo refor\u00e7a a import\u00e2ncia da cidade n\u00e3o apenas como destino tur\u00edstico, mas como centro regional de conhecimento e com\u00e9rcio.<\/p>\n\n\n\n<h2 class=\"wp-block-heading\">Quais s\u00e3o as experi\u00eancias tur\u00edsticas imperd\u00edveis na Terra do Cacau?<\/h2>\n\n\n\n<p>O turismo na regi\u00e3o oferece um roteiro duplo: a imers\u00e3o hist\u00f3rica no centro e a explora\u00e7\u00e3o sensorial nas fazendas de cacau que abriram suas portas para visita\u00e7\u00e3o. \u00c9 poss\u00edvel acompanhar todo o processo de produ\u00e7\u00e3o do chocolate, desde a quebra do fruto at\u00e9 a degusta\u00e7\u00e3o de produtos de alta qualidade.<\/p>\n\n\n\n<p>Abaixo est\u00e3o os locais que definem a magia deste destino:<\/p>\n\n\n\n<ul class=\"wp-block-list\">\n<li><strong>Bar Ves\u00favio<\/strong>: Parada obrigat\u00f3ria fundada em 1915, famosa pelo quibe e por ser cen\u00e1rio constante na literatura de <strong>Jorge Amado<\/strong>.<\/li>\n\n\n\n<li><strong>Bataclan<\/strong>: Antigo cabar\u00e9 restaurado que hoje funciona como centro cultural e restaurante, preservando o clima da d\u00e9cada de 1920.<\/li>\n\n\n\n<li><strong>Catedral de S\u00e3o Sebasti\u00e3o<\/strong>: Templo imponente com arquitetura neocl\u00e1ssica, um dos cart\u00f5es-postais mais fotografados da cidade.<\/li>\n\n\n\n<li><strong>Praia dos Milion\u00e1rios<\/strong>: A mais procurada da orla sul, com excelente estrutura de barracas e \u00e1guas convidativas.<\/li>\n\n\n\n<li><strong>Fazenda Yrer\u00ea<\/strong>: Refer\u00eancia em turismo rural, oferece trilhas em meio \u00e0 planta\u00e7\u00e3o de cacau e degusta\u00e7\u00e3o de cacau in natura.<\/li>\n<\/ul>\n\n\n<div class=\"wp-block-image\">\n<figure class=\"aligncenter size-large\"><img decoding=\"async\" width=\"1024\" height=\"576\" src=\"https:\/\/www.correiobraziliense.com.br\/cbradar\/wp-content\/uploads\/2025\/04\/Edicoes-25-1024x576.png\" alt=\"A cidade Nordestina que atra\u00ed pela sua beleza gritante com \u00e1guas cristalinas para enxergar os p\u00e9s e patrim\u00f4nios preservados\" class=\"wp-image-22285\" srcset=\"https:\/\/www.correiobraziliense.com.br\/cbradar\/wp-content\/uploads\/2025\/04\/Edicoes-25-1024x576.png 1024w, https:\/\/www.correiobraziliense.com.br\/cbradar\/wp-content\/uploads\/2025\/04\/Edicoes-25-300x169.png 300w, https:\/\/www.correiobraziliense.com.br\/cbradar\/wp-content\/uploads\/2025\/04\/Edicoes-25-768x432.png 768w, https:\/\/www.correiobraziliense.com.br\/cbradar\/wp-content\/uploads\/2025\/04\/Edicoes-25-750x422.png 750w, https:\/\/www.correiobraziliense.com.br\/cbradar\/wp-content\/uploads\/2025\/04\/Edicoes-25-1140x641.png 1140w, https:\/\/www.correiobraziliense.com.br\/cbradar\/wp-content\/uploads\/2025\/04\/Edicoes-25.png 1280w\" sizes=\"(max-width: 1024px) 100vw, 1024px\" \/><figcaption class=\"wp-element-caption\">Ilh\u00e9us \u00e9 uma cidade no sul da Bahia, famosa pelo seu extenso litoral e produtor hist\u00f3rico de cacau. \/\/ Reprodu\u00e7\u00e3o: Wikip\u00e9dia<\/figcaption><\/figure><\/div>\n\n\n<p><strong>Leia tamb\u00e9m: <a href=\"https:\/\/www.correiobraziliense.com.br\/cbradar\/o-habito-simples-melhora-a-qualidade-do-ar-da-sua-casa-em-5-minutos\/\" target=\"_blank\" rel=\"noreferrer noopener\">O h\u00e1bito simples melhora a qualidade do ar da sua casa em 5 minutos<\/a>.<\/strong><\/p>\n\n\n\n<h2 class=\"wp-block-heading\">Como funciona o clima e as temperaturas no litoral sul?<\/h2>\n\n\n\n<p><strong>O clima \u00e9 tropical \u00famido, caracterizado por temperaturas elevadas durante todo o ano e uma brisa constante vinda do<\/strong> <strong>Oceano Atl\u00e2ntico<\/strong>. As chuvas s\u00e3o bem distribu\u00eddas, garantindo o verde intenso da vegeta\u00e7\u00e3o, mas o sol brilha com for\u00e7a na maior parte dos dias.<\/p>\n\n\n\n<p>As m\u00e9dias t\u00e9rmicas e condi\u00e7\u00f5es atmosf\u00e9ricas, baseadas no hist\u00f3rico regional do portal <strong><a href=\"https:\/\/www.climatempo.com.br\/previsao-do-tempo\/cidade\/49\/ilheus-ba\" target=\"_blank\" rel=\"noreferrer noopener\">Climatempo<\/a><\/strong>, seguem o padr\u00e3o abaixo:<\/p>\n\n\n\n<figure class=\"wp-block-table\"><table class=\"has-fixed-layout\"><tbody><tr><th>Esta\u00e7\u00e3o\/Meses<\/th><th>Temperatura<\/th><th>O que esperar<\/th><\/tr><tr><td>Ver\u00e3o (Dezembro a Mar\u00e7o)<\/td><td>24\u00b0C a 30\u00b0C<\/td><td>Calor intenso, praias lotadas e chuvas passageiras<\/td><\/tr><tr><td>Outono (Abril a Junho)<\/td><td>22\u00b0C a 27\u00b0C<\/td><td>Dias agrad\u00e1veis, umidade alta e menor fluxo tur\u00edstico<\/td><\/tr><tr><td>Inverno (Julho a Setembro)<\/td><td>19\u00b0C a 25\u00b0C<\/td><td>Clima ameno, noites frescas e chuvas mais frequentes<\/td><\/tr><tr><td>Primavera (Outubro a Novembro)<\/td><td>23\u00b0C a 28\u00b0C<\/td><td>Aquecimento gradual e dias de c\u00e9u azul brilhante<\/td><\/tr><\/tbody><\/table><\/figure>\n\n\n\n<h2 class=\"wp-block-heading\">Motivos para se apaixonar por Ilh\u00e9us<\/h2>\n\n\n\n<p>Escolher este destino \u00e9 mergulhar na ess\u00eancia da cultura brasileira, onde hist\u00f3ria, literatura e natureza se fundem de maneira \u00fanica. A cidade oferece uma experi\u00eancia completa para quem busca relaxamento e enriquecimento cultural.<\/p>\n\n\n\n<ul class=\"wp-block-list\">\n<li>Gastronomia rica baseada em frutos do mar e chocolate de origem.<\/li>\n\n\n\n<li>Patrim\u00f4nio hist\u00f3rico preservado que transporta o visitante para outra \u00e9poca.<\/li>\n\n\n\n<li>Belezas naturais diversificadas, de praias urbanas a fazendas rurais.<\/li>\n<\/ul>\n\n\n\n<p>Voc\u00ea precisa sentir o aroma de cravo e canela e viver a hospitalidade deste \u00edcone da Bahia.<\/p>\n","protected":false},"excerpt":{"rendered":"<p>Localizada a cerca de 450 km da capital Salvador, a cidade de Ilh\u00e9us \u00e9 a porta de entrada da deslumbrante Costa do Cacau. Conhecida como a&#8221; Princesinha do Sul&#8221;, o munic\u00edpio combina praias extensas com um patrim\u00f4nio arquitet\u00f4nico que narra a \u00e9poca \u00e1urea dos coron\u00e9is do cacau. Por que a cidade \u00e9 considerada o ber\u00e7o [&hellip;]<\/p>\n","protected":false},"author":8,"featured_media":181151,"comment_status":"open","ping_status":"open","sticky":false,"template":"","format":"standard","meta":{"_yoast_wpseo_focuskw":"princesinha do sul","_yoast_wpseo_title":"","_yoast_wpseo_metadesc":"Descubra por que a Princesinha do Sul, no Nordeste, chama aten\u00e7\u00e3o pelas \u00e1guas cristalinas e pelo patrim\u00f4nio preservado.","jnews-multi-image_gallery":[],"jnews_single_post":{"format":"standard"},"jnews_primary_category":[],"jnews_social_meta":[],"jnews_override_counter":[],"footnotes":""},"categories":[108,111],"tags":[483,1744],"class_list":["post-181067","post","type-post","status-publish","format-standard","has-post-thumbnail","hentry","category-cidades","category-turismo","tag-bahia","tag-ilheus"],"yoast_head":"<!-- This site is optimized with the Yoast SEO plugin v24.6 - https:\/\/yoast.com\/wordpress\/plugins\/seo\/ -->\n<title>A &quot;Princesinha do Sul&quot; \u00e9 Nordestina e atra\u00ed pela beleza gritante com \u00e1guas cristalinas de enxergar os p\u00e9s e patrim\u00f4nios preservados - Correio Braziliense - Radar<\/title>\n<meta name=\"description\" content=\"Descubra por que a Princesinha do Sul, no Nordeste, chama aten\u00e7\u00e3o pelas \u00e1guas cristalinas e pelo patrim\u00f4nio preservado.\" \/>\n<meta name=\"robots\" content=\"index, follow, max-snippet:-1, max-image-preview:large, max-video-preview:-1\" \/>\n<link rel=\"canonical\" href=\"https:\/\/www.correiobraziliense.com.br\/cbradar\/a-princesinha-do-sul-e-nordestina-e-atrai-pela-beleza-gritante-com-aguas-cristalinas-de-enxergar-os-pes-e-patrimonios-preservados\/\" \/>\n<meta property=\"og:locale\" content=\"pt_BR\" \/>\n<meta property=\"og:type\" content=\"article\" \/>\n<meta property=\"og:title\" content=\"A &quot;Princesinha do Sul&quot; \u00e9 Nordestina e atra\u00ed pela beleza gritante com \u00e1guas cristalinas de enxergar os p\u00e9s e patrim\u00f4nios preservados - Correio Braziliense - Radar\" \/>\n<meta property=\"og:description\" content=\"Descubra por que a Princesinha do Sul, no Nordeste, chama aten\u00e7\u00e3o pelas \u00e1guas cristalinas e pelo patrim\u00f4nio preservado.\" \/>\n<meta property=\"og:url\" content=\"https:\/\/www.correiobraziliense.com.br\/cbradar\/a-princesinha-do-sul-e-nordestina-e-atrai-pela-beleza-gritante-com-aguas-cristalinas-de-enxergar-os-pes-e-patrimonios-preservados\/\" \/>\n<meta property=\"og:site_name\" content=\"Correio Braziliense - Radar\" \/>\n<meta property=\"article:published_time\" content=\"2026-01-25T17:05:00+00:00\" \/>\n<meta property=\"og:image\" content=\"https:\/\/www.correiobraziliense.com.br\/cbradar\/wp-content\/uploads\/2026\/01\/aaa-2026-01-25T052138.078.png\" \/>\n\t<meta property=\"og:image:width\" content=\"1280\" \/>\n\t<meta property=\"og:image:height\" content=\"720\" \/>\n\t<meta property=\"og:image:type\" content=\"image\/png\" \/>\n<meta name=\"author\" content=\"Maura Pereira\" \/>\n<meta name=\"twitter:card\" content=\"summary_large_image\" \/>\n<meta name=\"twitter:label1\" content=\"Escrito por\" \/>\n\t<meta name=\"twitter:data1\" content=\"Maura Pereira\" \/>\n\t<meta name=\"twitter:label2\" content=\"Est. tempo de leitura\" \/>\n\t<meta name=\"twitter:data2\" content=\"6 minutos\" \/>\n<!-- \/ Yoast SEO plugin. -->","yoast_head_json":{"title":"A \"Princesinha do Sul\" \u00e9 Nordestina e atra\u00ed pela beleza gritante com \u00e1guas cristalinas de enxergar os p\u00e9s e patrim\u00f4nios preservados - Correio Braziliense - Radar","description":"Descubra por que a Princesinha do Sul, no Nordeste, chama aten\u00e7\u00e3o pelas \u00e1guas cristalinas e pelo patrim\u00f4nio preservado.","robots":{"index":"index","follow":"follow","max-snippet":"max-snippet:-1","max-image-preview":"max-image-preview:large","max-video-preview":"max-video-preview:-1"},"canonical":"https:\/\/www.correiobraziliense.com.br\/cbradar\/a-princesinha-do-sul-e-nordestina-e-atrai-pela-beleza-gritante-com-aguas-cristalinas-de-enxergar-os-pes-e-patrimonios-preservados\/","og_locale":"pt_BR","og_type":"article","og_title":"A \"Princesinha do Sul\" \u00e9 Nordestina e atra\u00ed pela beleza gritante com \u00e1guas cristalinas de enxergar os p\u00e9s e patrim\u00f4nios preservados - Correio Braziliense - Radar","og_description":"Descubra por que a Princesinha do Sul, no Nordeste, chama aten\u00e7\u00e3o pelas \u00e1guas cristalinas e pelo patrim\u00f4nio preservado.","og_url":"https:\/\/www.correiobraziliense.com.br\/cbradar\/a-princesinha-do-sul-e-nordestina-e-atrai-pela-beleza-gritante-com-aguas-cristalinas-de-enxergar-os-pes-e-patrimonios-preservados\/","og_site_name":"Correio Braziliense - Radar","article_published_time":"2026-01-25T17:05:00+00:00","og_image":[{"width":1280,"height":720,"url":"https:\/\/www.correiobraziliense.com.br\/cbradar\/wp-content\/uploads\/2026\/01\/aaa-2026-01-25T052138.078.png","type":"image\/png"}],"author":"Maura Pereira","twitter_card":"summary_large_image","twitter_misc":{"Escrito por":"Maura Pereira","Est. tempo de leitura":"6 minutos"},"schema":{"@context":"https:\/\/schema.org","@graph":[{"@type":"WebPage","@id":"https:\/\/www.correiobraziliense.com.br\/cbradar\/a-princesinha-do-sul-e-nordestina-e-atrai-pela-beleza-gritante-com-aguas-cristalinas-de-enxergar-os-pes-e-patrimonios-preservados\/","url":"https:\/\/www.correiobraziliense.com.br\/cbradar\/a-princesinha-do-sul-e-nordestina-e-atrai-pela-beleza-gritante-com-aguas-cristalinas-de-enxergar-os-pes-e-patrimonios-preservados\/","name":"A \"Princesinha do Sul\" \u00e9 Nordestina e atra\u00ed pela beleza gritante com \u00e1guas cristalinas de enxergar os p\u00e9s e patrim\u00f4nios preservados - Correio Braziliense - Radar","isPartOf":{"@id":"https:\/\/www.correiobraziliense.com.br\/cbradar\/#website"},"primaryImageOfPage":{"@id":"https:\/\/www.correiobraziliense.com.br\/cbradar\/a-princesinha-do-sul-e-nordestina-e-atrai-pela-beleza-gritante-com-aguas-cristalinas-de-enxergar-os-pes-e-patrimonios-preservados\/#primaryimage"},"image":{"@id":"https:\/\/www.correiobraziliense.com.br\/cbradar\/a-princesinha-do-sul-e-nordestina-e-atrai-pela-beleza-gritante-com-aguas-cristalinas-de-enxergar-os-pes-e-patrimonios-preservados\/#primaryimage"},"thumbnailUrl":"https:\/\/www.correiobraziliense.com.br\/cbradar\/wp-content\/uploads\/2026\/01\/aaa-2026-01-25T052138.078.png","datePublished":"2026-01-25T17:05:00+00:00","author":{"@id":"https:\/\/www.correiobraziliense.com.br\/cbradar\/#\/schema\/person\/4053c651a9bfc785afc6f4cbc9032fd3"},"description":"Descubra por que a Princesinha do Sul, no Nordeste, chama aten\u00e7\u00e3o pelas \u00e1guas cristalinas e pelo patrim\u00f4nio preservado.","breadcrumb":{"@id":"https:\/\/www.correiobraziliense.com.br\/cbradar\/a-princesinha-do-sul-e-nordestina-e-atrai-pela-beleza-gritante-com-aguas-cristalinas-de-enxergar-os-pes-e-patrimonios-preservados\/#breadcrumb"},"inLanguage":"pt-BR","potentialAction":[{"@type":"ReadAction","target":["https:\/\/www.correiobraziliense.com.br\/cbradar\/a-princesinha-do-sul-e-nordestina-e-atrai-pela-beleza-gritante-com-aguas-cristalinas-de-enxergar-os-pes-e-patrimonios-preservados\/"]}]},{"@type":"ImageObject","inLanguage":"pt-BR","@id":"https:\/\/www.correiobraziliense.com.br\/cbradar\/a-princesinha-do-sul-e-nordestina-e-atrai-pela-beleza-gritante-com-aguas-cristalinas-de-enxergar-os-pes-e-patrimonios-preservados\/#primaryimage","url":"https:\/\/www.correiobraziliense.com.br\/cbradar\/wp-content\/uploads\/2026\/01\/aaa-2026-01-25T052138.078.png","contentUrl":"https:\/\/www.correiobraziliense.com.br\/cbradar\/wp-content\/uploads\/2026\/01\/aaa-2026-01-25T052138.078.png","width":1280,"height":720,"caption":"Ilh\u00e9us desperta paix\u00f5es com praias douradas, fazendas de cacau e ess\u00eancia baiana que imortalizou Jorge Amado em suas obras eternas!"},{"@type":"BreadcrumbList","@id":"https:\/\/www.correiobraziliense.com.br\/cbradar\/a-princesinha-do-sul-e-nordestina-e-atrai-pela-beleza-gritante-com-aguas-cristalinas-de-enxergar-os-pes-e-patrimonios-preservados\/#breadcrumb","itemListElement":[{"@type":"ListItem","position":1,"name":"In\u00edcio","item":"https:\/\/www.correiobraziliense.com.br\/cbradar\/"},{"@type":"ListItem","position":2,"name":"A &#8220;Princesinha do Sul&#8221; \u00e9 Nordestina e atra\u00ed pela beleza gritante com \u00e1guas cristalinas de enxergar os p\u00e9s e patrim\u00f4nios preservados"}]},{"@type":"WebSite","@id":"https:\/\/www.correiobraziliense.com.br\/cbradar\/#website","url":"https:\/\/www.correiobraziliense.com.br\/cbradar\/","name":"Correio Braziliense - Radar","description":"Acompanhe as \u00faltimas not\u00edcias e fique bem informado sobre tudo o que acontece no Brasil e no mundo.","potentialAction":[{"@type":"SearchAction","target":{"@type":"EntryPoint","urlTemplate":"https:\/\/www.correiobraziliense.com.br\/cbradar\/?s={search_term_string}"},"query-input":{"@type":"PropertyValueSpecification","valueRequired":true,"valueName":"search_term_string"}}],"inLanguage":"pt-BR"},{"@type":"Person","@id":"https:\/\/www.correiobraziliense.com.br\/cbradar\/#\/schema\/person\/4053c651a9bfc785afc6f4cbc9032fd3","name":"Maura Pereira","image":{"@type":"ImageObject","inLanguage":"pt-BR","@id":"https:\/\/www.correiobraziliense.com.br\/cbradar\/#\/schema\/person\/image\/","url":"https:\/\/secure.gravatar.com\/avatar\/3effd6bdadfa447f15089c7f7144eaa6?s=96&d=mm&r=g","contentUrl":"https:\/\/secure.gravatar.com\/avatar\/3effd6bdadfa447f15089c7f7144eaa6?s=96&d=mm&r=g","caption":"Maura Pereira"},"sameAs":["https:\/\/www.correiobraziliense.com.br\/"],"url":"https:\/\/www.correiobraziliense.com.br\/cbradar\/author\/mauramyth\/"}]}},"_links":{"self":[{"href":"https:\/\/www.correiobraziliense.com.br\/cbradar\/wp-json\/wp\/v2\/posts\/181067","targetHints":{"allow":["GET"]}}],"collection":[{"href":"https:\/\/www.correiobraziliense.com.br\/cbradar\/wp-json\/wp\/v2\/posts"}],"about":[{"href":"https:\/\/www.correiobraziliense.com.br\/cbradar\/wp-json\/wp\/v2\/types\/post"}],"author":[{"embeddable":true,"href":"https:\/\/www.correiobraziliense.com.br\/cbradar\/wp-json\/wp\/v2\/users\/8"}],"replies":[{"embeddable":true,"href":"https:\/\/www.correiobraziliense.com.br\/cbradar\/wp-json\/wp\/v2\/comments?post=181067"}],"version-history":[{"count":10,"href":"https:\/\/www.correiobraziliense.com.br\/cbradar\/wp-json\/wp\/v2\/posts\/181067\/revisions"}],"predecessor-version":[{"id":181152,"href":"https:\/\/www.correiobraziliense.com.br\/cbradar\/wp-json\/wp\/v2\/posts\/181067\/revisions\/181152"}],"wp:featuredmedia":[{"embeddable":true,"href":"https:\/\/www.correiobraziliense.com.br\/cbradar\/wp-json\/wp\/v2\/media\/181151"}],"wp:attachment":[{"href":"https:\/\/www.correiobraziliense.com.br\/cbradar\/wp-json\/wp\/v2\/media?parent=181067"}],"wp:term":[{"taxonomy":"category","embeddable":true,"href":"https:\/\/www.correiobraziliense.com.br\/cbradar\/wp-json\/wp\/v2\/categories?post=181067"},{"taxonomy":"post_tag","embeddable":true,"href":"https:\/\/www.correiobraziliense.com.br\/cbradar\/wp-json\/wp\/v2\/tags?post=181067"}],"curies":[{"name":"wp","href":"https:\/\/api.w.org\/{rel}","templated":true}]}}