{"id":181069,"date":"2026-01-25T19:15:00","date_gmt":"2026-01-25T22:15:00","guid":{"rendered":"https:\/\/www.correiobraziliense.com.br\/cbradar\/?p=181069"},"modified":"2026-01-25T05:42:42","modified_gmt":"2026-01-25T08:42:42","slug":"essa-cidade-de-santa-catarina-vive-o-futebol-intensamente-e-se-destaca-pela-prosperidade-economica","status":"publish","type":"post","link":"https:\/\/www.correiobraziliense.com.br\/cbradar\/essa-cidade-de-santa-catarina-vive-o-futebol-intensamente-e-se-destaca-pela-prosperidade-economica\/","title":{"rendered":"Essa cidade de Santa Catarina vive o futebol intensamente e se destaca pela prosperidade econ\u00f4mica"},"content":{"rendered":"\n<p>Localizada a aproximadamente 550 km da capital <strong>Florian\u00f3polis<\/strong>, a cidade de <strong>Chapec\u00f3<\/strong> \u00e9 o centro nevr\u00e1lgico do desenvolvimento no oeste de <strong>Santa Catarina<\/strong>. Conhecida como a Capital da Agroind\u00fastria, o munic\u00edpio exerce influ\u00eancia direta sobre mais de um milh\u00e3o de pessoas na regi\u00e3o sul, consolidando-se como um polo de oportunidades.<\/p>\n\n\n\n<h2 class=\"wp-block-heading\">Por que a cidade se tornou uma gigante global de alimentos?<\/h2>\n\n\n\n<p>A voca\u00e7\u00e3o econ\u00f4mica local foi moldada pela coloniza\u00e7\u00e3o planejada e pela instala\u00e7\u00e3o estrat\u00e9gica de grandes frigor\u00edficos e cooperativas na metade do s\u00e9culo 20. Hoje, a cidade \u00e9 sede de gigantes como a <strong>Aurora Coop<\/strong> e abriga unidades fabris que exportam prote\u00edna animal para mais de 100 pa\u00edses.<\/p>\n\n\n\n<p>Esse dinamismo industrial n\u00e3o apenas gera riqueza, mas define a identidade cultural da popula\u00e7\u00e3o, marcada pela cultura do trabalho e pelo empreendedorismo. O sucesso do agroneg\u00f3cio financiou a verticaliza\u00e7\u00e3o urbana e transformou o munic\u00edpio em uma refer\u00eancia de servi\u00e7os, sa\u00fade e tecnologia para todo o interior do estado.<\/p>\n\n\n<div class=\"wp-block-image\">\n<figure class=\"aligncenter size-large\"><img decoding=\"async\" width=\"1024\" height=\"576\" src=\"https:\/\/www.correiobraziliense.com.br\/cbradar\/wp-content\/uploads\/2025\/07\/Edicoes-2025-07-29T214627.697-1024x576.png\" alt=\"Essa cidade de Santa Catarina vive o futebol intensamente e se destaca pela prosperidade econ\u00f4mica\" class=\"wp-image-77822\" srcset=\"https:\/\/www.correiobraziliense.com.br\/cbradar\/wp-content\/uploads\/2025\/07\/Edicoes-2025-07-29T214627.697-1024x576.png 1024w, https:\/\/www.correiobraziliense.com.br\/cbradar\/wp-content\/uploads\/2025\/07\/Edicoes-2025-07-29T214627.697-300x169.png 300w, https:\/\/www.correiobraziliense.com.br\/cbradar\/wp-content\/uploads\/2025\/07\/Edicoes-2025-07-29T214627.697-768x432.png 768w, https:\/\/www.correiobraziliense.com.br\/cbradar\/wp-content\/uploads\/2025\/07\/Edicoes-2025-07-29T214627.697-750x422.png 750w, https:\/\/www.correiobraziliense.com.br\/cbradar\/wp-content\/uploads\/2025\/07\/Edicoes-2025-07-29T214627.697-1140x641.png 1140w, https:\/\/www.correiobraziliense.com.br\/cbradar\/wp-content\/uploads\/2025\/07\/Edicoes-2025-07-29T214627.697.png 1280w\" sizes=\"(max-width: 1024px) 100vw, 1024px\" \/><figcaption class=\"wp-element-caption\">Cidade abriga a Universidade Federal da Fronteira Sul e o Shopping P\u00e1tio Chapec\u00f3, polo de consumo estadual. \/\/ Cr\u00e9ditos: YouTube @ad.drones.4<\/figcaption><\/figure><\/div>\n\n\n<h2 class=\"wp-block-heading\">Como \u00e9 a rotina na cidade que respira neg\u00f3cios e futebol?<\/h2>\n\n\n\n<p>Viver em <strong>Chapec\u00f3<\/strong> \u00e9 estar imerso em um ambiente cosmopolita onde o turismo de neg\u00f3cios movimenta a rede hoteleira de segunda a sexta-feira. A cidade possui um ritmo acelerado, impulsionado por feiras multisetoriais e um aeroporto que \u00e9 um dos mais movimentados do interior do <strong>Brasil<\/strong>.<\/p>\n\n\n\n<p>A paix\u00e3o local gira em torno da <strong>Associa\u00e7\u00e3o Chapecoense de Futebol<\/strong>, que projetou o nome da cidade mundialmente. Nos dias de jogos, a rotina urbana muda e a comunidade se re\u00fane em torno da <strong>Arena Cond\u00e1<\/strong>, demonstrando um senso de pertencimento e resili\u00eancia que emociona visitantes.<\/p>\n\n\n\n<p>Descubra <strong>Chapec\u00f3<\/strong>, a maior cidade do oeste catarinense e um verdadeiro exemplo de desenvolvimento no Brasil. O v\u00eddeo do canal <strong>Coisas do Mundo<\/strong> (800 mil subscritores) destaca os pilares que tornam esta cidade impressionante:<\/p>\n\n\n\n<figure class=\"wp-block-embed aligncenter is-type-video is-provider-youtube wp-block-embed-youtube wp-embed-aspect-16-9 wp-has-aspect-ratio\"><div class=\"wp-block-embed__wrapper\">\n<div class=\"jeg_video_container jeg_video_content\"><iframe loading=\"lazy\" title=\"CHAPEC\u00d3 (Santa Catarina). IMPRESSIONANTE! Um exemplo de desenvolvimento para SC e para o Brasil !!!\" width=\"500\" height=\"281\" src=\"https:\/\/www.youtube.com\/embed\/KMAAMjyid6k?feature=oembed\" frameborder=\"0\" allow=\"accelerometer; autoplay; clipboard-write; encrypted-media; gyroscope; picture-in-picture; web-share\" referrerpolicy=\"strict-origin-when-cross-origin\" allowfullscreen><\/iframe><\/div>\n<\/div><\/figure>\n\n\n\n<h2 class=\"wp-block-heading\">Qual o n\u00edvel de desenvolvimento humano e popula\u00e7\u00e3o?<\/h2>\n\n\n\n<p>O munic\u00edpio atingiu a marca de 254 mil habitantes, segundo o Censo 2022, registrando um dos maiores crescimentos demogr\u00e1ficos da regi\u00e3o sul. A prosperidade econ\u00f4mica reflete-se na qualidade de vida: dados<strong> <\/strong><a href=\"https:\/\/cidades.ibge.gov.br\/brasil\/sc\/chapeco\/panorama\" target=\"_blank\" rel=\"noreferrer noopener\"><strong>Instituto Brasileiro de Geografia e Estat\u00edstica (IBGE)<\/strong> <\/a>apontam um <strong>IDH de 0,790<\/strong>.<\/p>\n\n\n\n<p>A cidade tamb\u00e9m \u00e9 um polo universit\u00e1rio consolidado, com institui\u00e7\u00f5es como a <strong>Unochapec\u00f3<\/strong> e a <strong>Universidade Federal da Fronteira Sul<\/strong> (<strong>UFFS<\/strong>). Essa estrutura atrai jovens de todo o oeste e do sudoeste do <strong>Paran\u00e1<\/strong>, mantendo o mercado imobili\u00e1rio aquecido e a m\u00e3o de obra qualificada.<\/p>\n\n\n<div class=\"wp-block-image\">\n<figure class=\"aligncenter size-large\"><img decoding=\"async\" width=\"1024\" height=\"576\" src=\"https:\/\/www.correiobraziliense.com.br\/cbradar\/wp-content\/uploads\/2025\/06\/Edicoes-27-1-1024x576.png\" alt=\"A cidade catarinense que impressiona com seu desenvolvimento e moradia com seguran\u00e7a refor\u00e7ada\" class=\"wp-image-62010\" srcset=\"https:\/\/www.correiobraziliense.com.br\/cbradar\/wp-content\/uploads\/2025\/06\/Edicoes-27-1-1024x576.png 1024w, https:\/\/www.correiobraziliense.com.br\/cbradar\/wp-content\/uploads\/2025\/06\/Edicoes-27-1-300x169.png 300w, https:\/\/www.correiobraziliense.com.br\/cbradar\/wp-content\/uploads\/2025\/06\/Edicoes-27-1-768x432.png 768w, https:\/\/www.correiobraziliense.com.br\/cbradar\/wp-content\/uploads\/2025\/06\/Edicoes-27-1-750x422.png 750w, https:\/\/www.correiobraziliense.com.br\/cbradar\/wp-content\/uploads\/2025\/06\/Edicoes-27-1-1140x641.png 1140w, https:\/\/www.correiobraziliense.com.br\/cbradar\/wp-content\/uploads\/2025\/06\/Edicoes-27-1.png 1280w\" sizes=\"(max-width: 1024px) 100vw, 1024px\" \/><figcaption class=\"wp-element-caption\">Chapec\u00f3 destaca-se como maior produtor de prote\u00edna su\u00edna do pa\u00eds e importante centro educacional regional. \/\/ Cr\u00e9ditos: Wikimedia Commons<\/figcaption><\/figure><\/div>\n\n\n<h2 class=\"wp-block-heading\">Quais s\u00e3o os principais pontos de lazer e cultura?<\/h2>\n\n\n\n<p>O turismo na regi\u00e3o vai al\u00e9m dos neg\u00f3cios, oferecendo espa\u00e7os p\u00fablicos de alta qualidade e roteiros que exploram a hist\u00f3ria e a natureza local. A urbaniza\u00e7\u00e3o recente priorizou a cria\u00e7\u00e3o de parques e a revitaliza\u00e7\u00e3o de \u00e1reas centrais para o conv\u00edvio das fam\u00edlias.<\/p>\n\n\n\n<p>Abaixo est\u00e3o os locais que definem a experi\u00eancia de visita\u00e7\u00e3o na cidade:<\/p>\n\n\n\n<ul class=\"wp-block-list\">\n<li><strong>Arena Cond\u00e1<\/strong>: O templo do futebol catarinense, local de peregrina\u00e7\u00e3o para f\u00e3s de esporte e s\u00edmbolo da for\u00e7a local.<\/li>\n\n\n\n<li><strong>Ecoparque<\/strong>: Principal \u00e1rea verde urbana, com pistas de caminhada, lagos e infraestrutura completa para lazer ao ar livre.<\/li>\n\n\n\n<li><strong>Catedral Santo Ant\u00f4nio<\/strong>: Monumento arquitet\u00f4nico no centro da cidade, famoso por sua impon\u00eancia e beleza interior.<\/li>\n\n\n\n<li><strong>Museu de Hist\u00f3ria e Arte de Chapec\u00f3<\/strong>: Espa\u00e7o dedicado \u00e0 preserva\u00e7\u00e3o da mem\u00f3ria da coloniza\u00e7\u00e3o e dos povos ind\u00edgenas.<\/li>\n\n\n\n<li><strong>Trilha do Pitoco<\/strong>: Op\u00e7\u00e3o de ecoturismo localizada no interior do munic\u00edpio, com sequ\u00eancia de cachoeiras e natureza preservada.<\/li>\n<\/ul>\n\n\n\n<p><strong>Leia tamb\u00e9m: <a href=\"https:\/\/www.correiobraziliense.com.br\/cbradar\/o-habito-simples-melhora-a-qualidade-do-ar-da-sua-casa-em-5-minutos\/\" target=\"_blank\" rel=\"noreferrer noopener\">O h\u00e1bito simples melhora a qualidade do ar da sua casa em 5 minutos<\/a>.<\/strong><\/p>\n\n\n\n<h2 class=\"wp-block-heading\">Como funciona o regime de chuvas e temperatura?<\/h2>\n\n\n\n<p><strong>O clima \u00e9 subtropical \u00famido, caracterizado por uma amplitude t\u00e9rmica significativa ao longo do ano. <\/strong>O inverno costuma ser rigoroso, com ocorr\u00eancia frequente de geadas, enquanto o ver\u00e3o apresenta temperaturas altas t\u00edpicas do interior.<\/p>\n\n\n\n<p>As m\u00e9dias t\u00e9rmicas e condi\u00e7\u00f5es atmosf\u00e9ricas, baseadas no monitoramento do <strong><a href=\"https:\/\/www.climatempo.com.br\/previsao-do-tempo\/cidade\/374\/chapeco-sc\" target=\"_blank\" rel=\"noreferrer noopener\">Climatempo<\/a><\/strong>, seguem o padr\u00e3o abaixo:<\/p>\n\n\n\n<figure class=\"wp-block-table\"><table class=\"has-fixed-layout\"><tbody><tr><th>Esta\u00e7\u00e3o\/Meses<\/th><th>Temperatura<\/th><th>O que esperar<\/th><\/tr><tr><td>Ver\u00e3o (Dezembro a Mar\u00e7o)<\/td><td>20\u00b0C a 33\u00b0C<\/td><td>Calor intenso, dias longos e pancadas de chuva de ver\u00e3o<\/td><\/tr><tr><td>Outono (Abril a Junho)<\/td><td>12\u00b0C a 25\u00b0C<\/td><td>Clima agrad\u00e1vel, noites esfriando e c\u00e9u limpo<\/td><\/tr><tr><td>Inverno (Julho a Setembro)<\/td><td>5\u00b0C a 18\u00b0C<\/td><td>Frio intenso, forma\u00e7\u00e3o de geada e dias de sol com vento gelado<\/td><\/tr><tr><td>Primavera (Outubro a Novembro)<\/td><td>15\u00b0C a 27\u00b0C<\/td><td>Aquecimento r\u00e1pido e chuvas mais regulares<\/td><\/tr><\/tbody><\/table><\/figure>\n\n\n<div class=\"wp-block-image\">\n<figure class=\"aligncenter size-large\"><img decoding=\"async\" width=\"1024\" height=\"576\" src=\"https:\/\/www.correiobraziliense.com.br\/cbradar\/wp-content\/uploads\/2025\/07\/Edicoes-2025-07-29T215034.991-1024x576.png\" alt=\"A cidade de Santa Catarina que cresce com o agroneg\u00f3cio e atra\u00ed com moradia excelente\" class=\"wp-image-77827\" srcset=\"https:\/\/www.correiobraziliense.com.br\/cbradar\/wp-content\/uploads\/2025\/07\/Edicoes-2025-07-29T215034.991-1024x576.png 1024w, https:\/\/www.correiobraziliense.com.br\/cbradar\/wp-content\/uploads\/2025\/07\/Edicoes-2025-07-29T215034.991-300x169.png 300w, https:\/\/www.correiobraziliense.com.br\/cbradar\/wp-content\/uploads\/2025\/07\/Edicoes-2025-07-29T215034.991-768x432.png 768w, https:\/\/www.correiobraziliense.com.br\/cbradar\/wp-content\/uploads\/2025\/07\/Edicoes-2025-07-29T215034.991-750x422.png 750w, https:\/\/www.correiobraziliense.com.br\/cbradar\/wp-content\/uploads\/2025\/07\/Edicoes-2025-07-29T215034.991-1140x641.png 1140w, https:\/\/www.correiobraziliense.com.br\/cbradar\/wp-content\/uploads\/2025\/07\/Edicoes-2025-07-29T215034.991.png 1280w\" sizes=\"(max-width: 1024px) 100vw, 1024px\" \/><figcaption class=\"wp-element-caption\">Chapec\u00f3 oferece boa infraestrutura, universidades, eventos culturais e esportivos, al\u00e9m de belezas naturais. \/\/ Cr\u00e9ditos: Wikipedia<\/figcaption><\/figure><\/div>\n\n\n<h2 class=\"wp-block-heading\">Motivos para escolher Chapec\u00f3 como novo lar<\/h2>\n\n\n\n<p><strong>A decis\u00e3o de morar nesta cidade catarinense \u00e9 estrat\u00e9gica para quem busca ascens\u00e3o profissional <\/strong>em um mercado de trabalho pleno e diversificado. <strong>Chapec\u00f3<\/strong> oferece a estrutura de capital com a seguran\u00e7a e a proximidade humana de uma cidade m\u00e9dia.<\/p>\n\n\n\n<ul class=\"wp-block-list\">\n<li>Oferta abundante de empregos na ind\u00fastria, com\u00e9rcio e setor de tecnologia.<\/li>\n\n\n\n<li>Excel\u00eancia em servi\u00e7os de sa\u00fade, sendo refer\u00eancia m\u00e9dica para a macrorregi\u00e3o.<\/li>\n\n\n\n<li>Custo de vida equilibrado em rela\u00e7\u00e3o aos altos sal\u00e1rios praticados na regi\u00e3o.<\/li>\n<\/ul>\n\n\n\n<p>Voc\u00ea precisa conhecer o vigor econ\u00f4mico e a hospitalidade que fazem desta cidade a l\u00edder do oeste.<\/p>\n","protected":false},"excerpt":{"rendered":"<p>Localizada a aproximadamente 550 km da capital Florian\u00f3polis, a cidade de Chapec\u00f3 \u00e9 o centro nevr\u00e1lgico do desenvolvimento no oeste de Santa Catarina. Conhecida como a Capital da Agroind\u00fastria, o munic\u00edpio exerce influ\u00eancia direta sobre mais de um milh\u00e3o de pessoas na regi\u00e3o sul, consolidando-se como um polo de oportunidades. Por que a cidade se [&hellip;]<\/p>\n","protected":false},"author":8,"featured_media":146570,"comment_status":"open","ping_status":"open","sticky":false,"template":"","format":"standard","meta":{"_yoast_wpseo_focuskw":"cidade de Santa Catarina","_yoast_wpseo_title":"","_yoast_wpseo_metadesc":"Descubra por que essa cidade de Santa Catarina combina paix\u00e3o pelo futebol, prosperidade econ\u00f4mica e oportunidades.","jnews-multi-image_gallery":[],"jnews_single_post":{"format":"standard"},"jnews_primary_category":[],"jnews_social_meta":[],"jnews_override_counter":[],"footnotes":""},"categories":[108],"tags":[5961,851],"class_list":["post-181069","post","type-post","status-publish","format-standard","has-post-thumbnail","hentry","category-cidades","tag-chapeco","tag-santa-catarina"],"yoast_head":"<!-- This site is optimized with the Yoast SEO plugin v24.6 - https:\/\/yoast.com\/wordpress\/plugins\/seo\/ -->\n<title>Essa cidade de Santa Catarina vive o futebol intensamente e se destaca pela prosperidade econ\u00f4mica - Correio Braziliense - Radar<\/title>\n<meta name=\"description\" content=\"Descubra por que essa cidade de Santa Catarina combina paix\u00e3o pelo futebol, prosperidade econ\u00f4mica e oportunidades.\" \/>\n<meta name=\"robots\" content=\"index, follow, max-snippet:-1, max-image-preview:large, max-video-preview:-1\" \/>\n<link rel=\"canonical\" href=\"https:\/\/www.correiobraziliense.com.br\/cbradar\/essa-cidade-de-santa-catarina-vive-o-futebol-intensamente-e-se-destaca-pela-prosperidade-economica\/\" \/>\n<meta property=\"og:locale\" content=\"pt_BR\" \/>\n<meta property=\"og:type\" content=\"article\" \/>\n<meta property=\"og:title\" content=\"Essa cidade de Santa Catarina vive o futebol intensamente e se destaca pela prosperidade econ\u00f4mica - Correio Braziliense - Radar\" \/>\n<meta property=\"og:description\" content=\"Descubra por que essa cidade de Santa Catarina combina paix\u00e3o pelo futebol, prosperidade econ\u00f4mica e oportunidades.\" \/>\n<meta property=\"og:url\" content=\"https:\/\/www.correiobraziliense.com.br\/cbradar\/essa-cidade-de-santa-catarina-vive-o-futebol-intensamente-e-se-destaca-pela-prosperidade-economica\/\" \/>\n<meta property=\"og:site_name\" content=\"Correio Braziliense - Radar\" \/>\n<meta property=\"article:published_time\" content=\"2026-01-25T22:15:00+00:00\" \/>\n<meta property=\"og:image\" content=\"https:\/\/www.correiobraziliense.com.br\/cbradar\/wp-content\/uploads\/2025\/11\/G-46.png\" \/>\n\t<meta property=\"og:image:width\" content=\"1280\" \/>\n\t<meta property=\"og:image:height\" content=\"720\" \/>\n\t<meta property=\"og:image:type\" content=\"image\/png\" \/>\n<meta name=\"author\" content=\"Maura Pereira\" \/>\n<meta name=\"twitter:card\" content=\"summary_large_image\" \/>\n<meta name=\"twitter:label1\" content=\"Escrito por\" \/>\n\t<meta name=\"twitter:data1\" content=\"Maura Pereira\" \/>\n\t<meta name=\"twitter:label2\" content=\"Est. tempo de leitura\" \/>\n\t<meta name=\"twitter:data2\" content=\"6 minutos\" \/>\n<!-- \/ Yoast SEO plugin. -->","yoast_head_json":{"title":"Essa cidade de Santa Catarina vive o futebol intensamente e se destaca pela prosperidade econ\u00f4mica - Correio Braziliense - Radar","description":"Descubra por que essa cidade de Santa Catarina combina paix\u00e3o pelo futebol, prosperidade econ\u00f4mica e oportunidades.","robots":{"index":"index","follow":"follow","max-snippet":"max-snippet:-1","max-image-preview":"max-image-preview:large","max-video-preview":"max-video-preview:-1"},"canonical":"https:\/\/www.correiobraziliense.com.br\/cbradar\/essa-cidade-de-santa-catarina-vive-o-futebol-intensamente-e-se-destaca-pela-prosperidade-economica\/","og_locale":"pt_BR","og_type":"article","og_title":"Essa cidade de Santa Catarina vive o futebol intensamente e se destaca pela prosperidade econ\u00f4mica - Correio Braziliense - Radar","og_description":"Descubra por que essa cidade de Santa Catarina combina paix\u00e3o pelo futebol, prosperidade econ\u00f4mica e oportunidades.","og_url":"https:\/\/www.correiobraziliense.com.br\/cbradar\/essa-cidade-de-santa-catarina-vive-o-futebol-intensamente-e-se-destaca-pela-prosperidade-economica\/","og_site_name":"Correio Braziliense - Radar","article_published_time":"2026-01-25T22:15:00+00:00","og_image":[{"width":1280,"height":720,"url":"https:\/\/www.correiobraziliense.com.br\/cbradar\/wp-content\/uploads\/2025\/11\/G-46.png","type":"image\/png"}],"author":"Maura Pereira","twitter_card":"summary_large_image","twitter_misc":{"Escrito por":"Maura Pereira","Est. tempo de leitura":"6 minutos"},"schema":{"@context":"https:\/\/schema.org","@graph":[{"@type":"WebPage","@id":"https:\/\/www.correiobraziliense.com.br\/cbradar\/essa-cidade-de-santa-catarina-vive-o-futebol-intensamente-e-se-destaca-pela-prosperidade-economica\/","url":"https:\/\/www.correiobraziliense.com.br\/cbradar\/essa-cidade-de-santa-catarina-vive-o-futebol-intensamente-e-se-destaca-pela-prosperidade-economica\/","name":"Essa cidade de Santa Catarina vive o futebol intensamente e se destaca pela prosperidade econ\u00f4mica - Correio Braziliense - Radar","isPartOf":{"@id":"https:\/\/www.correiobraziliense.com.br\/cbradar\/#website"},"primaryImageOfPage":{"@id":"https:\/\/www.correiobraziliense.com.br\/cbradar\/essa-cidade-de-santa-catarina-vive-o-futebol-intensamente-e-se-destaca-pela-prosperidade-economica\/#primaryimage"},"image":{"@id":"https:\/\/www.correiobraziliense.com.br\/cbradar\/essa-cidade-de-santa-catarina-vive-o-futebol-intensamente-e-se-destaca-pela-prosperidade-economica\/#primaryimage"},"thumbnailUrl":"https:\/\/www.correiobraziliense.com.br\/cbradar\/wp-content\/uploads\/2025\/11\/G-46.png","datePublished":"2026-01-25T22:15:00+00:00","author":{"@id":"https:\/\/www.correiobraziliense.com.br\/cbradar\/#\/schema\/person\/4053c651a9bfc785afc6f4cbc9032fd3"},"description":"Descubra por que essa cidade de Santa Catarina combina paix\u00e3o pelo futebol, prosperidade econ\u00f4mica e oportunidades.","breadcrumb":{"@id":"https:\/\/www.correiobraziliense.com.br\/cbradar\/essa-cidade-de-santa-catarina-vive-o-futebol-intensamente-e-se-destaca-pela-prosperidade-economica\/#breadcrumb"},"inLanguage":"pt-BR","potentialAction":[{"@type":"ReadAction","target":["https:\/\/www.correiobraziliense.com.br\/cbradar\/essa-cidade-de-santa-catarina-vive-o-futebol-intensamente-e-se-destaca-pela-prosperidade-economica\/"]}]},{"@type":"ImageObject","inLanguage":"pt-BR","@id":"https:\/\/www.correiobraziliense.com.br\/cbradar\/essa-cidade-de-santa-catarina-vive-o-futebol-intensamente-e-se-destaca-pela-prosperidade-economica\/#primaryimage","url":"https:\/\/www.correiobraziliense.com.br\/cbradar\/wp-content\/uploads\/2025\/11\/G-46.png","contentUrl":"https:\/\/www.correiobraziliense.com.br\/cbradar\/wp-content\/uploads\/2025\/11\/G-46.png","width":1280,"height":720,"caption":"Chapec\u00f3 SC destaca-se por qualidade de vida alta, economia forte no agro e infraestrutura completa com lazer e seguran\u00e7a.\u200b"},{"@type":"BreadcrumbList","@id":"https:\/\/www.correiobraziliense.com.br\/cbradar\/essa-cidade-de-santa-catarina-vive-o-futebol-intensamente-e-se-destaca-pela-prosperidade-economica\/#breadcrumb","itemListElement":[{"@type":"ListItem","position":1,"name":"In\u00edcio","item":"https:\/\/www.correiobraziliense.com.br\/cbradar\/"},{"@type":"ListItem","position":2,"name":"Essa cidade de Santa Catarina vive o futebol intensamente e se destaca pela prosperidade econ\u00f4mica"}]},{"@type":"WebSite","@id":"https:\/\/www.correiobraziliense.com.br\/cbradar\/#website","url":"https:\/\/www.correiobraziliense.com.br\/cbradar\/","name":"Correio Braziliense - Radar","description":"Acompanhe as \u00faltimas not\u00edcias e fique bem informado sobre tudo o que acontece no Brasil e no mundo.","potentialAction":[{"@type":"SearchAction","target":{"@type":"EntryPoint","urlTemplate":"https:\/\/www.correiobraziliense.com.br\/cbradar\/?s={search_term_string}"},"query-input":{"@type":"PropertyValueSpecification","valueRequired":true,"valueName":"search_term_string"}}],"inLanguage":"pt-BR"},{"@type":"Person","@id":"https:\/\/www.correiobraziliense.com.br\/cbradar\/#\/schema\/person\/4053c651a9bfc785afc6f4cbc9032fd3","name":"Maura Pereira","image":{"@type":"ImageObject","inLanguage":"pt-BR","@id":"https:\/\/www.correiobraziliense.com.br\/cbradar\/#\/schema\/person\/image\/","url":"https:\/\/secure.gravatar.com\/avatar\/3effd6bdadfa447f15089c7f7144eaa6?s=96&d=mm&r=g","contentUrl":"https:\/\/secure.gravatar.com\/avatar\/3effd6bdadfa447f15089c7f7144eaa6?s=96&d=mm&r=g","caption":"Maura Pereira"},"sameAs":["https:\/\/www.correiobraziliense.com.br\/"],"url":"https:\/\/www.correiobraziliense.com.br\/cbradar\/author\/mauramyth\/"}]}},"_links":{"self":[{"href":"https:\/\/www.correiobraziliense.com.br\/cbradar\/wp-json\/wp\/v2\/posts\/181069","targetHints":{"allow":["GET"]}}],"collection":[{"href":"https:\/\/www.correiobraziliense.com.br\/cbradar\/wp-json\/wp\/v2\/posts"}],"about":[{"href":"https:\/\/www.correiobraziliense.com.br\/cbradar\/wp-json\/wp\/v2\/types\/post"}],"author":[{"embeddable":true,"href":"https:\/\/www.correiobraziliense.com.br\/cbradar\/wp-json\/wp\/v2\/users\/8"}],"replies":[{"embeddable":true,"href":"https:\/\/www.correiobraziliense.com.br\/cbradar\/wp-json\/wp\/v2\/comments?post=181069"}],"version-history":[{"count":9,"href":"https:\/\/www.correiobraziliense.com.br\/cbradar\/wp-json\/wp\/v2\/posts\/181069\/revisions"}],"predecessor-version":[{"id":181171,"href":"https:\/\/www.correiobraziliense.com.br\/cbradar\/wp-json\/wp\/v2\/posts\/181069\/revisions\/181171"}],"wp:featuredmedia":[{"embeddable":true,"href":"https:\/\/www.correiobraziliense.com.br\/cbradar\/wp-json\/wp\/v2\/media\/146570"}],"wp:attachment":[{"href":"https:\/\/www.correiobraziliense.com.br\/cbradar\/wp-json\/wp\/v2\/media?parent=181069"}],"wp:term":[{"taxonomy":"category","embeddable":true,"href":"https:\/\/www.correiobraziliense.com.br\/cbradar\/wp-json\/wp\/v2\/categories?post=181069"},{"taxonomy":"post_tag","embeddable":true,"href":"https:\/\/www.correiobraziliense.com.br\/cbradar\/wp-json\/wp\/v2\/tags?post=181069"}],"curies":[{"name":"wp","href":"https:\/\/api.w.org\/{rel}","templated":true}]}}