{"id":181185,"date":"2026-01-28T06:45:00","date_gmt":"2026-01-28T09:45:00","guid":{"rendered":"https:\/\/www.correiobraziliense.com.br\/cbradar\/?p=181185"},"modified":"2026-01-27T14:23:48","modified_gmt":"2026-01-27T17:23:48","slug":"os-nomes-mais-unicos-para-maes-que-terao-fillhos-em-2026","status":"publish","type":"post","link":"https:\/\/www.correiobraziliense.com.br\/cbradar\/os-nomes-mais-unicos-para-maes-que-terao-fillhos-em-2026\/","title":{"rendered":"Os nomes mais \u00fanicos para m\u00e3es que ter\u00e3o filhos em 2026"},"content":{"rendered":"\n<p>Escolher <strong>nomes de beb\u00ea 2026<\/strong> deixou de ser apenas uma quest\u00e3o de gosto e passou a envolver tend\u00eancias culturais, refer\u00eancias da m\u00eddia e at\u00e9 preocupa\u00e7\u00f5es com originalidade. Muitos pais buscam um nome que seja f\u00e1cil de pronunciar, tenha um significado marcante e ainda fuja das listas tradicionais, considerando tamb\u00e9m como ele ser\u00e1 percebido em diferentes fases da vida e em diversos contextos sociais e profissionais.<\/p>\n\n\n\n<h2 class=\"wp-block-heading\">Quais s\u00e3o as principais tend\u00eancias de nomes de beb\u00ea para 2026<\/h2>\n\n\n\n<p>As tend\u00eancias de <strong>nomes de beb\u00ea 2026<\/strong> misturam tradi\u00e7\u00e3o e inova\u00e7\u00e3o. Seguem fortes os <strong>nomes simples<\/strong>, com poucas s\u00edlabas e f\u00e1cil escrita, que funcionam bem em diferentes idiomas e culturas, facilitando a vida em um mundo cada vez mais globalizado.<\/p>\n\n\n\n<p>Ao mesmo tempo, ganham espa\u00e7o, nomes com <strong>carga simb\u00f3lica<\/strong>, relacionados \u00e0 natureza, espiritualidade, literatura e cultura pop. S\u00e9ries, livros, influenciadores digitais e at\u00e9 jogos influenciam essa escolha, criando um cen\u00e1rio variado que foge dos nomes considerados saturados nas turmas escolares.<\/p>\n\n\n\n<h2 class=\"wp-block-heading\">Quais nomes franceses est\u00e3o em alta em 2026<\/h2>\n\n\n\n<p>Os <strong>nomes franceses<\/strong> aparecem como alternativa elegante na lista de <strong>nomes de beb\u00ea 2026<\/strong>. Pais que desejam um toque internacional sem abrir m\u00e3o de sofistica\u00e7\u00e3o encontram nessas op\u00e7\u00f5es nomes curtos, sonoros e com forte tradi\u00e7\u00e3o hist\u00f3rica, que combinam com diferentes sobrenomes.<\/p>\n\n\n\n<p>Alguns exemplos de nomes franceses que v\u00eam sendo buscados, inclusive em listas de tend\u00eancias internacionais, s\u00e3o:<\/p>\n\n\n\n<ul class=\"wp-block-list\">\n<li><strong>Juliette<\/strong> \u2013 associado a personagens liter\u00e1rias e \u00e0 ideia de romance;<\/li>\n\n\n\n<li><strong>C\u00e9line<\/strong> \u2013 tradicional na Fran\u00e7a e ainda pouco comum em muitos pa\u00edses de l\u00edngua portuguesa;<\/li>\n\n\n\n<li><strong>Elodie<\/strong> e <strong>Eloise<\/strong> \u2013 varia\u00e7\u00f5es suaves, com sonoridade delicada;<\/li>\n\n\n\n<li><strong>Rosalie<\/strong> e <strong>Esme<\/strong> \u2013 nomes com clima vintage que voltam a aparecer em listas internacionais;<\/li>\n\n\n\n<li><strong>Louise<\/strong> e <strong>Collette<\/strong> \u2013 formas cl\u00e1ssicas que se mant\u00eam est\u00e1veis ao longo das d\u00e9cadas.<\/li>\n<\/ul>\n\n\n\n<figure class=\"wp-block-image size-large\"><img decoding=\"async\" width=\"1024\" height=\"576\" src=\"https:\/\/www.correiobraziliense.com.br\/cbradar\/wp-content\/uploads\/2026\/01\/\u2705-BANNER-MYTH-1-23-1024x576.png\" alt=\"Os nomes mais \u00fanicos para m\u00e3es que ter\u00e3o fillhos em 2026\" class=\"wp-image-181187\" srcset=\"https:\/\/www.correiobraziliense.com.br\/cbradar\/wp-content\/uploads\/2026\/01\/\u2705-BANNER-MYTH-1-23-1024x576.png 1024w, https:\/\/www.correiobraziliense.com.br\/cbradar\/wp-content\/uploads\/2026\/01\/\u2705-BANNER-MYTH-1-23-300x169.png 300w, https:\/\/www.correiobraziliense.com.br\/cbradar\/wp-content\/uploads\/2026\/01\/\u2705-BANNER-MYTH-1-23-768x432.png 768w, https:\/\/www.correiobraziliense.com.br\/cbradar\/wp-content\/uploads\/2026\/01\/\u2705-BANNER-MYTH-1-23-750x422.png 750w, https:\/\/www.correiobraziliense.com.br\/cbradar\/wp-content\/uploads\/2026\/01\/\u2705-BANNER-MYTH-1-23-1140x641.png 1140w, https:\/\/www.correiobraziliense.com.br\/cbradar\/wp-content\/uploads\/2026\/01\/\u2705-BANNER-MYTH-1-23.png 1280w\" sizes=\"(max-width: 1024px) 100vw, 1024px\" \/><figcaption class=\"wp-element-caption\">Escolha nomes \u00fanicos para 2026 que inspirem for\u00e7a vital\u00edcia, fugindo do tradicional com emo\u00e7\u00e3o e personalidade marcante.<\/figcaption><\/figure>\n\n\n\n<h2 class=\"wp-block-heading\">Por que nomes inspirados na natureza continuam em destaque<\/h2>\n\n\n\n<p>Os nomes ligados \u00e0 <strong>natureza<\/strong> ocupam espa\u00e7o importante entre os <strong>nomes de beb\u00ea 2026<\/strong>. Eles acompanham movimentos sociais de sustentabilidade, vida ao ar livre e busca por maior conex\u00e3o com o ambiente, refletindo valores de equil\u00edbrio, for\u00e7a e liberdade.<\/p>\n\n\n\n<p>Entre os mais procurados, aparecem tanto varia\u00e7\u00f5es em ingl\u00eas quanto adapta\u00e7\u00f5es para outros idiomas, muitas vezes escolhidas por fam\u00edlias que buscam <strong>nomes neutros em g\u00eanero<\/strong>. Alguns exemplos frequentes incluem:<\/p>\n\n\n\n<ul class=\"wp-block-list\">\n<li><strong>River<\/strong>, <strong>Ocean<\/strong> e <strong>Forest<\/strong> \u2013 associados a grandes cen\u00e1rios naturais;<\/li>\n\n\n\n<li><strong>Willow<\/strong>, <strong>Ivy<\/strong> e <strong>Lavender<\/strong> \u2013 inspirados em plantas e flores;<\/li>\n\n\n\n<li><strong>Meadow<\/strong>, <strong>Snow<\/strong> e <strong>Violet<\/strong> \u2013 ligados a cores, esta\u00e7\u00f5es e paisagens;<\/li>\n\n\n\n<li><strong>Bear<\/strong>, <strong>Wolf<\/strong> e <strong>Phoenix<\/strong> \u2013 nomes conectados a animais, reais ou mitol\u00f3gicos.<\/li>\n<\/ul>\n\n\n\n<h2 class=\"wp-block-heading\">Como o romantasy influencia nomes de beb\u00ea em 2026<\/h2>\n\n\n\n<p>Outro eixo forte nas listas de <strong>nomes de beb\u00ea 2026<\/strong> vem do universo <strong>romantasy<\/strong>, mistura de romance com fantasia que domina plataformas de leitura e adapta\u00e7\u00f5es audiovisuais. Nomes de personagens marcantes ganham apelo entre leitores ass\u00edduos e f\u00e3s de franquias liter\u00e1rias.<\/p>\n\n\n\n<p>Nessa categoria surgem nomes que soam distintos e cheios de personalidade, muitas vezes com ar m\u00edstico ou medieval, como:<\/p>\n\n\n\n<ul class=\"wp-block-list\">\n<li><strong>Xaden<\/strong> \u2013 comum em discuss\u00f5es de f\u00e3s de sagas recentes;<\/li>\n\n\n\n<li><strong>Feyre<\/strong> e <strong>Nesta<\/strong> \u2013 personagens femininas de destaque em livros de fantasia;<\/li>\n\n\n\n<li><strong>Caspian<\/strong> \u2013 j\u00e1 conhecido em obras cl\u00e1ssicas, mas retomado por novas gera\u00e7\u00f5es;<\/li>\n\n\n\n<li><strong>Aries<\/strong> e <strong>Castiel<\/strong> \u2013 com forte apelo m\u00edstico e sonoridade marcante;<\/li>\n\n\n\n<li><strong>Elspeth<\/strong> \u2013 varia\u00e7\u00e3o pouco comum, associada a cen\u00e1rios medievais ou m\u00e1gicos.<\/li>\n<\/ul>\n\n\n\n<h2 class=\"wp-block-heading\">Quais s\u00e3o exemplos de nomes de beb\u00ea diferentes para 2026<\/h2>\n\n\n\n<p>Al\u00e9m das grandes tend\u00eancias, alguns nomes espec\u00edficos chamam aten\u00e7\u00e3o em 2026 por combinar <strong>significados fortes<\/strong>, sonoridade atual e certa originalidade. Entre as meninas, surgem op\u00e7\u00f5es modernas, neutras e com ra\u00edzes em diferentes culturas.<\/p>\n\n\n\n<ol class=\"wp-block-list\">\n<li><strong>Ryen<\/strong> \u2013 vers\u00e3o moderna de Ryan, usado como nome neutro, associado ao significado de \u201cpequeno rei\u201d;<\/li>\n\n\n\n<li><strong>Kaia<\/strong> \u2013 presente em diferentes culturas, com interpreta\u00e7\u00f5es ligadas \u00e0 pureza e ao mar;<\/li>\n\n\n\n<li><strong>Bronte<\/strong> \u2013 de origem grega, ligado \u00e0 ideia de \u201ctrov\u00e3o\u201d e associado ao sobrenome das irm\u00e3s Bront\u00eb;<\/li>\n\n\n\n<li><strong>Amaris<\/strong> \u2013 nome com m\u00faltiplas origens, que pode remeter a promessa, amor e \u00e0 lua.<\/li>\n<\/ol>\n\n\n\n<p>Entre os meninos, surgem op\u00e7\u00f5es que unem refer\u00eancias naturais, m\u00edsticas e cl\u00e1ssicas, mantendo uma sonoridade moderna e f\u00e1cil de abreviar no dia a dia.<\/p>\n\n\n\n<ol class=\"wp-block-list\">\n<li><strong>Kenai<\/strong> \u2013 com ra\u00edzes nativas e tamb\u00e9m presente em contextos japoneses, relacionado a for\u00e7a e paisagens abertas;<\/li>\n\n\n\n<li><strong>Leomaris<\/strong> \u2013 que re\u00fane elementos de \u201cle\u00e3o\u201d e \u201cmar\u201d, com abrevia\u00e7\u00e3o f\u00e1cil em \u201cLeo\u201d;<\/li>\n\n\n\n<li><strong>Elio<\/strong> \u2013 derivado de termos ligados ao sol em diferentes l\u00ednguas europeias;<\/li>\n\n\n\n<li><strong>Elikai<\/strong> \u2013 com origem hebraica, relacionado \u00e0 ideia de prote\u00e7\u00e3o e salva\u00e7\u00e3o.<\/li>\n<\/ol>\n\n\n\n<p>Para trazer ainda mais op\u00e7\u00f5es, trouxemos o v\u00eddeo do perfil especialista @baby_curiosidade, que conta com mais de 650 mil seguidores nas redes, e publica diversas listas tem\u00e1ticas com os nomes:<\/p>\n\n\n\n<blockquote class=\"tiktok-embed\" cite=\"https:\/\/www.tiktok.com\/@baby_curiosidade\/video\/7588265789980019986\" data-video-id=\"7588265789980019986\" style=\"max-width: 605px;min-width: 325px;\" > <section> <a target=\"_blank\" title=\"@baby_curiosidade\" href=\"https:\/\/www.tiktok.com\/@baby_curiosidade?refer=embed\">@baby_curiosidade<\/a> Nomes que est\u00e3o em alta para 2026. <a title=\"babycuriosidade\" target=\"_blank\" href=\"https:\/\/www.tiktok.com\/tag\/babycuriosidade?refer=embed\">#babycuriosidade<\/a> <a title=\"baby\" target=\"_blank\" href=\"https:\/\/www.tiktok.com\/tag\/baby?refer=embed\">#baby<\/a> <a title=\"fyp\u30b7\u309aviral\" target=\"_blank\" href=\"https:\/\/www.tiktok.com\/tag\/fyp%E3%82%B7%E3%82%9Aviral?refer=embed\">#fyp\u30b7\u309aviral<\/a> <a title=\"nombres\" target=\"_blank\" href=\"https:\/\/www.tiktok.com\/tag\/nombres?refer=embed\">#nombres<\/a> <a title=\"maedemenino\" target=\"_blank\" href=\"https:\/\/www.tiktok.com\/tag\/maedemenino?refer=embed\">#maedemenino<\/a> <a target=\"_blank\" title=\"\u266c original sound - Lyrics07\" href=\"https:\/\/www.tiktok.com\/music\/original-sound-7513238052429482774?refer=embed\">\u266c original sound &#8211; Lyrics07<\/a> <\/section> <\/blockquote> <script async src=\"https:\/\/www.tiktok.com\/embed.js\"><\/script>\n\n\n\n<h2 class=\"wp-block-heading\">Como escolher entre tantos nomes de beb\u00ea em 2026<\/h2>\n\n\n\n<p>Diante de tantas possibilidades, a escolha entre os <strong>nomes de beb\u00ea 2026<\/strong> costuma passar por crit\u00e9rios pr\u00e1ticos e emocionais. Muitos pais avaliam como o nome soa com o sobrenome, se ter\u00e1 pron\u00fancia simples na regi\u00e3o onde a crian\u00e7a vai crescer e se combina com a hist\u00f3ria da fam\u00edlia.<\/p>\n\n\n\n<p>Tamb\u00e9m \u00e9 comum considerar fatores que ajudam a garantir que o nome funcione bem na inf\u00e2ncia e na vida adulta, como:<\/p>\n\n\n\n<ul class=\"wp-block-list\">\n<li>o <strong>significado<\/strong> e a hist\u00f3ria por tr\u00e1s do nome;<\/li>\n\n\n\n<li>a <strong>facilidade de escrita<\/strong> em documentos e cadastros;<\/li>\n\n\n\n<li>a exist\u00eancia de <strong>diminutivos ou apelidos<\/strong> poss\u00edveis;<\/li>\n\n\n\n<li>a <strong>durabilidade<\/strong> do nome ao longo da vida adulta.<\/li>\n<\/ul>\n\n\n\n<p>No fim, a tend\u00eancia aponta para nomes que <strong>representem algo importante<\/strong> para a fam\u00edlia, sem perder de vista que a crian\u00e7a carregar\u00e1 essa escolha em diferentes fases da vida, da escola ao ambiente profissional. Entre cl\u00e1ssicos, franceses, naturais ou inspirados em fantasia, o cen\u00e1rio de 2026 mostra variedade e espa\u00e7o para combina\u00e7\u00f5es criativas, sempre com aten\u00e7\u00e3o \u00e0s consequ\u00eancias pr\u00e1ticas desse primeiro grande gesto de identidade.<\/p>\n","protected":false},"excerpt":{"rendered":"<p>Nomes de beb\u00eas 2026: descubra nomes de beb\u00eas \u00fanicos, modernos e significativos, tend\u00eancias francesas, natureza e romantasy para fugir do comum.<\/p>\n","protected":false},"author":3,"featured_media":182733,"comment_status":"open","ping_status":"open","sticky":false,"template":"","format":"standard","meta":{"_yoast_wpseo_focuskw":"nomes \u00fanicos 2026","_yoast_wpseo_title":"%%title%%","_yoast_wpseo_metadesc":"Nomes de beb\u00eas 2026: descubra nomes de beb\u00eas \u00fanicos, modernos e significativos, tend\u00eancias francesas, natureza e romantasy para fugir do comum.","jnews-multi-image_gallery":[],"jnews_single_post":{"format":"standard"},"jnews_primary_category":[],"jnews_social_meta":[],"jnews_override_counter":[],"footnotes":""},"categories":[112],"tags":[11937,144,5202,11783,14394],"class_list":["post-181185","post","type-post","status-publish","format-standard","has-post-thumbnail","hentry","category-curiosidades","tag-11937","tag-curiosidades","tag-nomes","tag-nomes-de-bebes","tag-nomes-diferentes"],"yoast_head":"<!-- This site is optimized with the Yoast SEO plugin v24.6 - https:\/\/yoast.com\/wordpress\/plugins\/seo\/ -->\n<title>Os nomes mais \u00fanicos para m\u00e3es que ter\u00e3o filhos em 2026<\/title>\n<meta name=\"description\" content=\"Nomes de beb\u00eas 2026: descubra nomes de beb\u00eas \u00fanicos, modernos e significativos, tend\u00eancias francesas, natureza e romantasy para fugir do comum.\" \/>\n<meta name=\"robots\" content=\"index, follow, max-snippet:-1, max-image-preview:large, max-video-preview:-1\" \/>\n<link rel=\"canonical\" href=\"https:\/\/www.correiobraziliense.com.br\/cbradar\/os-nomes-mais-unicos-para-maes-que-terao-fillhos-em-2026\/\" \/>\n<meta property=\"og:locale\" content=\"pt_BR\" \/>\n<meta property=\"og:type\" content=\"article\" \/>\n<meta property=\"og:title\" content=\"Os nomes mais \u00fanicos para m\u00e3es que ter\u00e3o filhos em 2026\" \/>\n<meta property=\"og:description\" content=\"Nomes de beb\u00eas 2026: descubra nomes de beb\u00eas \u00fanicos, modernos e significativos, tend\u00eancias francesas, natureza e romantasy para fugir do comum.\" \/>\n<meta property=\"og:url\" content=\"https:\/\/www.correiobraziliense.com.br\/cbradar\/os-nomes-mais-unicos-para-maes-que-terao-fillhos-em-2026\/\" \/>\n<meta property=\"og:site_name\" content=\"Correio Braziliense - Radar\" \/>\n<meta property=\"article:published_time\" content=\"2026-01-28T09:45:00+00:00\" \/>\n<meta property=\"og:image\" content=\"https:\/\/www.correiobraziliense.com.br\/cbradar\/wp-content\/uploads\/2026\/01\/1-1.jpg\" \/>\n\t<meta property=\"og:image:width\" content=\"1280\" \/>\n\t<meta property=\"og:image:height\" content=\"720\" \/>\n\t<meta property=\"og:image:type\" content=\"image\/jpeg\" \/>\n<meta name=\"author\" content=\"Larissa Carvalho\" \/>\n<meta name=\"twitter:card\" content=\"summary_large_image\" \/>\n<meta name=\"twitter:label1\" content=\"Escrito por\" \/>\n\t<meta name=\"twitter:data1\" content=\"Larissa Carvalho\" \/>\n\t<meta name=\"twitter:label2\" content=\"Est. tempo de leitura\" \/>\n\t<meta name=\"twitter:data2\" content=\"6 minutos\" \/>\n<!-- \/ Yoast SEO plugin. -->","yoast_head_json":{"title":"Os nomes mais \u00fanicos para m\u00e3es que ter\u00e3o filhos em 2026","description":"Nomes de beb\u00eas 2026: descubra nomes de beb\u00eas \u00fanicos, modernos e significativos, tend\u00eancias francesas, natureza e romantasy para fugir do comum.","robots":{"index":"index","follow":"follow","max-snippet":"max-snippet:-1","max-image-preview":"max-image-preview:large","max-video-preview":"max-video-preview:-1"},"canonical":"https:\/\/www.correiobraziliense.com.br\/cbradar\/os-nomes-mais-unicos-para-maes-que-terao-fillhos-em-2026\/","og_locale":"pt_BR","og_type":"article","og_title":"Os nomes mais \u00fanicos para m\u00e3es que ter\u00e3o filhos em 2026","og_description":"Nomes de beb\u00eas 2026: descubra nomes de beb\u00eas \u00fanicos, modernos e significativos, tend\u00eancias francesas, natureza e romantasy para fugir do comum.","og_url":"https:\/\/www.correiobraziliense.com.br\/cbradar\/os-nomes-mais-unicos-para-maes-que-terao-fillhos-em-2026\/","og_site_name":"Correio Braziliense - Radar","article_published_time":"2026-01-28T09:45:00+00:00","og_image":[{"width":1280,"height":720,"url":"https:\/\/www.correiobraziliense.com.br\/cbradar\/wp-content\/uploads\/2026\/01\/1-1.jpg","type":"image\/jpeg"}],"author":"Larissa Carvalho","twitter_card":"summary_large_image","twitter_misc":{"Escrito por":"Larissa Carvalho","Est. tempo de leitura":"6 minutos"},"schema":{"@context":"https:\/\/schema.org","@graph":[{"@type":"WebPage","@id":"https:\/\/www.correiobraziliense.com.br\/cbradar\/os-nomes-mais-unicos-para-maes-que-terao-fillhos-em-2026\/","url":"https:\/\/www.correiobraziliense.com.br\/cbradar\/os-nomes-mais-unicos-para-maes-que-terao-fillhos-em-2026\/","name":"Os nomes mais \u00fanicos para m\u00e3es que ter\u00e3o filhos em 2026","isPartOf":{"@id":"https:\/\/www.correiobraziliense.com.br\/cbradar\/#website"},"primaryImageOfPage":{"@id":"https:\/\/www.correiobraziliense.com.br\/cbradar\/os-nomes-mais-unicos-para-maes-que-terao-fillhos-em-2026\/#primaryimage"},"image":{"@id":"https:\/\/www.correiobraziliense.com.br\/cbradar\/os-nomes-mais-unicos-para-maes-que-terao-fillhos-em-2026\/#primaryimage"},"thumbnailUrl":"https:\/\/www.correiobraziliense.com.br\/cbradar\/wp-content\/uploads\/2026\/01\/1-1.jpg","datePublished":"2026-01-28T09:45:00+00:00","author":{"@id":"https:\/\/www.correiobraziliense.com.br\/cbradar\/#\/schema\/person\/58422787644df994b53a19d3e56c1513"},"description":"Nomes de beb\u00eas 2026: descubra nomes de beb\u00eas \u00fanicos, modernos e significativos, tend\u00eancias francesas, natureza e romantasy para fugir do comum.","breadcrumb":{"@id":"https:\/\/www.correiobraziliense.com.br\/cbradar\/os-nomes-mais-unicos-para-maes-que-terao-fillhos-em-2026\/#breadcrumb"},"inLanguage":"pt-BR","potentialAction":[{"@type":"ReadAction","target":["https:\/\/www.correiobraziliense.com.br\/cbradar\/os-nomes-mais-unicos-para-maes-que-terao-fillhos-em-2026\/"]}]},{"@type":"ImageObject","inLanguage":"pt-BR","@id":"https:\/\/www.correiobraziliense.com.br\/cbradar\/os-nomes-mais-unicos-para-maes-que-terao-fillhos-em-2026\/#primaryimage","url":"https:\/\/www.correiobraziliense.com.br\/cbradar\/wp-content\/uploads\/2026\/01\/1-1.jpg","contentUrl":"https:\/\/www.correiobraziliense.com.br\/cbradar\/wp-content\/uploads\/2026\/01\/1-1.jpg","width":1280,"height":720,"caption":"Refer\u00eancias da m\u00eddia ajudam a popularizar nomes considerados modernos"},{"@type":"BreadcrumbList","@id":"https:\/\/www.correiobraziliense.com.br\/cbradar\/os-nomes-mais-unicos-para-maes-que-terao-fillhos-em-2026\/#breadcrumb","itemListElement":[{"@type":"ListItem","position":1,"name":"In\u00edcio","item":"https:\/\/www.correiobraziliense.com.br\/cbradar\/"},{"@type":"ListItem","position":2,"name":"Os nomes mais \u00fanicos para m\u00e3es que ter\u00e3o filhos em 2026"}]},{"@type":"WebSite","@id":"https:\/\/www.correiobraziliense.com.br\/cbradar\/#website","url":"https:\/\/www.correiobraziliense.com.br\/cbradar\/","name":"Correio Braziliense - Radar","description":"Acompanhe as \u00faltimas not\u00edcias e fique bem informado sobre tudo o que acontece no Brasil e no mundo.","potentialAction":[{"@type":"SearchAction","target":{"@type":"EntryPoint","urlTemplate":"https:\/\/www.correiobraziliense.com.br\/cbradar\/?s={search_term_string}"},"query-input":{"@type":"PropertyValueSpecification","valueRequired":true,"valueName":"search_term_string"}}],"inLanguage":"pt-BR"},{"@type":"Person","@id":"https:\/\/www.correiobraziliense.com.br\/cbradar\/#\/schema\/person\/58422787644df994b53a19d3e56c1513","name":"Larissa Carvalho","image":{"@type":"ImageObject","inLanguage":"pt-BR","@id":"https:\/\/www.correiobraziliense.com.br\/cbradar\/#\/schema\/person\/image\/","url":"https:\/\/secure.gravatar.com\/avatar\/fe4f91a0de32b52a838d0d612abdc1aa?s=96&d=mm&r=g","contentUrl":"https:\/\/secure.gravatar.com\/avatar\/fe4f91a0de32b52a838d0d612abdc1aa?s=96&d=mm&r=g","caption":"Larissa Carvalho"},"url":"https:\/\/www.correiobraziliense.com.br\/cbradar\/author\/larissamyth\/"}]}},"_links":{"self":[{"href":"https:\/\/www.correiobraziliense.com.br\/cbradar\/wp-json\/wp\/v2\/posts\/181185","targetHints":{"allow":["GET"]}}],"collection":[{"href":"https:\/\/www.correiobraziliense.com.br\/cbradar\/wp-json\/wp\/v2\/posts"}],"about":[{"href":"https:\/\/www.correiobraziliense.com.br\/cbradar\/wp-json\/wp\/v2\/types\/post"}],"author":[{"embeddable":true,"href":"https:\/\/www.correiobraziliense.com.br\/cbradar\/wp-json\/wp\/v2\/users\/3"}],"replies":[{"embeddable":true,"href":"https:\/\/www.correiobraziliense.com.br\/cbradar\/wp-json\/wp\/v2\/comments?post=181185"}],"version-history":[{"count":5,"href":"https:\/\/www.correiobraziliense.com.br\/cbradar\/wp-json\/wp\/v2\/posts\/181185\/revisions"}],"predecessor-version":[{"id":182780,"href":"https:\/\/www.correiobraziliense.com.br\/cbradar\/wp-json\/wp\/v2\/posts\/181185\/revisions\/182780"}],"wp:featuredmedia":[{"embeddable":true,"href":"https:\/\/www.correiobraziliense.com.br\/cbradar\/wp-json\/wp\/v2\/media\/182733"}],"wp:attachment":[{"href":"https:\/\/www.correiobraziliense.com.br\/cbradar\/wp-json\/wp\/v2\/media?parent=181185"}],"wp:term":[{"taxonomy":"category","embeddable":true,"href":"https:\/\/www.correiobraziliense.com.br\/cbradar\/wp-json\/wp\/v2\/categories?post=181185"},{"taxonomy":"post_tag","embeddable":true,"href":"https:\/\/www.correiobraziliense.com.br\/cbradar\/wp-json\/wp\/v2\/tags?post=181185"}],"curies":[{"name":"wp","href":"https:\/\/api.w.org\/{rel}","templated":true}]}}