{"id":181189,"date":"2026-01-28T06:55:00","date_gmt":"2026-01-28T09:55:00","guid":{"rendered":"https:\/\/www.correiobraziliense.com.br\/cbradar\/?p=181189"},"modified":"2026-01-27T11:44:35","modified_gmt":"2026-01-27T14:44:35","slug":"e-melhor-tomar-banho-pela-manha-ou-pela-noite-essas-sao-as-vantagens-e-desvatagens-de-cada-horario","status":"publish","type":"post","link":"https:\/\/www.correiobraziliense.com.br\/cbradar\/e-melhor-tomar-banho-pela-manha-ou-pela-noite-essas-sao-as-vantagens-e-desvatagens-de-cada-horario\/","title":{"rendered":"\u00c9 melhor tomar banho pela manh\u00e3 ou pela noite? Essas s\u00e3o as vantagens e desvatagens de cada hor\u00e1rio"},"content":{"rendered":"\n<p>Tomar banho pela manh\u00e3 ou \u00e0 noite \u00e9 uma d\u00favida comum em muitas rotinas e costuma gerar debates sobre qual op\u00e7\u00e3o seria mais adequada para a <strong>sa\u00fade da pele<\/strong>, do sono e at\u00e9 da disposi\u00e7\u00e3o ao longo do dia. Especialistas em dermatologia e medicina do sono explicam que n\u00e3o existe um hor\u00e1rio \u201cperfeito\u201d universal, e que a escolha depende do <strong>estilo de vida<\/strong>, dos h\u00e1bitos de higiene, do clima, da pr\u00e1tica de exerc\u00edcios e das necessidades individuais.<\/p>\n\n\n\n<h2 class=\"wp-block-heading\">Quais s\u00e3o as principais vantagens do banho de manh\u00e3<\/h2>\n\n\n\n<p>O <strong>banho de manh\u00e3<\/strong> costuma ser associado a uma sensa\u00e7\u00e3o de renova\u00e7\u00e3o para iniciar o dia. A \u00e1gua, sobretudo em temperatura morna para fria, funciona como um est\u00edmulo para o <strong>sistema circulat\u00f3rio<\/strong>, favorecendo o estado de alerta e ajudando na adapta\u00e7\u00e3o ao ritmo das primeiras horas.<\/p>\n\n\n\n<p>Do ponto de vista pr\u00e1tico, o banho matinal auxilia na higiene depois de uma noite de transpira\u00e7\u00e3o, algo comum em climas quentes ou ambientes pouco ventilados. Quem ajusta <strong>penteado, barba ou maquiagem<\/strong> logo cedo encontra no banho um aliado para preparar pele e cabelo, removendo oleosidade e res\u00edduos noturnos.<\/p>\n\n\n\n<h2 class=\"wp-block-heading\">Banho de manh\u00e3 como parte da rotina de cuidados di\u00e1rios<\/h2>\n\n\n\n<p>Em termos de organiza\u00e7\u00e3o da rotina, o banho pela manh\u00e3 pode ser incorporado como um pequeno ritual de prepara\u00e7\u00e3o. Ap\u00f3s o banho, muitos dermatologistas recomendam aplicar <strong>hidratantes leves<\/strong> e <strong>protetor solar<\/strong>, etapa essencial mesmo em dias nublados para prevenir envelhecimento precoce.<\/p>\n\n\n\n<p>Isso transforma o ato de tomar banho em um primeiro passo de cuidado di\u00e1rio com a pele, facilitando a ades\u00e3o a uma rotina de <strong>skincare matinal<\/strong>. Para quem tem pele oleosa, pode ser \u00fatil incluir limpadores espec\u00edficos e produtos de controle de brilho indicados por um profissional.<\/p>\n\n\n\n<p>Para aprofundarmos no tema, trouxemos o v\u00eddeo do Dr Israel, especialista em dicas de sa\u00fade, publicado em seu perfil @sosmentoriadasaude que j\u00e1 conta com quase 1.2 milh\u00e3o de seguires:<\/p>\n\n\n\n<blockquote class=\"tiktok-embed\" cite=\"https:\/\/www.tiktok.com\/@sosmentoriadasaude\/video\/7560011215636794680\" data-video-id=\"7560011215636794680\" style=\"max-width: 605px;min-width: 325px;\" > <section> <a target=\"_blank\" title=\"@sosmentoriadasaude\" href=\"https:\/\/www.tiktok.com\/@sosmentoriadasaude?refer=embed\">@sosmentoriadasaude<\/a> <p>Tem que tomar banho assim que acordar <\/p> <a target=\"_blank\" title=\"\u266c som original - SOSmentoriadasa\u00fade- Israel\" href=\"https:\/\/www.tiktok.com\/music\/som-original-7560011576551033656?refer=embed\">\u266c som original &#8211; SOSmentoriadasa\u00fade- Israel<\/a> <\/section> <\/blockquote> <script async src=\"https:\/\/www.tiktok.com\/embed.js\"><\/script>\n\n\n\n<h2 class=\"wp-block-heading\">O banho \u00e0 noite faz melhor para a pele e para o sono<\/h2>\n\n\n\n<p>O <strong>banho \u00e0 noite<\/strong> \u00e9 destacado como estrat\u00e9gia eficiente para remover sujeira, polui\u00e7\u00e3o, suor, restos de cosm\u00e9ticos e protetor solar acumulados ao longo do dia. Essa limpeza reduz o contato prolongado da pele com impurezas que podem favorecer <strong>irrita\u00e7\u00f5es, poros entupidos<\/strong> e piora de acne ou dermatites.<\/p>\n\n\n\n<p>Al\u00e9m da quest\u00e3o cut\u00e2nea, um <strong>banho morno<\/strong> de 60 a 90 minutos antes de dormir pode contribuir para a regula\u00e7\u00e3o da temperatura corporal. Ao sair da \u00e1gua, ocorre leve perda de calor, sinal que o corpo interpreta como indica\u00e7\u00e3o de que est\u00e1 chegando o momento de descanso, facilitando o adormecer em algumas pessoas.<\/p>\n\n\n\n<h2 class=\"wp-block-heading\">Como o banho noturno influencia o sono e a higiene da cama<\/h2>\n\n\n\n<p>Outra vantagem do banho \u00e0 noite est\u00e1 ligada \u00e0 <strong>higiene da cama<\/strong>. Deitar ap\u00f3s um banho tende a reduzir suor, poluentes e microrganismos levados para len\u00e7ol e travesseiro, algo relevante para quem tem pele sens\u00edvel ou alergias respirat\u00f3rias.<\/p>\n\n\n\n<p>Em grandes centros urbanos, onde a exposi\u00e7\u00e3o \u00e0 <strong>polui\u00e7\u00e3o<\/strong> \u00e9 intensa, remover res\u00edduos antes de dormir ajuda a proteger a barreira cut\u00e2nea. Isso tamb\u00e9m pode diminuir odores desagrad\u00e1veis e melhorar a sensa\u00e7\u00e3o de relaxamento ao se deitar.<\/p>\n\n\n\n<h2 class=\"wp-block-heading\">Banho de manh\u00e3 ou \u00e0 noite o que \u00e9 mais saud\u00e1vel<\/h2>\n\n\n\n<p>A escolha entre <strong>banho de manh\u00e3 ou \u00e0 noite<\/strong> depende mais dos h\u00e1bitos pessoais, do clima e da condi\u00e7\u00e3o da pele do que de uma regra fixa. Quem pratica exerc\u00edcios f\u00edsicos ao fim do dia tende a se beneficiar de um <strong>banho noturno<\/strong> para remover suor e res\u00edduos, evitando irrita\u00e7\u00f5es e mau cheiro.<\/p>\n\n\n\n<p>Por outro lado, pessoas que acordam com sensa\u00e7\u00e3o de cansa\u00e7o ou com o <strong>couro cabeludo oleoso<\/strong> podem preferir manter o banho matinal como prioridade. Em muitos casos, alternar hor\u00e1rios ou fazer banhos r\u00e1pidos em um dos per\u00edodos concilia praticidade com higiene adequada.<\/p>\n\n\n\n<h2 class=\"wp-block-heading\">Quais cuidados gerais com o banho ajudam a proteger a pele<\/h2>\n\n\n\n<p>Alguns cuidados gerais s\u00e3o considerados importantes em qualquer hor\u00e1rio, especialmente para preservar a <strong>barreira de prote\u00e7\u00e3o da pele<\/strong>. Esses h\u00e1bitos ajudam a reduzir ressecamento, irrita\u00e7\u00f5es e agravamento de condi\u00e7\u00f5es pr\u00e9-existentes, como eczema e dermatite.<\/p>\n\n\n\n<p>Entre as recomenda\u00e7\u00f5es mais citadas por dermatologistas, destacam-se:<\/p>\n\n\n\n<ul class=\"wp-block-list\">\n<li><strong>Evitar \u00e1gua muito quente<\/strong>, que pode ressecar a pele e retirar a barreira de prote\u00e7\u00e3o natural;<\/li>\n\n\n\n<li><strong>Limitar o tempo de perman\u00eancia no chuveiro<\/strong> para reduzir o ressecamento e a perda de hidrata\u00e7\u00e3o;<\/li>\n\n\n\n<li>Usar <strong>sabonetes suaves<\/strong>, principalmente em peles sens\u00edveis ou muito ressecadas;<\/li>\n\n\n\n<li><strong>Aplicar hidratante<\/strong> logo ap\u00f3s o banho, com a pele ainda levemente \u00famida;<\/li>\n\n\n\n<li>Secar bem o <strong>couro cabeludo<\/strong> antes de deitar, para diminuir o risco de problemas f\u00fangicos.<\/li>\n<\/ul>\n\n\n\n<figure class=\"wp-block-image size-large\"><img decoding=\"async\" width=\"1024\" height=\"576\" src=\"https:\/\/www.correiobraziliense.com.br\/cbradar\/wp-content\/uploads\/2026\/01\/\u2705-BANNER-MYTH-2-22-1024x576.png\" alt=\"\u00c9 melhor tomar banho pela manh\u00e3 ou pela noite? Essas s\u00e3o as vantagens e desvatagens de cada hor\u00e1rio\" class=\"wp-image-181191\" srcset=\"https:\/\/www.correiobraziliense.com.br\/cbradar\/wp-content\/uploads\/2026\/01\/\u2705-BANNER-MYTH-2-22-1024x576.png 1024w, https:\/\/www.correiobraziliense.com.br\/cbradar\/wp-content\/uploads\/2026\/01\/\u2705-BANNER-MYTH-2-22-300x169.png 300w, https:\/\/www.correiobraziliense.com.br\/cbradar\/wp-content\/uploads\/2026\/01\/\u2705-BANNER-MYTH-2-22-768x432.png 768w, https:\/\/www.correiobraziliense.com.br\/cbradar\/wp-content\/uploads\/2026\/01\/\u2705-BANNER-MYTH-2-22-750x422.png 750w, https:\/\/www.correiobraziliense.com.br\/cbradar\/wp-content\/uploads\/2026\/01\/\u2705-BANNER-MYTH-2-22-1140x641.png 1140w, https:\/\/www.correiobraziliense.com.br\/cbradar\/wp-content\/uploads\/2026\/01\/\u2705-BANNER-MYTH-2-22.png 1280w\" sizes=\"(max-width: 1024px) 100vw, 1024px\" \/><figcaption class=\"wp-element-caption\">Escolha banho manh\u00e3 para energia ou noite para paz, sempre com \u00e1gua ideal e sabonete suave para pele feliz.<\/figcaption><\/figure>\n\n\n\n<h2 class=\"wp-block-heading\">Quais h\u00e1bitos de banho mais afetam a sa\u00fade da pele<\/h2>\n\n\n\n<p>Mais do que escolher entre banho de manh\u00e3 ou \u00e0 noite, alguns h\u00e1bitos de banho podem afetar diretamente a <strong>sa\u00fade da pele<\/strong>, especialmente no inverno. A combina\u00e7\u00e3o de \u00e1gua muito quente, baixa umidade do ar e pouco uso de hidratantes aumenta a tend\u00eancia ao ressecamento, descama\u00e7\u00e3o e sensa\u00e7\u00e3o de repuxamento.<\/p>\n\n\n\n<p>Entre as pr\u00e1ticas consideradas mais prejudiciais, destacam-se o uso excessivo de sabonete e a fric\u00e7\u00e3o intensa da pele. Essas atitudes removem lip\u00eddios naturais importantes e podem favorecer <strong>microles\u00f5es, irrita\u00e7\u00f5es<\/strong> e piora de quadros inflamat\u00f3rios cut\u00e2neos.<\/p>\n\n\n\n<h2 class=\"wp-block-heading\">Quais pr\u00e1ticas de banho podem prejudicar a pele no dia a dia<\/h2>\n\n\n\n<p>Entre as pr\u00e1ticas que costumam ser mencionadas por especialistas como prejudiciais, algumas aparecem de forma recorrente em consult\u00f3rio. Ajustar esses pontos costuma ter impacto r\u00e1pido na sensa\u00e7\u00e3o de conforto e na apar\u00eancia geral da pele.<\/p>\n\n\n\n<ol class=\"wp-block-list\">\n<li><strong>Banhos muito quentes e prolongados<\/strong>: favorecem o ressecamento e podem agravar condi\u00e7\u00f5es como eczema e dermatite;<\/li>\n\n\n\n<li><strong>Falta de protetor solar di\u00e1rio<\/strong>: mesmo fora do ver\u00e3o, a radia\u00e7\u00e3o ultravioleta contribui para o envelhecimento precoce da pele;<\/li>\n\n\n\n<li><strong>Esfregar a pele com excesso de for\u00e7a<\/strong>: esponjas abrasivas e fric\u00e7\u00e3o intensa podem causar microles\u00f5es e irrita\u00e7\u00e3o;<\/li>\n\n\n\n<li><strong>Usar sabonete em todo o corpo v\u00e1rias vezes ao dia<\/strong>: em \u00e1reas menos oleosas, isso remove lip\u00eddios naturais protetores;<\/li>\n\n\n\n<li><strong>Deitar com o cabelo molhado<\/strong>: o couro cabeludo \u00famido por longos per\u00edodos pode favorecer prolifera\u00e7\u00e3o de fungos.<\/li>\n<\/ol>\n\n\n\n<h2 class=\"wp-block-heading\">Como adaptar o banho \u00e0 rotina di\u00e1ria de forma equilibrada<\/h2>\n\n\n\n<p>Para quem tem d\u00favidas sobre qual modelo seguir, uma alternativa \u00e9 ajustar a frequ\u00eancia e a intensidade dos banhos conforme <strong>clima, n\u00edvel de atividade f\u00edsica<\/strong> e sensibilidade da pele. Em dias mais frios, diminuir o n\u00famero de banhos longos e priorizar limpezas r\u00e1pidas pode manter a higiene sem comprometer a hidrata\u00e7\u00e3o natural.<\/p>\n\n\n\n<p>Muitos profissionais sugerem observar como a pele reage \u00e0s mudan\u00e7as de rotina, como coceira, descama\u00e7\u00e3o ou oleosidade excessiva. Tanto o banho matinal quanto o noturno podem fazer parte de uma rotina saud\u00e1vel; o ponto central \u00e9 adotar <strong>h\u00e1bitos adequados<\/strong> e ajustar temperatura da \u00e1gua, produtos e frequ\u00eancia \u00e0s necessidades individuais.<\/p>\n","protected":false},"excerpt":{"rendered":"<p>Banho de manh\u00e3 ou \u00e0 noite? Descubra benef\u00edcios, desvantagens e impacto dos banhos quentes na pele para escolher a melhor rotina di\u00e1ria.<\/p>\n","protected":false},"author":3,"featured_media":182734,"comment_status":"open","ping_status":"open","sticky":false,"template":"","format":"standard","meta":{"_yoast_wpseo_focuskw":"hor\u00e1rio tomar banho","_yoast_wpseo_title":"%%title%%","_yoast_wpseo_metadesc":"Banho de manh\u00e3 ou \u00e0 noite? Descubra benef\u00edcios, desvantagens e impacto dos banhos quentes na pele para escolher a melhor rotina di\u00e1ria.","jnews-multi-image_gallery":[],"jnews_single_post":{"format":"standard"},"jnews_primary_category":[],"jnews_social_meta":[],"jnews_override_counter":[],"footnotes":""},"categories":[112],"tags":[5035,3559,144,565,5221],"class_list":["post-181189","post","type-post","status-publish","format-standard","has-post-thumbnail","hentry","category-curiosidades","tag-banho","tag-corpo-humano","tag-curiosidades","tag-saude","tag-tomar-banho"],"yoast_head":"<!-- This site is optimized with the Yoast SEO plugin v24.6 - https:\/\/yoast.com\/wordpress\/plugins\/seo\/ -->\n<title>\u00c9 melhor tomar banho pela manh\u00e3 ou pela noite? Essas s\u00e3o as vantagens e desvatagens de cada hor\u00e1rio<\/title>\n<meta name=\"description\" content=\"Banho de manh\u00e3 ou \u00e0 noite? Descubra benef\u00edcios, desvantagens e impacto dos banhos quentes na pele para escolher a melhor rotina di\u00e1ria.\" \/>\n<meta name=\"robots\" content=\"index, follow, max-snippet:-1, max-image-preview:large, max-video-preview:-1\" \/>\n<link rel=\"canonical\" href=\"https:\/\/www.correiobraziliense.com.br\/cbradar\/e-melhor-tomar-banho-pela-manha-ou-pela-noite-essas-sao-as-vantagens-e-desvatagens-de-cada-horario\/\" \/>\n<meta property=\"og:locale\" content=\"pt_BR\" \/>\n<meta property=\"og:type\" content=\"article\" \/>\n<meta property=\"og:title\" content=\"\u00c9 melhor tomar banho pela manh\u00e3 ou pela noite? Essas s\u00e3o as vantagens e desvatagens de cada hor\u00e1rio\" \/>\n<meta property=\"og:description\" content=\"Banho de manh\u00e3 ou \u00e0 noite? Descubra benef\u00edcios, desvantagens e impacto dos banhos quentes na pele para escolher a melhor rotina di\u00e1ria.\" \/>\n<meta property=\"og:url\" content=\"https:\/\/www.correiobraziliense.com.br\/cbradar\/e-melhor-tomar-banho-pela-manha-ou-pela-noite-essas-sao-as-vantagens-e-desvatagens-de-cada-horario\/\" \/>\n<meta property=\"og:site_name\" content=\"Correio Braziliense - Radar\" \/>\n<meta property=\"article:published_time\" content=\"2026-01-28T09:55:00+00:00\" \/>\n<meta property=\"og:image\" content=\"https:\/\/www.correiobraziliense.com.br\/cbradar\/wp-content\/uploads\/2026\/01\/2-1.jpg\" \/>\n\t<meta property=\"og:image:width\" content=\"1280\" \/>\n\t<meta property=\"og:image:height\" content=\"720\" \/>\n\t<meta property=\"og:image:type\" content=\"image\/jpeg\" \/>\n<meta name=\"author\" content=\"Larissa Carvalho\" \/>\n<meta name=\"twitter:card\" content=\"summary_large_image\" \/>\n<meta name=\"twitter:label1\" content=\"Escrito por\" \/>\n\t<meta name=\"twitter:data1\" content=\"Larissa Carvalho\" \/>\n\t<meta name=\"twitter:label2\" content=\"Est. tempo de leitura\" \/>\n\t<meta name=\"twitter:data2\" content=\"7 minutos\" \/>\n<!-- \/ Yoast SEO plugin. -->","yoast_head_json":{"title":"\u00c9 melhor tomar banho pela manh\u00e3 ou pela noite? Essas s\u00e3o as vantagens e desvatagens de cada hor\u00e1rio","description":"Banho de manh\u00e3 ou \u00e0 noite? Descubra benef\u00edcios, desvantagens e impacto dos banhos quentes na pele para escolher a melhor rotina di\u00e1ria.","robots":{"index":"index","follow":"follow","max-snippet":"max-snippet:-1","max-image-preview":"max-image-preview:large","max-video-preview":"max-video-preview:-1"},"canonical":"https:\/\/www.correiobraziliense.com.br\/cbradar\/e-melhor-tomar-banho-pela-manha-ou-pela-noite-essas-sao-as-vantagens-e-desvatagens-de-cada-horario\/","og_locale":"pt_BR","og_type":"article","og_title":"\u00c9 melhor tomar banho pela manh\u00e3 ou pela noite? Essas s\u00e3o as vantagens e desvatagens de cada hor\u00e1rio","og_description":"Banho de manh\u00e3 ou \u00e0 noite? Descubra benef\u00edcios, desvantagens e impacto dos banhos quentes na pele para escolher a melhor rotina di\u00e1ria.","og_url":"https:\/\/www.correiobraziliense.com.br\/cbradar\/e-melhor-tomar-banho-pela-manha-ou-pela-noite-essas-sao-as-vantagens-e-desvatagens-de-cada-horario\/","og_site_name":"Correio Braziliense - Radar","article_published_time":"2026-01-28T09:55:00+00:00","og_image":[{"width":1280,"height":720,"url":"https:\/\/www.correiobraziliense.com.br\/cbradar\/wp-content\/uploads\/2026\/01\/2-1.jpg","type":"image\/jpeg"}],"author":"Larissa Carvalho","twitter_card":"summary_large_image","twitter_misc":{"Escrito por":"Larissa Carvalho","Est. tempo de leitura":"7 minutos"},"schema":{"@context":"https:\/\/schema.org","@graph":[{"@type":"WebPage","@id":"https:\/\/www.correiobraziliense.com.br\/cbradar\/e-melhor-tomar-banho-pela-manha-ou-pela-noite-essas-sao-as-vantagens-e-desvatagens-de-cada-horario\/","url":"https:\/\/www.correiobraziliense.com.br\/cbradar\/e-melhor-tomar-banho-pela-manha-ou-pela-noite-essas-sao-as-vantagens-e-desvatagens-de-cada-horario\/","name":"\u00c9 melhor tomar banho pela manh\u00e3 ou pela noite? Essas s\u00e3o as vantagens e desvatagens de cada hor\u00e1rio","isPartOf":{"@id":"https:\/\/www.correiobraziliense.com.br\/cbradar\/#website"},"primaryImageOfPage":{"@id":"https:\/\/www.correiobraziliense.com.br\/cbradar\/e-melhor-tomar-banho-pela-manha-ou-pela-noite-essas-sao-as-vantagens-e-desvatagens-de-cada-horario\/#primaryimage"},"image":{"@id":"https:\/\/www.correiobraziliense.com.br\/cbradar\/e-melhor-tomar-banho-pela-manha-ou-pela-noite-essas-sao-as-vantagens-e-desvatagens-de-cada-horario\/#primaryimage"},"thumbnailUrl":"https:\/\/www.correiobraziliense.com.br\/cbradar\/wp-content\/uploads\/2026\/01\/2-1.jpg","datePublished":"2026-01-28T09:55:00+00:00","author":{"@id":"https:\/\/www.correiobraziliense.com.br\/cbradar\/#\/schema\/person\/58422787644df994b53a19d3e56c1513"},"description":"Banho de manh\u00e3 ou \u00e0 noite? Descubra benef\u00edcios, desvantagens e impacto dos banhos quentes na pele para escolher a melhor rotina di\u00e1ria.","breadcrumb":{"@id":"https:\/\/www.correiobraziliense.com.br\/cbradar\/e-melhor-tomar-banho-pela-manha-ou-pela-noite-essas-sao-as-vantagens-e-desvatagens-de-cada-horario\/#breadcrumb"},"inLanguage":"pt-BR","potentialAction":[{"@type":"ReadAction","target":["https:\/\/www.correiobraziliense.com.br\/cbradar\/e-melhor-tomar-banho-pela-manha-ou-pela-noite-essas-sao-as-vantagens-e-desvatagens-de-cada-horario\/"]}]},{"@type":"ImageObject","inLanguage":"pt-BR","@id":"https:\/\/www.correiobraziliense.com.br\/cbradar\/e-melhor-tomar-banho-pela-manha-ou-pela-noite-essas-sao-as-vantagens-e-desvatagens-de-cada-horario\/#primaryimage","url":"https:\/\/www.correiobraziliense.com.br\/cbradar\/wp-content\/uploads\/2026\/01\/2-1.jpg","contentUrl":"https:\/\/www.correiobraziliense.com.br\/cbradar\/wp-content\/uploads\/2026\/01\/2-1.jpg","width":1280,"height":720,"caption":"O banho pela manh\u00e3 pode ajudar a aumentar a sensa\u00e7\u00e3o de alerta e disposi\u00e7\u00e3o para iniciar o dia"},{"@type":"BreadcrumbList","@id":"https:\/\/www.correiobraziliense.com.br\/cbradar\/e-melhor-tomar-banho-pela-manha-ou-pela-noite-essas-sao-as-vantagens-e-desvatagens-de-cada-horario\/#breadcrumb","itemListElement":[{"@type":"ListItem","position":1,"name":"In\u00edcio","item":"https:\/\/www.correiobraziliense.com.br\/cbradar\/"},{"@type":"ListItem","position":2,"name":"\u00c9 melhor tomar banho pela manh\u00e3 ou pela noite? Essas s\u00e3o as vantagens e desvatagens de cada hor\u00e1rio"}]},{"@type":"WebSite","@id":"https:\/\/www.correiobraziliense.com.br\/cbradar\/#website","url":"https:\/\/www.correiobraziliense.com.br\/cbradar\/","name":"Correio Braziliense - Radar","description":"Acompanhe as \u00faltimas not\u00edcias e fique bem informado sobre tudo o que acontece no Brasil e no mundo.","potentialAction":[{"@type":"SearchAction","target":{"@type":"EntryPoint","urlTemplate":"https:\/\/www.correiobraziliense.com.br\/cbradar\/?s={search_term_string}"},"query-input":{"@type":"PropertyValueSpecification","valueRequired":true,"valueName":"search_term_string"}}],"inLanguage":"pt-BR"},{"@type":"Person","@id":"https:\/\/www.correiobraziliense.com.br\/cbradar\/#\/schema\/person\/58422787644df994b53a19d3e56c1513","name":"Larissa Carvalho","image":{"@type":"ImageObject","inLanguage":"pt-BR","@id":"https:\/\/www.correiobraziliense.com.br\/cbradar\/#\/schema\/person\/image\/","url":"https:\/\/secure.gravatar.com\/avatar\/fe4f91a0de32b52a838d0d612abdc1aa?s=96&d=mm&r=g","contentUrl":"https:\/\/secure.gravatar.com\/avatar\/fe4f91a0de32b52a838d0d612abdc1aa?s=96&d=mm&r=g","caption":"Larissa Carvalho"},"url":"https:\/\/www.correiobraziliense.com.br\/cbradar\/author\/larissamyth\/"}]}},"_links":{"self":[{"href":"https:\/\/www.correiobraziliense.com.br\/cbradar\/wp-json\/wp\/v2\/posts\/181189","targetHints":{"allow":["GET"]}}],"collection":[{"href":"https:\/\/www.correiobraziliense.com.br\/cbradar\/wp-json\/wp\/v2\/posts"}],"about":[{"href":"https:\/\/www.correiobraziliense.com.br\/cbradar\/wp-json\/wp\/v2\/types\/post"}],"author":[{"embeddable":true,"href":"https:\/\/www.correiobraziliense.com.br\/cbradar\/wp-json\/wp\/v2\/users\/3"}],"replies":[{"embeddable":true,"href":"https:\/\/www.correiobraziliense.com.br\/cbradar\/wp-json\/wp\/v2\/comments?post=181189"}],"version-history":[{"count":2,"href":"https:\/\/www.correiobraziliense.com.br\/cbradar\/wp-json\/wp\/v2\/posts\/181189\/revisions"}],"predecessor-version":[{"id":181192,"href":"https:\/\/www.correiobraziliense.com.br\/cbradar\/wp-json\/wp\/v2\/posts\/181189\/revisions\/181192"}],"wp:featuredmedia":[{"embeddable":true,"href":"https:\/\/www.correiobraziliense.com.br\/cbradar\/wp-json\/wp\/v2\/media\/182734"}],"wp:attachment":[{"href":"https:\/\/www.correiobraziliense.com.br\/cbradar\/wp-json\/wp\/v2\/media?parent=181189"}],"wp:term":[{"taxonomy":"category","embeddable":true,"href":"https:\/\/www.correiobraziliense.com.br\/cbradar\/wp-json\/wp\/v2\/categories?post=181189"},{"taxonomy":"post_tag","embeddable":true,"href":"https:\/\/www.correiobraziliense.com.br\/cbradar\/wp-json\/wp\/v2\/tags?post=181189"}],"curies":[{"name":"wp","href":"https:\/\/api.w.org\/{rel}","templated":true}]}}