{"id":181229,"date":"2026-01-26T13:25:00","date_gmt":"2026-01-26T16:25:00","guid":{"rendered":"https:\/\/www.correiobraziliense.com.br\/cbradar\/?p=181229"},"modified":"2026-01-25T15:25:19","modified_gmt":"2026-01-25T18:25:19","slug":"esse-fruto-tem-mais-proteina-que-o-ovo-e-virou-o-queridinho-de-quem-faz-pre-treino","status":"publish","type":"post","link":"https:\/\/www.correiobraziliense.com.br\/cbradar\/esse-fruto-tem-mais-proteina-que-o-ovo-e-virou-o-queridinho-de-quem-faz-pre-treino\/","title":{"rendered":"Esse fruto tem mais prote\u00edna que o ovo e virou o queridinho de quem faz pr\u00e9-treino"},"content":{"rendered":"\n<p><strong>Se voc\u00ea sempre ouviu que o ovo \u00e9 a principal fonte de prote\u00edna, o amendoim pode surpreender. <\/strong>Apesar de ser uma leguminosa consumida como fruto seco, ele oferece quase o dobro de prote\u00edna a cada <strong>100 gramas<\/strong>, al\u00e9m de gorduras boas que sustentam a energia ao longo do treino, motivo pelo qual virou um aliado silencioso de quem busca mais for\u00e7a e explos\u00e3o f\u00edsica.<\/p>\n\n\n\n<h2 class=\"wp-block-heading\">Comparando a densidade proteica do amendoim e do ovo<\/h2>\n\n\n\n<p><strong>Em termos nutricionais, a diferen\u00e7a \u00e9 clara. <\/strong>Enquanto o ovo de galinha cozido fornece cerca de <strong>13 gramas<\/strong> de prote\u00edna a cada <strong>100 gramas<\/strong>, o amendoim torrado concentra aproximadamente 25 a 26 gramas na mesma quantidade, o que o coloca entre os alimentos vegetais mais densos em prote\u00edna.<\/p>\n\n\n\n<p>Na pr\u00e1tica, isso significa efici\u00eancia. Uma por\u00e7\u00e3o pequena de cerca de 30 gramas \u2014 o equivalente a uma m\u00e3o cheia \u2014 j\u00e1 entrega em torno de 7 gramas de prote\u00edna, valor pr\u00f3ximo ao de um ovo inteiro. \u00c9 uma op\u00e7\u00e3o simples, port\u00e1til e dispensa preparo, ideal para complementar a ingest\u00e3o proteica ao longo do dia.<\/p>\n\n\n<div class=\"wp-block-image\">\n<figure class=\"aligncenter size-large\"><img decoding=\"async\" width=\"1024\" height=\"576\" src=\"https:\/\/www.correiobraziliense.com.br\/cbradar\/wp-content\/uploads\/2026\/01\/aaa-2026-01-25T151311.304-1024x576.png\" alt=\"Esse fruto tem mais prote\u00edna que o ovo e virou o queridinho de quem faz pr\u00e9-treino\" class=\"wp-image-181346\" srcset=\"https:\/\/www.correiobraziliense.com.br\/cbradar\/wp-content\/uploads\/2026\/01\/aaa-2026-01-25T151311.304-1024x576.png 1024w, https:\/\/www.correiobraziliense.com.br\/cbradar\/wp-content\/uploads\/2026\/01\/aaa-2026-01-25T151311.304-300x169.png 300w, https:\/\/www.correiobraziliense.com.br\/cbradar\/wp-content\/uploads\/2026\/01\/aaa-2026-01-25T151311.304-768x432.png 768w, https:\/\/www.correiobraziliense.com.br\/cbradar\/wp-content\/uploads\/2026\/01\/aaa-2026-01-25T151311.304-750x422.png 750w, https:\/\/www.correiobraziliense.com.br\/cbradar\/wp-content\/uploads\/2026\/01\/aaa-2026-01-25T151311.304-1140x641.png 1140w, https:\/\/www.correiobraziliense.com.br\/cbradar\/wp-content\/uploads\/2026\/01\/aaa-2026-01-25T151311.304.png 1280w\" sizes=\"(max-width: 1024px) 100vw, 1024px\" \/><figcaption class=\"wp-element-caption\">Diferente de um carboidrato simples (como uma banana) que d\u00e1 um pico de energia r\u00e1pida e depois cai, o amendoim \u00e9 rico em gorduras monoinsaturadas saud\u00e1veis. Isso fornece uma libera\u00e7\u00e3o de energia sustentada.<\/figcaption><\/figure><\/div>\n\n\n<p><strong>Leia tamb\u00e9m: <a href=\"https:\/\/www.correiobraziliense.com.br\/cbradar\/fim-das-prateleiras-abertas-na-cozinha-por-que-os-armarios-fechados-voltaram-a-ser-regra\/\" target=\"_blank\" rel=\"noreferrer noopener\">Fim das prateleiras abertas na cozinha? Por que os arm\u00e1rios fechados voltaram a ser regra.<\/a><\/strong><\/p>\n\n\n\n<h2 class=\"wp-block-heading\">Como a arginina do amendoim potencializa o desempenho f\u00edsico?<\/h2>\n\n\n\n<p><strong>O destaque do amendoim como alimento pr\u00e9-treino n\u00e3o vem apenas do seu teor proteico, mas da alta concentra\u00e7\u00e3o de arginina,<\/strong> um amino\u00e1cido essencial para o desempenho f\u00edsico. Entre as fontes vegetais, o amendoim se sobressai pela quantidade naturalmente elevada desse composto, o que explica sua popularidade entre praticantes de atividade f\u00edsica.<\/p>\n\n\n\n<p><strong>A arginina atua como precursora do \u00f3xido n\u00edtrico,<\/strong> subst\u00e2ncia respons\u00e1vel pela dilata\u00e7\u00e3o dos vasos sangu\u00edneos. Esse mecanismo aumenta o fluxo de sangue para os m\u00fasculos durante o exerc\u00edcio, favorecendo a entrega de oxig\u00eanio e nutrientes \u00e0s c\u00e9lulas. O efeito pr\u00e1tico \u00e9 uma melhora na efici\u00eancia muscular e a sensa\u00e7\u00e3o de maior volume e for\u00e7a durante o treino.<\/p>\n\n\n\n<h2 class=\"wp-block-heading\">Energia densa: o combust\u00edvel de longa dura\u00e7\u00e3o<\/h2>\n\n\n\n<p>Diferente de um carboidrato simples (como uma banana) que d\u00e1 um pico de energia r\u00e1pida e depois cai, o amendoim \u00e9 rico em gorduras monoinsaturadas saud\u00e1veis. Isso fornece uma libera\u00e7\u00e3o de energia sustentada.<\/p>\n\n\n\n<p>Consumir uma pasta de amendoim integral cerca de 40 minutos antes do treino garante que voc\u00ea n\u00e3o ter\u00e1 hipoglicemia (queda de a\u00e7\u00facar) no meio da s\u00e9rie pesada. Ele mant\u00e9m o n\u00edvel de glicose est\u00e1vel, permitindo treinos mais longos e intensos.<\/p>\n\n\n\n<p>N\u00f3 v\u00eddeo a seguir, a <strong><em>Nutricionista Cris de Alencar<\/em><\/strong>, com mais de <strong>3,8 mil inscritos<\/strong>, fala um pouco do consumo da pasta de amendoim:<\/p>\n\n\n\n<iframe loading=\"lazy\" width=\"342\" height=\"608\" src=\"https:\/\/www.youtube.com\/embed\/mcFidVhiF9M\" title=\"Amendoim tem prote\u00edna? #nutricaosaudavel #nutricaovegetariana#nutriveg #proteinavegetal\" frameborder=\"0\" allow=\"accelerometer; autoplay; clipboard-write; encrypted-media; gyroscope; picture-in-picture; web-share\" referrerpolicy=\"strict-origin-when-cross-origin\" allowfullscreen><\/iframe>\n\n\n\n<h2 class=\"wp-block-heading\">Como incluir sem engordar?<\/h2>\n\n\n\n<p>O \u00fanico &#8220;efeito colateral&#8221; do amendoim \u00e9 sua alta densidade cal\u00f3rica. Para colher os benef\u00edcios sem ganhar gordura indesejada, a modera\u00e7\u00e3o \u00e9 a chave.<\/p>\n\n\n\n<ul class=\"wp-block-list\">\n<li><strong>A Dose Ideal:<\/strong> 30g (uma colher de sopa cheia de pasta ou um punhado de gr\u00e3os) \u00e9 suficiente para o pr\u00e9-treino.<\/li>\n\n\n\n<li><strong>A Escolha Certa:<\/strong> Fuja dos amendoins &#8220;japoneses&#8221; ou com casca crocante cheios de farinha e s\u00f3dio. Prefira o amendoim torrado sem sal ou a pasta de amendoim 100% integral.<\/li>\n\n\n\n<li><strong>Combina\u00e7\u00e3o Poderosa:<\/strong> Para um pr\u00e9-treino completo, misture a pasta de amendoim com uma banana ou aveia. A gordura do amendoim atrasa levemente a absor\u00e7\u00e3o do carboidrato, criando o perfil de energia perfeito.<\/li>\n<\/ul>\n","protected":false},"excerpt":{"rendered":"<p>Se voc\u00ea sempre ouviu que o ovo \u00e9 a principal fonte de prote\u00edna, o amendoim pode surpreender. Apesar de ser uma leguminosa consumida como fruto seco, ele oferece quase o dobro de prote\u00edna a cada 100 gramas, al\u00e9m de gorduras boas que sustentam a energia ao longo do treino, motivo pelo qual virou um aliado [&hellip;]<\/p>\n","protected":false},"author":8,"featured_media":181362,"comment_status":"open","ping_status":"open","sticky":false,"template":"","format":"standard","meta":{"_yoast_wpseo_focuskw":"fruto com prote\u00edna","_yoast_wpseo_title":"","_yoast_wpseo_metadesc":"Descubra como esse fruto surpreendeu nutricionistas ao ter mais prote\u00edna que o ovo e ganhar espa\u00e7o no pr\u00e9-treino.","jnews-multi-image_gallery":[],"jnews_single_post":{"format":"standard"},"jnews_primary_category":[],"jnews_social_meta":[],"jnews_override_counter":[],"footnotes":""},"categories":[108,111],"post_tag":[8927,409,6811],"class_list":["post-181229","post","type-post","status-publish","format-standard","has-post-thumbnail","hentry","category-cidades","category-turismo","tag-fruto","tag-ovo","tag-proteina-2"],"yoast_head":"<!-- This site is optimized with the Yoast SEO plugin v24.6 - https:\/\/yoast.com\/wordpress\/plugins\/seo\/ -->\n<title>Esse fruto tem mais prote\u00edna que o ovo e virou o queridinho de quem faz pr\u00e9-treino - Correio Braziliense - Radar<\/title>\n<meta name=\"description\" content=\"Descubra como esse fruto surpreendeu nutricionistas ao ter mais prote\u00edna que o ovo e ganhar espa\u00e7o no pr\u00e9-treino.\" \/>\n<meta name=\"robots\" content=\"index, follow, max-snippet:-1, max-image-preview:large, max-video-preview:-1\" \/>\n<link rel=\"canonical\" href=\"https:\/\/www.correiobraziliense.com.br\/cbradar\/esse-fruto-tem-mais-proteina-que-o-ovo-e-virou-o-queridinho-de-quem-faz-pre-treino\/\" \/>\n<meta property=\"og:locale\" content=\"pt_BR\" \/>\n<meta property=\"og:type\" content=\"article\" \/>\n<meta property=\"og:title\" content=\"Esse fruto tem mais prote\u00edna que o ovo e virou o queridinho de quem faz pr\u00e9-treino - Correio Braziliense - Radar\" \/>\n<meta property=\"og:description\" content=\"Descubra como esse fruto surpreendeu nutricionistas ao ter mais prote\u00edna que o ovo e ganhar espa\u00e7o no pr\u00e9-treino.\" \/>\n<meta property=\"og:url\" content=\"https:\/\/www.correiobraziliense.com.br\/cbradar\/esse-fruto-tem-mais-proteina-que-o-ovo-e-virou-o-queridinho-de-quem-faz-pre-treino\/\" \/>\n<meta property=\"og:site_name\" content=\"Correio Braziliense - Radar\" \/>\n<meta property=\"article:published_time\" content=\"2026-01-26T16:25:00+00:00\" \/>\n<meta property=\"og:image\" content=\"https:\/\/www.correiobraziliense.com.br\/cbradar\/wp-content\/uploads\/2026\/01\/aaa-2026-01-25T152248.962.png\" \/>\n\t<meta property=\"og:image:width\" content=\"1280\" \/>\n\t<meta property=\"og:image:height\" content=\"720\" \/>\n\t<meta property=\"og:image:type\" content=\"image\/png\" \/>\n<meta name=\"author\" content=\"Maura Pereira\" \/>\n<meta name=\"twitter:card\" content=\"summary_large_image\" \/>\n<meta name=\"twitter:label1\" content=\"Escrito por\" \/>\n\t<meta name=\"twitter:data1\" content=\"Maura Pereira\" \/>\n\t<meta name=\"twitter:label2\" content=\"Est. tempo de leitura\" \/>\n\t<meta name=\"twitter:data2\" content=\"4 minutos\" \/>\n<!-- \/ Yoast SEO plugin. -->","yoast_head_json":{"title":"Esse fruto tem mais prote\u00edna que o ovo e virou o queridinho de quem faz pr\u00e9-treino - Correio Braziliense - Radar","description":"Descubra como esse fruto surpreendeu nutricionistas ao ter mais prote\u00edna que o ovo e ganhar espa\u00e7o no pr\u00e9-treino.","robots":{"index":"index","follow":"follow","max-snippet":"max-snippet:-1","max-image-preview":"max-image-preview:large","max-video-preview":"max-video-preview:-1"},"canonical":"https:\/\/www.correiobraziliense.com.br\/cbradar\/esse-fruto-tem-mais-proteina-que-o-ovo-e-virou-o-queridinho-de-quem-faz-pre-treino\/","og_locale":"pt_BR","og_type":"article","og_title":"Esse fruto tem mais prote\u00edna que o ovo e virou o queridinho de quem faz pr\u00e9-treino - Correio Braziliense - Radar","og_description":"Descubra como esse fruto surpreendeu nutricionistas ao ter mais prote\u00edna que o ovo e ganhar espa\u00e7o no pr\u00e9-treino.","og_url":"https:\/\/www.correiobraziliense.com.br\/cbradar\/esse-fruto-tem-mais-proteina-que-o-ovo-e-virou-o-queridinho-de-quem-faz-pre-treino\/","og_site_name":"Correio Braziliense - Radar","article_published_time":"2026-01-26T16:25:00+00:00","og_image":[{"width":1280,"height":720,"url":"https:\/\/www.correiobraziliense.com.br\/cbradar\/wp-content\/uploads\/2026\/01\/aaa-2026-01-25T152248.962.png","type":"image\/png"}],"author":"Maura Pereira","twitter_card":"summary_large_image","twitter_misc":{"Escrito por":"Maura Pereira","Est. tempo de leitura":"4 minutos"},"schema":{"@context":"https:\/\/schema.org","@graph":[{"@type":"WebPage","@id":"https:\/\/www.correiobraziliense.com.br\/cbradar\/esse-fruto-tem-mais-proteina-que-o-ovo-e-virou-o-queridinho-de-quem-faz-pre-treino\/","url":"https:\/\/www.correiobraziliense.com.br\/cbradar\/esse-fruto-tem-mais-proteina-que-o-ovo-e-virou-o-queridinho-de-quem-faz-pre-treino\/","name":"Esse fruto tem mais prote\u00edna que o ovo e virou o queridinho de quem faz pr\u00e9-treino - Correio Braziliense - Radar","isPartOf":{"@id":"https:\/\/www.correiobraziliense.com.br\/cbradar\/#website"},"primaryImageOfPage":{"@id":"https:\/\/www.correiobraziliense.com.br\/cbradar\/esse-fruto-tem-mais-proteina-que-o-ovo-e-virou-o-queridinho-de-quem-faz-pre-treino\/#primaryimage"},"image":{"@id":"https:\/\/www.correiobraziliense.com.br\/cbradar\/esse-fruto-tem-mais-proteina-que-o-ovo-e-virou-o-queridinho-de-quem-faz-pre-treino\/#primaryimage"},"thumbnailUrl":"https:\/\/www.correiobraziliense.com.br\/cbradar\/wp-content\/uploads\/2026\/01\/aaa-2026-01-25T152248.962.png","datePublished":"2026-01-26T16:25:00+00:00","author":{"@id":"https:\/\/www.correiobraziliense.com.br\/cbradar\/#\/schema\/person\/4053c651a9bfc785afc6f4cbc9032fd3"},"description":"Descubra como esse fruto surpreendeu nutricionistas ao ter mais prote\u00edna que o ovo e ganhar espa\u00e7o no pr\u00e9-treino.","breadcrumb":{"@id":"https:\/\/www.correiobraziliense.com.br\/cbradar\/esse-fruto-tem-mais-proteina-que-o-ovo-e-virou-o-queridinho-de-quem-faz-pre-treino\/#breadcrumb"},"inLanguage":"pt-BR","potentialAction":[{"@type":"ReadAction","target":["https:\/\/www.correiobraziliense.com.br\/cbradar\/esse-fruto-tem-mais-proteina-que-o-ovo-e-virou-o-queridinho-de-quem-faz-pre-treino\/"]}]},{"@type":"ImageObject","inLanguage":"pt-BR","@id":"https:\/\/www.correiobraziliense.com.br\/cbradar\/esse-fruto-tem-mais-proteina-que-o-ovo-e-virou-o-queridinho-de-quem-faz-pre-treino\/#primaryimage","url":"https:\/\/www.correiobraziliense.com.br\/cbradar\/wp-content\/uploads\/2026\/01\/aaa-2026-01-25T152248.962.png","contentUrl":"https:\/\/www.correiobraziliense.com.br\/cbradar\/wp-content\/uploads\/2026\/01\/aaa-2026-01-25T152248.962.png","width":1280,"height":720,"caption":"O destaque do amendoim como alimento pr\u00e9-treino n\u00e3o vem apenas do seu teor proteico, mas da alta concentra\u00e7\u00e3o de arginina, um amino\u00e1cido essencial para o desempenho f\u00edsico."},{"@type":"BreadcrumbList","@id":"https:\/\/www.correiobraziliense.com.br\/cbradar\/esse-fruto-tem-mais-proteina-que-o-ovo-e-virou-o-queridinho-de-quem-faz-pre-treino\/#breadcrumb","itemListElement":[{"@type":"ListItem","position":1,"name":"In\u00edcio","item":"https:\/\/www.correiobraziliense.com.br\/cbradar\/"},{"@type":"ListItem","position":2,"name":"Esse fruto tem mais prote\u00edna que o ovo e virou o queridinho de quem faz pr\u00e9-treino"}]},{"@type":"WebSite","@id":"https:\/\/www.correiobraziliense.com.br\/cbradar\/#website","url":"https:\/\/www.correiobraziliense.com.br\/cbradar\/","name":"Correio Braziliense - Radar","description":"Acompanhe as \u00faltimas not\u00edcias e fique bem informado sobre tudo o que acontece no Brasil e no mundo.","potentialAction":[{"@type":"SearchAction","target":{"@type":"EntryPoint","urlTemplate":"https:\/\/www.correiobraziliense.com.br\/cbradar\/?s={search_term_string}"},"query-input":{"@type":"PropertyValueSpecification","valueRequired":true,"valueName":"search_term_string"}}],"inLanguage":"pt-BR"},{"@type":"Person","@id":"https:\/\/www.correiobraziliense.com.br\/cbradar\/#\/schema\/person\/4053c651a9bfc785afc6f4cbc9032fd3","name":"Maura Pereira","image":{"@type":"ImageObject","inLanguage":"pt-BR","@id":"https:\/\/www.correiobraziliense.com.br\/cbradar\/#\/schema\/person\/image\/","url":"https:\/\/secure.gravatar.com\/avatar\/3effd6bdadfa447f15089c7f7144eaa6?s=96&d=mm&r=g","contentUrl":"https:\/\/secure.gravatar.com\/avatar\/3effd6bdadfa447f15089c7f7144eaa6?s=96&d=mm&r=g","caption":"Maura Pereira"},"sameAs":["https:\/\/www.correiobraziliense.com.br\/"],"url":"https:\/\/www.correiobraziliense.com.br\/cbradar\/author\/mauramyth\/"}]}},"_links":{"self":[{"href":"https:\/\/www.correiobraziliense.com.br\/cbradar\/wp-json\/wp\/v2\/posts\/181229","targetHints":{"allow":["GET"]}}],"collection":[{"href":"https:\/\/www.correiobraziliense.com.br\/cbradar\/wp-json\/wp\/v2\/posts"}],"about":[{"href":"https:\/\/www.correiobraziliense.com.br\/cbradar\/wp-json\/wp\/v2\/types\/post"}],"author":[{"embeddable":true,"href":"https:\/\/www.correiobraziliense.com.br\/cbradar\/wp-json\/wp\/v2\/users\/8"}],"replies":[{"embeddable":true,"href":"https:\/\/www.correiobraziliense.com.br\/cbradar\/wp-json\/wp\/v2\/comments?post=181229"}],"version-history":[{"count":10,"href":"https:\/\/www.correiobraziliense.com.br\/cbradar\/wp-json\/wp\/v2\/posts\/181229\/revisions"}],"predecessor-version":[{"id":181367,"href":"https:\/\/www.correiobraziliense.com.br\/cbradar\/wp-json\/wp\/v2\/posts\/181229\/revisions\/181367"}],"wp:featuredmedia":[{"embeddable":true,"href":"https:\/\/www.correiobraziliense.com.br\/cbradar\/wp-json\/wp\/v2\/media\/181362"}],"wp:attachment":[{"href":"https:\/\/www.correiobraziliense.com.br\/cbradar\/wp-json\/wp\/v2\/media?parent=181229"}],"wp:term":[{"taxonomy":"category","embeddable":true,"href":"https:\/\/www.correiobraziliense.com.br\/cbradar\/wp-json\/wp\/v2\/categories?post=181229"},{"taxonomy":"post_tag","embeddable":true,"href":"https:\/\/www.correiobraziliense.com.br\/cbradar\/wp-json\/wp\/v2\/post_tag?post=181229"}],"curies":[{"name":"wp","href":"https:\/\/api.w.org\/{rel}","templated":true}]}}