{"id":181232,"date":"2026-01-26T09:05:00","date_gmt":"2026-01-26T12:05:00","guid":{"rendered":"https:\/\/www.correiobraziliense.com.br\/cbradar\/?p=181232"},"modified":"2026-01-25T14:30:45","modified_gmt":"2026-01-25T17:30:45","slug":"levantar-rapido-e-sentir-a-visao-escurecer-pode-indicar-algo-alem-de-simples-tontura-segundo-estudos","status":"publish","type":"post","link":"https:\/\/www.correiobraziliense.com.br\/cbradar\/levantar-rapido-e-sentir-a-visao-escurecer-pode-indicar-algo-alem-de-simples-tontura-segundo-estudos\/","title":{"rendered":"Levantar r\u00e1pido e sentir a vis\u00e3o escurecer pode indicar algo al\u00e9m de simples tontura, segundo estudos"},"content":{"rendered":"\n<p><strong>Levantar-se rapidamente e perceber a vis\u00e3o ficando escura, turva ou com pontos pretos \u00e9 uma sensa\u00e7\u00e3o mais comum do que parece.<\/strong> Apesar de geralmente durar poucos segundos, esse sintoma costuma causar preocupa\u00e7\u00e3o e desconforto. Geralmente, est\u00e1 relacionado a ajustes moment\u00e2neos da circula\u00e7\u00e3o, mas tamb\u00e9m pode sinalizar h\u00e1bitos inadequados ou condi\u00e7\u00f5es de sa\u00fade que merecem aten\u00e7\u00e3o.<\/p>\n\n\n\n<h2 class=\"wp-block-heading\">Levantar r\u00e1pido e ter vis\u00e3o escura \u00e9 algo normal?<\/h2>\n\n\n\n<p><strong>Sim, em muitos casos, essa sensa\u00e7\u00e3o \u00e9 considerada normal e ocorre por uma queda moment\u00e2nea da press\u00e3o arterial<\/strong>, segundo o <strong><a href=\"https:\/\/pmc.ncbi.nlm.nih.gov\/articles\/PMC4507375\/\" target=\"_blank\" rel=\"noreferrer noopener\">NIH<\/a><\/strong>. Esse fen\u00f4meno \u00e9 conhecido como hipotens\u00e3o postural ou hipotens\u00e3o ortost\u00e1tica e acontece quando o corpo demora alguns segundos para adaptar o fluxo de sangue ao c\u00e9rebro ap\u00f3s a mudan\u00e7a brusca de posi\u00e7\u00e3o.<\/p>\n\n\n\n<p>Quando isso ocorre, o c\u00e9rebro recebe menos oxig\u00eanio por um curto per\u00edodo, provocando escurecimento da vis\u00e3o, tontura ou sensa\u00e7\u00e3o de fraqueza. Em pessoas saud\u00e1veis, o organismo se reajusta rapidamente e os sintomas desaparecem sem maiores consequ\u00eancias.<\/p>\n\n\n<div class=\"wp-block-image\">\n<figure class=\"aligncenter size-large\"><img decoding=\"async\" width=\"1024\" height=\"576\" src=\"https:\/\/www.correiobraziliense.com.br\/cbradar\/wp-content\/uploads\/2026\/01\/aaa-2026-01-25T142418.284-1024x576.png\" alt=\"Se voc\u00ea levanta r\u00e1pido e sua vis\u00e3o escurece, ent\u00e3o voc\u00ea pode ter esses problemas, segundo estudos\" class=\"wp-image-181293\" srcset=\"https:\/\/www.correiobraziliense.com.br\/cbradar\/wp-content\/uploads\/2026\/01\/aaa-2026-01-25T142418.284-1024x576.png 1024w, https:\/\/www.correiobraziliense.com.br\/cbradar\/wp-content\/uploads\/2026\/01\/aaa-2026-01-25T142418.284-300x169.png 300w, https:\/\/www.correiobraziliense.com.br\/cbradar\/wp-content\/uploads\/2026\/01\/aaa-2026-01-25T142418.284-768x432.png 768w, https:\/\/www.correiobraziliense.com.br\/cbradar\/wp-content\/uploads\/2026\/01\/aaa-2026-01-25T142418.284-750x422.png 750w, https:\/\/www.correiobraziliense.com.br\/cbradar\/wp-content\/uploads\/2026\/01\/aaa-2026-01-25T142418.284-1140x641.png 1140w, https:\/\/www.correiobraziliense.com.br\/cbradar\/wp-content\/uploads\/2026\/01\/aaa-2026-01-25T142418.284.png 1280w\" sizes=\"(max-width: 1024px) 100vw, 1024px\" \/><figcaption class=\"wp-element-caption\">Sim, em alguns casos, a vis\u00e3o escurecendo ao levantar pode estar associada \u00e0 anemia ou outras condi\u00e7\u00f5es de sa\u00fade. A anemia reduz a capacidade do sangue de transportar oxig\u00eanio, tornando o c\u00e9rebro mais sens\u00edvel a pequenas varia\u00e7\u00f5es de press\u00e3o.<\/figcaption><\/figure><\/div>\n\n\n<h2 class=\"wp-block-heading\">A queda de press\u00e3o \u00e9 a principal causa?<\/h2>\n\n\n\n<p><strong>Sim, a queda de press\u00e3o ao se levantar \u00e9 a causa mais frequente da vis\u00e3o escura repentina.<\/strong> Ao passar da posi\u00e7\u00e3o sentada ou deitada para em p\u00e9, o sangue tende a se acumular nas pernas, reduzindo temporariamente o retorno ao cora\u00e7\u00e3o e ao c\u00e9rebro.<\/p>\n\n\n\n<p>Esse efeito \u00e9 mais comum em situa\u00e7\u00f5es como desidrata\u00e7\u00e3o, longos per\u00edodos em repouso ou ap\u00f3s acordar. Embora geralmente n\u00e3o seja grave, epis\u00f3dios frequentes indicam que o sistema cardiovascular pode estar sobrecarregado ou mal adaptado a essas mudan\u00e7as.<\/p>\n\n\n\n<p>Antes de buscar outras explica\u00e7\u00f5es, vale observar sinais que costumam acompanhar esse tipo de queda de press\u00e3o:<\/p>\n\n\n\n<ul class=\"wp-block-list\">\n<li>Tontura ou sensa\u00e7\u00e3o de desmaio<\/li>\n\n\n\n<li>Fraqueza nas pernas<\/li>\n\n\n\n<li>Vis\u00e3o emba\u00e7ada ou com pontos escuros<\/li>\n<\/ul>\n\n\n\n<p>O v\u00eddeo do canal <strong>Regenerati &#8211; Dr. Willian Rezende<\/strong>, m\u00e9dico neurologista, detalha por que sentimos tontura ao levantar rapidamente e quais s\u00e3o as principais causas e solu\u00e7\u00f5es para esse problema comum.<\/p>\n\n\n\n<figure class=\"wp-block-embed aligncenter is-type-video is-provider-youtube wp-block-embed-youtube wp-embed-aspect-16-9 wp-has-aspect-ratio\"><div class=\"wp-block-embed__wrapper\">\n<div class=\"jeg_video_container jeg_video_content\"><iframe loading=\"lazy\" title=\"Tontura ao Se Levantar R\u00e1pido: Causas Da Tontura ao Levantar R\u00e1pido\" width=\"500\" height=\"281\" src=\"https:\/\/www.youtube.com\/embed\/KkJuap4VKe0?feature=oembed\" frameborder=\"0\" allow=\"accelerometer; autoplay; clipboard-write; encrypted-media; gyroscope; picture-in-picture; web-share\" referrerpolicy=\"strict-origin-when-cross-origin\" allowfullscreen><\/iframe><\/div>\n<\/div><\/figure>\n\n\n\n<h2 class=\"wp-block-heading\">Quais h\u00e1bitos podem aumentar esse sintoma?<\/h2>\n\n\n\n<p><strong>H\u00e1bitos cotidianos influenciam diretamente a frequ\u00eancia desse escurecimento visual ao levantar.<\/strong> Beber pouca \u00e1gua ao longo do dia, pular refei\u00e7\u00f5es ou manter longos intervalos sem se alimentar reduzem o volume sangu\u00edneo e favorecem quedas de press\u00e3o.<\/p>\n\n\n\n<p>Al\u00e9m disso, sedentarismo, uso excessivo de telas e priva\u00e7\u00e3o de sono prejudicam a resposta do corpo \u00e0s mudan\u00e7as de posi\u00e7\u00e3o. Ajustar a rotina ajuda o organismo a reagir com mais efici\u00eancia, reduzindo epis\u00f3dios de tontura e mal-estar.<\/p>\n\n\n\n<p>Para entender melhor como esses fatores atuam, observe a rela\u00e7\u00e3o entre h\u00e1bitos comuns e seus efeitos. Veja a tabela abaixo:<\/p>\n\n\n\n<figure class=\"wp-block-table\"><table class=\"has-fixed-layout\"><thead><tr><th>Fator associado<\/th><th>Poss\u00edvel impacto<\/th><\/tr><\/thead><tbody><tr><td>Baixa ingest\u00e3o de \u00e1gua<\/td><td>Redu\u00e7\u00e3o do volume sangu\u00edneo<\/td><\/tr><tr><td>Ficar muito tempo sentado<\/td><td>Dificulta ajuste circulat\u00f3rio<\/td><\/tr><tr><td>Alimenta\u00e7\u00e3o irregular<\/td><td>Queda de energia e press\u00e3o<\/td><\/tr><tr><td>Falta de atividade f\u00edsica<\/td><td>Resposta vascular mais lenta<\/td><\/tr><\/tbody><\/table><\/figure>\n\n\n\n<h2 class=\"wp-block-heading\">Pode estar relacionado a anemia ou outros problemas?<\/h2>\n\n\n\n<p><strong>Sim, em alguns casos, a vis\u00e3o escurecendo ao levantar pode estar associada \u00e0 anemia ou outras condi\u00e7\u00f5es de sa\u00fade.<\/strong> A anemia reduz a capacidade do sangue de transportar oxig\u00eanio, tornando o c\u00e9rebro mais sens\u00edvel a pequenas varia\u00e7\u00f5es de press\u00e3o.<\/p>\n\n\n\n<p>Outras condi\u00e7\u00f5es, como problemas card\u00edacos, dist\u00farbios hormonais ou uso de certos medicamentos, tamb\u00e9m podem provocar esse sintoma. Quando o escurecimento da vis\u00e3o vem acompanhado de palpita\u00e7\u00f5es, falta de ar ou desmaios, \u00e9 importante buscar avalia\u00e7\u00e3o m\u00e9dica.<\/p>\n\n\n\n<p><strong>Leia tamb\u00e9m: <a href=\"https:\/\/www.correiobraziliense.com.br\/cbradar\/fim-das-prateleiras-abertas-na-cozinha-por-que-os-armarios-fechados-voltaram-a-ser-regra\/\" target=\"_blank\" rel=\"noreferrer noopener\">Fim das prateleiras abertas na cozinha? Por que os arm\u00e1rios fechados voltaram a ser regra.<\/a><\/strong><\/p>\n\n\n\n<h2 class=\"wp-block-heading\">O que fazer para evitar a vis\u00e3o escura ao levantar?<\/h2>\n\n\n\n<p><strong>Adotar medidas simples no dia a dia costuma reduzir significativamente esse desconforto.<\/strong> O primeiro passo \u00e9 evitar mudan\u00e7as bruscas de posi\u00e7\u00e3o, permitindo que o corpo se adapte gradualmente.<\/p>\n\n\n\n<p>Algumas estrat\u00e9gias pr\u00e1ticas ajudam a prevenir novos epis\u00f3dios e melhorar o equil\u00edbrio circulat\u00f3rio:<\/p>\n\n\n\n<ul class=\"wp-block-list\">\n<li>Levantar-se lentamente, sentando antes de ficar em p\u00e9<\/li>\n\n\n\n<li>Manter boa hidrata\u00e7\u00e3o ao longo do dia<\/li>\n\n\n\n<li>Alimentar-se em hor\u00e1rios regulares e equilibrados<\/li>\n<\/ul>\n\n\n\n<p>Se o sintoma persistir, se intensificar ou interferir nas atividades di\u00e1rias, a avalia\u00e7\u00e3o de um profissional de sa\u00fade \u00e9 fundamental. Identificar a causa correta garante mais seguran\u00e7a, bem-estar e qualidade de vida no dia a dia.<\/p>\n","protected":false},"excerpt":{"rendered":"<p>Levantar-se rapidamente e perceber a vis\u00e3o ficando escura, turva ou com pontos pretos \u00e9 uma sensa\u00e7\u00e3o mais comum do que parece. Apesar de geralmente durar poucos segundos, esse sintoma costuma causar preocupa\u00e7\u00e3o e desconforto. Geralmente, est\u00e1 relacionado a ajustes moment\u00e2neos da circula\u00e7\u00e3o, mas tamb\u00e9m pode sinalizar h\u00e1bitos inadequados ou condi\u00e7\u00f5es de sa\u00fade que merecem aten\u00e7\u00e3o. [&hellip;]<\/p>\n","protected":false},"author":8,"featured_media":181291,"comment_status":"open","ping_status":"open","sticky":false,"template":"","format":"standard","meta":{"_yoast_wpseo_focuskw":"vis\u00e3o escurecer","_yoast_wpseo_title":"","_yoast_wpseo_metadesc":"Descubra por que levantar r\u00e1pido e sentir a vis\u00e3o escurecer pode indicar problemas de sa\u00fade que v\u00e3o al\u00e9m da tontura, segundo estudos.","jnews-multi-image_gallery":[],"jnews_single_post":{"format":"standard"},"jnews_primary_category":[],"jnews_social_meta":[],"jnews_override_counter":[],"footnotes":""},"categories":[119,4404],"post_tag":[12144,8168,4690],"class_list":["post-181232","post","type-post","status-publish","format-standard","has-post-thumbnail","hentry","category-bem-estar","category-saude","tag-levantar","tag-tontura","tag-visao"],"yoast_head":"<!-- This site is optimized with the Yoast SEO plugin v24.6 - https:\/\/yoast.com\/wordpress\/plugins\/seo\/ -->\n<title>Levantar r\u00e1pido e sentir a vis\u00e3o escurecer pode indicar algo al\u00e9m de simples tontura, segundo estudos - Correio Braziliense - Radar<\/title>\n<meta name=\"description\" content=\"Descubra por que levantar r\u00e1pido e sentir a vis\u00e3o escurecer pode indicar problemas de sa\u00fade que v\u00e3o al\u00e9m da tontura, segundo estudos.\" \/>\n<meta name=\"robots\" content=\"index, follow, max-snippet:-1, max-image-preview:large, max-video-preview:-1\" \/>\n<link rel=\"canonical\" href=\"https:\/\/www.correiobraziliense.com.br\/cbradar\/levantar-rapido-e-sentir-a-visao-escurecer-pode-indicar-algo-alem-de-simples-tontura-segundo-estudos\/\" \/>\n<meta property=\"og:locale\" content=\"pt_BR\" \/>\n<meta property=\"og:type\" content=\"article\" \/>\n<meta property=\"og:title\" content=\"Levantar r\u00e1pido e sentir a vis\u00e3o escurecer pode indicar algo al\u00e9m de simples tontura, segundo estudos - Correio Braziliense - Radar\" \/>\n<meta property=\"og:description\" content=\"Descubra por que levantar r\u00e1pido e sentir a vis\u00e3o escurecer pode indicar problemas de sa\u00fade que v\u00e3o al\u00e9m da tontura, segundo estudos.\" \/>\n<meta property=\"og:url\" content=\"https:\/\/www.correiobraziliense.com.br\/cbradar\/levantar-rapido-e-sentir-a-visao-escurecer-pode-indicar-algo-alem-de-simples-tontura-segundo-estudos\/\" \/>\n<meta property=\"og:site_name\" content=\"Correio Braziliense - Radar\" \/>\n<meta property=\"article:published_time\" content=\"2026-01-26T12:05:00+00:00\" \/>\n<meta property=\"og:image\" content=\"https:\/\/www.correiobraziliense.com.br\/cbradar\/wp-content\/uploads\/2026\/01\/aaa-2026-01-25T142151.109.png\" \/>\n\t<meta property=\"og:image:width\" content=\"1280\" \/>\n\t<meta property=\"og:image:height\" content=\"720\" \/>\n\t<meta property=\"og:image:type\" content=\"image\/png\" \/>\n<meta name=\"author\" content=\"Maura Pereira\" \/>\n<meta name=\"twitter:card\" content=\"summary_large_image\" \/>\n<meta name=\"twitter:label1\" content=\"Escrito por\" \/>\n\t<meta name=\"twitter:data1\" content=\"Maura Pereira\" \/>\n\t<meta name=\"twitter:label2\" content=\"Est. tempo de leitura\" \/>\n\t<meta name=\"twitter:data2\" content=\"5 minutos\" \/>\n<!-- \/ Yoast SEO plugin. -->","yoast_head_json":{"title":"Levantar r\u00e1pido e sentir a vis\u00e3o escurecer pode indicar algo al\u00e9m de simples tontura, segundo estudos - Correio Braziliense - Radar","description":"Descubra por que levantar r\u00e1pido e sentir a vis\u00e3o escurecer pode indicar problemas de sa\u00fade que v\u00e3o al\u00e9m da tontura, segundo estudos.","robots":{"index":"index","follow":"follow","max-snippet":"max-snippet:-1","max-image-preview":"max-image-preview:large","max-video-preview":"max-video-preview:-1"},"canonical":"https:\/\/www.correiobraziliense.com.br\/cbradar\/levantar-rapido-e-sentir-a-visao-escurecer-pode-indicar-algo-alem-de-simples-tontura-segundo-estudos\/","og_locale":"pt_BR","og_type":"article","og_title":"Levantar r\u00e1pido e sentir a vis\u00e3o escurecer pode indicar algo al\u00e9m de simples tontura, segundo estudos - Correio Braziliense - Radar","og_description":"Descubra por que levantar r\u00e1pido e sentir a vis\u00e3o escurecer pode indicar problemas de sa\u00fade que v\u00e3o al\u00e9m da tontura, segundo estudos.","og_url":"https:\/\/www.correiobraziliense.com.br\/cbradar\/levantar-rapido-e-sentir-a-visao-escurecer-pode-indicar-algo-alem-de-simples-tontura-segundo-estudos\/","og_site_name":"Correio Braziliense - Radar","article_published_time":"2026-01-26T12:05:00+00:00","og_image":[{"width":1280,"height":720,"url":"https:\/\/www.correiobraziliense.com.br\/cbradar\/wp-content\/uploads\/2026\/01\/aaa-2026-01-25T142151.109.png","type":"image\/png"}],"author":"Maura Pereira","twitter_card":"summary_large_image","twitter_misc":{"Escrito por":"Maura Pereira","Est. tempo de leitura":"5 minutos"},"schema":{"@context":"https:\/\/schema.org","@graph":[{"@type":"WebPage","@id":"https:\/\/www.correiobraziliense.com.br\/cbradar\/levantar-rapido-e-sentir-a-visao-escurecer-pode-indicar-algo-alem-de-simples-tontura-segundo-estudos\/","url":"https:\/\/www.correiobraziliense.com.br\/cbradar\/levantar-rapido-e-sentir-a-visao-escurecer-pode-indicar-algo-alem-de-simples-tontura-segundo-estudos\/","name":"Levantar r\u00e1pido e sentir a vis\u00e3o escurecer pode indicar algo al\u00e9m de simples tontura, segundo estudos - Correio Braziliense - Radar","isPartOf":{"@id":"https:\/\/www.correiobraziliense.com.br\/cbradar\/#website"},"primaryImageOfPage":{"@id":"https:\/\/www.correiobraziliense.com.br\/cbradar\/levantar-rapido-e-sentir-a-visao-escurecer-pode-indicar-algo-alem-de-simples-tontura-segundo-estudos\/#primaryimage"},"image":{"@id":"https:\/\/www.correiobraziliense.com.br\/cbradar\/levantar-rapido-e-sentir-a-visao-escurecer-pode-indicar-algo-alem-de-simples-tontura-segundo-estudos\/#primaryimage"},"thumbnailUrl":"https:\/\/www.correiobraziliense.com.br\/cbradar\/wp-content\/uploads\/2026\/01\/aaa-2026-01-25T142151.109.png","datePublished":"2026-01-26T12:05:00+00:00","author":{"@id":"https:\/\/www.correiobraziliense.com.br\/cbradar\/#\/schema\/person\/4053c651a9bfc785afc6f4cbc9032fd3"},"description":"Descubra por que levantar r\u00e1pido e sentir a vis\u00e3o escurecer pode indicar problemas de sa\u00fade que v\u00e3o al\u00e9m da tontura, segundo estudos.","breadcrumb":{"@id":"https:\/\/www.correiobraziliense.com.br\/cbradar\/levantar-rapido-e-sentir-a-visao-escurecer-pode-indicar-algo-alem-de-simples-tontura-segundo-estudos\/#breadcrumb"},"inLanguage":"pt-BR","potentialAction":[{"@type":"ReadAction","target":["https:\/\/www.correiobraziliense.com.br\/cbradar\/levantar-rapido-e-sentir-a-visao-escurecer-pode-indicar-algo-alem-de-simples-tontura-segundo-estudos\/"]}]},{"@type":"ImageObject","inLanguage":"pt-BR","@id":"https:\/\/www.correiobraziliense.com.br\/cbradar\/levantar-rapido-e-sentir-a-visao-escurecer-pode-indicar-algo-alem-de-simples-tontura-segundo-estudos\/#primaryimage","url":"https:\/\/www.correiobraziliense.com.br\/cbradar\/wp-content\/uploads\/2026\/01\/aaa-2026-01-25T142151.109.png","contentUrl":"https:\/\/www.correiobraziliense.com.br\/cbradar\/wp-content\/uploads\/2026\/01\/aaa-2026-01-25T142151.109.png","width":1280,"height":720,"caption":"Sim, a queda de press\u00e3o ao se levantar \u00e9 a causa mais frequente da vis\u00e3o escura repentina. Ao passar da posi\u00e7\u00e3o sentada ou deitada para em p\u00e9, o sangue tende a se acumular nas pernas, reduzindo temporariamente o retorno ao cora\u00e7\u00e3o e ao c\u00e9rebro."},{"@type":"BreadcrumbList","@id":"https:\/\/www.correiobraziliense.com.br\/cbradar\/levantar-rapido-e-sentir-a-visao-escurecer-pode-indicar-algo-alem-de-simples-tontura-segundo-estudos\/#breadcrumb","itemListElement":[{"@type":"ListItem","position":1,"name":"In\u00edcio","item":"https:\/\/www.correiobraziliense.com.br\/cbradar\/"},{"@type":"ListItem","position":2,"name":"Levantar r\u00e1pido e sentir a vis\u00e3o escurecer pode indicar algo al\u00e9m de simples tontura, segundo estudos"}]},{"@type":"WebSite","@id":"https:\/\/www.correiobraziliense.com.br\/cbradar\/#website","url":"https:\/\/www.correiobraziliense.com.br\/cbradar\/","name":"Correio Braziliense - Radar","description":"Acompanhe as \u00faltimas not\u00edcias e fique bem informado sobre tudo o que acontece no Brasil e no mundo.","potentialAction":[{"@type":"SearchAction","target":{"@type":"EntryPoint","urlTemplate":"https:\/\/www.correiobraziliense.com.br\/cbradar\/?s={search_term_string}"},"query-input":{"@type":"PropertyValueSpecification","valueRequired":true,"valueName":"search_term_string"}}],"inLanguage":"pt-BR"},{"@type":"Person","@id":"https:\/\/www.correiobraziliense.com.br\/cbradar\/#\/schema\/person\/4053c651a9bfc785afc6f4cbc9032fd3","name":"Maura Pereira","image":{"@type":"ImageObject","inLanguage":"pt-BR","@id":"https:\/\/www.correiobraziliense.com.br\/cbradar\/#\/schema\/person\/image\/","url":"https:\/\/secure.gravatar.com\/avatar\/3effd6bdadfa447f15089c7f7144eaa6?s=96&d=mm&r=g","contentUrl":"https:\/\/secure.gravatar.com\/avatar\/3effd6bdadfa447f15089c7f7144eaa6?s=96&d=mm&r=g","caption":"Maura Pereira"},"sameAs":["https:\/\/www.correiobraziliense.com.br\/"],"url":"https:\/\/www.correiobraziliense.com.br\/cbradar\/author\/mauramyth\/"}]}},"_links":{"self":[{"href":"https:\/\/www.correiobraziliense.com.br\/cbradar\/wp-json\/wp\/v2\/posts\/181232","targetHints":{"allow":["GET"]}}],"collection":[{"href":"https:\/\/www.correiobraziliense.com.br\/cbradar\/wp-json\/wp\/v2\/posts"}],"about":[{"href":"https:\/\/www.correiobraziliense.com.br\/cbradar\/wp-json\/wp\/v2\/types\/post"}],"author":[{"embeddable":true,"href":"https:\/\/www.correiobraziliense.com.br\/cbradar\/wp-json\/wp\/v2\/users\/8"}],"replies":[{"embeddable":true,"href":"https:\/\/www.correiobraziliense.com.br\/cbradar\/wp-json\/wp\/v2\/comments?post=181232"}],"version-history":[{"count":12,"href":"https:\/\/www.correiobraziliense.com.br\/cbradar\/wp-json\/wp\/v2\/posts\/181232\/revisions"}],"predecessor-version":[{"id":181303,"href":"https:\/\/www.correiobraziliense.com.br\/cbradar\/wp-json\/wp\/v2\/posts\/181232\/revisions\/181303"}],"wp:featuredmedia":[{"embeddable":true,"href":"https:\/\/www.correiobraziliense.com.br\/cbradar\/wp-json\/wp\/v2\/media\/181291"}],"wp:attachment":[{"href":"https:\/\/www.correiobraziliense.com.br\/cbradar\/wp-json\/wp\/v2\/media?parent=181232"}],"wp:term":[{"taxonomy":"category","embeddable":true,"href":"https:\/\/www.correiobraziliense.com.br\/cbradar\/wp-json\/wp\/v2\/categories?post=181232"},{"taxonomy":"post_tag","embeddable":true,"href":"https:\/\/www.correiobraziliense.com.br\/cbradar\/wp-json\/wp\/v2\/post_tag?post=181232"}],"curies":[{"name":"wp","href":"https:\/\/api.w.org\/{rel}","templated":true}]}}