{"id":181233,"date":"2026-01-26T07:25:00","date_gmt":"2026-01-26T10:25:00","guid":{"rendered":"https:\/\/www.correiobraziliense.com.br\/cbradar\/?p=181233"},"modified":"2026-01-25T17:20:49","modified_gmt":"2026-01-25T20:20:49","slug":"o-que-significa-acordar-as-3-horas-da-manha-sempre-o-motivo-e-muito-mais-profundo-do-que-se-pensa","status":"publish","type":"post","link":"https:\/\/www.correiobraziliense.com.br\/cbradar\/o-que-significa-acordar-as-3-horas-da-manha-sempre-o-motivo-e-muito-mais-profundo-do-que-se-pensa\/","title":{"rendered":"O que significa acordar \u00e0s 3 horas da manh\u00e3 sempre? O motivo \u00e9 muito mais profundo do que se pensa"},"content":{"rendered":"\n<p><strong>Despertar repetidamente por volta das 3 horas da manh\u00e3 \u00e9 uma experi\u00eancia comum e, muitas vezes, intrigante.<\/strong> Para algumas pessoas, isso acontece sem motivo aparente e pode gerar preocupa\u00e7\u00e3o, cansa\u00e7o ao longo do dia e a sensa\u00e7\u00e3o de que o sono nunca \u00e9 realmente reparador. Embora nem sempre indique um problema grave, esse padr\u00e3o costuma estar ligado a fatores emocionais, fisiol\u00f3gicos e comportamentais que merecem aten\u00e7\u00e3o.<\/p>\n\n\n\n<h2 class=\"wp-block-heading\">Acordar \u00e0s 3 horas da manh\u00e3 \u00e9 normal?<\/h2>\n\n\n\n<p><strong>Sim, acordar brevemente durante a madrugada \u00e9 fisiologicamente normal<\/strong>, pois o sono ocorre em ciclos que incluem despertares curtos. O problema surge quando esses despertares s\u00e3o frequentes, prolongados e dificultam voltar a dormir, especialmente se acontecem quase sempre no mesmo hor\u00e1rio, segundo o <strong><a href=\"https:\/\/pubmed.ncbi.nlm.nih.gov\/18374943\/\" target=\"_blank\" rel=\"noreferrer noopener\">NIH.<\/a><\/strong><\/p>\n\n\n\n<p>Por volta das 3 horas da manh\u00e3, o corpo entra em uma fase de sono mais leve e h\u00e1 mudan\u00e7as hormonais importantes, como a eleva\u00e7\u00e3o gradual do cortisol. Em pessoas mais sens\u00edveis ao estresse ou com rotina desregulada, esse momento pode favorecer o despertar completo e a ativa\u00e7\u00e3o mental.<\/p>\n\n\n<div class=\"wp-block-image\">\n<figure class=\"aligncenter size-large\"><img decoding=\"async\" width=\"1024\" height=\"576\" src=\"https:\/\/www.correiobraziliense.com.br\/cbradar\/wp-content\/uploads\/2026\/01\/aaa-2026-01-25T140154.857-1024x576.png\" alt=\"O que significa acordar \u00e0s 3 horas da manh\u00e3 sempre? O motivo \u00e9 muito mais profundo do que se pensa\" class=\"wp-image-181252\" srcset=\"https:\/\/www.correiobraziliense.com.br\/cbradar\/wp-content\/uploads\/2026\/01\/aaa-2026-01-25T140154.857-1024x576.png 1024w, https:\/\/www.correiobraziliense.com.br\/cbradar\/wp-content\/uploads\/2026\/01\/aaa-2026-01-25T140154.857-300x169.png 300w, https:\/\/www.correiobraziliense.com.br\/cbradar\/wp-content\/uploads\/2026\/01\/aaa-2026-01-25T140154.857-768x432.png 768w, https:\/\/www.correiobraziliense.com.br\/cbradar\/wp-content\/uploads\/2026\/01\/aaa-2026-01-25T140154.857-750x422.png 750w, https:\/\/www.correiobraziliense.com.br\/cbradar\/wp-content\/uploads\/2026\/01\/aaa-2026-01-25T140154.857-1140x641.png 1140w, https:\/\/www.correiobraziliense.com.br\/cbradar\/wp-content\/uploads\/2026\/01\/aaa-2026-01-25T140154.857.png 1280w\" sizes=\"(max-width: 1024px) 100vw, 1024px\" \/><figcaption class=\"wp-element-caption\">\u00c9 poss\u00edvel reduzir esse padr\u00e3o ao ajustar rotina, cuidar da sa\u00fade mental e melhorar a higiene do sono. Pequenas mudan\u00e7as consistentes costumam gerar resultados mais eficazes do que solu\u00e7\u00f5es imediatas ou radicais.<\/figcaption><\/figure><\/div>\n\n\n<h2 class=\"wp-block-heading\">O estresse e a ansiedade podem causar esse despertar?<\/h2>\n\n\n\n<p><strong>Sim, estresse e ansiedade est\u00e3o entre as causas mais comuns de acordar sempre \u00e0s 3 horas da manh\u00e3.<\/strong> Durante a madrugada, a mente tende a processar preocupa\u00e7\u00f5es n\u00e3o resolvidas, e o sil\u00eancio favorece pensamentos repetitivos e acelerados.<\/p>\n\n\n\n<p>Quando o sistema nervoso permanece em estado de alerta, o corpo interpreta esse hor\u00e1rio como um momento de vigil\u00e2ncia, n\u00e3o de descanso. Isso explica por que muitas pessoas acordam com o cora\u00e7\u00e3o acelerado ou sensa\u00e7\u00e3o de inquieta\u00e7\u00e3o, mesmo sem lembrar de um sonho espec\u00edfico.<\/p>\n\n\n\n<p>Antes de buscar explica\u00e7\u00f5es mais complexas, vale observar sinais comuns associados ao estresse noturno. Entre eles, destacam-se:<\/p>\n\n\n\n<ul class=\"wp-block-list\">\n<li>Dificuldade para desligar os pensamentos<\/li>\n\n\n\n<li>Sensa\u00e7\u00e3o de cansa\u00e7o mesmo ap\u00f3s dormir v\u00e1rias horas<\/li>\n\n\n\n<li>Irritabilidade e queda de concentra\u00e7\u00e3o durante o dia<\/li>\n<\/ul>\n\n\n\n<p><strong>Leia tamb\u00e9m: <a href=\"https:\/\/www.correiobraziliense.com.br\/cbradar\/fim-das-prateleiras-abertas-na-cozinha-por-que-os-armarios-fechados-voltaram-a-ser-regra\/\" target=\"_blank\" rel=\"noreferrer noopener\">Fim das prateleiras abertas na cozinha? Por que os arm\u00e1rios fechados voltaram a ser regra.<\/a><\/strong><\/p>\n\n\n\n<p>O v\u00eddeo do canal <strong>Dr. Francisco de Assis Jr.<\/strong>, que conta com mais de <strong>23 mil inscritos<\/strong>, aborda as raz\u00f5es pelas quais algumas<strong> pessoas acordam frequentemente \u00e0s 3h da manh\u00e3 e como isso pode estar ligado \u00e0 sa\u00fade mental e hormonal.<\/strong><\/p>\n\n\n\n<figure class=\"wp-block-embed is-type-video is-provider-youtube wp-block-embed-youtube wp-embed-aspect-16-9 wp-has-aspect-ratio\"><div class=\"wp-block-embed__wrapper\">\n<div class=\"jeg_video_container jeg_video_content\"><iframe loading=\"lazy\" title=\"Voc\u00ea acorda 3h da manh\u00e3 sem motivo algum? Isso \u00e9 frequente? Saiba a prov\u00e1vel causa! #serotonina\" width=\"500\" height=\"281\" src=\"https:\/\/www.youtube.com\/embed\/PHK32eSc6HU?feature=oembed\" frameborder=\"0\" allow=\"accelerometer; autoplay; clipboard-write; encrypted-media; gyroscope; picture-in-picture; web-share\" referrerpolicy=\"strict-origin-when-cross-origin\" allowfullscreen><\/iframe><\/div>\n<\/div><\/figure>\n\n\n\n<h2 class=\"wp-block-heading\">H\u00e1 rela\u00e7\u00e3o com h\u00e1bitos antes de dormir?<\/h2>\n\n\n\n<p><strong>Sim, h\u00e1bitos noturnos influenciam diretamente o despertar recorrente \u00e0s 3 horas da manh\u00e3.<\/strong> Consumo de cafe\u00edna no fim do dia, uso excessivo de telas e refei\u00e7\u00f5es pesadas \u00e0 noite afetam a qualidade do sono profundo.<\/p>\n\n\n\n<p>Al\u00e9m disso, hor\u00e1rios irregulares para dormir confundem o rel\u00f3gio biol\u00f3gico, fazendo com que o corpo \u201cacorde\u201d sempre no mesmo ponto do ciclo. Criar uma rotina previs\u00edvel ajuda o organismo a manter o sono cont\u00ednuo por mais tempo.<\/p>\n\n\n\n<p>Para entender melhor como esses comportamentos impactam o descanso, observe a compara\u00e7\u00e3o a seguir. Veja a tabela abaixo:<\/p>\n\n\n\n<figure class=\"wp-block-table\"><table class=\"has-fixed-layout\"><thead><tr><th>H\u00e1bito noturno<\/th><th>Poss\u00edvel impacto no sono<\/th><\/tr><\/thead><tbody><tr><td>Uso de celular antes de dormir<\/td><td>Aumenta est\u00edmulo cerebral<\/td><\/tr><tr><td>Cafe\u00edna ap\u00f3s 18h<\/td><td>Dificulta o sono profundo<\/td><\/tr><tr><td>Jantar pesado<\/td><td>Provoca desconforto e despertares<\/td><\/tr><tr><td>Rotina regular<\/td><td>Favorece sono cont\u00ednuo<\/td><\/tr><\/tbody><\/table><\/figure>\n\n\n\n<h2 class=\"wp-block-heading\">O que fazer para parar de acordar \u00e0s 3 horas da manh\u00e3?<\/h2>\n\n\n\n<p><strong>\u00c9 poss\u00edvel reduzir esse padr\u00e3o ao ajustar rotina, cuidar da sa\u00fade mental e melhorar a higiene do sono.<\/strong> Pequenas mudan\u00e7as consistentes costumam gerar resultados mais eficazes do que solu\u00e7\u00f5es imediatas ou radicais.<\/p>\n\n\n\n<p>Antes de procurar ajuda profissional, algumas estrat\u00e9gias simples podem ser incorporadas ao dia a dia para favorecer noites mais est\u00e1veis:<\/p>\n\n\n\n<ul class=\"wp-block-list\">\n<li>Estabelecer hor\u00e1rios fixos para dormir e acordar<\/li>\n\n\n\n<li>Reduzir est\u00edmulos luminosos e mentais \u00e0 noite<\/li>\n\n\n\n<li>Praticar t\u00e9cnicas de relaxamento, como respira\u00e7\u00e3o profunda<\/li>\n<\/ul>\n\n\n\n<p>Se o despertar persistir por semanas e vier acompanhado de ansiedade intensa, tristeza ou exaust\u00e3o constante, a orienta\u00e7\u00e3o de um profissional de sa\u00fade ou psicologia pode ajudar a identificar causas mais profundas e orientar o tratamento adequado.<\/p>\n","protected":false},"excerpt":{"rendered":"<p>Despertar repetidamente por volta das 3 horas da manh\u00e3 \u00e9 uma experi\u00eancia comum e, muitas vezes, intrigante. Para algumas pessoas, isso acontece sem motivo aparente e pode gerar preocupa\u00e7\u00e3o, cansa\u00e7o ao longo do dia e a sensa\u00e7\u00e3o de que o sono nunca \u00e9 realmente reparador. Embora nem sempre indique um problema grave, esse padr\u00e3o costuma [&hellip;]<\/p>\n","protected":false},"author":8,"featured_media":181250,"comment_status":"open","ping_status":"open","sticky":false,"template":"","format":"standard","meta":{"_yoast_wpseo_focuskw":"acordar \u00e0s 3 horas da manh\u00e3","_yoast_wpseo_title":"","_yoast_wpseo_metadesc":"Descubra o que significa acordar \u00e0s 3 horas da manh\u00e3 com frequ\u00eancia e por que esse sinal vai muito al\u00e9m do sono.","jnews-multi-image_gallery":[],"jnews_single_post":{"format":"standard"},"jnews_primary_category":[],"jnews_social_meta":[],"jnews_override_counter":[],"footnotes":""},"categories":[119,4404],"tags":[8979,6912],"class_list":["post-181233","post","type-post","status-publish","format-standard","has-post-thumbnail","hentry","category-bem-estar","category-saude","tag-3-horas-da-manha","tag-acordar"],"yoast_head":"<!-- This site is optimized with the Yoast SEO plugin v24.6 - https:\/\/yoast.com\/wordpress\/plugins\/seo\/ -->\n<title>O que significa acordar \u00e0s 3 horas da manh\u00e3 sempre? O motivo \u00e9 muito mais profundo do que se pensa - Correio Braziliense - Radar<\/title>\n<meta name=\"description\" content=\"Descubra o que significa acordar \u00e0s 3 horas da manh\u00e3 com frequ\u00eancia e por que esse sinal vai muito al\u00e9m do sono.\" \/>\n<meta name=\"robots\" content=\"index, follow, max-snippet:-1, max-image-preview:large, max-video-preview:-1\" \/>\n<link rel=\"canonical\" href=\"https:\/\/www.correiobraziliense.com.br\/cbradar\/o-que-significa-acordar-as-3-horas-da-manha-sempre-o-motivo-e-muito-mais-profundo-do-que-se-pensa\/\" \/>\n<meta property=\"og:locale\" content=\"pt_BR\" \/>\n<meta property=\"og:type\" content=\"article\" \/>\n<meta property=\"og:title\" content=\"O que significa acordar \u00e0s 3 horas da manh\u00e3 sempre? O motivo \u00e9 muito mais profundo do que se pensa - Correio Braziliense - Radar\" \/>\n<meta property=\"og:description\" content=\"Descubra o que significa acordar \u00e0s 3 horas da manh\u00e3 com frequ\u00eancia e por que esse sinal vai muito al\u00e9m do sono.\" \/>\n<meta property=\"og:url\" content=\"https:\/\/www.correiobraziliense.com.br\/cbradar\/o-que-significa-acordar-as-3-horas-da-manha-sempre-o-motivo-e-muito-mais-profundo-do-que-se-pensa\/\" \/>\n<meta property=\"og:site_name\" content=\"Correio Braziliense - Radar\" \/>\n<meta property=\"article:published_time\" content=\"2026-01-26T10:25:00+00:00\" \/>\n<meta property=\"og:image\" content=\"https:\/\/www.correiobraziliense.com.br\/cbradar\/wp-content\/uploads\/2026\/01\/aaa-2026-01-25T135953.826.png\" \/>\n\t<meta property=\"og:image:width\" content=\"1280\" \/>\n\t<meta property=\"og:image:height\" content=\"720\" \/>\n\t<meta property=\"og:image:type\" content=\"image\/png\" \/>\n<meta name=\"author\" content=\"Maura Pereira\" \/>\n<meta name=\"twitter:card\" content=\"summary_large_image\" \/>\n<meta name=\"twitter:label1\" content=\"Escrito por\" \/>\n\t<meta name=\"twitter:data1\" content=\"Maura Pereira\" \/>\n\t<meta name=\"twitter:label2\" content=\"Est. tempo de leitura\" \/>\n\t<meta name=\"twitter:data2\" content=\"4 minutos\" \/>\n<!-- \/ Yoast SEO plugin. -->","yoast_head_json":{"title":"O que significa acordar \u00e0s 3 horas da manh\u00e3 sempre? O motivo \u00e9 muito mais profundo do que se pensa - Correio Braziliense - Radar","description":"Descubra o que significa acordar \u00e0s 3 horas da manh\u00e3 com frequ\u00eancia e por que esse sinal vai muito al\u00e9m do sono.","robots":{"index":"index","follow":"follow","max-snippet":"max-snippet:-1","max-image-preview":"max-image-preview:large","max-video-preview":"max-video-preview:-1"},"canonical":"https:\/\/www.correiobraziliense.com.br\/cbradar\/o-que-significa-acordar-as-3-horas-da-manha-sempre-o-motivo-e-muito-mais-profundo-do-que-se-pensa\/","og_locale":"pt_BR","og_type":"article","og_title":"O que significa acordar \u00e0s 3 horas da manh\u00e3 sempre? O motivo \u00e9 muito mais profundo do que se pensa - Correio Braziliense - Radar","og_description":"Descubra o que significa acordar \u00e0s 3 horas da manh\u00e3 com frequ\u00eancia e por que esse sinal vai muito al\u00e9m do sono.","og_url":"https:\/\/www.correiobraziliense.com.br\/cbradar\/o-que-significa-acordar-as-3-horas-da-manha-sempre-o-motivo-e-muito-mais-profundo-do-que-se-pensa\/","og_site_name":"Correio Braziliense - Radar","article_published_time":"2026-01-26T10:25:00+00:00","og_image":[{"width":1280,"height":720,"url":"https:\/\/www.correiobraziliense.com.br\/cbradar\/wp-content\/uploads\/2026\/01\/aaa-2026-01-25T135953.826.png","type":"image\/png"}],"author":"Maura Pereira","twitter_card":"summary_large_image","twitter_misc":{"Escrito por":"Maura Pereira","Est. tempo de leitura":"4 minutos"},"schema":{"@context":"https:\/\/schema.org","@graph":[{"@type":"WebPage","@id":"https:\/\/www.correiobraziliense.com.br\/cbradar\/o-que-significa-acordar-as-3-horas-da-manha-sempre-o-motivo-e-muito-mais-profundo-do-que-se-pensa\/","url":"https:\/\/www.correiobraziliense.com.br\/cbradar\/o-que-significa-acordar-as-3-horas-da-manha-sempre-o-motivo-e-muito-mais-profundo-do-que-se-pensa\/","name":"O que significa acordar \u00e0s 3 horas da manh\u00e3 sempre? O motivo \u00e9 muito mais profundo do que se pensa - Correio Braziliense - Radar","isPartOf":{"@id":"https:\/\/www.correiobraziliense.com.br\/cbradar\/#website"},"primaryImageOfPage":{"@id":"https:\/\/www.correiobraziliense.com.br\/cbradar\/o-que-significa-acordar-as-3-horas-da-manha-sempre-o-motivo-e-muito-mais-profundo-do-que-se-pensa\/#primaryimage"},"image":{"@id":"https:\/\/www.correiobraziliense.com.br\/cbradar\/o-que-significa-acordar-as-3-horas-da-manha-sempre-o-motivo-e-muito-mais-profundo-do-que-se-pensa\/#primaryimage"},"thumbnailUrl":"https:\/\/www.correiobraziliense.com.br\/cbradar\/wp-content\/uploads\/2026\/01\/aaa-2026-01-25T135953.826.png","datePublished":"2026-01-26T10:25:00+00:00","author":{"@id":"https:\/\/www.correiobraziliense.com.br\/cbradar\/#\/schema\/person\/4053c651a9bfc785afc6f4cbc9032fd3"},"description":"Descubra o que significa acordar \u00e0s 3 horas da manh\u00e3 com frequ\u00eancia e por que esse sinal vai muito al\u00e9m do sono.","breadcrumb":{"@id":"https:\/\/www.correiobraziliense.com.br\/cbradar\/o-que-significa-acordar-as-3-horas-da-manha-sempre-o-motivo-e-muito-mais-profundo-do-que-se-pensa\/#breadcrumb"},"inLanguage":"pt-BR","potentialAction":[{"@type":"ReadAction","target":["https:\/\/www.correiobraziliense.com.br\/cbradar\/o-que-significa-acordar-as-3-horas-da-manha-sempre-o-motivo-e-muito-mais-profundo-do-que-se-pensa\/"]}]},{"@type":"ImageObject","inLanguage":"pt-BR","@id":"https:\/\/www.correiobraziliense.com.br\/cbradar\/o-que-significa-acordar-as-3-horas-da-manha-sempre-o-motivo-e-muito-mais-profundo-do-que-se-pensa\/#primaryimage","url":"https:\/\/www.correiobraziliense.com.br\/cbradar\/wp-content\/uploads\/2026\/01\/aaa-2026-01-25T135953.826.png","contentUrl":"https:\/\/www.correiobraziliense.com.br\/cbradar\/wp-content\/uploads\/2026\/01\/aaa-2026-01-25T135953.826.png","width":1280,"height":720,"caption":"Acordar \u00e0s 3h da manh\u00e3 exige dormir cedo (7-9h), rotina fixa e exposi\u00e7\u00e3o \u00e0 luz natural para regular o cortisol e aumentar disposi\u00e7\u00e3o."},{"@type":"BreadcrumbList","@id":"https:\/\/www.correiobraziliense.com.br\/cbradar\/o-que-significa-acordar-as-3-horas-da-manha-sempre-o-motivo-e-muito-mais-profundo-do-que-se-pensa\/#breadcrumb","itemListElement":[{"@type":"ListItem","position":1,"name":"In\u00edcio","item":"https:\/\/www.correiobraziliense.com.br\/cbradar\/"},{"@type":"ListItem","position":2,"name":"O que significa acordar \u00e0s 3 horas da manh\u00e3 sempre? O motivo \u00e9 muito mais profundo do que se pensa"}]},{"@type":"WebSite","@id":"https:\/\/www.correiobraziliense.com.br\/cbradar\/#website","url":"https:\/\/www.correiobraziliense.com.br\/cbradar\/","name":"Correio Braziliense - Radar","description":"Acompanhe as \u00faltimas not\u00edcias e fique bem informado sobre tudo o que acontece no Brasil e no mundo.","potentialAction":[{"@type":"SearchAction","target":{"@type":"EntryPoint","urlTemplate":"https:\/\/www.correiobraziliense.com.br\/cbradar\/?s={search_term_string}"},"query-input":{"@type":"PropertyValueSpecification","valueRequired":true,"valueName":"search_term_string"}}],"inLanguage":"pt-BR"},{"@type":"Person","@id":"https:\/\/www.correiobraziliense.com.br\/cbradar\/#\/schema\/person\/4053c651a9bfc785afc6f4cbc9032fd3","name":"Maura Pereira","image":{"@type":"ImageObject","inLanguage":"pt-BR","@id":"https:\/\/www.correiobraziliense.com.br\/cbradar\/#\/schema\/person\/image\/","url":"https:\/\/secure.gravatar.com\/avatar\/3effd6bdadfa447f15089c7f7144eaa6?s=96&d=mm&r=g","contentUrl":"https:\/\/secure.gravatar.com\/avatar\/3effd6bdadfa447f15089c7f7144eaa6?s=96&d=mm&r=g","caption":"Maura Pereira"},"sameAs":["https:\/\/www.correiobraziliense.com.br\/"],"url":"https:\/\/www.correiobraziliense.com.br\/cbradar\/author\/mauramyth\/"}]}},"_links":{"self":[{"href":"https:\/\/www.correiobraziliense.com.br\/cbradar\/wp-json\/wp\/v2\/posts\/181233","targetHints":{"allow":["GET"]}}],"collection":[{"href":"https:\/\/www.correiobraziliense.com.br\/cbradar\/wp-json\/wp\/v2\/posts"}],"about":[{"href":"https:\/\/www.correiobraziliense.com.br\/cbradar\/wp-json\/wp\/v2\/types\/post"}],"author":[{"embeddable":true,"href":"https:\/\/www.correiobraziliense.com.br\/cbradar\/wp-json\/wp\/v2\/users\/8"}],"replies":[{"embeddable":true,"href":"https:\/\/www.correiobraziliense.com.br\/cbradar\/wp-json\/wp\/v2\/comments?post=181233"}],"version-history":[{"count":8,"href":"https:\/\/www.correiobraziliense.com.br\/cbradar\/wp-json\/wp\/v2\/posts\/181233\/revisions"}],"predecessor-version":[{"id":181268,"href":"https:\/\/www.correiobraziliense.com.br\/cbradar\/wp-json\/wp\/v2\/posts\/181233\/revisions\/181268"}],"wp:featuredmedia":[{"embeddable":true,"href":"https:\/\/www.correiobraziliense.com.br\/cbradar\/wp-json\/wp\/v2\/media\/181250"}],"wp:attachment":[{"href":"https:\/\/www.correiobraziliense.com.br\/cbradar\/wp-json\/wp\/v2\/media?parent=181233"}],"wp:term":[{"taxonomy":"category","embeddable":true,"href":"https:\/\/www.correiobraziliense.com.br\/cbradar\/wp-json\/wp\/v2\/categories?post=181233"},{"taxonomy":"post_tag","embeddable":true,"href":"https:\/\/www.correiobraziliense.com.br\/cbradar\/wp-json\/wp\/v2\/tags?post=181233"}],"curies":[{"name":"wp","href":"https:\/\/api.w.org\/{rel}","templated":true}]}}