{"id":181306,"date":"2026-01-26T12:25:00","date_gmt":"2026-01-26T15:25:00","guid":{"rendered":"https:\/\/www.correiobraziliense.com.br\/cbradar\/?p=181306"},"modified":"2026-01-25T23:34:02","modified_gmt":"2026-01-26T02:34:02","slug":"adeus-ao-cafe-a-erva-simples-que-ativa-a-memoria-melhora-o-foco-e-e-associada-a-saude-do-cerebro-e-envelhecimento","status":"publish","type":"post","link":"https:\/\/www.correiobraziliense.com.br\/cbradar\/adeus-ao-cafe-a-erva-simples-que-ativa-a-memoria-melhora-o-foco-e-e-associada-a-saude-do-cerebro-e-envelhecimento\/","title":{"rendered":"Adeus ao caf\u00e9: a erva simples que &#8220;ativa&#8221; a mem\u00f3ria, melhora o foco e \u00e9 associada \u00e0 sa\u00fade do c\u00e9rebro e envelhecimento"},"content":{"rendered":"\n<p>O<strong> alecrim (<em>Rosmarinus officinalis<\/em>) <\/strong>\u00e9 tradicionalmente associado \u00e0 mem\u00f3ria e, segundo evid\u00eancias da neuroci\u00eancia, possui compostos com a\u00e7\u00e3o nootr\u00f3pica. Esses componentes est\u00e3o relacionados ao aumento do estado de alerta e \u00e0 prote\u00e7\u00e3o dos neur\u00f4nios contra processos de envelhecimento, contribuindo para a manuten\u00e7\u00e3o da fun\u00e7\u00e3o cognitiva e da mem\u00f3ria ao longo do tempo.<\/p>\n\n\n\n<h2 class=\"wp-block-heading\">Como o aroma do alecrim afeta o racioc\u00ednio?<\/h2>\n\n\n\n<p><strong>O alecrim se destaca pela rapidez com que exerce seus efeitos cognitivos, mesmo sem ingest\u00e3o.<\/strong> Pesquisas conduzidas pela<strong> <\/strong><a href=\"https:\/\/www.naturalhealthnews.uk\/mind-body\/2017\/05\/uk-students-turning-to-rosemary-to-boost-exam-results\/\" target=\"_blank\" rel=\"noreferrer noopener\"><strong>Northumbria University<\/strong> <\/a>demonstraram que a inala\u00e7\u00e3o do \u00f3leo essencial da planta est\u00e1 associada a melhorias significativas na mem\u00f3ria prospectiva, capacidade relacionada ao planejamento e \u00e0 execu\u00e7\u00e3o de tarefas futuras.<\/p>\n\n\n\n<p>Esse efeito est\u00e1 ligado ao <strong>1,8-cineol<\/strong>, um composto vol\u00e1til que \u00e9 absorvido pelas vias respirat\u00f3rias e alcan\u00e7a rapidamente o sistema nervoso central. No c\u00e9rebro, a subst\u00e2ncia atua reduzindo a degrada\u00e7\u00e3o da acetilcolina, neurotransmissor essencial para aten\u00e7\u00e3o, mem\u00f3ria e racioc\u00ednio, prolongando a efici\u00eancia da comunica\u00e7\u00e3o neural.<\/p>\n\n\n<div class=\"wp-block-image\">\n<figure class=\"aligncenter size-large\"><img decoding=\"async\" width=\"1024\" height=\"576\" src=\"https:\/\/www.correiobraziliense.com.br\/cbradar\/wp-content\/uploads\/2026\/01\/aaa-2026-01-25T145956.819-1024x576.png\" alt=\"Adeus ao caf\u00e9: a erva simples que &quot;ativa&quot; a mem\u00f3ria, melhora o foco e \u00e9 associada \u00e0 sa\u00fade do c\u00e9rebro e envelhecimento\" class=\"wp-image-181328\" srcset=\"https:\/\/www.correiobraziliense.com.br\/cbradar\/wp-content\/uploads\/2026\/01\/aaa-2026-01-25T145956.819-1024x576.png 1024w, https:\/\/www.correiobraziliense.com.br\/cbradar\/wp-content\/uploads\/2026\/01\/aaa-2026-01-25T145956.819-300x169.png 300w, https:\/\/www.correiobraziliense.com.br\/cbradar\/wp-content\/uploads\/2026\/01\/aaa-2026-01-25T145956.819-768x432.png 768w, https:\/\/www.correiobraziliense.com.br\/cbradar\/wp-content\/uploads\/2026\/01\/aaa-2026-01-25T145956.819-750x422.png 750w, https:\/\/www.correiobraziliense.com.br\/cbradar\/wp-content\/uploads\/2026\/01\/aaa-2026-01-25T145956.819-1140x641.png 1140w, https:\/\/www.correiobraziliense.com.br\/cbradar\/wp-content\/uploads\/2026\/01\/aaa-2026-01-25T145956.819.png 1280w\" sizes=\"(max-width: 1024px) 100vw, 1024px\" \/><figcaption class=\"wp-element-caption\">Al\u00e9m do efeito imediato do aroma, o consumo do alecrim est\u00e1 associado a benef\u00edcios neuroprotetores de longo prazo.<\/figcaption><\/figure><\/div>\n\n\n<p><strong>Leia tamb\u00e9m: <a href=\"https:\/\/www.correiobraziliense.com.br\/cbradar\/fim-das-prateleiras-abertas-na-cozinha-por-que-os-armarios-fechados-voltaram-a-ser-regra\/\" target=\"_blank\" rel=\"noreferrer noopener\">Fim das prateleiras abertas na cozinha? Por que os arm\u00e1rios fechados voltaram a ser regra.<\/a><\/strong><\/p>\n\n\n\n<h2 class=\"wp-block-heading\">Como o alecrim protege o c\u00e9rebro ao longo do tempo?<\/h2>\n\n\n\n<p><strong>Al\u00e9m do efeito imediato do aroma, o consumo do alecrim est\u00e1 associado a benef\u00edcios neuroprotetores de longo prazo. <\/strong>A planta \u00e9 rica em \u00e1cido carn\u00f3sico, um antioxidante que atua diretamente na prote\u00e7\u00e3o das c\u00e9lulas neurais contra danos oxidativos causados pelos radicais livres, processo frequentemente relacionado ao decl\u00ednio cognitivo.<\/p>\n\n\n\n<p>Estudos indexados na <strong><a href=\"https:\/\/pubmed.ncbi.nlm.nih.gov\/27539009\/\" target=\"_blank\" rel=\"noreferrer noopener\">PubMed <\/a><\/strong>indicam que o \u00e1cido carn\u00f3sico pode contribuir para a preven\u00e7\u00e3o da neurodegenera\u00e7\u00e3o associada ao envelhecimento, especialmente por sua a\u00e7\u00e3o anti-inflamat\u00f3ria no hipocampo, regi\u00e3o central para a mem\u00f3ria. Enquanto ervas como a lavanda tendem a favorecer estados de relaxamento, o alecrim atua no sentido oposto, apoiando a clareza mental e a manuten\u00e7\u00e3o da fun\u00e7\u00e3o cognitiva ao longo dos anos.<\/p>\n\n\n\n<p>No v\u00eddeo a seguir, a <strong>Nutricionista Patricia Leite<\/strong>, com mais de 8 milh\u00f5es de inscritos, fala um pouco dos benef\u00edcios do alecrim:<\/p>\n\n\n\n<iframe loading=\"lazy\" width=\"492\" height=\"875\" src=\"https:\/\/www.youtube.com\/embed\/x4FbvFCo1rA\" title=\"O PODER DO ALECRIM para o C\u00c9REBRO!\" frameborder=\"0\" allow=\"accelerometer; autoplay; clipboard-write; encrypted-media; gyroscope; picture-in-picture; web-share\" referrerpolicy=\"strict-origin-when-cross-origin\" allowfullscreen><\/iframe>\n\n\n\n<h2 class=\"wp-block-heading\">Como usar para obter o efeito &#8220;Nootr\u00f3pico&#8221;<\/h2>\n\n\n\n<p>Para usufruir destes benef\u00edcios cognitivos, a forma de uso depende do seu objetivo:<\/p>\n\n\n\n<ul class=\"wp-block-list\">\n<li><strong>Para Foco Imediato (Trabalho\/Estudo):<\/strong> A via olfativa \u00e9 superior. Mantenha um vaso de alecrim fresco na mesa e esfregue as folhas entre os dedos periodicamente para libertar os \u00f3leos, ou utilize um difusor pessoal.<\/li>\n\n\n\n<li><strong>Para Prote\u00e7\u00e3o a Longo Prazo:<\/strong> O consumo oral garante a ingest\u00e3o dos polifen\u00f3is. Prepare um ch\u00e1 por infus\u00e3o (sem ferver as folhas) ou utilize-o generosamente como tempero em azeites e assados.<\/li>\n<\/ul>\n\n\n\n<h2 class=\"wp-block-heading\">O alerta vermelho: quando o estimulante vira inimigo<\/h2>\n\n\n\n<p>Embora natural, o alecrim \u00e9 um estimulante circulat\u00f3rio e neural potente. Por essa raz\u00e3o, pessoas que sofrem de <strong>hipertens\u00e3o arterial n\u00e3o controlada<\/strong> devem evitar o consumo excessivo do ch\u00e1 ou suplementos concentrados, pois a erva pode elevar a press\u00e3o sangu\u00ednea e a frequ\u00eancia card\u00edaca momentaneamente.<\/p>\n\n\n\n<p>Outro grupo de risco importante inclui os portadores de <strong>epilepsia<\/strong>. O composto 1,8-cineol, o mesmo que &#8220;liga&#8221; a mem\u00f3ria, pode baixar o limiar convulsivo em altas concentra\u00e7\u00f5es (principalmente no uso de \u00f3leos essenciais puros). Por fim, uma regra pr\u00e1tica de ouro: devido \u00e0 sua a\u00e7\u00e3o de despertar o c\u00e9rebro, evite a inala\u00e7\u00e3o ou ingest\u00e3o ap\u00f3s as 17h, ou o pre\u00e7o do foco diurno ser\u00e1 uma noite de <strong>ins\u00f4nia<\/strong> agitada.<\/p>\n","protected":false},"excerpt":{"rendered":"<p>O alecrim (Rosmarinus officinalis) \u00e9 tradicionalmente associado \u00e0 mem\u00f3ria e, segundo evid\u00eancias da neuroci\u00eancia, possui compostos com a\u00e7\u00e3o nootr\u00f3pica. Esses componentes est\u00e3o relacionados ao aumento do estado de alerta e \u00e0 prote\u00e7\u00e3o dos neur\u00f4nios contra processos de envelhecimento, contribuindo para a manuten\u00e7\u00e3o da fun\u00e7\u00e3o cognitiva e da mem\u00f3ria ao longo do tempo. Como o aroma [&hellip;]<\/p>\n","protected":false},"author":8,"featured_media":181336,"comment_status":"open","ping_status":"open","sticky":false,"template":"","format":"standard","meta":{"_yoast_wpseo_focuskw":"erva para o c\u00e9rebro","_yoast_wpseo_title":"","_yoast_wpseo_metadesc":"Descubra por que essa erva comum est\u00e1 chamando aten\u00e7\u00e3o por seus poss\u00edveis efeitos na mem\u00f3ria, no foco mental e na prote\u00e7\u00e3o do c\u00e9rebro.","jnews-multi-image_gallery":[],"jnews_single_post":{"format":"standard"},"jnews_primary_category":[],"jnews_social_meta":[],"jnews_override_counter":[],"footnotes":""},"categories":[119,4404],"tags":[698,5501,1616,7800],"class_list":["post-181306","post","type-post","status-publish","format-standard","has-post-thumbnail","hentry","category-bem-estar","category-saude","tag-cerebro","tag-erva","tag-memoria","tag-saude-4"],"yoast_head":"<!-- This site is optimized with the Yoast SEO plugin v24.6 - https:\/\/yoast.com\/wordpress\/plugins\/seo\/ -->\n<title>Adeus ao caf\u00e9: a erva simples que &quot;ativa&quot; a mem\u00f3ria, melhora o foco e \u00e9 associada \u00e0 sa\u00fade do c\u00e9rebro e envelhecimento - Correio Braziliense - Radar<\/title>\n<meta name=\"description\" content=\"Descubra por que essa erva comum est\u00e1 chamando aten\u00e7\u00e3o por seus poss\u00edveis efeitos na mem\u00f3ria, no foco mental e na prote\u00e7\u00e3o do c\u00e9rebro.\" \/>\n<meta name=\"robots\" content=\"index, follow, max-snippet:-1, max-image-preview:large, max-video-preview:-1\" \/>\n<link rel=\"canonical\" href=\"https:\/\/www.correiobraziliense.com.br\/cbradar\/adeus-ao-cafe-a-erva-simples-que-ativa-a-memoria-melhora-o-foco-e-e-associada-a-saude-do-cerebro-e-envelhecimento\/\" \/>\n<meta property=\"og:locale\" content=\"pt_BR\" \/>\n<meta property=\"og:type\" content=\"article\" \/>\n<meta property=\"og:title\" content=\"Adeus ao caf\u00e9: a erva simples que &quot;ativa&quot; a mem\u00f3ria, melhora o foco e \u00e9 associada \u00e0 sa\u00fade do c\u00e9rebro e envelhecimento - Correio Braziliense - Radar\" \/>\n<meta property=\"og:description\" content=\"Descubra por que essa erva comum est\u00e1 chamando aten\u00e7\u00e3o por seus poss\u00edveis efeitos na mem\u00f3ria, no foco mental e na prote\u00e7\u00e3o do c\u00e9rebro.\" \/>\n<meta property=\"og:url\" content=\"https:\/\/www.correiobraziliense.com.br\/cbradar\/adeus-ao-cafe-a-erva-simples-que-ativa-a-memoria-melhora-o-foco-e-e-associada-a-saude-do-cerebro-e-envelhecimento\/\" \/>\n<meta property=\"og:site_name\" content=\"Correio Braziliense - Radar\" \/>\n<meta property=\"article:published_time\" content=\"2026-01-26T15:25:00+00:00\" \/>\n<meta property=\"og:image\" content=\"https:\/\/www.correiobraziliense.com.br\/cbradar\/wp-content\/uploads\/2026\/01\/aaa-2026-01-25T150800.976.png\" \/>\n\t<meta property=\"og:image:width\" content=\"1280\" \/>\n\t<meta property=\"og:image:height\" content=\"720\" \/>\n\t<meta property=\"og:image:type\" content=\"image\/png\" \/>\n<meta name=\"author\" content=\"Maura Pereira\" \/>\n<meta name=\"twitter:card\" content=\"summary_large_image\" \/>\n<meta name=\"twitter:label1\" content=\"Escrito por\" \/>\n\t<meta name=\"twitter:data1\" content=\"Maura Pereira\" \/>\n\t<meta name=\"twitter:label2\" content=\"Est. tempo de leitura\" \/>\n\t<meta name=\"twitter:data2\" content=\"4 minutos\" \/>\n<!-- \/ Yoast SEO plugin. -->","yoast_head_json":{"title":"Adeus ao caf\u00e9: a erva simples que \"ativa\" a mem\u00f3ria, melhora o foco e \u00e9 associada \u00e0 sa\u00fade do c\u00e9rebro e envelhecimento - Correio Braziliense - Radar","description":"Descubra por que essa erva comum est\u00e1 chamando aten\u00e7\u00e3o por seus poss\u00edveis efeitos na mem\u00f3ria, no foco mental e na prote\u00e7\u00e3o do c\u00e9rebro.","robots":{"index":"index","follow":"follow","max-snippet":"max-snippet:-1","max-image-preview":"max-image-preview:large","max-video-preview":"max-video-preview:-1"},"canonical":"https:\/\/www.correiobraziliense.com.br\/cbradar\/adeus-ao-cafe-a-erva-simples-que-ativa-a-memoria-melhora-o-foco-e-e-associada-a-saude-do-cerebro-e-envelhecimento\/","og_locale":"pt_BR","og_type":"article","og_title":"Adeus ao caf\u00e9: a erva simples que \"ativa\" a mem\u00f3ria, melhora o foco e \u00e9 associada \u00e0 sa\u00fade do c\u00e9rebro e envelhecimento - Correio Braziliense - Radar","og_description":"Descubra por que essa erva comum est\u00e1 chamando aten\u00e7\u00e3o por seus poss\u00edveis efeitos na mem\u00f3ria, no foco mental e na prote\u00e7\u00e3o do c\u00e9rebro.","og_url":"https:\/\/www.correiobraziliense.com.br\/cbradar\/adeus-ao-cafe-a-erva-simples-que-ativa-a-memoria-melhora-o-foco-e-e-associada-a-saude-do-cerebro-e-envelhecimento\/","og_site_name":"Correio Braziliense - Radar","article_published_time":"2026-01-26T15:25:00+00:00","og_image":[{"width":1280,"height":720,"url":"https:\/\/www.correiobraziliense.com.br\/cbradar\/wp-content\/uploads\/2026\/01\/aaa-2026-01-25T150800.976.png","type":"image\/png"}],"author":"Maura Pereira","twitter_card":"summary_large_image","twitter_misc":{"Escrito por":"Maura Pereira","Est. tempo de leitura":"4 minutos"},"schema":{"@context":"https:\/\/schema.org","@graph":[{"@type":"WebPage","@id":"https:\/\/www.correiobraziliense.com.br\/cbradar\/adeus-ao-cafe-a-erva-simples-que-ativa-a-memoria-melhora-o-foco-e-e-associada-a-saude-do-cerebro-e-envelhecimento\/","url":"https:\/\/www.correiobraziliense.com.br\/cbradar\/adeus-ao-cafe-a-erva-simples-que-ativa-a-memoria-melhora-o-foco-e-e-associada-a-saude-do-cerebro-e-envelhecimento\/","name":"Adeus ao caf\u00e9: a erva simples que \"ativa\" a mem\u00f3ria, melhora o foco e \u00e9 associada \u00e0 sa\u00fade do c\u00e9rebro e envelhecimento - Correio Braziliense - Radar","isPartOf":{"@id":"https:\/\/www.correiobraziliense.com.br\/cbradar\/#website"},"primaryImageOfPage":{"@id":"https:\/\/www.correiobraziliense.com.br\/cbradar\/adeus-ao-cafe-a-erva-simples-que-ativa-a-memoria-melhora-o-foco-e-e-associada-a-saude-do-cerebro-e-envelhecimento\/#primaryimage"},"image":{"@id":"https:\/\/www.correiobraziliense.com.br\/cbradar\/adeus-ao-cafe-a-erva-simples-que-ativa-a-memoria-melhora-o-foco-e-e-associada-a-saude-do-cerebro-e-envelhecimento\/#primaryimage"},"thumbnailUrl":"https:\/\/www.correiobraziliense.com.br\/cbradar\/wp-content\/uploads\/2026\/01\/aaa-2026-01-25T150800.976.png","datePublished":"2026-01-26T15:25:00+00:00","author":{"@id":"https:\/\/www.correiobraziliense.com.br\/cbradar\/#\/schema\/person\/4053c651a9bfc785afc6f4cbc9032fd3"},"description":"Descubra por que essa erva comum est\u00e1 chamando aten\u00e7\u00e3o por seus poss\u00edveis efeitos na mem\u00f3ria, no foco mental e na prote\u00e7\u00e3o do c\u00e9rebro.","breadcrumb":{"@id":"https:\/\/www.correiobraziliense.com.br\/cbradar\/adeus-ao-cafe-a-erva-simples-que-ativa-a-memoria-melhora-o-foco-e-e-associada-a-saude-do-cerebro-e-envelhecimento\/#breadcrumb"},"inLanguage":"pt-BR","potentialAction":[{"@type":"ReadAction","target":["https:\/\/www.correiobraziliense.com.br\/cbradar\/adeus-ao-cafe-a-erva-simples-que-ativa-a-memoria-melhora-o-foco-e-e-associada-a-saude-do-cerebro-e-envelhecimento\/"]}]},{"@type":"ImageObject","inLanguage":"pt-BR","@id":"https:\/\/www.correiobraziliense.com.br\/cbradar\/adeus-ao-cafe-a-erva-simples-que-ativa-a-memoria-melhora-o-foco-e-e-associada-a-saude-do-cerebro-e-envelhecimento\/#primaryimage","url":"https:\/\/www.correiobraziliense.com.br\/cbradar\/wp-content\/uploads\/2026\/01\/aaa-2026-01-25T150800.976.png","contentUrl":"https:\/\/www.correiobraziliense.com.br\/cbradar\/wp-content\/uploads\/2026\/01\/aaa-2026-01-25T150800.976.png","width":1280,"height":720,"caption":"A planta \u00e9 rica em \u00e1cido carn\u00f3sico, um antioxidante que atua diretamente na prote\u00e7\u00e3o das c\u00e9lulas neurais contra danos oxidativos causados pelos radicais livres, processo frequentemente relacionado ao decl\u00ednio cognitivo."},{"@type":"BreadcrumbList","@id":"https:\/\/www.correiobraziliense.com.br\/cbradar\/adeus-ao-cafe-a-erva-simples-que-ativa-a-memoria-melhora-o-foco-e-e-associada-a-saude-do-cerebro-e-envelhecimento\/#breadcrumb","itemListElement":[{"@type":"ListItem","position":1,"name":"In\u00edcio","item":"https:\/\/www.correiobraziliense.com.br\/cbradar\/"},{"@type":"ListItem","position":2,"name":"Adeus ao caf\u00e9: a erva simples que &#8220;ativa&#8221; a mem\u00f3ria, melhora o foco e \u00e9 associada \u00e0 sa\u00fade do c\u00e9rebro e envelhecimento"}]},{"@type":"WebSite","@id":"https:\/\/www.correiobraziliense.com.br\/cbradar\/#website","url":"https:\/\/www.correiobraziliense.com.br\/cbradar\/","name":"Correio Braziliense - Radar","description":"Acompanhe as \u00faltimas not\u00edcias e fique bem informado sobre tudo o que acontece no Brasil e no mundo.","potentialAction":[{"@type":"SearchAction","target":{"@type":"EntryPoint","urlTemplate":"https:\/\/www.correiobraziliense.com.br\/cbradar\/?s={search_term_string}"},"query-input":{"@type":"PropertyValueSpecification","valueRequired":true,"valueName":"search_term_string"}}],"inLanguage":"pt-BR"},{"@type":"Person","@id":"https:\/\/www.correiobraziliense.com.br\/cbradar\/#\/schema\/person\/4053c651a9bfc785afc6f4cbc9032fd3","name":"Maura Pereira","image":{"@type":"ImageObject","inLanguage":"pt-BR","@id":"https:\/\/www.correiobraziliense.com.br\/cbradar\/#\/schema\/person\/image\/","url":"https:\/\/secure.gravatar.com\/avatar\/3effd6bdadfa447f15089c7f7144eaa6?s=96&d=mm&r=g","contentUrl":"https:\/\/secure.gravatar.com\/avatar\/3effd6bdadfa447f15089c7f7144eaa6?s=96&d=mm&r=g","caption":"Maura Pereira"},"sameAs":["https:\/\/www.correiobraziliense.com.br\/"],"url":"https:\/\/www.correiobraziliense.com.br\/cbradar\/author\/mauramyth\/"}]}},"_links":{"self":[{"href":"https:\/\/www.correiobraziliense.com.br\/cbradar\/wp-json\/wp\/v2\/posts\/181306","targetHints":{"allow":["GET"]}}],"collection":[{"href":"https:\/\/www.correiobraziliense.com.br\/cbradar\/wp-json\/wp\/v2\/posts"}],"about":[{"href":"https:\/\/www.correiobraziliense.com.br\/cbradar\/wp-json\/wp\/v2\/types\/post"}],"author":[{"embeddable":true,"href":"https:\/\/www.correiobraziliense.com.br\/cbradar\/wp-json\/wp\/v2\/users\/8"}],"replies":[{"embeddable":true,"href":"https:\/\/www.correiobraziliense.com.br\/cbradar\/wp-json\/wp\/v2\/comments?post=181306"}],"version-history":[{"count":8,"href":"https:\/\/www.correiobraziliense.com.br\/cbradar\/wp-json\/wp\/v2\/posts\/181306\/revisions"}],"predecessor-version":[{"id":181340,"href":"https:\/\/www.correiobraziliense.com.br\/cbradar\/wp-json\/wp\/v2\/posts\/181306\/revisions\/181340"}],"wp:featuredmedia":[{"embeddable":true,"href":"https:\/\/www.correiobraziliense.com.br\/cbradar\/wp-json\/wp\/v2\/media\/181336"}],"wp:attachment":[{"href":"https:\/\/www.correiobraziliense.com.br\/cbradar\/wp-json\/wp\/v2\/media?parent=181306"}],"wp:term":[{"taxonomy":"category","embeddable":true,"href":"https:\/\/www.correiobraziliense.com.br\/cbradar\/wp-json\/wp\/v2\/categories?post=181306"},{"taxonomy":"post_tag","embeddable":true,"href":"https:\/\/www.correiobraziliense.com.br\/cbradar\/wp-json\/wp\/v2\/tags?post=181306"}],"curies":[{"name":"wp","href":"https:\/\/api.w.org\/{rel}","templated":true}]}}