{"id":181307,"date":"2026-01-26T10:15:00","date_gmt":"2026-01-26T13:15:00","guid":{"rendered":"https:\/\/www.correiobraziliense.com.br\/cbradar\/?p=181307"},"modified":"2026-01-25T14:48:57","modified_gmt":"2026-01-25T17:48:57","slug":"o-que-acontece-quando-voce-toma-sol-nos-primeiros-20-minutos-do-dia","status":"publish","type":"post","link":"https:\/\/www.correiobraziliense.com.br\/cbradar\/o-que-acontece-quando-voce-toma-sol-nos-primeiros-20-minutos-do-dia\/","title":{"rendered":"O que acontece quando voc\u00ea toma sol nos primeiros 20 minutos do dia?"},"content":{"rendered":"\n<p><strong>A exposi\u00e7\u00e3o \u00e0 luz natural logo ap\u00f3s o despertar \u00e9 um dos principais reguladores do ritmo circadiano.<\/strong> A luz captada pela retina nas primeiras 20 minutos do dia inibe a produ\u00e7\u00e3o de melatonina e estimula a libera\u00e7\u00e3o de cortisol, promovendo estado de alerta pela manh\u00e3 e favorecendo a consolida\u00e7\u00e3o do sono \u00e0 noite.<\/p>\n\n\n\n<h2 class=\"wp-block-heading\">Como a luz ativa os circuitos cerebrais do despertar?<\/h2>\n\n\n\n<p><strong>A ativa\u00e7\u00e3o do c\u00e9rebro pela luz n\u00e3o depende do sistema visual tradicional, mas de um mecanismo especializado de detec\u00e7\u00e3o luminosa. <\/strong>C\u00e9lulas ganglionares intrinsecamente fotossens\u00edveis da retina <strong>(ipRGCs)<\/strong> respondem principalmente ao espectro azul da luz natural e transmitem essa informa\u00e7\u00e3o diretamente ao N\u00facleo Supraquiasm\u00e1tico, no hipot\u00e1lamo, estrutura central na sincroniza\u00e7\u00e3o do ritmo circadiano com o ambiente.<\/p>\n\n\n\n<p>De acordo com pesquisas da <strong><a href=\"https:\/\/lifestylemedicine.stanford.edu\/more-sunlight-exposure-may-improve-sleep\/#:~:text=Finding%20lifestyle%20habits%20to%20prioritize,It%27s%20a%20win-win!\" target=\"_blank\" rel=\"noreferrer noopener\">Stanford Medicine<\/a><\/strong>, esse sinal neural desencadeia o aumento fisiol\u00f3gico matinal de cortisol, distinto do cortisol associado ao estresse cr\u00f4nico. Esse pico \u00e9 fundamental para a transi\u00e7\u00e3o do organismo do sono para a vig\u00edlia, promovendo mobiliza\u00e7\u00e3o de glicose, eleva\u00e7\u00e3o da press\u00e3o arterial para n\u00edveis funcionais e ativa\u00e7\u00e3o de processos metab\u00f3licos e imunol\u00f3gicos necess\u00e1rios ao estado de alerta.<\/p>\n\n\n<div class=\"wp-block-image\">\n<figure class=\"aligncenter size-large\"><img decoding=\"async\" width=\"1024\" height=\"576\" src=\"https:\/\/www.correiobraziliense.com.br\/cbradar\/wp-content\/uploads\/2026\/01\/aaa-2026-01-25T144034.818-1024x576.png\" alt=\"O que acontece quando voc\u00ea toma sol nos primeiros 20 minutos do dia?\" class=\"wp-image-181305\" srcset=\"https:\/\/www.correiobraziliense.com.br\/cbradar\/wp-content\/uploads\/2026\/01\/aaa-2026-01-25T144034.818-1024x576.png 1024w, https:\/\/www.correiobraziliense.com.br\/cbradar\/wp-content\/uploads\/2026\/01\/aaa-2026-01-25T144034.818-300x169.png 300w, https:\/\/www.correiobraziliense.com.br\/cbradar\/wp-content\/uploads\/2026\/01\/aaa-2026-01-25T144034.818-768x432.png 768w, https:\/\/www.correiobraziliense.com.br\/cbradar\/wp-content\/uploads\/2026\/01\/aaa-2026-01-25T144034.818-750x422.png 750w, https:\/\/www.correiobraziliense.com.br\/cbradar\/wp-content\/uploads\/2026\/01\/aaa-2026-01-25T144034.818-1140x641.png 1140w, https:\/\/www.correiobraziliense.com.br\/cbradar\/wp-content\/uploads\/2026\/01\/aaa-2026-01-25T144034.818.png 1280w\" sizes=\"(max-width: 1024px) 100vw, 1024px\" \/><figcaption class=\"wp-element-caption\"> Vidros de janelas e lentes de \u00f3culos escuros reduzem significativamente a quantidade e a qualidade da luz que chega aos olhos<\/figcaption><\/figure><\/div>\n\n\n<h2 class=\"wp-block-heading\">Por que a luz atr\u00e1s do vidro n\u00e3o ativa o rel\u00f3gio biol\u00f3gico?<\/h2>\n\n\n\n<p><strong>Para que a luz atue como um sinal biol\u00f3gico eficaz, sua intensidade, medida em lux, precisa atingir n\u00edveis elevados.<\/strong> Vidros de janelas e lentes de \u00f3culos escuros <strong>reduzem significativamente<\/strong> <strong>a quantidade e a qualidade da luz que chega aos olhos<\/strong>, filtrando comprimentos de onda importantes e diminuindo a intensidade luminosa em at\u00e9 dezenas de vezes, mesmo quando o ambiente parece visualmente claro.<\/p>\n\n\n\n<p><strong>A ativa\u00e7\u00e3o eficiente do ritmo circadiano depende da exposi\u00e7\u00e3o direta \u00e0 luz externa. <\/strong>Enquanto a ilumina\u00e7\u00e3o t\u00edpica de ambientes internos gira em torno de 500 lux, a luz natural ao ar livre pode alcan\u00e7ar aproximadamente 10.000 lux em dias nublados e at\u00e9 100.000 lux em dias ensolarados. Por isso, a exposi\u00e7\u00e3o atrav\u00e9s de vidros n\u00e3o fornece est\u00edmulo suficiente para sincronizar adequadamente os mecanismos cerebrais do despertar.<\/p>\n\n\n\n<h2 class=\"wp-block-heading\">Por que janelas e \u00f3culos escuros atrapalham?<\/h2>\n\n\n\n<p><strong>Para que a luz funcione como um sinal biol\u00f3gico eficaz, sua intensidade precisa ser alta.<\/strong> Vidros e lentes escuras filtram comprimentos de onda importantes e reduzem drasticamente a quantidade de luz que chega \u00e0 retina, mesmo quando o ambiente parece claro.<\/p>\n\n\n\n<p><strong>Neurocientistas apontam que o rel\u00f3gio circadiano \u00e9 ativado principalmente pela exposi\u00e7\u00e3o direta \u00e0 luz externa.<\/strong> Enquanto ambientes internos oferecem pouca intensidade luminosa, a luz natural ao ar livre atinge n\u00edveis muito mais elevados, tornando a exposi\u00e7\u00e3o atrav\u00e9s do vidro biologicamente insuficiente.<\/p>\n\n\n\n<p><strong>Leia tamb\u00e9m: <a href=\"https:\/\/www.correiobraziliense.com.br\/cbradar\/fim-das-prateleiras-abertas-na-cozinha-por-que-os-armarios-fechados-voltaram-a-ser-regra\/\" target=\"_blank\" rel=\"noreferrer noopener\">Fim das prateleiras abertas na cozinha? Por que os arm\u00e1rios fechados voltaram a ser regra.<\/a><\/strong><\/p>\n\n\n\n<h2 class=\"wp-block-heading\">Como o sol da manh\u00e3 influencia o hor\u00e1rio do sono?<\/h2>\n\n\n\n<p><strong>A exposi\u00e7\u00e3o ao sol nas primeiras horas do dia atua como um marcador temporal para o organismo. <\/strong>Esse est\u00edmulo luminoso inicia uma contagem interna que regula o momento em que a melatonina, horm\u00f4nio respons\u00e1vel pelo sono, ser\u00e1 liberada aproximadamente 12 a 14 horas depois, influenciando diretamente o hor\u00e1rio em que o corpo entra em estado de repouso \u00e0 noite.<\/p>\n\n\n\n<p>Conforme o <strong><a href=\"https:\/\/archive.cdc.gov\/www_cdc_gov\/niosh\/emres\/longhourstraining\/light.html\" target=\"_blank\" rel=\"noreferrer noopener\">Centers for Disease Control and Prevention (CDC)<\/a><\/strong>, a aus\u00eancia de luz matinal tende a atrasar esse mecanismo circadiano. Esse atraso faz com que a sonol\u00eancia surja mais tarde do que o ideal, enquanto o despertar ocorre com maior dificuldade pela manh\u00e3, contribuindo para um padr\u00e3o recorrente de cansa\u00e7o e desajuste do sono conhecido como jet lag social.<\/p>\n\n\n\n<h2 class=\"wp-block-heading\">Quanto tempo \u00e9 necess\u00e1rio?<\/h2>\n\n\n\n<p>N\u00e3o \u00e9 preciso torrar no sol; a exposi\u00e7\u00e3o ocular \u00e9 o foco, n\u00e3o o bronzeamento da pele. A dura\u00e7\u00e3o depende da intensidade da luz dispon\u00edvel no c\u00e9u.<\/p>\n\n\n\n<p>Siga este protocolo b\u00e1sico:<\/p>\n\n\n\n<ul class=\"wp-block-list\">\n<li><strong>Dia de C\u00e9u Limpo:<\/strong> 5 a 10 minutos olhando para o c\u00e9u (sem olhar diretamente para o sol, \u00e9 claro).<\/li>\n\n\n\n<li><strong>Dia Nublado:<\/strong> 10 a 20 minutos, pois a intensidade da luz \u00e9 menor.<\/li>\n\n\n\n<li><strong>Dia Chuvoso\/Escuro:<\/strong> 20 a 30 minutos.<\/li>\n\n\n\n<li><strong>Hor\u00e1rio:<\/strong> Idealmente at\u00e9 1 hora ap\u00f3s acordar, preferencialmente antes das 9h da manh\u00e3.<\/li>\n<\/ul>\n\n\n\n<p>No v\u00eddeo a seguir, o <strong><em>Dr. J\u00falio\u2002Luchmann<\/em><\/strong>, com mais de 1.6 milh\u00f5es de inscritos, fala um pouco dos benef\u00edcios do sol pela manh\u00e3:<\/p>\n\n\n\n<blockquote class=\"tiktok-embed\" cite=\"https:\/\/www.tiktok.com\/@julioluchmann\/video\/7411612317722381573\" data-video-id=\"7411612317722381573\" style=\"max-width: 605px;min-width: 325px;\" > <section> <a target=\"_blank\" title=\"@julioluchmann\" href=\"https:\/\/www.tiktok.com\/@julioluchmann?refer=embed\">@julioluchmann<\/a> <a title=\"sono\" target=\"_blank\" href=\"https:\/\/www.tiktok.com\/tag\/sono?refer=embed\">#sono<\/a> <a title=\"luz\" target=\"_blank\" href=\"https:\/\/www.tiktok.com\/tag\/luz?refer=embed\">#luz<\/a> <a title=\"saude\" target=\"_blank\" href=\"https:\/\/www.tiktok.com\/tag\/saude?refer=embed\">#saude<\/a> <a title=\"julioluchmann\" target=\"_blank\" href=\"https:\/\/www.tiktok.com\/tag\/julioluchmann?refer=embed\">#julioluchmann<\/a> <a target=\"_blank\" title=\"\u266c som original - J\u00falio\u2002luchmann\" href=\"https:\/\/www.tiktok.com\/music\/som-original-7411612439799057157?refer=embed\">\u266c som original &#8211; J\u00falio\u2002luchmann<\/a> <\/section> <\/blockquote> <script async src=\"https:\/\/www.tiktok.com\/embed.js\"><\/script>\n\n\n\n<h2 class=\"wp-block-heading\">E se eu acordo antes do sol nascer?<\/h2>\n\n\n\n<p>Para quem acorda de madrugada, a escurid\u00e3o \u00e9 um desafio. Nesses casos, acender o m\u00e1ximo de luzes artificiais poss\u00edvel ajuda, mas n\u00e3o substitui o sol.<\/p>\n\n\n\n<p>A solu\u00e7\u00e3o recomendada por especialistas em sono \u00e9 o uso de &#8220;Caixas de Luz&#8221; (Sad Lamps) ou simuladores do amanhecer que emitem 10.000 lux. Use-as enquanto toma caf\u00e9 da manh\u00e3 e, assim que o sol nascer l\u00e1 fora, tente sair por alguns minutos para obter o espectro de luz completo que nenhuma l\u00e2mpada consegue replicar perfeitamente.<\/p>\n","protected":false},"excerpt":{"rendered":"<p>A exposi\u00e7\u00e3o \u00e0 luz natural logo ap\u00f3s o despertar \u00e9 um dos principais reguladores do ritmo circadiano. A luz captada pela retina nas primeiras 20 minutos do dia inibe a produ\u00e7\u00e3o de melatonina e estimula a libera\u00e7\u00e3o de cortisol, promovendo estado de alerta pela manh\u00e3 e favorecendo a consolida\u00e7\u00e3o do sono \u00e0 noite. Como a [&hellip;]<\/p>\n","protected":false},"author":8,"featured_media":181311,"comment_status":"open","ping_status":"open","sticky":false,"template":"","format":"standard","meta":{"_yoast_wpseo_focuskw":"sol pela manh\u00e3","_yoast_wpseo_title":"","_yoast_wpseo_metadesc":"Descubra o que acontece no corpo ao tomar sol nos primeiros 20 minutos do dia e por que especialistas consideram esse h\u00e1bito importante.","jnews-multi-image_gallery":[],"jnews_single_post":{"format":"standard"},"jnews_primary_category":[],"jnews_social_meta":[],"jnews_override_counter":[],"footnotes":""},"categories":[119,4404],"tags":[13075,6912,1104],"class_list":["post-181307","post","type-post","status-publish","format-standard","has-post-thumbnail","hentry","category-bem-estar","category-saude","tag-20-minutos","tag-acordar","tag-sol"],"yoast_head":"<!-- This site is optimized with the Yoast SEO plugin v24.6 - https:\/\/yoast.com\/wordpress\/plugins\/seo\/ -->\n<title>O que acontece quando voc\u00ea toma sol nos primeiros 20 minutos do dia? - Correio Braziliense - Radar<\/title>\n<meta name=\"description\" content=\"Descubra o que acontece no corpo ao tomar sol nos primeiros 20 minutos do dia e por que especialistas consideram esse h\u00e1bito importante.\" \/>\n<meta name=\"robots\" content=\"index, follow, max-snippet:-1, max-image-preview:large, max-video-preview:-1\" \/>\n<link rel=\"canonical\" href=\"https:\/\/www.correiobraziliense.com.br\/cbradar\/o-que-acontece-quando-voce-toma-sol-nos-primeiros-20-minutos-do-dia\/\" \/>\n<meta property=\"og:locale\" content=\"pt_BR\" \/>\n<meta property=\"og:type\" content=\"article\" \/>\n<meta property=\"og:title\" content=\"O que acontece quando voc\u00ea toma sol nos primeiros 20 minutos do dia? - Correio Braziliense - Radar\" \/>\n<meta property=\"og:description\" content=\"Descubra o que acontece no corpo ao tomar sol nos primeiros 20 minutos do dia e por que especialistas consideram esse h\u00e1bito importante.\" \/>\n<meta property=\"og:url\" content=\"https:\/\/www.correiobraziliense.com.br\/cbradar\/o-que-acontece-quando-voce-toma-sol-nos-primeiros-20-minutos-do-dia\/\" \/>\n<meta property=\"og:site_name\" content=\"Correio Braziliense - Radar\" \/>\n<meta property=\"article:published_time\" content=\"2026-01-26T13:15:00+00:00\" \/>\n<meta property=\"og:image\" content=\"https:\/\/www.correiobraziliense.com.br\/cbradar\/wp-content\/uploads\/2026\/01\/aaa-2026-01-25T144611.591.png\" \/>\n\t<meta property=\"og:image:width\" content=\"1280\" \/>\n\t<meta property=\"og:image:height\" content=\"720\" \/>\n\t<meta property=\"og:image:type\" content=\"image\/png\" \/>\n<meta name=\"author\" content=\"Maura Pereira\" \/>\n<meta name=\"twitter:card\" content=\"summary_large_image\" \/>\n<meta name=\"twitter:label1\" content=\"Escrito por\" \/>\n\t<meta name=\"twitter:data1\" content=\"Maura Pereira\" \/>\n\t<meta name=\"twitter:label2\" content=\"Est. tempo de leitura\" \/>\n\t<meta name=\"twitter:data2\" content=\"5 minutos\" \/>\n<!-- \/ Yoast SEO plugin. -->","yoast_head_json":{"title":"O que acontece quando voc\u00ea toma sol nos primeiros 20 minutos do dia? - Correio Braziliense - Radar","description":"Descubra o que acontece no corpo ao tomar sol nos primeiros 20 minutos do dia e por que especialistas consideram esse h\u00e1bito importante.","robots":{"index":"index","follow":"follow","max-snippet":"max-snippet:-1","max-image-preview":"max-image-preview:large","max-video-preview":"max-video-preview:-1"},"canonical":"https:\/\/www.correiobraziliense.com.br\/cbradar\/o-que-acontece-quando-voce-toma-sol-nos-primeiros-20-minutos-do-dia\/","og_locale":"pt_BR","og_type":"article","og_title":"O que acontece quando voc\u00ea toma sol nos primeiros 20 minutos do dia? - Correio Braziliense - Radar","og_description":"Descubra o que acontece no corpo ao tomar sol nos primeiros 20 minutos do dia e por que especialistas consideram esse h\u00e1bito importante.","og_url":"https:\/\/www.correiobraziliense.com.br\/cbradar\/o-que-acontece-quando-voce-toma-sol-nos-primeiros-20-minutos-do-dia\/","og_site_name":"Correio Braziliense - Radar","article_published_time":"2026-01-26T13:15:00+00:00","og_image":[{"width":1280,"height":720,"url":"https:\/\/www.correiobraziliense.com.br\/cbradar\/wp-content\/uploads\/2026\/01\/aaa-2026-01-25T144611.591.png","type":"image\/png"}],"author":"Maura Pereira","twitter_card":"summary_large_image","twitter_misc":{"Escrito por":"Maura Pereira","Est. tempo de leitura":"5 minutos"},"schema":{"@context":"https:\/\/schema.org","@graph":[{"@type":"WebPage","@id":"https:\/\/www.correiobraziliense.com.br\/cbradar\/o-que-acontece-quando-voce-toma-sol-nos-primeiros-20-minutos-do-dia\/","url":"https:\/\/www.correiobraziliense.com.br\/cbradar\/o-que-acontece-quando-voce-toma-sol-nos-primeiros-20-minutos-do-dia\/","name":"O que acontece quando voc\u00ea toma sol nos primeiros 20 minutos do dia? - Correio Braziliense - Radar","isPartOf":{"@id":"https:\/\/www.correiobraziliense.com.br\/cbradar\/#website"},"primaryImageOfPage":{"@id":"https:\/\/www.correiobraziliense.com.br\/cbradar\/o-que-acontece-quando-voce-toma-sol-nos-primeiros-20-minutos-do-dia\/#primaryimage"},"image":{"@id":"https:\/\/www.correiobraziliense.com.br\/cbradar\/o-que-acontece-quando-voce-toma-sol-nos-primeiros-20-minutos-do-dia\/#primaryimage"},"thumbnailUrl":"https:\/\/www.correiobraziliense.com.br\/cbradar\/wp-content\/uploads\/2026\/01\/aaa-2026-01-25T144611.591.png","datePublished":"2026-01-26T13:15:00+00:00","author":{"@id":"https:\/\/www.correiobraziliense.com.br\/cbradar\/#\/schema\/person\/4053c651a9bfc785afc6f4cbc9032fd3"},"description":"Descubra o que acontece no corpo ao tomar sol nos primeiros 20 minutos do dia e por que especialistas consideram esse h\u00e1bito importante.","breadcrumb":{"@id":"https:\/\/www.correiobraziliense.com.br\/cbradar\/o-que-acontece-quando-voce-toma-sol-nos-primeiros-20-minutos-do-dia\/#breadcrumb"},"inLanguage":"pt-BR","potentialAction":[{"@type":"ReadAction","target":["https:\/\/www.correiobraziliense.com.br\/cbradar\/o-que-acontece-quando-voce-toma-sol-nos-primeiros-20-minutos-do-dia\/"]}]},{"@type":"ImageObject","inLanguage":"pt-BR","@id":"https:\/\/www.correiobraziliense.com.br\/cbradar\/o-que-acontece-quando-voce-toma-sol-nos-primeiros-20-minutos-do-dia\/#primaryimage","url":"https:\/\/www.correiobraziliense.com.br\/cbradar\/wp-content\/uploads\/2026\/01\/aaa-2026-01-25T144611.591.png","contentUrl":"https:\/\/www.correiobraziliense.com.br\/cbradar\/wp-content\/uploads\/2026\/01\/aaa-2026-01-25T144611.591.png","width":1280,"height":720,"caption":"Neurocientistas apontam que o rel\u00f3gio circadiano \u00e9 ativado principalmente pela exposi\u00e7\u00e3o direta \u00e0 luz externa."},{"@type":"BreadcrumbList","@id":"https:\/\/www.correiobraziliense.com.br\/cbradar\/o-que-acontece-quando-voce-toma-sol-nos-primeiros-20-minutos-do-dia\/#breadcrumb","itemListElement":[{"@type":"ListItem","position":1,"name":"In\u00edcio","item":"https:\/\/www.correiobraziliense.com.br\/cbradar\/"},{"@type":"ListItem","position":2,"name":"O que acontece quando voc\u00ea toma sol nos primeiros 20 minutos do dia?"}]},{"@type":"WebSite","@id":"https:\/\/www.correiobraziliense.com.br\/cbradar\/#website","url":"https:\/\/www.correiobraziliense.com.br\/cbradar\/","name":"Correio Braziliense - Radar","description":"Acompanhe as \u00faltimas not\u00edcias e fique bem informado sobre tudo o que acontece no Brasil e no mundo.","potentialAction":[{"@type":"SearchAction","target":{"@type":"EntryPoint","urlTemplate":"https:\/\/www.correiobraziliense.com.br\/cbradar\/?s={search_term_string}"},"query-input":{"@type":"PropertyValueSpecification","valueRequired":true,"valueName":"search_term_string"}}],"inLanguage":"pt-BR"},{"@type":"Person","@id":"https:\/\/www.correiobraziliense.com.br\/cbradar\/#\/schema\/person\/4053c651a9bfc785afc6f4cbc9032fd3","name":"Maura Pereira","image":{"@type":"ImageObject","inLanguage":"pt-BR","@id":"https:\/\/www.correiobraziliense.com.br\/cbradar\/#\/schema\/person\/image\/","url":"https:\/\/secure.gravatar.com\/avatar\/3effd6bdadfa447f15089c7f7144eaa6?s=96&d=mm&r=g","contentUrl":"https:\/\/secure.gravatar.com\/avatar\/3effd6bdadfa447f15089c7f7144eaa6?s=96&d=mm&r=g","caption":"Maura Pereira"},"sameAs":["https:\/\/www.correiobraziliense.com.br\/"],"url":"https:\/\/www.correiobraziliense.com.br\/cbradar\/author\/mauramyth\/"}]}},"_links":{"self":[{"href":"https:\/\/www.correiobraziliense.com.br\/cbradar\/wp-json\/wp\/v2\/posts\/181307","targetHints":{"allow":["GET"]}}],"collection":[{"href":"https:\/\/www.correiobraziliense.com.br\/cbradar\/wp-json\/wp\/v2\/posts"}],"about":[{"href":"https:\/\/www.correiobraziliense.com.br\/cbradar\/wp-json\/wp\/v2\/types\/post"}],"author":[{"embeddable":true,"href":"https:\/\/www.correiobraziliense.com.br\/cbradar\/wp-json\/wp\/v2\/users\/8"}],"replies":[{"embeddable":true,"href":"https:\/\/www.correiobraziliense.com.br\/cbradar\/wp-json\/wp\/v2\/comments?post=181307"}],"version-history":[{"count":2,"href":"https:\/\/www.correiobraziliense.com.br\/cbradar\/wp-json\/wp\/v2\/posts\/181307\/revisions"}],"predecessor-version":[{"id":181314,"href":"https:\/\/www.correiobraziliense.com.br\/cbradar\/wp-json\/wp\/v2\/posts\/181307\/revisions\/181314"}],"wp:featuredmedia":[{"embeddable":true,"href":"https:\/\/www.correiobraziliense.com.br\/cbradar\/wp-json\/wp\/v2\/media\/181311"}],"wp:attachment":[{"href":"https:\/\/www.correiobraziliense.com.br\/cbradar\/wp-json\/wp\/v2\/media?parent=181307"}],"wp:term":[{"taxonomy":"category","embeddable":true,"href":"https:\/\/www.correiobraziliense.com.br\/cbradar\/wp-json\/wp\/v2\/categories?post=181307"},{"taxonomy":"post_tag","embeddable":true,"href":"https:\/\/www.correiobraziliense.com.br\/cbradar\/wp-json\/wp\/v2\/tags?post=181307"}],"curies":[{"name":"wp","href":"https:\/\/api.w.org\/{rel}","templated":true}]}}