{"id":181360,"date":"2026-01-26T07:45:00","date_gmt":"2026-01-26T10:45:00","guid":{"rendered":"https:\/\/www.correiobraziliense.com.br\/cbradar\/?p=181360"},"modified":"2026-01-25T15:26:07","modified_gmt":"2026-01-25T18:26:07","slug":"esse-cuidado-simples-evita-sujeira-escondida-no-alimentos","status":"publish","type":"post","link":"https:\/\/www.correiobraziliense.com.br\/cbradar\/esse-cuidado-simples-evita-sujeira-escondida-no-alimentos\/","title":{"rendered":"Esse cuidado simples evita sujeira escondida no alimentos"},"content":{"rendered":"\n<p>O cuidado com a <strong>Higieniza\u00e7\u00e3o dos Alimentos<\/strong> \u00e9 essencial para garantir a seguran\u00e7a e a qualidade dos ingredientes consumidos diariamente. Entre os vegetais mais consumidos est\u00e1 o br\u00f3colis, que, devido \u00e0 sua forma peculiar, pode esconder impurezas e microrganismos. A limpeza adequada desse vegetal \u00e9 fundamental para remover res\u00edduos indesejados e preservar sua integridade nutricional.<\/p>\n\n\n\n<p>O processo de limpeza do br\u00f3colis deve come\u00e7ar na escolha do produto no mercado. Optar por ma\u00e7os com colora\u00e7\u00e3o verde vibrante, firmeza e aus\u00eancia de manchas escuras \u00e9 o primeiro passo. Em casa, antes de iniciar a higieniza\u00e7\u00e3o, deve-se descartar eventuais partes danificadas. A \u00e1gua corrente \u00e9 o m\u00e9todo mais eficaz e amplamente recomendado, j\u00e1 que sua a\u00e7\u00e3o mec\u00e2nica associada ao manuseio suave garante a remo\u00e7\u00e3o de sujeira e microrganismos vis\u00edveis.<\/p>\n\n\n\n<h2 class=\"wp-block-heading\">Quais s\u00e3o os m\u00e9todos eficazes de higieniza\u00e7\u00e3o?<\/h2>\n\n\n\n<p>Uma vez selecionado o br\u00f3colis, \u00e9 aconselh\u00e1vel separ\u00e1-lo em floretes menores para facilitar a limpeza entre suas ramifica\u00e7\u00f5es. A \u00e1gua deve ser corrente, e o tempo de enx\u00e1gue ideal \u00e9 de aproximadamente um minuto para cada parte, sempre esfregando suavemente com as m\u00e3os. Al\u00e9m disso, virar os floretes para que a \u00e1gua entre entre os bot\u00f5es \u00e9 uma pr\u00e1tica recomendada.<\/p>\n\n\n<div class=\"wp-block-image\">\n<figure class=\"aligncenter size-large\"><img decoding=\"async\" width=\"1024\" height=\"576\" src=\"https:\/\/www.correiobraziliense.com.br\/cbradar\/wp-content\/uploads\/2026\/01\/Higienizacao-dos-Alimentos_1769365526660-1024x576.jpg\" alt=\"\" class=\"wp-image-181370\" srcset=\"https:\/\/www.correiobraziliense.com.br\/cbradar\/wp-content\/uploads\/2026\/01\/Higienizacao-dos-Alimentos_1769365526660-1024x576.jpg 1024w, https:\/\/www.correiobraziliense.com.br\/cbradar\/wp-content\/uploads\/2026\/01\/Higienizacao-dos-Alimentos_1769365526660-300x169.jpg 300w, https:\/\/www.correiobraziliense.com.br\/cbradar\/wp-content\/uploads\/2026\/01\/Higienizacao-dos-Alimentos_1769365526660-768x432.jpg 768w, https:\/\/www.correiobraziliense.com.br\/cbradar\/wp-content\/uploads\/2026\/01\/Higienizacao-dos-Alimentos_1769365526660-750x422.jpg 750w, https:\/\/www.correiobraziliense.com.br\/cbradar\/wp-content\/uploads\/2026\/01\/Higienizacao-dos-Alimentos_1769365526660-1140x641.jpg 1140w, https:\/\/www.correiobraziliense.com.br\/cbradar\/wp-content\/uploads\/2026\/01\/Higienizacao-dos-Alimentos_1769365526660.jpg 1280w\" sizes=\"(max-width: 1024px) 100vw, 1024px\" \/><figcaption class=\"wp-element-caption\">Higieniza\u00e7\u00e3o dos Alimentos &#8211; Cr\u00e9ditos: depositphotos.com \/ AllaSerebrina<\/figcaption><\/figure><\/div>\n\n\n<p>Para quem deseja refor\u00e7ar a higieniza\u00e7\u00e3o, uma solu\u00e7\u00e3o clorada caseira pode ser utilizada. Misturar uma colher de sopa de \u00e1gua sanit\u00e1ria com um litro de \u00e1gua cria uma solu\u00e7\u00e3o que auxilia na remo\u00e7\u00e3o de micr\u00f3bios que a \u00e1gua corrente n\u00e3o consegue alcan\u00e7ar. Usar sanitizantes apropriados para hortifr\u00fatis, geralmente encontrados em supermercados, tamb\u00e9m \u00e9 uma op\u00e7\u00e3o v\u00e1lida.<\/p>\n\n\n\n<h2 class=\"wp-block-heading\">\u00c9 necess\u00e1rio usar bicarbonato de s\u00f3dio para lavar o br\u00f3colis?<\/h2>\n\n\n\n<p>O uso de bicarbonato de s\u00f3dio tem ganhado popularidade como refor\u00e7o na limpeza de br\u00f3colis e outros vegetais, devido \u00e0 sua capacidade de remover res\u00edduos de pesticidas. Em uma propor\u00e7\u00e3o de 1% de bicarbonato na \u00e1gua, essa pr\u00e1tica pode ajudar a limpar ainda mais a superf\u00edcie dos vegetais. No entanto, pesquisas indicam que a lavagem em \u00e1gua corrente \u00e9 suficiente para a maioria das fam\u00edlias, considerando que as ag\u00eancias reguladoras mant\u00eam padr\u00f5es seguros para os n\u00edveis de pesticidas nos alimentos vendidos ao consumidor.<\/p>\n\n\n\n<h2 class=\"wp-block-heading\">O que evitar durante a limpeza do br\u00f3colis?<\/h2>\n\n\n\n<p>Embora a higiene seja crucial, \u00e9 importante ter cuidado para n\u00e3o comprometer a seguran\u00e7a alimentar. Produtos como sab\u00e3o e detergentes n\u00e3o devem ser usados para lavar alimentos, pois n\u00e3o s\u00e3o pr\u00f3prios para o consumo humano e podem deixar res\u00edduos prejudiciais. Al\u00e9m disso, \u00e9 desaconselhado guardar br\u00f3colis molhado na geladeira por muito tempo, pois isso pode fomentar a prolifera\u00e7\u00e3o de microrganismos.<\/p>\n\n\n\n<p>Previna-se tamb\u00e9m de usar \u00e1gua muito quente durante a lavagem, pois pode cozinhar a superf\u00edcie dos floretes e alterar textura e sabor. Essas pr\u00e1ticas simples, se seguidas regularmente, garantem n\u00e3o apenas a seguran\u00e7a alimentar, mas tamb\u00e9m preservam as qualidades nutricionais do br\u00f3colis, tornando-o um ingrediente seguro e <a href=\"https:\/\/www.correiobraziliense.com.br\/cbradar\/wp-admin\/post.php?post=179552&amp;action=edit\" target=\"_blank\" rel=\"noreferrer noopener\">saud\u00e1vel <\/a>na dieta di\u00e1ria.<\/p>\n\n\n\n<p>Com esse cuidado na higieniza\u00e7\u00e3o, o consumo de br\u00f3colis e outros vegetais \u00e9 seguro, contribuindo para uma alimenta\u00e7\u00e3o balanceada e rica em benef\u00edcios nutricionais. Promover pr\u00e1ticas corretas de limpeza n\u00e3o apenas acelera a prepara\u00e7\u00e3o das refei\u00e7\u00f5es, mas tamb\u00e9m assegura que o alimento seja consumido com confian\u00e7a e seguran\u00e7a.<\/p>\n\n\n<a href=\"https:\/\/www.instagram.com\/dra.annaluisabf\/\" target=\"_blank\" rel=\"noopener\" style=\"text-decoration: none; color: inherit;\">\n    <span style=\"display: inline-block; border: 1px solid #ccc; border-radius: 10px; padding: 15px; max-width: 550px; font-family: sans-serif; box-shadow: 0 2px 5px rgba(0,0,0,0.1); width: 100%;\">\n\n      <!-- T\u00edtulo -->\n      <span style=\"display: block; margin: 0 0 15px 0; font-weight: bold; color: #2c3e50; text-align: center;\">\n        Entre em contato:\n      <\/span>\n\n      <!-- Linha do perfil -->\n      <span style=\"display: flex; align-items: center; gap: 15px;\">\n        <img decoding=\"async\"\n          src=\"https:\/\/www.correiobraziliense.com.br\/cbradar\/wp-content\/uploads\/2025\/08\/dra_anna_luisa.jpeg\"\n          alt=\"Foto da Dra. Anna Lu\u00edsa\"\n          style=\"border-radius: 50%; width: 80px; height: 80px; object-fit: cover;\"\n        \/>\n        <span style=\"display: flex; flex-direction: column;\">\n          <span style=\"font-size: 18px; font-weight: 700; color: #2c3e50;\">Dra. Anna Lu\u00edsa Barbosa Fernandes<\/span>\n          <span style=\"color: #555;\">CRM-GO 33.271<\/span>\n        <\/span>\n      <\/span>\n\n      <!-- Redes -->\n      <span style=\"display: flex; align-items: center; gap: 10px; margin-top: 12px;\">\n        <img decoding=\"async\" src=\"https:\/\/cdn-icons-png.flaticon.com\/24\/1384\/1384063.png\" alt=\"Instagram\" width=\"24\" height=\"24\" \/>\n        <span style=\"text-decoration: underline; color: #2c3e50;\">@dra.annaluisabf<\/span>\n      <\/span>\n\n    <\/span>\n  <\/a>","protected":false},"excerpt":{"rendered":"<p>O cuidado com a Higieniza\u00e7\u00e3o dos Alimentos \u00e9 essencial para garantir a seguran\u00e7a e a qualidade dos ingredientes consumidos diariamente. Entre os vegetais mais consumidos est\u00e1 o br\u00f3colis, que, devido \u00e0 sua forma peculiar, pode esconder impurezas e microrganismos. A limpeza adequada desse vegetal \u00e9 fundamental para remover res\u00edduos indesejados e preservar sua integridade nutricional. [&hellip;]<\/p>\n","protected":false},"author":14,"featured_media":181366,"comment_status":"open","ping_status":"open","sticky":false,"template":"","format":"standard","meta":{"_yoast_wpseo_focuskw":"Higieniza\u00e7\u00e3o dos Alimentos","_yoast_wpseo_title":"","_yoast_wpseo_metadesc":"Lavar br\u00f3colis corretamente ajuda a remover sujeira e microrganismos. Veja quais cuidados fazem diferen\u00e7a na seguran\u00e7a do alimento.","jnews-multi-image_gallery":[],"jnews_single_post":{"format":"standard"},"jnews_primary_category":[],"jnews_social_meta":[],"jnews_override_counter":[],"footnotes":""},"categories":[4404],"tags":[281,120,247,1318],"class_list":["post-181360","post","type-post","status-publish","format-standard","has-post-thumbnail","hentry","category-saude","tag-alimentacao","tag-bem-estar","tag-qualidade-de-vida","tag-saude-2"],"yoast_head":"<!-- This site is optimized with the Yoast SEO plugin v24.6 - https:\/\/yoast.com\/wordpress\/plugins\/seo\/ -->\n<title>Esse cuidado simples evita sujeira escondida no alimentos - Correio Braziliense - Radar<\/title>\n<meta name=\"description\" content=\"Lavar br\u00f3colis corretamente ajuda a remover sujeira e microrganismos. Veja quais cuidados fazem diferen\u00e7a na seguran\u00e7a do alimento.\" \/>\n<meta name=\"robots\" content=\"index, follow, max-snippet:-1, max-image-preview:large, max-video-preview:-1\" \/>\n<link rel=\"canonical\" href=\"https:\/\/www.correiobraziliense.com.br\/cbradar\/esse-cuidado-simples-evita-sujeira-escondida-no-alimentos\/\" \/>\n<meta property=\"og:locale\" content=\"pt_BR\" \/>\n<meta property=\"og:type\" content=\"article\" \/>\n<meta property=\"og:title\" content=\"Esse cuidado simples evita sujeira escondida no alimentos - Correio Braziliense - Radar\" \/>\n<meta property=\"og:description\" content=\"Lavar br\u00f3colis corretamente ajuda a remover sujeira e microrganismos. Veja quais cuidados fazem diferen\u00e7a na seguran\u00e7a do alimento.\" \/>\n<meta property=\"og:url\" content=\"https:\/\/www.correiobraziliense.com.br\/cbradar\/esse-cuidado-simples-evita-sujeira-escondida-no-alimentos\/\" \/>\n<meta property=\"og:site_name\" content=\"Correio Braziliense - Radar\" \/>\n<meta property=\"article:published_time\" content=\"2026-01-26T10:45:00+00:00\" \/>\n<meta property=\"og:image\" content=\"https:\/\/www.correiobraziliense.com.br\/cbradar\/wp-content\/uploads\/2026\/01\/Higienizacao-dos-Alimentos_1769365474003.jpg\" \/>\n\t<meta property=\"og:image:width\" content=\"1280\" \/>\n\t<meta property=\"og:image:height\" content=\"720\" \/>\n\t<meta property=\"og:image:type\" content=\"image\/jpeg\" \/>\n<meta name=\"author\" content=\"guilherme_saude\" \/>\n<meta name=\"twitter:card\" content=\"summary_large_image\" \/>\n<meta name=\"twitter:label1\" content=\"Escrito por\" \/>\n\t<meta name=\"twitter:data1\" content=\"guilherme_saude\" \/>\n\t<meta name=\"twitter:label2\" content=\"Est. tempo de leitura\" \/>\n\t<meta name=\"twitter:data2\" content=\"4 minutos\" \/>\n<!-- \/ Yoast SEO plugin. -->","yoast_head_json":{"title":"Esse cuidado simples evita sujeira escondida no alimentos - Correio Braziliense - Radar","description":"Lavar br\u00f3colis corretamente ajuda a remover sujeira e microrganismos. Veja quais cuidados fazem diferen\u00e7a na seguran\u00e7a do alimento.","robots":{"index":"index","follow":"follow","max-snippet":"max-snippet:-1","max-image-preview":"max-image-preview:large","max-video-preview":"max-video-preview:-1"},"canonical":"https:\/\/www.correiobraziliense.com.br\/cbradar\/esse-cuidado-simples-evita-sujeira-escondida-no-alimentos\/","og_locale":"pt_BR","og_type":"article","og_title":"Esse cuidado simples evita sujeira escondida no alimentos - Correio Braziliense - Radar","og_description":"Lavar br\u00f3colis corretamente ajuda a remover sujeira e microrganismos. Veja quais cuidados fazem diferen\u00e7a na seguran\u00e7a do alimento.","og_url":"https:\/\/www.correiobraziliense.com.br\/cbradar\/esse-cuidado-simples-evita-sujeira-escondida-no-alimentos\/","og_site_name":"Correio Braziliense - Radar","article_published_time":"2026-01-26T10:45:00+00:00","og_image":[{"width":1280,"height":720,"url":"https:\/\/www.correiobraziliense.com.br\/cbradar\/wp-content\/uploads\/2026\/01\/Higienizacao-dos-Alimentos_1769365474003.jpg","type":"image\/jpeg"}],"author":"guilherme_saude","twitter_card":"summary_large_image","twitter_misc":{"Escrito por":"guilherme_saude","Est. tempo de leitura":"4 minutos"},"schema":{"@context":"https:\/\/schema.org","@graph":[{"@type":"WebPage","@id":"https:\/\/www.correiobraziliense.com.br\/cbradar\/esse-cuidado-simples-evita-sujeira-escondida-no-alimentos\/","url":"https:\/\/www.correiobraziliense.com.br\/cbradar\/esse-cuidado-simples-evita-sujeira-escondida-no-alimentos\/","name":"Esse cuidado simples evita sujeira escondida no alimentos - Correio Braziliense - Radar","isPartOf":{"@id":"https:\/\/www.correiobraziliense.com.br\/cbradar\/#website"},"primaryImageOfPage":{"@id":"https:\/\/www.correiobraziliense.com.br\/cbradar\/esse-cuidado-simples-evita-sujeira-escondida-no-alimentos\/#primaryimage"},"image":{"@id":"https:\/\/www.correiobraziliense.com.br\/cbradar\/esse-cuidado-simples-evita-sujeira-escondida-no-alimentos\/#primaryimage"},"thumbnailUrl":"https:\/\/www.correiobraziliense.com.br\/cbradar\/wp-content\/uploads\/2026\/01\/Higienizacao-dos-Alimentos_1769365474003.jpg","datePublished":"2026-01-26T10:45:00+00:00","author":{"@id":"https:\/\/www.correiobraziliense.com.br\/cbradar\/#\/schema\/person\/5aa4bf3c8fa699c267933611de12978b"},"description":"Lavar br\u00f3colis corretamente ajuda a remover sujeira e microrganismos. Veja quais cuidados fazem diferen\u00e7a na seguran\u00e7a do alimento.","breadcrumb":{"@id":"https:\/\/www.correiobraziliense.com.br\/cbradar\/esse-cuidado-simples-evita-sujeira-escondida-no-alimentos\/#breadcrumb"},"inLanguage":"pt-BR","potentialAction":[{"@type":"ReadAction","target":["https:\/\/www.correiobraziliense.com.br\/cbradar\/esse-cuidado-simples-evita-sujeira-escondida-no-alimentos\/"]}]},{"@type":"ImageObject","inLanguage":"pt-BR","@id":"https:\/\/www.correiobraziliense.com.br\/cbradar\/esse-cuidado-simples-evita-sujeira-escondida-no-alimentos\/#primaryimage","url":"https:\/\/www.correiobraziliense.com.br\/cbradar\/wp-content\/uploads\/2026\/01\/Higienizacao-dos-Alimentos_1769365474003.jpg","contentUrl":"https:\/\/www.correiobraziliense.com.br\/cbradar\/wp-content\/uploads\/2026\/01\/Higienizacao-dos-Alimentos_1769365474003.jpg","width":1280,"height":720,"caption":"Higieniza\u00e7\u00e3o dos Alimentos - Cr\u00e9ditos: depositphotos.com \/ AndrewLozovyi"},{"@type":"BreadcrumbList","@id":"https:\/\/www.correiobraziliense.com.br\/cbradar\/esse-cuidado-simples-evita-sujeira-escondida-no-alimentos\/#breadcrumb","itemListElement":[{"@type":"ListItem","position":1,"name":"In\u00edcio","item":"https:\/\/www.correiobraziliense.com.br\/cbradar\/"},{"@type":"ListItem","position":2,"name":"Esse cuidado simples evita sujeira escondida no alimentos"}]},{"@type":"WebSite","@id":"https:\/\/www.correiobraziliense.com.br\/cbradar\/#website","url":"https:\/\/www.correiobraziliense.com.br\/cbradar\/","name":"Correio Braziliense - Radar","description":"Acompanhe as \u00faltimas not\u00edcias e fique bem informado sobre tudo o que acontece no Brasil e no mundo.","potentialAction":[{"@type":"SearchAction","target":{"@type":"EntryPoint","urlTemplate":"https:\/\/www.correiobraziliense.com.br\/cbradar\/?s={search_term_string}"},"query-input":{"@type":"PropertyValueSpecification","valueRequired":true,"valueName":"search_term_string"}}],"inLanguage":"pt-BR"},{"@type":"Person","@id":"https:\/\/www.correiobraziliense.com.br\/cbradar\/#\/schema\/person\/5aa4bf3c8fa699c267933611de12978b","name":"guilherme_saude","image":{"@type":"ImageObject","inLanguage":"pt-BR","@id":"https:\/\/www.correiobraziliense.com.br\/cbradar\/#\/schema\/person\/image\/","url":"https:\/\/secure.gravatar.com\/avatar\/df9adfb835d344bc0af109d41756253f?s=96&d=mm&r=g","contentUrl":"https:\/\/secure.gravatar.com\/avatar\/df9adfb835d344bc0af109d41756253f?s=96&d=mm&r=g","caption":"guilherme_saude"},"url":"https:\/\/www.correiobraziliense.com.br\/cbradar\/author\/guilherme_saude\/"}]}},"_links":{"self":[{"href":"https:\/\/www.correiobraziliense.com.br\/cbradar\/wp-json\/wp\/v2\/posts\/181360","targetHints":{"allow":["GET"]}}],"collection":[{"href":"https:\/\/www.correiobraziliense.com.br\/cbradar\/wp-json\/wp\/v2\/posts"}],"about":[{"href":"https:\/\/www.correiobraziliense.com.br\/cbradar\/wp-json\/wp\/v2\/types\/post"}],"author":[{"embeddable":true,"href":"https:\/\/www.correiobraziliense.com.br\/cbradar\/wp-json\/wp\/v2\/users\/14"}],"replies":[{"embeddable":true,"href":"https:\/\/www.correiobraziliense.com.br\/cbradar\/wp-json\/wp\/v2\/comments?post=181360"}],"version-history":[{"count":1,"href":"https:\/\/www.correiobraziliense.com.br\/cbradar\/wp-json\/wp\/v2\/posts\/181360\/revisions"}],"predecessor-version":[{"id":181371,"href":"https:\/\/www.correiobraziliense.com.br\/cbradar\/wp-json\/wp\/v2\/posts\/181360\/revisions\/181371"}],"wp:featuredmedia":[{"embeddable":true,"href":"https:\/\/www.correiobraziliense.com.br\/cbradar\/wp-json\/wp\/v2\/media\/181366"}],"wp:attachment":[{"href":"https:\/\/www.correiobraziliense.com.br\/cbradar\/wp-json\/wp\/v2\/media?parent=181360"}],"wp:term":[{"taxonomy":"category","embeddable":true,"href":"https:\/\/www.correiobraziliense.com.br\/cbradar\/wp-json\/wp\/v2\/categories?post=181360"},{"taxonomy":"post_tag","embeddable":true,"href":"https:\/\/www.correiobraziliense.com.br\/cbradar\/wp-json\/wp\/v2\/tags?post=181360"}],"curies":[{"name":"wp","href":"https:\/\/api.w.org\/{rel}","templated":true}]}}