{"id":181372,"date":"2026-01-26T09:35:00","date_gmt":"2026-01-26T12:35:00","guid":{"rendered":"https:\/\/www.correiobraziliense.com.br\/cbradar\/?p=181372"},"modified":"2026-01-25T15:31:25","modified_gmt":"2026-01-25T18:31:25","slug":"apos-uso-de-mounjaro-mulher-e-diagnosticada-com-sindrome-de-guillain-barre","status":"publish","type":"post","link":"https:\/\/www.correiobraziliense.com.br\/cbradar\/apos-uso-de-mounjaro-mulher-e-diagnosticada-com-sindrome-de-guillain-barre\/","title":{"rendered":"Ap\u00f3s uso de Mounjaro, mulher \u00e9 diagnosticada com s\u00edndrome de Guillain-Barr\u00e9"},"content":{"rendered":"\n<h3 class=\"wp-block-heading\">A\u00a0<strong>S\u00edndrome de Guillain-Barr\u00e9<\/strong>\u00a0\u00e9 um dist\u00farbio autoimune raro que afeta o sistema nervoso perif\u00e9rico. Segundo dados do Minist\u00e9rio da Sa\u00fade, sua incid\u00eancia anual \u00e9 de um a quatro casos a cada 100 mil habitantes. Normalmente, este dist\u00farbio ocorre quando o pr\u00f3prio sistema imunol\u00f3gico do corpo ataca os nervos perif\u00e9ricos, respons\u00e1veis pela comunica\u00e7\u00e3o entre o c\u00e9rebro e o resto do corpo. A doen\u00e7a pode ser desencadeada por uma infec\u00e7\u00e3o, sendo a bact\u00e9ria\u00a0<em>Campylobacter jejuni<\/em>\u00a0uma das causas mais comuns.<\/h3>\n\n\n\n<p>Al\u00e9m da&nbsp;<em>Campylobacter<\/em>, outras infec\u00e7\u00f5es virais tamb\u00e9m est\u00e3o associadas \u00e0 s\u00edndrome, incluindo o zika v\u00edrus, dengue, chikungunya, sarampo e influenza A. A manifesta\u00e7\u00e3o da doen\u00e7a costuma acontecer semanas ap\u00f3s a infec\u00e7\u00e3o prim\u00e1ria, momento em que o sistema imunol\u00f3gico come\u00e7a a atacar erroneamente os nervos. Este ataque pode levar a uma s\u00e9rie de sintomas diversos, que variam de acordo com a pessoa afetada.<\/p>\n\n\n\n<h2 class=\"wp-block-heading\">Quais s\u00e3o os principais sintomas da s\u00edndrome?<\/h2>\n\n\n\n<p>Os sintomas da S\u00edndrome de Guillain-Barr\u00e9 s\u00e3o notoriamente variados, mas frequentemente come\u00e7am com uma sensa\u00e7\u00e3o de formigamento e dorm\u00eancia. Estas sensa\u00e7\u00f5es geralmente iniciam nos p\u00e9s e nas pernas, podendo progredir para os bra\u00e7os, m\u00e3os e at\u00e9 mesmo para o t\u00f3rax. Paralelamente, os pacientes podem experimentar fraqueza muscular progressiva, uma vez que os nervos danificados come\u00e7am a falhar em suas transmiss\u00f5es.<\/p>\n\n\n<div class=\"wp-block-image\">\n<figure class=\"aligncenter size-large\"><img decoding=\"async\" width=\"1024\" height=\"576\" src=\"https:\/\/www.correiobraziliense.com.br\/cbradar\/wp-content\/uploads\/2026\/01\/Guillain-Barre_1769365847602-1024x576.jpg\" alt=\"\" class=\"wp-image-181377\" srcset=\"https:\/\/www.correiobraziliense.com.br\/cbradar\/wp-content\/uploads\/2026\/01\/Guillain-Barre_1769365847602-1024x576.jpg 1024w, https:\/\/www.correiobraziliense.com.br\/cbradar\/wp-content\/uploads\/2026\/01\/Guillain-Barre_1769365847602-300x169.jpg 300w, https:\/\/www.correiobraziliense.com.br\/cbradar\/wp-content\/uploads\/2026\/01\/Guillain-Barre_1769365847602-768x432.jpg 768w, https:\/\/www.correiobraziliense.com.br\/cbradar\/wp-content\/uploads\/2026\/01\/Guillain-Barre_1769365847602-750x422.jpg 750w, https:\/\/www.correiobraziliense.com.br\/cbradar\/wp-content\/uploads\/2026\/01\/Guillain-Barre_1769365847602-1140x641.jpg 1140w, https:\/\/www.correiobraziliense.com.br\/cbradar\/wp-content\/uploads\/2026\/01\/Guillain-Barre_1769365847602.jpg 1280w\" sizes=\"(max-width: 1024px) 100vw, 1024px\" \/><figcaption class=\"wp-element-caption\">S\u00edndrome de Guillain-Barr\u00e9 &#8211; Cr\u00e9ditos: depositphotos.com \/ Chinnapong<\/figcaption><\/figure><\/div>\n\n\n<p>Al\u00e9m dos sintomas iniciais mencionados, outras manifesta\u00e7\u00f5es da s\u00edndrome incluem sonol\u00eancia, confus\u00e3o mental, perda da coordena\u00e7\u00e3o muscular, vis\u00e3o dupla e tremores. Esse espectro de sintomas pode complicar o diagn\u00f3stico inicial, pois eles tamb\u00e9m s\u00e3o comumente atribu\u00eddos a outras condi\u00e7\u00f5es de sa\u00fade.<\/p>\n\n\n\n<h2 class=\"wp-block-heading\">Como \u00e9 feito o diagn\u00f3stico e o tratamento?<\/h2>\n\n\n\n<p>O diagn\u00f3stico da <strong>S\u00edndrome de Guillain-Barr\u00e9<\/strong> frequentemente envolve uma s\u00e9rie de exames cl\u00ednicos e laboratoriais. Testes de condu\u00e7\u00e3o nervosa e eletromiografia s\u00e3o usados para examinar a fun\u00e7\u00e3o dos nervos e identificar qualquer dano. O hist\u00f3rico cl\u00ednico do paciente, incluindo infec\u00e7\u00f5es recentes, tamb\u00e9m \u00e9 uma pe\u00e7a chave no processo <a href=\"https:\/\/www.correiobraziliense.com.br\/cbradar\/wp-admin\/post.php?post=179552&amp;action=edit\" target=\"_blank\" rel=\"noreferrer noopener\">diagn\u00f3stico<\/a>.<\/p>\n\n\n\n<p>O tratamento da s\u00edndrome visa reduzir a progress\u00e3o dos sintomas e apoiar a recupera\u00e7\u00e3o dos nervos. A plasmaf\u00e9rese e a imunoglobulina intravenosa s\u00e3o tratamentos comuns, conhecidos por ajudar a aliviar o ataque do sistema imunol\u00f3gico aos nervos. Em casos severos, a fisioterapia \u00e9 crucial para ajudar pacientes a recuperarem a for\u00e7a muscular e melhorarem a mobilidade.<\/p>\n\n\n\n<h2 class=\"wp-block-heading\">Quais s\u00e3o as perspectivas de recupera\u00e7\u00e3o?<\/h2>\n\n\n\n<p>A recupera\u00e7\u00e3o da <strong>S\u00edndrome de Guillain-Barr\u00e9<\/strong> varia significativamente de pessoa para pessoa, mas muitos indiv\u00edduos conseguem se recuperar totalmente com o tratamento adequado. O tempo de recupera\u00e7\u00e3o pode variar de semanas a meses, ou at\u00e9 mesmo anos, dependendo da gravidade do caso. Durante o processo de recupera\u00e7\u00e3o, \u00e9 essencial que os pacientes recebam cuidados de suporte cont\u00ednuo, incluindo fisioterapia e acompanhamento m\u00e9dico.<\/p>\n\n\n\n<p>Embora a <strong>S\u00edndrome de Guillain-Barr\u00e9<\/strong> seja uma condi\u00e7\u00e3o rara, seu impacto pode ser severo, raz\u00e3o pela qual o diagn\u00f3stico e tratamento precoces s\u00e3o cruciais para melhorar as chances de recupera\u00e7\u00e3o. Com o apoio m\u00e9dico certo e a continuidade dos cuidados, muitos pacientes conseguem retornar a uma vida normal ap\u00f3s a recupera\u00e7\u00e3o.<\/p>\n\n\n<a href=\"https:\/\/www.instagram.com\/dra.annaluisabf\/\" target=\"_blank\" rel=\"noopener\" style=\"text-decoration: none; color: inherit;\">\n    <span style=\"display: inline-block; border: 1px solid #ccc; border-radius: 10px; padding: 15px; max-width: 550px; font-family: sans-serif; box-shadow: 0 2px 5px rgba(0,0,0,0.1); width: 100%;\">\n\n      <!-- T\u00edtulo -->\n      <span style=\"display: block; margin: 0 0 15px 0; font-weight: bold; color: #2c3e50; text-align: center;\">\n        Entre em contato:\n      <\/span>\n\n      <!-- Linha do perfil -->\n      <span style=\"display: flex; align-items: center; gap: 15px;\">\n        <img decoding=\"async\"\n          src=\"https:\/\/www.correiobraziliense.com.br\/cbradar\/wp-content\/uploads\/2025\/08\/dra_anna_luisa.jpeg\"\n          alt=\"Foto da Dra. Anna Lu\u00edsa\"\n          style=\"border-radius: 50%; width: 80px; height: 80px; object-fit: cover;\"\n        \/>\n        <span style=\"display: flex; flex-direction: column;\">\n          <span style=\"font-size: 18px; font-weight: 700; color: #2c3e50;\">Dra. Anna Lu\u00edsa Barbosa Fernandes<\/span>\n          <span style=\"color: #555;\">CRM-GO 33.271<\/span>\n        <\/span>\n      <\/span>\n\n      <!-- Redes -->\n      <span style=\"display: flex; align-items: center; gap: 10px; margin-top: 12px;\">\n        <img decoding=\"async\" src=\"https:\/\/cdn-icons-png.flaticon.com\/24\/1384\/1384063.png\" alt=\"Instagram\" width=\"24\" height=\"24\" \/>\n        <span style=\"text-decoration: underline; color: #2c3e50;\">@dra.annaluisabf<\/span>\n      <\/span>\n\n    <\/span>\n  <\/a>","protected":false},"excerpt":{"rendered":"<p>A\u00a0S\u00edndrome de Guillain-Barr\u00e9\u00a0\u00e9 um dist\u00farbio autoimune raro que afeta o sistema nervoso perif\u00e9rico. Segundo dados do Minist\u00e9rio da Sa\u00fade, sua incid\u00eancia anual \u00e9 de um a quatro casos a cada 100 mil habitantes. Normalmente, este dist\u00farbio ocorre quando o pr\u00f3prio sistema imunol\u00f3gico do corpo ataca os nervos perif\u00e9ricos, respons\u00e1veis pela comunica\u00e7\u00e3o entre o c\u00e9rebro e [&hellip;]<\/p>\n","protected":false},"author":14,"featured_media":181375,"comment_status":"open","ping_status":"open","sticky":false,"template":"","format":"standard","meta":{"_yoast_wpseo_focuskw":"S\u00edndrome de Guillain-Barr\u00e9","_yoast_wpseo_title":"","_yoast_wpseo_metadesc":"A s\u00edndrome de Guillain-Barr\u00e9 pode surgir ap\u00f3s infec\u00e7\u00f5es e causar fraqueza progressiva. Veja quais sinais exigem aten\u00e7\u00e3o m\u00e9dica.","jnews-multi-image_gallery":[],"jnews_single_post":{"format":"standard"},"jnews_primary_category":[],"jnews_social_meta":[],"jnews_override_counter":[],"footnotes":""},"categories":[4404],"tags":[281,247,1318],"class_list":["post-181372","post","type-post","status-publish","format-standard","has-post-thumbnail","hentry","category-saude","tag-alimentacao","tag-qualidade-de-vida","tag-saude-2"],"yoast_head":"<!-- This site is optimized with the Yoast SEO plugin v24.6 - https:\/\/yoast.com\/wordpress\/plugins\/seo\/ -->\n<title>Ap\u00f3s uso de Mounjaro, mulher \u00e9 diagnosticada com s\u00edndrome de Guillain-Barr\u00e9 - Correio Braziliense - Radar<\/title>\n<meta name=\"description\" content=\"A s\u00edndrome de Guillain-Barr\u00e9 pode surgir ap\u00f3s infec\u00e7\u00f5es e causar fraqueza progressiva. Veja quais sinais exigem aten\u00e7\u00e3o m\u00e9dica.\" \/>\n<meta name=\"robots\" content=\"index, follow, max-snippet:-1, max-image-preview:large, max-video-preview:-1\" \/>\n<link rel=\"canonical\" href=\"https:\/\/www.correiobraziliense.com.br\/cbradar\/apos-uso-de-mounjaro-mulher-e-diagnosticada-com-sindrome-de-guillain-barre\/\" \/>\n<meta property=\"og:locale\" content=\"pt_BR\" \/>\n<meta property=\"og:type\" content=\"article\" \/>\n<meta property=\"og:title\" content=\"Ap\u00f3s uso de Mounjaro, mulher \u00e9 diagnosticada com s\u00edndrome de Guillain-Barr\u00e9 - Correio Braziliense - Radar\" \/>\n<meta property=\"og:description\" content=\"A s\u00edndrome de Guillain-Barr\u00e9 pode surgir ap\u00f3s infec\u00e7\u00f5es e causar fraqueza progressiva. Veja quais sinais exigem aten\u00e7\u00e3o m\u00e9dica.\" \/>\n<meta property=\"og:url\" content=\"https:\/\/www.correiobraziliense.com.br\/cbradar\/apos-uso-de-mounjaro-mulher-e-diagnosticada-com-sindrome-de-guillain-barre\/\" \/>\n<meta property=\"og:site_name\" content=\"Correio Braziliense - Radar\" \/>\n<meta property=\"article:published_time\" content=\"2026-01-26T12:35:00+00:00\" \/>\n<meta property=\"og:image\" content=\"https:\/\/www.correiobraziliense.com.br\/cbradar\/wp-content\/uploads\/2026\/01\/Guillain-Barre_1769365813819.jpg\" \/>\n\t<meta property=\"og:image:width\" content=\"1280\" \/>\n\t<meta property=\"og:image:height\" content=\"720\" \/>\n\t<meta property=\"og:image:type\" content=\"image\/jpeg\" \/>\n<meta name=\"author\" content=\"guilherme_saude\" \/>\n<meta name=\"twitter:card\" content=\"summary_large_image\" \/>\n<meta name=\"twitter:label1\" content=\"Escrito por\" \/>\n\t<meta name=\"twitter:data1\" content=\"guilherme_saude\" \/>\n\t<meta name=\"twitter:label2\" content=\"Est. tempo de leitura\" \/>\n\t<meta name=\"twitter:data2\" content=\"4 minutos\" \/>\n<!-- \/ Yoast SEO plugin. -->","yoast_head_json":{"title":"Ap\u00f3s uso de Mounjaro, mulher \u00e9 diagnosticada com s\u00edndrome de Guillain-Barr\u00e9 - Correio Braziliense - Radar","description":"A s\u00edndrome de Guillain-Barr\u00e9 pode surgir ap\u00f3s infec\u00e7\u00f5es e causar fraqueza progressiva. Veja quais sinais exigem aten\u00e7\u00e3o m\u00e9dica.","robots":{"index":"index","follow":"follow","max-snippet":"max-snippet:-1","max-image-preview":"max-image-preview:large","max-video-preview":"max-video-preview:-1"},"canonical":"https:\/\/www.correiobraziliense.com.br\/cbradar\/apos-uso-de-mounjaro-mulher-e-diagnosticada-com-sindrome-de-guillain-barre\/","og_locale":"pt_BR","og_type":"article","og_title":"Ap\u00f3s uso de Mounjaro, mulher \u00e9 diagnosticada com s\u00edndrome de Guillain-Barr\u00e9 - Correio Braziliense - Radar","og_description":"A s\u00edndrome de Guillain-Barr\u00e9 pode surgir ap\u00f3s infec\u00e7\u00f5es e causar fraqueza progressiva. Veja quais sinais exigem aten\u00e7\u00e3o m\u00e9dica.","og_url":"https:\/\/www.correiobraziliense.com.br\/cbradar\/apos-uso-de-mounjaro-mulher-e-diagnosticada-com-sindrome-de-guillain-barre\/","og_site_name":"Correio Braziliense - Radar","article_published_time":"2026-01-26T12:35:00+00:00","og_image":[{"width":1280,"height":720,"url":"https:\/\/www.correiobraziliense.com.br\/cbradar\/wp-content\/uploads\/2026\/01\/Guillain-Barre_1769365813819.jpg","type":"image\/jpeg"}],"author":"guilherme_saude","twitter_card":"summary_large_image","twitter_misc":{"Escrito por":"guilherme_saude","Est. tempo de leitura":"4 minutos"},"schema":{"@context":"https:\/\/schema.org","@graph":[{"@type":"WebPage","@id":"https:\/\/www.correiobraziliense.com.br\/cbradar\/apos-uso-de-mounjaro-mulher-e-diagnosticada-com-sindrome-de-guillain-barre\/","url":"https:\/\/www.correiobraziliense.com.br\/cbradar\/apos-uso-de-mounjaro-mulher-e-diagnosticada-com-sindrome-de-guillain-barre\/","name":"Ap\u00f3s uso de Mounjaro, mulher \u00e9 diagnosticada com s\u00edndrome de Guillain-Barr\u00e9 - Correio Braziliense - Radar","isPartOf":{"@id":"https:\/\/www.correiobraziliense.com.br\/cbradar\/#website"},"primaryImageOfPage":{"@id":"https:\/\/www.correiobraziliense.com.br\/cbradar\/apos-uso-de-mounjaro-mulher-e-diagnosticada-com-sindrome-de-guillain-barre\/#primaryimage"},"image":{"@id":"https:\/\/www.correiobraziliense.com.br\/cbradar\/apos-uso-de-mounjaro-mulher-e-diagnosticada-com-sindrome-de-guillain-barre\/#primaryimage"},"thumbnailUrl":"https:\/\/www.correiobraziliense.com.br\/cbradar\/wp-content\/uploads\/2026\/01\/Guillain-Barre_1769365813819.jpg","datePublished":"2026-01-26T12:35:00+00:00","author":{"@id":"https:\/\/www.correiobraziliense.com.br\/cbradar\/#\/schema\/person\/5aa4bf3c8fa699c267933611de12978b"},"description":"A s\u00edndrome de Guillain-Barr\u00e9 pode surgir ap\u00f3s infec\u00e7\u00f5es e causar fraqueza progressiva. Veja quais sinais exigem aten\u00e7\u00e3o m\u00e9dica.","breadcrumb":{"@id":"https:\/\/www.correiobraziliense.com.br\/cbradar\/apos-uso-de-mounjaro-mulher-e-diagnosticada-com-sindrome-de-guillain-barre\/#breadcrumb"},"inLanguage":"pt-BR","potentialAction":[{"@type":"ReadAction","target":["https:\/\/www.correiobraziliense.com.br\/cbradar\/apos-uso-de-mounjaro-mulher-e-diagnosticada-com-sindrome-de-guillain-barre\/"]}]},{"@type":"ImageObject","inLanguage":"pt-BR","@id":"https:\/\/www.correiobraziliense.com.br\/cbradar\/apos-uso-de-mounjaro-mulher-e-diagnosticada-com-sindrome-de-guillain-barre\/#primaryimage","url":"https:\/\/www.correiobraziliense.com.br\/cbradar\/wp-content\/uploads\/2026\/01\/Guillain-Barre_1769365813819.jpg","contentUrl":"https:\/\/www.correiobraziliense.com.br\/cbradar\/wp-content\/uploads\/2026\/01\/Guillain-Barre_1769365813819.jpg","width":1280,"height":720,"caption":"S\u00edndrome de Guillain-Barr\u00e9 - Cr\u00e9ditos: depositphotos.com \/ i.samphan@gmail.com"},{"@type":"BreadcrumbList","@id":"https:\/\/www.correiobraziliense.com.br\/cbradar\/apos-uso-de-mounjaro-mulher-e-diagnosticada-com-sindrome-de-guillain-barre\/#breadcrumb","itemListElement":[{"@type":"ListItem","position":1,"name":"In\u00edcio","item":"https:\/\/www.correiobraziliense.com.br\/cbradar\/"},{"@type":"ListItem","position":2,"name":"Ap\u00f3s uso de Mounjaro, mulher \u00e9 diagnosticada com s\u00edndrome de Guillain-Barr\u00e9"}]},{"@type":"WebSite","@id":"https:\/\/www.correiobraziliense.com.br\/cbradar\/#website","url":"https:\/\/www.correiobraziliense.com.br\/cbradar\/","name":"Correio Braziliense - Radar","description":"Acompanhe as \u00faltimas not\u00edcias e fique bem informado sobre tudo o que acontece no Brasil e no mundo.","potentialAction":[{"@type":"SearchAction","target":{"@type":"EntryPoint","urlTemplate":"https:\/\/www.correiobraziliense.com.br\/cbradar\/?s={search_term_string}"},"query-input":{"@type":"PropertyValueSpecification","valueRequired":true,"valueName":"search_term_string"}}],"inLanguage":"pt-BR"},{"@type":"Person","@id":"https:\/\/www.correiobraziliense.com.br\/cbradar\/#\/schema\/person\/5aa4bf3c8fa699c267933611de12978b","name":"guilherme_saude","image":{"@type":"ImageObject","inLanguage":"pt-BR","@id":"https:\/\/www.correiobraziliense.com.br\/cbradar\/#\/schema\/person\/image\/","url":"https:\/\/secure.gravatar.com\/avatar\/df9adfb835d344bc0af109d41756253f?s=96&d=mm&r=g","contentUrl":"https:\/\/secure.gravatar.com\/avatar\/df9adfb835d344bc0af109d41756253f?s=96&d=mm&r=g","caption":"guilherme_saude"},"url":"https:\/\/www.correiobraziliense.com.br\/cbradar\/author\/guilherme_saude\/"}]}},"_links":{"self":[{"href":"https:\/\/www.correiobraziliense.com.br\/cbradar\/wp-json\/wp\/v2\/posts\/181372","targetHints":{"allow":["GET"]}}],"collection":[{"href":"https:\/\/www.correiobraziliense.com.br\/cbradar\/wp-json\/wp\/v2\/posts"}],"about":[{"href":"https:\/\/www.correiobraziliense.com.br\/cbradar\/wp-json\/wp\/v2\/types\/post"}],"author":[{"embeddable":true,"href":"https:\/\/www.correiobraziliense.com.br\/cbradar\/wp-json\/wp\/v2\/users\/14"}],"replies":[{"embeddable":true,"href":"https:\/\/www.correiobraziliense.com.br\/cbradar\/wp-json\/wp\/v2\/comments?post=181372"}],"version-history":[{"count":1,"href":"https:\/\/www.correiobraziliense.com.br\/cbradar\/wp-json\/wp\/v2\/posts\/181372\/revisions"}],"predecessor-version":[{"id":181379,"href":"https:\/\/www.correiobraziliense.com.br\/cbradar\/wp-json\/wp\/v2\/posts\/181372\/revisions\/181379"}],"wp:featuredmedia":[{"embeddable":true,"href":"https:\/\/www.correiobraziliense.com.br\/cbradar\/wp-json\/wp\/v2\/media\/181375"}],"wp:attachment":[{"href":"https:\/\/www.correiobraziliense.com.br\/cbradar\/wp-json\/wp\/v2\/media?parent=181372"}],"wp:term":[{"taxonomy":"category","embeddable":true,"href":"https:\/\/www.correiobraziliense.com.br\/cbradar\/wp-json\/wp\/v2\/categories?post=181372"},{"taxonomy":"post_tag","embeddable":true,"href":"https:\/\/www.correiobraziliense.com.br\/cbradar\/wp-json\/wp\/v2\/tags?post=181372"}],"curies":[{"name":"wp","href":"https:\/\/api.w.org\/{rel}","templated":true}]}}