{"id":181380,"date":"2026-01-26T13:15:00","date_gmt":"2026-01-26T16:15:00","guid":{"rendered":"https:\/\/www.correiobraziliense.com.br\/cbradar\/?p=181380"},"modified":"2026-01-25T15:37:32","modified_gmt":"2026-01-25T18:37:32","slug":"avanco-brasileiro-pode-revolucionar-cirurgias-no-joelho","status":"publish","type":"post","link":"https:\/\/www.correiobraziliense.com.br\/cbradar\/avanco-brasileiro-pode-revolucionar-cirurgias-no-joelho\/","title":{"rendered":"T\u00e9cnica brasileira promete mudar o tratamento do joelho"},"content":{"rendered":"\n<p>Uma nova abordagem na medicina ortop\u00e9dica promete transformar o tratamento de <strong>Les\u00f5es no Joelho<\/strong>. Desenvolvida durante o doutorado de Jonatas Brito na Universidade Federal do Cear\u00e1, essa t\u00e9cnica preserva e restaura o menisco do joelho, uma estrutura interna crucial para a estabilidade articular e preven\u00e7\u00e3o da artrose. O m\u00e9todo revolucion\u00e1rio vem ganhando destaque em diversas partes do mundo desde 2025, especialmente por sua efic\u00e1cia em les\u00f5es complexas e dif\u00edceis de diagnosticar.<\/p>\n\n\n\n<p>Tradicionalmente, o tratamento das les\u00f5es do menisco envolvia a remo\u00e7\u00e3o parcial da \u00e1rea afetada, aliviando a dor no curto prazo, mas comprometendo a funcionalidade do joelho a longo prazo. Esse procedimento aumentava o risco de desgaste da cartilagem e o desenvolvimento de artrose. Contrapondo-se a essa pr\u00e1tica, o m\u00e9todo de Brito foca na preserva\u00e7\u00e3o da anatomia original do menisco, promovendo sua restaura\u00e7\u00e3o completa.<\/p>\n\n\n\n<h2 class=\"wp-block-heading\">Como funciona a t\u00e9cnica desenvolvida no Brasil?<\/h2>\n\n\n\n<p>A t\u00e9cnica inovadora evita interven\u00e7\u00f5es cir\u00fargicas agressivas, visando preservar o que o corpo j\u00e1 possui. Desenvolvida em colabora\u00e7\u00e3o com uma equipe de especialistas em pesquisa ortop\u00e9dica, a abordagem utiliza menos material cir\u00fargico, o que ajuda a reduzir os custos hospitalares e os riscos cir\u00fargicos associados. Al\u00e9m disso, proporciona maior estabilidade articular, fator crucial na preven\u00e7\u00e3o de danos futuros ao joelho.<\/p>\n\n\n<div class=\"wp-block-image\">\n<figure class=\"aligncenter size-large\"><img decoding=\"async\" width=\"1024\" height=\"576\" src=\"https:\/\/www.correiobraziliense.com.br\/cbradar\/wp-content\/uploads\/2026\/01\/Lesoes-no-Joelho_1769366093563-1024x576.jpg\" alt=\"\" class=\"wp-image-181388\" srcset=\"https:\/\/www.correiobraziliense.com.br\/cbradar\/wp-content\/uploads\/2026\/01\/Lesoes-no-Joelho_1769366093563-1024x576.jpg 1024w, https:\/\/www.correiobraziliense.com.br\/cbradar\/wp-content\/uploads\/2026\/01\/Lesoes-no-Joelho_1769366093563-300x169.jpg 300w, https:\/\/www.correiobraziliense.com.br\/cbradar\/wp-content\/uploads\/2026\/01\/Lesoes-no-Joelho_1769366093563-768x432.jpg 768w, https:\/\/www.correiobraziliense.com.br\/cbradar\/wp-content\/uploads\/2026\/01\/Lesoes-no-Joelho_1769366093563-750x422.jpg 750w, https:\/\/www.correiobraziliense.com.br\/cbradar\/wp-content\/uploads\/2026\/01\/Lesoes-no-Joelho_1769366093563-1140x641.jpg 1140w, https:\/\/www.correiobraziliense.com.br\/cbradar\/wp-content\/uploads\/2026\/01\/Lesoes-no-Joelho_1769366093563.jpg 1280w\" sizes=\"(max-width: 1024px) 100vw, 1024px\" \/><figcaption class=\"wp-element-caption\">Les\u00f5es no Joelho &#8211; Cr\u00e9ditos: depositphotos.com \/ K.D.P<\/figcaption><\/figure><\/div>\n\n\n<h2 class=\"wp-block-heading\">Quais s\u00e3o os benef\u00edcios propostos por esta t\u00e9cnica ortop\u00e9dica?<\/h2>\n\n\n\n<p>Entre os benef\u00edcios desta nova abordagem est\u00e3o a restaura\u00e7\u00e3o da fun\u00e7\u00e3o natural do joelho e a redu\u00e7\u00e3o do risco de complica\u00e7\u00f5es, como a artrose. Sem a remo\u00e7\u00e3o do menisco, a t\u00e9cnica promove uma recupera\u00e7\u00e3o mais eficiente e uma melhor qualidade de vida para os pacientes. Al\u00e9m de reestabelecer a biomec\u00e2nica do joelho, a t\u00e9cnica tem potencial para ser incorporada ao Sistema \u00danico de Sa\u00fade (SUS), o que pode democratizar o acesso ao tratamento.<\/p>\n\n\n\n<h2 class=\"wp-block-heading\">A t\u00e9cnica ser\u00e1 adotada amplamente?<\/h2>\n\n\n\n<p>Com o reconhecimento cient\u00edfico internacional, h\u00e1 uma expectativa considera\u00e1vel de que o procedimento se torne parte dos tratamentos padr\u00e3o para Les\u00f5es no Joelho no Brasil. Com a ado\u00e7\u00e3o do Sistema \u00danico de <a href=\"https:\/\/www.correiobraziliense.com.br\/cbradar\/wp-admin\/post.php?post=179552&amp;action=edit\" target=\"_blank\" rel=\"noreferrer noopener\">Sa\u00fade <\/a>(SUS), mais pessoas poderiam ter acesso a esse tratamento menos invasivo. Espera-se que, at\u00e9 2026, a t\u00e9cnica esteja incorporada em diversas institui\u00e7\u00f5es de sa\u00fade do pa\u00eds.<\/p>\n\n\n\n<p>O avan\u00e7o dessa t\u00e9cnica n\u00e3o apenas apresenta uma solu\u00e7\u00e3o mais eficaz para o tratamento de les\u00f5es no menisco, mas tamb\u00e9m representa um importante passo na busca por alternativas que priorizem a preserva\u00e7\u00e3o e a funcionalidade do corpo humano. Jonatas Brito e sua equipe t\u00eam contribu\u00eddo significativamente para a \u00e1rea de cirurgia ortop\u00e9dica, prometendo melhorias na qualidade de vida dos pacientes e na efici\u00eancia dos procedimentos m\u00e9dicos.<\/p>\n\n\n<a href=\"https:\/\/www.instagram.com\/dra.annaluisabf\/\" target=\"_blank\" rel=\"noopener\" style=\"text-decoration: none; color: inherit;\">\n    <span style=\"display: inline-block; border: 1px solid #ccc; border-radius: 10px; padding: 15px; max-width: 550px; font-family: sans-serif; box-shadow: 0 2px 5px rgba(0,0,0,0.1); width: 100%;\">\n\n      <!-- T\u00edtulo -->\n      <span style=\"display: block; margin: 0 0 15px 0; font-weight: bold; color: #2c3e50; text-align: center;\">\n        Entre em contato:\n      <\/span>\n\n      <!-- Linha do perfil -->\n      <span style=\"display: flex; align-items: center; gap: 15px;\">\n        <img decoding=\"async\"\n          src=\"https:\/\/www.correiobraziliense.com.br\/cbradar\/wp-content\/uploads\/2025\/08\/dra_anna_luisa.jpeg\"\n          alt=\"Foto da Dra. Anna Lu\u00edsa\"\n          style=\"border-radius: 50%; width: 80px; height: 80px; object-fit: cover;\"\n        \/>\n        <span style=\"display: flex; flex-direction: column;\">\n          <span style=\"font-size: 18px; font-weight: 700; color: #2c3e50;\">Dra. Anna Lu\u00edsa Barbosa Fernandes<\/span>\n          <span style=\"color: #555;\">CRM-GO 33.271<\/span>\n        <\/span>\n      <\/span>\n\n      <!-- Redes -->\n      <span style=\"display: flex; align-items: center; gap: 10px; margin-top: 12px;\">\n        <img decoding=\"async\" src=\"https:\/\/cdn-icons-png.flaticon.com\/24\/1384\/1384063.png\" alt=\"Instagram\" width=\"24\" height=\"24\" \/>\n        <span style=\"text-decoration: underline; color: #2c3e50;\">@dra.annaluisabf<\/span>\n      <\/span>\n\n    <\/span>\n  <\/a>","protected":false},"excerpt":{"rendered":"<p>Uma nova abordagem na medicina ortop\u00e9dica promete transformar o tratamento de Les\u00f5es no Joelho. Desenvolvida durante o doutorado de Jonatas Brito na Universidade Federal do Cear\u00e1, essa t\u00e9cnica preserva e restaura o menisco do joelho, uma estrutura interna crucial para a estabilidade articular e preven\u00e7\u00e3o da artrose. O m\u00e9todo revolucion\u00e1rio vem ganhando destaque em diversas [&hellip;]<\/p>\n","protected":false},"author":14,"featured_media":181384,"comment_status":"open","ping_status":"open","sticky":false,"template":"","format":"standard","meta":{"_yoast_wpseo_focuskw":"Les\u00f5es no Joelho","_yoast_wpseo_title":"","_yoast_wpseo_metadesc":"Uma t\u00e9cnica brasileira preserva o menisco e pode mudar o tratamento da les\u00e3o no joelho. Entenda por que ela chama aten\u00e7\u00e3o no mundo.","jnews-multi-image_gallery":[],"jnews_single_post":{"format":"standard"},"jnews_primary_category":[],"jnews_social_meta":[],"jnews_override_counter":[],"footnotes":""},"categories":[4404],"tags":[14407,247,1318],"class_list":["post-181380","post","type-post","status-publish","format-standard","has-post-thumbnail","hentry","category-saude","tag-lesoes-no-joelho","tag-qualidade-de-vida","tag-saude-2"],"yoast_head":"<!-- This site is optimized with the Yoast SEO plugin v24.6 - https:\/\/yoast.com\/wordpress\/plugins\/seo\/ -->\n<title>T\u00e9cnica brasileira promete mudar o tratamento do joelho - Correio Braziliense - Radar<\/title>\n<meta name=\"description\" content=\"Uma t\u00e9cnica brasileira preserva o menisco e pode mudar o tratamento da les\u00e3o no joelho. Entenda por que ela chama aten\u00e7\u00e3o no mundo.\" \/>\n<meta name=\"robots\" content=\"index, follow, max-snippet:-1, max-image-preview:large, max-video-preview:-1\" \/>\n<link rel=\"canonical\" href=\"https:\/\/www.correiobraziliense.com.br\/cbradar\/avanco-brasileiro-pode-revolucionar-cirurgias-no-joelho\/\" \/>\n<meta property=\"og:locale\" content=\"pt_BR\" \/>\n<meta property=\"og:type\" content=\"article\" \/>\n<meta property=\"og:title\" content=\"T\u00e9cnica brasileira promete mudar o tratamento do joelho - Correio Braziliense - Radar\" \/>\n<meta property=\"og:description\" content=\"Uma t\u00e9cnica brasileira preserva o menisco e pode mudar o tratamento da les\u00e3o no joelho. Entenda por que ela chama aten\u00e7\u00e3o no mundo.\" \/>\n<meta property=\"og:url\" content=\"https:\/\/www.correiobraziliense.com.br\/cbradar\/avanco-brasileiro-pode-revolucionar-cirurgias-no-joelho\/\" \/>\n<meta property=\"og:site_name\" content=\"Correio Braziliense - Radar\" \/>\n<meta property=\"article:published_time\" content=\"2026-01-26T16:15:00+00:00\" \/>\n<meta property=\"og:image\" content=\"https:\/\/www.correiobraziliense.com.br\/cbradar\/wp-content\/uploads\/2026\/01\/Lesoes-no-Joelho_1769366043752.jpg\" \/>\n\t<meta property=\"og:image:width\" content=\"1280\" \/>\n\t<meta property=\"og:image:height\" content=\"720\" \/>\n\t<meta property=\"og:image:type\" content=\"image\/jpeg\" \/>\n<meta name=\"author\" content=\"guilherme_saude\" \/>\n<meta name=\"twitter:card\" content=\"summary_large_image\" \/>\n<meta name=\"twitter:label1\" content=\"Escrito por\" \/>\n\t<meta name=\"twitter:data1\" content=\"guilherme_saude\" \/>\n\t<meta name=\"twitter:label2\" content=\"Est. tempo de leitura\" \/>\n\t<meta name=\"twitter:data2\" content=\"4 minutos\" \/>\n<!-- \/ Yoast SEO plugin. -->","yoast_head_json":{"title":"T\u00e9cnica brasileira promete mudar o tratamento do joelho - Correio Braziliense - Radar","description":"Uma t\u00e9cnica brasileira preserva o menisco e pode mudar o tratamento da les\u00e3o no joelho. Entenda por que ela chama aten\u00e7\u00e3o no mundo.","robots":{"index":"index","follow":"follow","max-snippet":"max-snippet:-1","max-image-preview":"max-image-preview:large","max-video-preview":"max-video-preview:-1"},"canonical":"https:\/\/www.correiobraziliense.com.br\/cbradar\/avanco-brasileiro-pode-revolucionar-cirurgias-no-joelho\/","og_locale":"pt_BR","og_type":"article","og_title":"T\u00e9cnica brasileira promete mudar o tratamento do joelho - Correio Braziliense - Radar","og_description":"Uma t\u00e9cnica brasileira preserva o menisco e pode mudar o tratamento da les\u00e3o no joelho. Entenda por que ela chama aten\u00e7\u00e3o no mundo.","og_url":"https:\/\/www.correiobraziliense.com.br\/cbradar\/avanco-brasileiro-pode-revolucionar-cirurgias-no-joelho\/","og_site_name":"Correio Braziliense - Radar","article_published_time":"2026-01-26T16:15:00+00:00","og_image":[{"width":1280,"height":720,"url":"https:\/\/www.correiobraziliense.com.br\/cbradar\/wp-content\/uploads\/2026\/01\/Lesoes-no-Joelho_1769366043752.jpg","type":"image\/jpeg"}],"author":"guilherme_saude","twitter_card":"summary_large_image","twitter_misc":{"Escrito por":"guilherme_saude","Est. tempo de leitura":"4 minutos"},"schema":{"@context":"https:\/\/schema.org","@graph":[{"@type":"WebPage","@id":"https:\/\/www.correiobraziliense.com.br\/cbradar\/avanco-brasileiro-pode-revolucionar-cirurgias-no-joelho\/","url":"https:\/\/www.correiobraziliense.com.br\/cbradar\/avanco-brasileiro-pode-revolucionar-cirurgias-no-joelho\/","name":"T\u00e9cnica brasileira promete mudar o tratamento do joelho - Correio Braziliense - Radar","isPartOf":{"@id":"https:\/\/www.correiobraziliense.com.br\/cbradar\/#website"},"primaryImageOfPage":{"@id":"https:\/\/www.correiobraziliense.com.br\/cbradar\/avanco-brasileiro-pode-revolucionar-cirurgias-no-joelho\/#primaryimage"},"image":{"@id":"https:\/\/www.correiobraziliense.com.br\/cbradar\/avanco-brasileiro-pode-revolucionar-cirurgias-no-joelho\/#primaryimage"},"thumbnailUrl":"https:\/\/www.correiobraziliense.com.br\/cbradar\/wp-content\/uploads\/2026\/01\/Lesoes-no-Joelho_1769366043752.jpg","datePublished":"2026-01-26T16:15:00+00:00","author":{"@id":"https:\/\/www.correiobraziliense.com.br\/cbradar\/#\/schema\/person\/5aa4bf3c8fa699c267933611de12978b"},"description":"Uma t\u00e9cnica brasileira preserva o menisco e pode mudar o tratamento da les\u00e3o no joelho. Entenda por que ela chama aten\u00e7\u00e3o no mundo.","breadcrumb":{"@id":"https:\/\/www.correiobraziliense.com.br\/cbradar\/avanco-brasileiro-pode-revolucionar-cirurgias-no-joelho\/#breadcrumb"},"inLanguage":"pt-BR","potentialAction":[{"@type":"ReadAction","target":["https:\/\/www.correiobraziliense.com.br\/cbradar\/avanco-brasileiro-pode-revolucionar-cirurgias-no-joelho\/"]}]},{"@type":"ImageObject","inLanguage":"pt-BR","@id":"https:\/\/www.correiobraziliense.com.br\/cbradar\/avanco-brasileiro-pode-revolucionar-cirurgias-no-joelho\/#primaryimage","url":"https:\/\/www.correiobraziliense.com.br\/cbradar\/wp-content\/uploads\/2026\/01\/Lesoes-no-Joelho_1769366043752.jpg","contentUrl":"https:\/\/www.correiobraziliense.com.br\/cbradar\/wp-content\/uploads\/2026\/01\/Lesoes-no-Joelho_1769366043752.jpg","width":1280,"height":720,"caption":"Les\u00f5es no Joelho - Cr\u00e9ditos: depositphotos.com \/ czuber"},{"@type":"BreadcrumbList","@id":"https:\/\/www.correiobraziliense.com.br\/cbradar\/avanco-brasileiro-pode-revolucionar-cirurgias-no-joelho\/#breadcrumb","itemListElement":[{"@type":"ListItem","position":1,"name":"In\u00edcio","item":"https:\/\/www.correiobraziliense.com.br\/cbradar\/"},{"@type":"ListItem","position":2,"name":"T\u00e9cnica brasileira promete mudar o tratamento do joelho"}]},{"@type":"WebSite","@id":"https:\/\/www.correiobraziliense.com.br\/cbradar\/#website","url":"https:\/\/www.correiobraziliense.com.br\/cbradar\/","name":"Correio Braziliense - Radar","description":"Acompanhe as \u00faltimas not\u00edcias e fique bem informado sobre tudo o que acontece no Brasil e no mundo.","potentialAction":[{"@type":"SearchAction","target":{"@type":"EntryPoint","urlTemplate":"https:\/\/www.correiobraziliense.com.br\/cbradar\/?s={search_term_string}"},"query-input":{"@type":"PropertyValueSpecification","valueRequired":true,"valueName":"search_term_string"}}],"inLanguage":"pt-BR"},{"@type":"Person","@id":"https:\/\/www.correiobraziliense.com.br\/cbradar\/#\/schema\/person\/5aa4bf3c8fa699c267933611de12978b","name":"guilherme_saude","image":{"@type":"ImageObject","inLanguage":"pt-BR","@id":"https:\/\/www.correiobraziliense.com.br\/cbradar\/#\/schema\/person\/image\/","url":"https:\/\/secure.gravatar.com\/avatar\/df9adfb835d344bc0af109d41756253f?s=96&d=mm&r=g","contentUrl":"https:\/\/secure.gravatar.com\/avatar\/df9adfb835d344bc0af109d41756253f?s=96&d=mm&r=g","caption":"guilherme_saude"},"url":"https:\/\/www.correiobraziliense.com.br\/cbradar\/author\/guilherme_saude\/"}]}},"_links":{"self":[{"href":"https:\/\/www.correiobraziliense.com.br\/cbradar\/wp-json\/wp\/v2\/posts\/181380","targetHints":{"allow":["GET"]}}],"collection":[{"href":"https:\/\/www.correiobraziliense.com.br\/cbradar\/wp-json\/wp\/v2\/posts"}],"about":[{"href":"https:\/\/www.correiobraziliense.com.br\/cbradar\/wp-json\/wp\/v2\/types\/post"}],"author":[{"embeddable":true,"href":"https:\/\/www.correiobraziliense.com.br\/cbradar\/wp-json\/wp\/v2\/users\/14"}],"replies":[{"embeddable":true,"href":"https:\/\/www.correiobraziliense.com.br\/cbradar\/wp-json\/wp\/v2\/comments?post=181380"}],"version-history":[{"count":1,"href":"https:\/\/www.correiobraziliense.com.br\/cbradar\/wp-json\/wp\/v2\/posts\/181380\/revisions"}],"predecessor-version":[{"id":181389,"href":"https:\/\/www.correiobraziliense.com.br\/cbradar\/wp-json\/wp\/v2\/posts\/181380\/revisions\/181389"}],"wp:featuredmedia":[{"embeddable":true,"href":"https:\/\/www.correiobraziliense.com.br\/cbradar\/wp-json\/wp\/v2\/media\/181384"}],"wp:attachment":[{"href":"https:\/\/www.correiobraziliense.com.br\/cbradar\/wp-json\/wp\/v2\/media?parent=181380"}],"wp:term":[{"taxonomy":"category","embeddable":true,"href":"https:\/\/www.correiobraziliense.com.br\/cbradar\/wp-json\/wp\/v2\/categories?post=181380"},{"taxonomy":"post_tag","embeddable":true,"href":"https:\/\/www.correiobraziliense.com.br\/cbradar\/wp-json\/wp\/v2\/tags?post=181380"}],"curies":[{"name":"wp","href":"https:\/\/api.w.org\/{rel}","templated":true}]}}