{"id":181436,"date":"2026-01-27T11:05:00","date_gmt":"2026-01-27T14:05:00","guid":{"rendered":"https:\/\/www.correiobraziliense.com.br\/cbradar\/?p=181436"},"modified":"2026-01-25T16:14:44","modified_gmt":"2026-01-25T19:14:44","slug":"a-proteina-vegetal-que-pode-desafiar-o-whey-protein","status":"publish","type":"post","link":"https:\/\/www.correiobraziliense.com.br\/cbradar\/a-proteina-vegetal-que-pode-desafiar-o-whey-protein\/","title":{"rendered":"A prote\u00edna vegetal que pode desafiar o whey protein"},"content":{"rendered":"\n<p>Recentemente, um estudo conduzido no Brasil revelou descobertas promissoras sobre a\u00a0<strong>Prote\u00edna de Fava<\/strong>, apontando seu potencial para se transformar em uma alternativa vi\u00e1vel ao\u00a0<strong>whey protein<\/strong>. Essa pesquisa inovadora desenvolveu um shake proteico \u00e0 base dessa leguminosa, destacada por suas caracter\u00edsticas nutricionais not\u00e1veis. Essa escolha de mat\u00e9ria-prima foi precedida por uma an\u00e1lise detalhada, tanto nutricional quanto tecnol\u00f3gica, para garantir efic\u00e1cia e seguran\u00e7a.<\/p>\n\n\n\n<p>A pesquisa foi liderada pela professora Priscila Dabaghi, da Universidade Positivo, em parceria com a Embrapa Agroind\u00fastria de Alimentos, no Rio de Janeiro, que contribuiu com testes avan\u00e7ados de digestibilidade. Segundo a pesquisadora, a&nbsp;<em>tend\u00eancia global de diversifica\u00e7\u00e3o das fontes proteicas<\/em>&nbsp;impulsiona o interesse por alternativas como a fava, que permanece subutilizada no mercado brasileiro, apesar de suas qualidades nutricionais.<\/p>\n\n\n\n<h2 class=\"wp-block-heading\">Qual \u00e9 o potencial da Prote\u00edna de Fava em compara\u00e7\u00e3o com outras?<\/h2>\n\n\n\n<p>O estudo comparativo realizado pelos pesquisadores incluiu um teste sensorial abrangente. O shake de Prote\u00edna de Fava foi colocado lado a lado com outros dois produtos populares: prote\u00ednas vegetais \u00e0 base de ervilha e arroz, e o tradicional whey protein. Os resultados foram surpreendentes, com a fava superando os concorrentes em termos de\u00a0<strong>sabor, textura, aroma e apar\u00eancia<\/strong>, atributos cr\u00edticos para a aceita\u00e7\u00e3o pelo consumidor.<\/p>\n\n\n\n<p>Al\u00e9m desses resultados promissores no teste sensorial, investiga\u00e7\u00f5es posteriores indicaram que a Prote\u00edna de Fava pode oferecer vantagens significativas para a <a href=\"https:\/\/www.correiobraziliense.com.br\/cbradar\/o-tratamento-caseiro-mais-eficaz-para-acabar-com-a-caspa\/\" target=\"_blank\" rel=\"noreferrer noopener\">sa\u00fade<\/a>. Um dos achados mais relevantes mostrou que o consumo do shake de fava proporcionou melhor controle glic\u00eamico em indiv\u00edduos com diabetes tipo 2, em compara\u00e7\u00e3o ao whey protein, com menos picos de glicose no sangue.<\/p>\n\n\n<div class=\"wp-block-image\">\n<figure class=\"aligncenter size-large\"><img decoding=\"async\" width=\"1024\" height=\"576\" src=\"https:\/\/www.correiobraziliense.com.br\/cbradar\/wp-content\/uploads\/2026\/01\/fava_1769368431911-1024x576.jpg\" alt=\"\" class=\"wp-image-181438\" srcset=\"https:\/\/www.correiobraziliense.com.br\/cbradar\/wp-content\/uploads\/2026\/01\/fava_1769368431911-1024x576.jpg 1024w, https:\/\/www.correiobraziliense.com.br\/cbradar\/wp-content\/uploads\/2026\/01\/fava_1769368431911-300x169.jpg 300w, https:\/\/www.correiobraziliense.com.br\/cbradar\/wp-content\/uploads\/2026\/01\/fava_1769368431911-768x432.jpg 768w, https:\/\/www.correiobraziliense.com.br\/cbradar\/wp-content\/uploads\/2026\/01\/fava_1769368431911-750x422.jpg 750w, https:\/\/www.correiobraziliense.com.br\/cbradar\/wp-content\/uploads\/2026\/01\/fava_1769368431911-1140x641.jpg 1140w, https:\/\/www.correiobraziliense.com.br\/cbradar\/wp-content\/uploads\/2026\/01\/fava_1769368431911.jpg 1280w\" sizes=\"(max-width: 1024px) 100vw, 1024px\" \/><figcaption class=\"wp-element-caption\">Prote\u00edna de Fava &#8211; Cr\u00e9ditos: depositphotos.com \/ yekaterinalim<\/figcaption><\/figure><\/div>\n\n\n<h2 class=\"wp-block-heading\">Quais s\u00e3o as aplica\u00e7\u00f5es da Prote\u00edna de Fava al\u00e9m da nutri\u00e7\u00e3o esportiva?<\/h2>\n\n\n\n<p>Embora a pesquisa inicial tenha um enfoque na nutri\u00e7\u00e3o esportiva, os resultados sugerem que a Prote\u00edna de Fava pode ter um alcance ainda mais amplo. Segundo a professora Priscila, prote\u00ednas de alta qualidade s\u00e3o fundamentais para fornecer amino\u00e1cidos essenciais, promovendo a manuten\u00e7\u00e3o da massa muscular, a resposta imunol\u00f3gica e at\u00e9 mesmo a recupera\u00e7\u00e3o cl\u00ednica. Dessa forma, a fava tem potencial n\u00e3o s\u00f3 como suplemento nutricional para atletas, mas tamb\u00e9m como uma ferramenta na gest\u00e3o de sa\u00fade geral.<\/p>\n\n\n\n<p>Atualmente, a Prote\u00edna de Fava ainda \u00e9 um produto de nicho no Brasil, mas as descobertas recentes alimentam expectativas de mudar esse cen\u00e1rio. O potencial mercadol\u00f3gico dessa alternativa proteica inovadora e cient\u00edfica \u00e9 significativo, podendo abrir novas oportunidades tanto para consumidores quanto para produtores.<\/p>\n\n\n\n<h2 class=\"wp-block-heading\">Como a aceitabilidade da Prote\u00edna de Fava pode influenciar o mercado de suplementos?<\/h2>\n\n\n\n<p>A aceita\u00e7\u00e3o do p\u00fablico \u00e9 crucial para qualquer prote\u00edna alternativa ganhar espa\u00e7o no mercado competitivo de\u00a0<strong>suplementos alimentares<\/strong>. A capacidade da fava de se destacar sensorialmente entre outras op\u00e7\u00f5es populares pode facilitar seu\u00a0<em>sucesso comercial<\/em>. Com o crescente interesse por dietas mais diversificadas e sustent\u00e1veis, a Prote\u00edna de Fava surge como uma solu\u00e7\u00e3o promissora para aqueles que buscam qualidade nutricional e inova\u00e7\u00e3o.<\/p>\n\n\n\n<p>Assim, fica evidente que a Prote\u00edna de Fava n\u00e3o apenas oferece uma nova fonte de nutri\u00e7\u00e3o rica e diversificada, como tamb\u00e9m surge como uma alternativa sustent\u00e1vel e potencialmente mais saud\u00e1vel em compara\u00e7\u00e3o com op\u00e7\u00f5es tradicionais. A pesquisa cont\u00ednua nesse campo pode trazer ainda mais avan\u00e7os e solidificar sua posi\u00e7\u00e3o no mercado de prote\u00ednas.<\/p>\n\n\n<a href=\"https:\/\/www.instagram.com\/dra.annaluisabf\/\" target=\"_blank\" rel=\"noopener\" style=\"text-decoration: none; color: inherit;\">\n    <span style=\"display: inline-block; border: 1px solid #ccc; border-radius: 10px; padding: 15px; max-width: 550px; font-family: sans-serif; box-shadow: 0 2px 5px rgba(0,0,0,0.1); width: 100%;\">\n\n      <!-- T\u00edtulo -->\n      <span style=\"display: block; margin: 0 0 15px 0; font-weight: bold; color: #2c3e50; text-align: center;\">\n        Entre em contato:\n      <\/span>\n\n      <!-- Linha do perfil -->\n      <span style=\"display: flex; align-items: center; gap: 15px;\">\n        <img decoding=\"async\"\n          src=\"https:\/\/www.correiobraziliense.com.br\/cbradar\/wp-content\/uploads\/2025\/08\/dra_anna_luisa.jpeg\"\n          alt=\"Foto da Dra. Anna Lu\u00edsa\"\n          style=\"border-radius: 50%; width: 80px; height: 80px; object-fit: cover;\"\n        \/>\n        <span style=\"display: flex; flex-direction: column;\">\n          <span style=\"font-size: 18px; font-weight: 700; color: #2c3e50;\">Dra. Anna Lu\u00edsa Barbosa Fernandes<\/span>\n          <span style=\"color: #555;\">CRM-GO 33.271<\/span>\n        <\/span>\n      <\/span>\n\n      <!-- Redes -->\n      <span style=\"display: flex; align-items: center; gap: 10px; margin-top: 12px;\">\n        <img decoding=\"async\" src=\"https:\/\/cdn-icons-png.flaticon.com\/24\/1384\/1384063.png\" alt=\"Instagram\" width=\"24\" height=\"24\" \/>\n        <span style=\"text-decoration: underline; color: #2c3e50;\">@dra.annaluisabf<\/span>\n      <\/span>\n\n    <\/span>\n  <\/a>\n\n\n<p><\/p>\n","protected":false},"excerpt":{"rendered":"<p>Recentemente, um estudo conduzido no Brasil revelou descobertas promissoras sobre a\u00a0Prote\u00edna de Fava, apontando seu potencial para se transformar em uma alternativa vi\u00e1vel ao\u00a0whey protein. Essa pesquisa inovadora desenvolveu um shake proteico \u00e0 base dessa leguminosa, destacada por suas caracter\u00edsticas nutricionais not\u00e1veis. Essa escolha de mat\u00e9ria-prima foi precedida por uma an\u00e1lise detalhada, tanto nutricional quanto [&hellip;]<\/p>\n","protected":false},"author":14,"featured_media":181437,"comment_status":"open","ping_status":"open","sticky":false,"template":"","format":"standard","meta":{"_yoast_wpseo_focuskw":"Prote\u00edna de Fava","_yoast_wpseo_title":"","_yoast_wpseo_metadesc":"A prote\u00edna de fava mostrou desempenho surpreendente em testes e pode ser alternativa ao whey. Veja o que a ci\u00eancia revelou.","jnews-multi-image_gallery":[],"jnews_single_post":{"format":"standard"},"jnews_primary_category":[],"jnews_social_meta":[],"jnews_override_counter":[],"footnotes":""},"categories":[4404],"tags":[120,247,1318],"class_list":["post-181436","post","type-post","status-publish","format-standard","has-post-thumbnail","hentry","category-saude","tag-bem-estar","tag-qualidade-de-vida","tag-saude-2"],"yoast_head":"<!-- This site is optimized with the Yoast SEO plugin v24.6 - https:\/\/yoast.com\/wordpress\/plugins\/seo\/ -->\n<title>A prote\u00edna vegetal que pode desafiar o whey protein - Correio Braziliense - Radar<\/title>\n<meta name=\"description\" content=\"A prote\u00edna de fava mostrou desempenho surpreendente em testes e pode ser alternativa ao whey. Veja o que a ci\u00eancia revelou.\" \/>\n<meta name=\"robots\" content=\"index, follow, max-snippet:-1, max-image-preview:large, max-video-preview:-1\" \/>\n<link rel=\"canonical\" href=\"https:\/\/www.correiobraziliense.com.br\/cbradar\/a-proteina-vegetal-que-pode-desafiar-o-whey-protein\/\" \/>\n<meta property=\"og:locale\" content=\"pt_BR\" \/>\n<meta property=\"og:type\" content=\"article\" \/>\n<meta property=\"og:title\" content=\"A prote\u00edna vegetal que pode desafiar o whey protein - Correio Braziliense - Radar\" \/>\n<meta property=\"og:description\" content=\"A prote\u00edna de fava mostrou desempenho surpreendente em testes e pode ser alternativa ao whey. Veja o que a ci\u00eancia revelou.\" \/>\n<meta property=\"og:url\" content=\"https:\/\/www.correiobraziliense.com.br\/cbradar\/a-proteina-vegetal-que-pode-desafiar-o-whey-protein\/\" \/>\n<meta property=\"og:site_name\" content=\"Correio Braziliense - Radar\" \/>\n<meta property=\"article:published_time\" content=\"2026-01-27T14:05:00+00:00\" \/>\n<meta property=\"og:image\" content=\"https:\/\/www.correiobraziliense.com.br\/cbradar\/wp-content\/uploads\/2026\/01\/fava_1769368400723.jpg\" \/>\n\t<meta property=\"og:image:width\" content=\"1280\" \/>\n\t<meta property=\"og:image:height\" content=\"720\" \/>\n\t<meta property=\"og:image:type\" content=\"image\/jpeg\" \/>\n<meta name=\"author\" content=\"guilherme_saude\" \/>\n<meta name=\"twitter:card\" content=\"summary_large_image\" \/>\n<meta name=\"twitter:label1\" content=\"Escrito por\" \/>\n\t<meta name=\"twitter:data1\" content=\"guilherme_saude\" \/>\n\t<meta name=\"twitter:label2\" content=\"Est. tempo de leitura\" \/>\n\t<meta name=\"twitter:data2\" content=\"4 minutos\" \/>\n<!-- \/ Yoast SEO plugin. -->","yoast_head_json":{"title":"A prote\u00edna vegetal que pode desafiar o whey protein - Correio Braziliense - Radar","description":"A prote\u00edna de fava mostrou desempenho surpreendente em testes e pode ser alternativa ao whey. Veja o que a ci\u00eancia revelou.","robots":{"index":"index","follow":"follow","max-snippet":"max-snippet:-1","max-image-preview":"max-image-preview:large","max-video-preview":"max-video-preview:-1"},"canonical":"https:\/\/www.correiobraziliense.com.br\/cbradar\/a-proteina-vegetal-que-pode-desafiar-o-whey-protein\/","og_locale":"pt_BR","og_type":"article","og_title":"A prote\u00edna vegetal que pode desafiar o whey protein - Correio Braziliense - Radar","og_description":"A prote\u00edna de fava mostrou desempenho surpreendente em testes e pode ser alternativa ao whey. Veja o que a ci\u00eancia revelou.","og_url":"https:\/\/www.correiobraziliense.com.br\/cbradar\/a-proteina-vegetal-que-pode-desafiar-o-whey-protein\/","og_site_name":"Correio Braziliense - Radar","article_published_time":"2026-01-27T14:05:00+00:00","og_image":[{"width":1280,"height":720,"url":"https:\/\/www.correiobraziliense.com.br\/cbradar\/wp-content\/uploads\/2026\/01\/fava_1769368400723.jpg","type":"image\/jpeg"}],"author":"guilherme_saude","twitter_card":"summary_large_image","twitter_misc":{"Escrito por":"guilherme_saude","Est. tempo de leitura":"4 minutos"},"schema":{"@context":"https:\/\/schema.org","@graph":[{"@type":"WebPage","@id":"https:\/\/www.correiobraziliense.com.br\/cbradar\/a-proteina-vegetal-que-pode-desafiar-o-whey-protein\/","url":"https:\/\/www.correiobraziliense.com.br\/cbradar\/a-proteina-vegetal-que-pode-desafiar-o-whey-protein\/","name":"A prote\u00edna vegetal que pode desafiar o whey protein - Correio Braziliense - Radar","isPartOf":{"@id":"https:\/\/www.correiobraziliense.com.br\/cbradar\/#website"},"primaryImageOfPage":{"@id":"https:\/\/www.correiobraziliense.com.br\/cbradar\/a-proteina-vegetal-que-pode-desafiar-o-whey-protein\/#primaryimage"},"image":{"@id":"https:\/\/www.correiobraziliense.com.br\/cbradar\/a-proteina-vegetal-que-pode-desafiar-o-whey-protein\/#primaryimage"},"thumbnailUrl":"https:\/\/www.correiobraziliense.com.br\/cbradar\/wp-content\/uploads\/2026\/01\/fava_1769368400723.jpg","datePublished":"2026-01-27T14:05:00+00:00","author":{"@id":"https:\/\/www.correiobraziliense.com.br\/cbradar\/#\/schema\/person\/5aa4bf3c8fa699c267933611de12978b"},"description":"A prote\u00edna de fava mostrou desempenho surpreendente em testes e pode ser alternativa ao whey. Veja o que a ci\u00eancia revelou.","breadcrumb":{"@id":"https:\/\/www.correiobraziliense.com.br\/cbradar\/a-proteina-vegetal-que-pode-desafiar-o-whey-protein\/#breadcrumb"},"inLanguage":"pt-BR","potentialAction":[{"@type":"ReadAction","target":["https:\/\/www.correiobraziliense.com.br\/cbradar\/a-proteina-vegetal-que-pode-desafiar-o-whey-protein\/"]}]},{"@type":"ImageObject","inLanguage":"pt-BR","@id":"https:\/\/www.correiobraziliense.com.br\/cbradar\/a-proteina-vegetal-que-pode-desafiar-o-whey-protein\/#primaryimage","url":"https:\/\/www.correiobraziliense.com.br\/cbradar\/wp-content\/uploads\/2026\/01\/fava_1769368400723.jpg","contentUrl":"https:\/\/www.correiobraziliense.com.br\/cbradar\/wp-content\/uploads\/2026\/01\/fava_1769368400723.jpg","width":1280,"height":720,"caption":"Prote\u00edna de Fava - Cr\u00e9ditos: depositphotos.com \/ an_chicago_2016"},{"@type":"BreadcrumbList","@id":"https:\/\/www.correiobraziliense.com.br\/cbradar\/a-proteina-vegetal-que-pode-desafiar-o-whey-protein\/#breadcrumb","itemListElement":[{"@type":"ListItem","position":1,"name":"In\u00edcio","item":"https:\/\/www.correiobraziliense.com.br\/cbradar\/"},{"@type":"ListItem","position":2,"name":"A prote\u00edna vegetal que pode desafiar o whey protein"}]},{"@type":"WebSite","@id":"https:\/\/www.correiobraziliense.com.br\/cbradar\/#website","url":"https:\/\/www.correiobraziliense.com.br\/cbradar\/","name":"Correio Braziliense - Radar","description":"Acompanhe as \u00faltimas not\u00edcias e fique bem informado sobre tudo o que acontece no Brasil e no mundo.","potentialAction":[{"@type":"SearchAction","target":{"@type":"EntryPoint","urlTemplate":"https:\/\/www.correiobraziliense.com.br\/cbradar\/?s={search_term_string}"},"query-input":{"@type":"PropertyValueSpecification","valueRequired":true,"valueName":"search_term_string"}}],"inLanguage":"pt-BR"},{"@type":"Person","@id":"https:\/\/www.correiobraziliense.com.br\/cbradar\/#\/schema\/person\/5aa4bf3c8fa699c267933611de12978b","name":"guilherme_saude","image":{"@type":"ImageObject","inLanguage":"pt-BR","@id":"https:\/\/www.correiobraziliense.com.br\/cbradar\/#\/schema\/person\/image\/","url":"https:\/\/secure.gravatar.com\/avatar\/df9adfb835d344bc0af109d41756253f?s=96&d=mm&r=g","contentUrl":"https:\/\/secure.gravatar.com\/avatar\/df9adfb835d344bc0af109d41756253f?s=96&d=mm&r=g","caption":"guilherme_saude"},"url":"https:\/\/www.correiobraziliense.com.br\/cbradar\/author\/guilherme_saude\/"}]}},"_links":{"self":[{"href":"https:\/\/www.correiobraziliense.com.br\/cbradar\/wp-json\/wp\/v2\/posts\/181436","targetHints":{"allow":["GET"]}}],"collection":[{"href":"https:\/\/www.correiobraziliense.com.br\/cbradar\/wp-json\/wp\/v2\/posts"}],"about":[{"href":"https:\/\/www.correiobraziliense.com.br\/cbradar\/wp-json\/wp\/v2\/types\/post"}],"author":[{"embeddable":true,"href":"https:\/\/www.correiobraziliense.com.br\/cbradar\/wp-json\/wp\/v2\/users\/14"}],"replies":[{"embeddable":true,"href":"https:\/\/www.correiobraziliense.com.br\/cbradar\/wp-json\/wp\/v2\/comments?post=181436"}],"version-history":[{"count":1,"href":"https:\/\/www.correiobraziliense.com.br\/cbradar\/wp-json\/wp\/v2\/posts\/181436\/revisions"}],"predecessor-version":[{"id":181439,"href":"https:\/\/www.correiobraziliense.com.br\/cbradar\/wp-json\/wp\/v2\/posts\/181436\/revisions\/181439"}],"wp:featuredmedia":[{"embeddable":true,"href":"https:\/\/www.correiobraziliense.com.br\/cbradar\/wp-json\/wp\/v2\/media\/181437"}],"wp:attachment":[{"href":"https:\/\/www.correiobraziliense.com.br\/cbradar\/wp-json\/wp\/v2\/media?parent=181436"}],"wp:term":[{"taxonomy":"category","embeddable":true,"href":"https:\/\/www.correiobraziliense.com.br\/cbradar\/wp-json\/wp\/v2\/categories?post=181436"},{"taxonomy":"post_tag","embeddable":true,"href":"https:\/\/www.correiobraziliense.com.br\/cbradar\/wp-json\/wp\/v2\/tags?post=181436"}],"curies":[{"name":"wp","href":"https:\/\/api.w.org\/{rel}","templated":true}]}}