{"id":181450,"date":"2026-01-26T18:05:00","date_gmt":"2026-01-26T21:05:00","guid":{"rendered":"https:\/\/www.correiobraziliense.com.br\/cbradar\/?p=181450"},"modified":"2026-01-25T17:05:49","modified_gmt":"2026-01-25T20:05:49","slug":"o-que-acontece-com-o-coracao-quando-a-atividade-fisica-vira-rotina","status":"publish","type":"post","link":"https:\/\/www.correiobraziliense.com.br\/cbradar\/o-que-acontece-com-o-coracao-quando-a-atividade-fisica-vira-rotina\/","title":{"rendered":"O que acontece com o cora\u00e7\u00e3o quando a atividade f\u00edsica vira rotina?"},"content":{"rendered":"\n<p><strong>Manter o cora\u00e7\u00e3o saud\u00e1vel n\u00e3o depende apenas de gen\u00e9tica ou exames m\u00e9dicos, mas de escolhas di\u00e1rias acess\u00edveis.<\/strong> Entre elas, a atividade f\u00edsica regular se destaca como um dos pilares mais importantes para prevenir doen\u00e7as cardiovasculares, melhorar a disposi\u00e7\u00e3o e aumentar a qualidade de vida, especialmente em uma rotina cada vez mais sedent\u00e1ria no <strong>Brasil<\/strong>.<\/p>\n\n\n\n<h2 class=\"wp-block-heading\">Por que a atividade f\u00edsica \u00e9 essencial para a sa\u00fade do cora\u00e7\u00e3o?<\/h2>\n\n\n\n<p><strong>A pr\u00e1tica regular de exerc\u00edcios fortalece o cora\u00e7\u00e3o e melhora a circula\u00e7\u00e3o sangu\u00ednea<\/strong>, tornando o \u00f3rg\u00e3o mais eficiente no bombeamento do sangue, segundo o <strong><a href=\"https:\/\/pmc.ncbi.nlm.nih.gov\/articles\/PMC6324439\/\" target=\"_blank\" rel=\"noreferrer noopener\">NIH<\/a><\/strong>. Com o tempo, isso contribui para a redu\u00e7\u00e3o da press\u00e3o arterial, do colesterol ruim e do risco de doen\u00e7as cardiovasculares.<\/p>\n\n\n\n<p>Al\u00e9m dos benef\u00edcios f\u00edsicos, o exerc\u00edcio ajuda a regular horm\u00f4nios ligados ao estresse, como o cortisol, favorecendo o equil\u00edbrio emocional. Esse conjunto de efeitos faz com que o cora\u00e7\u00e3o trabalhe de forma mais est\u00e1vel, mesmo diante das exig\u00eancias do dia a dia.<\/p>\n\n\n\n<p>Antes de escolher uma modalidade, \u00e9 importante entender os principais ganhos dessa pr\u00e1tica para o sistema cardiovascular:<\/p>\n\n\n\n<ul class=\"wp-block-list\">\n<li>Melhora da circula\u00e7\u00e3o e da oxigena\u00e7\u00e3o do corpo<\/li>\n\n\n\n<li>Redu\u00e7\u00e3o do risco de infarto e AVC<\/li>\n\n\n\n<li>Fortalecimento do m\u00fasculo card\u00edaco<\/li>\n<\/ul>\n\n\n<div class=\"wp-block-image\">\n<figure class=\"aligncenter size-large\"><img decoding=\"async\" width=\"1024\" height=\"576\" src=\"https:\/\/www.correiobraziliense.com.br\/cbradar\/wp-content\/uploads\/2025\/11\/Manter_Corpo_Em_Forma_Apos_40_Em_Casa_1280x720-1024x576.png\" alt=\"O que acontece com o cora\u00e7\u00e3o quando a atividade f\u00edsica vira rotina?\" class=\"wp-image-130362\" srcset=\"https:\/\/www.correiobraziliense.com.br\/cbradar\/wp-content\/uploads\/2025\/11\/Manter_Corpo_Em_Forma_Apos_40_Em_Casa_1280x720-1024x576.png 1024w, https:\/\/www.correiobraziliense.com.br\/cbradar\/wp-content\/uploads\/2025\/11\/Manter_Corpo_Em_Forma_Apos_40_Em_Casa_1280x720-300x169.png 300w, https:\/\/www.correiobraziliense.com.br\/cbradar\/wp-content\/uploads\/2025\/11\/Manter_Corpo_Em_Forma_Apos_40_Em_Casa_1280x720-768x432.png 768w, https:\/\/www.correiobraziliense.com.br\/cbradar\/wp-content\/uploads\/2025\/11\/Manter_Corpo_Em_Forma_Apos_40_Em_Casa_1280x720-750x422.png 750w, https:\/\/www.correiobraziliense.com.br\/cbradar\/wp-content\/uploads\/2025\/11\/Manter_Corpo_Em_Forma_Apos_40_Em_Casa_1280x720-1140x641.png 1140w, https:\/\/www.correiobraziliense.com.br\/cbradar\/wp-content\/uploads\/2025\/11\/Manter_Corpo_Em_Forma_Apos_40_Em_Casa_1280x720.png 1280w\" sizes=\"(max-width: 1024px) 100vw, 1024px\" \/><figcaption class=\"wp-element-caption\">Exerc\u00edcios s\u00e3o atividades f\u00edsicas planejadas para melhorar a sa\u00fade, for\u00e7a e bem-estar geral.<\/figcaption><\/figure><\/div>\n\n\n<h2 class=\"wp-block-heading\">Qual tipo de exerc\u00edcio faz mais bem ao cora\u00e7\u00e3o?<\/h2>\n\n\n\n<p><strong>Exerc\u00edcios aer\u00f3bicos s\u00e3o os mais indicados para a sa\u00fade do cora\u00e7\u00e3o<\/strong>, pois elevam a frequ\u00eancia card\u00edaca de forma controlada e cont\u00ednua. Caminhada, corrida leve, ciclismo, nata\u00e7\u00e3o e dan\u00e7a s\u00e3o exemplos acess\u00edveis e eficazes.<\/p>\n\n\n\n<p>O mais importante n\u00e3o \u00e9 a intensidade extrema, mas a regularidade. Atividades moderadas, realizadas v\u00e1rias vezes por semana, j\u00e1 geram impactos positivos significativos, principalmente quando integradas \u00e0 rotina de forma consistente e prazerosa.<\/p>\n\n\n\n<p>Para visualizar melhor as op\u00e7\u00f5es e seus efeitos, observe a compara\u00e7\u00e3o a seguir. Veja a tabela abaixo:<\/p>\n\n\n\n<figure class=\"wp-block-table\"><table class=\"has-fixed-layout\"><thead><tr><th>Tipo de exerc\u00edcio<\/th><th>Benef\u00edcio principal<\/th><\/tr><\/thead><tbody><tr><td>Caminhada<\/td><td>Melhora circula\u00e7\u00e3o e controle da press\u00e3o<\/td><\/tr><tr><td>Ciclismo<\/td><td>Fortalece o cora\u00e7\u00e3o e articula\u00e7\u00f5es<\/td><\/tr><tr><td>Nata\u00e7\u00e3o<\/td><td>Exerc\u00edcio completo e de baixo impacto<\/td><\/tr><tr><td>Dan\u00e7a<\/td><td>Sa\u00fade cardiovascular e bem-estar emocional<\/td><\/tr><\/tbody><\/table><\/figure>\n\n\n\n<p>O v\u00eddeo do canal\u00a0<strong>Einstein Hospital Israelita<\/strong>, apresentado pela<strong> Dra. Luciana Janot<\/strong>, cardiologista e m\u00e9dica do esporte, explica detalhadamente como a atividade f\u00edsica impacta a sa\u00fade do cora\u00e7\u00e3o.<\/p>\n\n\n\n<figure class=\"wp-block-embed aligncenter is-type-video is-provider-youtube wp-block-embed-youtube wp-embed-aspect-16-9 wp-has-aspect-ratio\"><div class=\"wp-block-embed__wrapper\">\n<div class=\"jeg_video_container jeg_video_content\"><iframe loading=\"lazy\" title=\"Como exerc\u00edcios f\u00edsicos agem no cora\u00e7\u00e3o\" width=\"500\" height=\"281\" src=\"https:\/\/www.youtube.com\/embed\/bJJ2rc3ME6M?feature=oembed\" frameborder=\"0\" allow=\"accelerometer; autoplay; clipboard-write; encrypted-media; gyroscope; picture-in-picture; web-share\" referrerpolicy=\"strict-origin-when-cross-origin\" allowfullscreen><\/iframe><\/div>\n<\/div><\/figure>\n\n\n\n<h2 class=\"wp-block-heading\">Quantas vezes por semana \u00e9 o ideal?<\/h2>\n\n\n\n<p><strong>A recomenda\u00e7\u00e3o mais aceita \u00e9 praticar atividade f\u00edsica pelo menos 150 minutos por semana<\/strong>, distribu\u00eddos ao longo dos dias. Esse tempo pode ser dividido em sess\u00f5es curtas, o que facilita a ades\u00e3o mesmo para quem tem rotina corrida.<\/p>\n\n\n\n<p>Criar um hor\u00e1rio fixo e tratar o exerc\u00edcio como um compromisso pessoal aumenta as chances de continuidade. Pequenas pausas ativas durante o dia tamb\u00e9m ajudam a reduzir os efeitos negativos do sedentarismo sobre o cora\u00e7\u00e3o.<\/p>\n\n\n\n<p>Para quem est\u00e1 come\u00e7ando, algumas estrat\u00e9gias tornam esse h\u00e1bito mais sustent\u00e1vel:<\/p>\n\n\n\n<ul class=\"wp-block-list\">\n<li>Iniciar com atividades leves e progressivas<\/li>\n\n\n\n<li>Escolher exerc\u00edcios compat\u00edveis com o estilo de vida<\/li>\n\n\n\n<li>Priorizar const\u00e2ncia em vez de intensidade<\/li>\n<\/ul>\n\n\n\n<p><strong>Leia tamb\u00e9m: <a href=\"https:\/\/www.correiobraziliense.com.br\/cbradar\/a-fruta-cremosa-que-fortalece-o-coracao-e-cresce-com-facilidade-ate-em-quintais-pequenos\/\" target=\"_blank\" rel=\"noreferrer noopener\">A fruta cremosa que fortalece o cora\u00e7\u00e3o e cresce com facilidade at\u00e9 em quintais pequenos.<\/a><\/strong><\/p>\n\n\n\n<h2 class=\"wp-block-heading\">Exerc\u00edcio f\u00edsico ajuda a prevenir doen\u00e7as card\u00edacas?<\/h2>\n\n\n\n<p><strong>Sim, a atividade f\u00edsica regular \u00e9 um dos principais fatores de preven\u00e7\u00e3o de doen\u00e7as card\u00edacas<\/strong>, segundo evid\u00eancias cient\u00edficas amplamente reconhecidas. Ela atua diretamente no controle do peso, da glicemia e dos n\u00edveis de colesterol.<\/p>\n\n\n\n<p>Al\u00e9m disso, o exerc\u00edcio melhora a sensibilidade \u00e0 insulina e reduz inflama\u00e7\u00f5es cr\u00f4nicas, que est\u00e3o associadas ao desenvolvimento de problemas cardiovasculares. Esses efeitos preventivos se acumulam ao longo do tempo, refor\u00e7ando a import\u00e2ncia da pr\u00e1tica cont\u00ednua.<\/p>\n\n\n\n<h2 class=\"wp-block-heading\">Como manter esse h\u00e1bito a longo prazo?<\/h2>\n\n\n\n<p><strong>Manter a atividade f\u00edsica como parte da rotina exige adapta\u00e7\u00e3o, n\u00e3o perfei\u00e7\u00e3o.<\/strong> O segredo est\u00e1 em integrar o movimento ao cotidiano, seja caminhando mais, subindo escadas ou escolhendo atividades que tragam prazer.<\/p>\n\n\n\n<p>Ao longo do tempo, o exerc\u00edcio deixa de ser uma obriga\u00e7\u00e3o e passa a ser um aliado do bem-estar f\u00edsico e mental. Essa const\u00e2ncia \u00e9 o que realmente sustenta a sa\u00fade do cora\u00e7\u00e3o e contribui para uma vida mais longa, ativa e equilibrada.<\/p>\n","protected":false},"excerpt":{"rendered":"<p>Manter o cora\u00e7\u00e3o saud\u00e1vel n\u00e3o depende apenas de gen\u00e9tica ou exames m\u00e9dicos, mas de escolhas di\u00e1rias acess\u00edveis. Entre elas, a atividade f\u00edsica regular se destaca como um dos pilares mais importantes para prevenir doen\u00e7as cardiovasculares, melhorar a disposi\u00e7\u00e3o e aumentar a qualidade de vida, especialmente em uma rotina cada vez mais sedent\u00e1ria no Brasil. Por [&hellip;]<\/p>\n","protected":false},"author":8,"featured_media":181461,"comment_status":"open","ping_status":"open","sticky":false,"template":"","format":"standard","meta":{"_yoast_wpseo_focuskw":"atividade f\u00edsica","_yoast_wpseo_title":"","_yoast_wpseo_metadesc":"Descubra por que a atividade f\u00edsica regular \u00e9 considerada uma das formas mais eficazes de manter a sa\u00fade do cora\u00e7\u00e3o em dia.","jnews-multi-image_gallery":[],"jnews_single_post":{"format":"standard"},"jnews_primary_category":[],"jnews_social_meta":[],"jnews_override_counter":[],"footnotes":""},"categories":[119,4404],"tags":[1624,1318,2859],"class_list":["post-181450","post","type-post","status-publish","format-standard","has-post-thumbnail","hentry","category-bem-estar","category-saude","tag-coracao","tag-saude-2","tag-saude-fisica"],"yoast_head":"<!-- This site is optimized with the Yoast SEO plugin v24.6 - https:\/\/yoast.com\/wordpress\/plugins\/seo\/ -->\n<title>O que acontece com o cora\u00e7\u00e3o quando a atividade f\u00edsica vira rotina? - Correio Braziliense - Radar<\/title>\n<meta name=\"description\" content=\"Descubra por que a atividade f\u00edsica regular \u00e9 considerada uma das formas mais eficazes de manter a sa\u00fade do cora\u00e7\u00e3o em dia.\" \/>\n<meta name=\"robots\" content=\"index, follow, max-snippet:-1, max-image-preview:large, max-video-preview:-1\" \/>\n<link rel=\"canonical\" href=\"https:\/\/www.correiobraziliense.com.br\/cbradar\/o-que-acontece-com-o-coracao-quando-a-atividade-fisica-vira-rotina\/\" \/>\n<meta property=\"og:locale\" content=\"pt_BR\" \/>\n<meta property=\"og:type\" content=\"article\" \/>\n<meta property=\"og:title\" content=\"O que acontece com o cora\u00e7\u00e3o quando a atividade f\u00edsica vira rotina? - Correio Braziliense - Radar\" \/>\n<meta property=\"og:description\" content=\"Descubra por que a atividade f\u00edsica regular \u00e9 considerada uma das formas mais eficazes de manter a sa\u00fade do cora\u00e7\u00e3o em dia.\" \/>\n<meta property=\"og:url\" content=\"https:\/\/www.correiobraziliense.com.br\/cbradar\/o-que-acontece-com-o-coracao-quando-a-atividade-fisica-vira-rotina\/\" \/>\n<meta property=\"og:site_name\" content=\"Correio Braziliense - Radar\" \/>\n<meta property=\"article:published_time\" content=\"2026-01-26T21:05:00+00:00\" \/>\n<meta property=\"og:image\" content=\"https:\/\/www.correiobraziliense.com.br\/cbradar\/wp-content\/uploads\/2026\/01\/aaa-2026-01-25T165639.980.png\" \/>\n\t<meta property=\"og:image:width\" content=\"1280\" \/>\n\t<meta property=\"og:image:height\" content=\"720\" \/>\n\t<meta property=\"og:image:type\" content=\"image\/png\" \/>\n<meta name=\"author\" content=\"Maura Pereira\" \/>\n<meta name=\"twitter:card\" content=\"summary_large_image\" \/>\n<meta name=\"twitter:label1\" content=\"Escrito por\" \/>\n\t<meta name=\"twitter:data1\" content=\"Maura Pereira\" \/>\n\t<meta name=\"twitter:label2\" content=\"Est. tempo de leitura\" \/>\n\t<meta name=\"twitter:data2\" content=\"4 minutos\" \/>\n<!-- \/ Yoast SEO plugin. -->","yoast_head_json":{"title":"O que acontece com o cora\u00e7\u00e3o quando a atividade f\u00edsica vira rotina? - Correio Braziliense - Radar","description":"Descubra por que a atividade f\u00edsica regular \u00e9 considerada uma das formas mais eficazes de manter a sa\u00fade do cora\u00e7\u00e3o em dia.","robots":{"index":"index","follow":"follow","max-snippet":"max-snippet:-1","max-image-preview":"max-image-preview:large","max-video-preview":"max-video-preview:-1"},"canonical":"https:\/\/www.correiobraziliense.com.br\/cbradar\/o-que-acontece-com-o-coracao-quando-a-atividade-fisica-vira-rotina\/","og_locale":"pt_BR","og_type":"article","og_title":"O que acontece com o cora\u00e7\u00e3o quando a atividade f\u00edsica vira rotina? - Correio Braziliense - Radar","og_description":"Descubra por que a atividade f\u00edsica regular \u00e9 considerada uma das formas mais eficazes de manter a sa\u00fade do cora\u00e7\u00e3o em dia.","og_url":"https:\/\/www.correiobraziliense.com.br\/cbradar\/o-que-acontece-com-o-coracao-quando-a-atividade-fisica-vira-rotina\/","og_site_name":"Correio Braziliense - Radar","article_published_time":"2026-01-26T21:05:00+00:00","og_image":[{"width":1280,"height":720,"url":"https:\/\/www.correiobraziliense.com.br\/cbradar\/wp-content\/uploads\/2026\/01\/aaa-2026-01-25T165639.980.png","type":"image\/png"}],"author":"Maura Pereira","twitter_card":"summary_large_image","twitter_misc":{"Escrito por":"Maura Pereira","Est. tempo de leitura":"4 minutos"},"schema":{"@context":"https:\/\/schema.org","@graph":[{"@type":"WebPage","@id":"https:\/\/www.correiobraziliense.com.br\/cbradar\/o-que-acontece-com-o-coracao-quando-a-atividade-fisica-vira-rotina\/","url":"https:\/\/www.correiobraziliense.com.br\/cbradar\/o-que-acontece-com-o-coracao-quando-a-atividade-fisica-vira-rotina\/","name":"O que acontece com o cora\u00e7\u00e3o quando a atividade f\u00edsica vira rotina? - Correio Braziliense - Radar","isPartOf":{"@id":"https:\/\/www.correiobraziliense.com.br\/cbradar\/#website"},"primaryImageOfPage":{"@id":"https:\/\/www.correiobraziliense.com.br\/cbradar\/o-que-acontece-com-o-coracao-quando-a-atividade-fisica-vira-rotina\/#primaryimage"},"image":{"@id":"https:\/\/www.correiobraziliense.com.br\/cbradar\/o-que-acontece-com-o-coracao-quando-a-atividade-fisica-vira-rotina\/#primaryimage"},"thumbnailUrl":"https:\/\/www.correiobraziliense.com.br\/cbradar\/wp-content\/uploads\/2026\/01\/aaa-2026-01-25T165639.980.png","datePublished":"2026-01-26T21:05:00+00:00","author":{"@id":"https:\/\/www.correiobraziliense.com.br\/cbradar\/#\/schema\/person\/4053c651a9bfc785afc6f4cbc9032fd3"},"description":"Descubra por que a atividade f\u00edsica regular \u00e9 considerada uma das formas mais eficazes de manter a sa\u00fade do cora\u00e7\u00e3o em dia.","breadcrumb":{"@id":"https:\/\/www.correiobraziliense.com.br\/cbradar\/o-que-acontece-com-o-coracao-quando-a-atividade-fisica-vira-rotina\/#breadcrumb"},"inLanguage":"pt-BR","potentialAction":[{"@type":"ReadAction","target":["https:\/\/www.correiobraziliense.com.br\/cbradar\/o-que-acontece-com-o-coracao-quando-a-atividade-fisica-vira-rotina\/"]}]},{"@type":"ImageObject","inLanguage":"pt-BR","@id":"https:\/\/www.correiobraziliense.com.br\/cbradar\/o-que-acontece-com-o-coracao-quando-a-atividade-fisica-vira-rotina\/#primaryimage","url":"https:\/\/www.correiobraziliense.com.br\/cbradar\/wp-content\/uploads\/2026\/01\/aaa-2026-01-25T165639.980.png","contentUrl":"https:\/\/www.correiobraziliense.com.br\/cbradar\/wp-content\/uploads\/2026\/01\/aaa-2026-01-25T165639.980.png","width":1280,"height":720,"caption":"Exerc\u00edcios aer\u00f3bicos s\u00e3o os mais indicados para a sa\u00fade do cora\u00e7\u00e3o, pois elevam a frequ\u00eancia card\u00edaca de forma controlada e cont\u00ednua."},{"@type":"BreadcrumbList","@id":"https:\/\/www.correiobraziliense.com.br\/cbradar\/o-que-acontece-com-o-coracao-quando-a-atividade-fisica-vira-rotina\/#breadcrumb","itemListElement":[{"@type":"ListItem","position":1,"name":"In\u00edcio","item":"https:\/\/www.correiobraziliense.com.br\/cbradar\/"},{"@type":"ListItem","position":2,"name":"O que acontece com o cora\u00e7\u00e3o quando a atividade f\u00edsica vira rotina?"}]},{"@type":"WebSite","@id":"https:\/\/www.correiobraziliense.com.br\/cbradar\/#website","url":"https:\/\/www.correiobraziliense.com.br\/cbradar\/","name":"Correio Braziliense - Radar","description":"Acompanhe as \u00faltimas not\u00edcias e fique bem informado sobre tudo o que acontece no Brasil e no mundo.","potentialAction":[{"@type":"SearchAction","target":{"@type":"EntryPoint","urlTemplate":"https:\/\/www.correiobraziliense.com.br\/cbradar\/?s={search_term_string}"},"query-input":{"@type":"PropertyValueSpecification","valueRequired":true,"valueName":"search_term_string"}}],"inLanguage":"pt-BR"},{"@type":"Person","@id":"https:\/\/www.correiobraziliense.com.br\/cbradar\/#\/schema\/person\/4053c651a9bfc785afc6f4cbc9032fd3","name":"Maura Pereira","image":{"@type":"ImageObject","inLanguage":"pt-BR","@id":"https:\/\/www.correiobraziliense.com.br\/cbradar\/#\/schema\/person\/image\/","url":"https:\/\/secure.gravatar.com\/avatar\/3effd6bdadfa447f15089c7f7144eaa6?s=96&d=mm&r=g","contentUrl":"https:\/\/secure.gravatar.com\/avatar\/3effd6bdadfa447f15089c7f7144eaa6?s=96&d=mm&r=g","caption":"Maura Pereira"},"sameAs":["https:\/\/www.correiobraziliense.com.br\/"],"url":"https:\/\/www.correiobraziliense.com.br\/cbradar\/author\/mauramyth\/"}]}},"_links":{"self":[{"href":"https:\/\/www.correiobraziliense.com.br\/cbradar\/wp-json\/wp\/v2\/posts\/181450","targetHints":{"allow":["GET"]}}],"collection":[{"href":"https:\/\/www.correiobraziliense.com.br\/cbradar\/wp-json\/wp\/v2\/posts"}],"about":[{"href":"https:\/\/www.correiobraziliense.com.br\/cbradar\/wp-json\/wp\/v2\/types\/post"}],"author":[{"embeddable":true,"href":"https:\/\/www.correiobraziliense.com.br\/cbradar\/wp-json\/wp\/v2\/users\/8"}],"replies":[{"embeddable":true,"href":"https:\/\/www.correiobraziliense.com.br\/cbradar\/wp-json\/wp\/v2\/comments?post=181450"}],"version-history":[{"count":13,"href":"https:\/\/www.correiobraziliense.com.br\/cbradar\/wp-json\/wp\/v2\/posts\/181450\/revisions"}],"predecessor-version":[{"id":181469,"href":"https:\/\/www.correiobraziliense.com.br\/cbradar\/wp-json\/wp\/v2\/posts\/181450\/revisions\/181469"}],"wp:featuredmedia":[{"embeddable":true,"href":"https:\/\/www.correiobraziliense.com.br\/cbradar\/wp-json\/wp\/v2\/media\/181461"}],"wp:attachment":[{"href":"https:\/\/www.correiobraziliense.com.br\/cbradar\/wp-json\/wp\/v2\/media?parent=181450"}],"wp:term":[{"taxonomy":"category","embeddable":true,"href":"https:\/\/www.correiobraziliense.com.br\/cbradar\/wp-json\/wp\/v2\/categories?post=181450"},{"taxonomy":"post_tag","embeddable":true,"href":"https:\/\/www.correiobraziliense.com.br\/cbradar\/wp-json\/wp\/v2\/tags?post=181450"}],"curies":[{"name":"wp","href":"https:\/\/api.w.org\/{rel}","templated":true}]}}