{"id":181452,"date":"2026-01-26T22:55:00","date_gmt":"2026-01-27T01:55:00","guid":{"rendered":"https:\/\/www.correiobraziliense.com.br\/cbradar\/?p=181452"},"modified":"2026-01-25T17:30:59","modified_gmt":"2026-01-25T20:30:59","slug":"um-alimento-barato-vem-chamando-atencao-por-fortalecer-o-intestino-e-melhorar-a-absorcao-de-nutrientes","status":"publish","type":"post","link":"https:\/\/www.correiobraziliense.com.br\/cbradar\/um-alimento-barato-vem-chamando-atencao-por-fortalecer-o-intestino-e-melhorar-a-absorcao-de-nutrientes\/","title":{"rendered":"Um alimento barato vem chamando aten\u00e7\u00e3o por fortalecer o intestino e melhorar a absor\u00e7\u00e3o de nutrientes"},"content":{"rendered":"\n<p><strong>Cuidar da sa\u00fade intestinal n\u00e3o exige produtos caros nem dietas complicadas.<\/strong> Um alimento simples, acess\u00edvel e presente na mesa de milh\u00f5es de pessoas no <strong>Brasil<\/strong> se destaca por fortalecer o intestino e favorecer a absor\u00e7\u00e3o de nutrientes: a aveia. Rica em fibras e f\u00e1cil de incluir na rotina, ela tem papel direto no equil\u00edbrio do organismo e no bem-estar geral.<\/p>\n\n\n\n<h2 class=\"wp-block-heading\">Por que a aveia fortalece o intestino?<\/h2>\n\n\n\n<p><strong>A aveia fortalece o intestino porque \u00e9 rica em fibras sol\u00faveis, especialmente a beta-glucana<\/strong>, um tipo de fibra que forma um gel no trato digestivo. Esse gel melhora o tr\u00e2nsito intestinal, alimenta as bact\u00e9rias ben\u00e9ficas e contribui para um ambiente intestinal mais equilibrado.<\/p>\n\n\n\n<p>Al\u00e9m disso, a beta-glucana ajuda a proteger a mucosa intestinal, reduzindo inflama\u00e7\u00f5es e desconfortos como constipa\u00e7\u00e3o e incha\u00e7o. Com o intestino funcionando melhor, o corpo passa a responder de forma mais eficiente a outros h\u00e1bitos saud\u00e1veis.<\/p>\n\n\n\n<p>Antes de entender os efeitos mais amplos, vale observar os principais benef\u00edcios intestinais associados ao consumo regular de aveia:<\/p>\n\n\n\n<ul class=\"wp-block-list\">\n<li>Melhora do funcionamento do intestino<\/li>\n\n\n\n<li>Est\u00edmulo \u00e0 microbiota intestinal saud\u00e1vel<\/li>\n\n\n\n<li>Redu\u00e7\u00e3o de gases e desconfortos digestivos<\/li>\n<\/ul>\n\n\n<div class=\"wp-block-image\">\n<figure class=\"aligncenter size-large\"><img decoding=\"async\" width=\"1024\" height=\"576\" src=\"https:\/\/www.correiobraziliense.com.br\/cbradar\/wp-content\/uploads\/2025\/11\/aveia_1763911423956-1024x576.jpg\" alt=\"A combina\u00e7\u00e3o de 2 alimentos baratos ideais para consumir todos os dias ap\u00f3s os 40 anos\" class=\"wp-image-143726\" srcset=\"https:\/\/www.correiobraziliense.com.br\/cbradar\/wp-content\/uploads\/2025\/11\/aveia_1763911423956-1024x576.jpg 1024w, https:\/\/www.correiobraziliense.com.br\/cbradar\/wp-content\/uploads\/2025\/11\/aveia_1763911423956-300x169.jpg 300w, https:\/\/www.correiobraziliense.com.br\/cbradar\/wp-content\/uploads\/2025\/11\/aveia_1763911423956-768x432.jpg 768w, https:\/\/www.correiobraziliense.com.br\/cbradar\/wp-content\/uploads\/2025\/11\/aveia_1763911423956-750x422.jpg 750w, https:\/\/www.correiobraziliense.com.br\/cbradar\/wp-content\/uploads\/2025\/11\/aveia_1763911423956-1140x641.jpg 1140w, https:\/\/www.correiobraziliense.com.br\/cbradar\/wp-content\/uploads\/2025\/11\/aveia_1763911423956.jpg 1280w\" sizes=\"(max-width: 1024px) 100vw, 1024px\" \/><figcaption class=\"wp-element-caption\">Aveia \u00e9 um cereal rico em fibras, vitaminas e minerais que favorecem a digest\u00e3o e a sa\u00fade cardiovascular. \/\/ Cr\u00e9ditos: depositphotos.com \/ HHLtDave5<\/figcaption><\/figure><\/div>\n\n\n<h2 class=\"wp-block-heading\">Como a sa\u00fade do intestino afeta a absor\u00e7\u00e3o de nutrientes?<\/h2>\n\n\n\n<p><strong>Um intestino saud\u00e1vel absorve melhor vitaminas, minerais e outros nutrientes essenciais.<\/strong> Quando a microbiota intestinal est\u00e1 equilibrada, o organismo consegue aproveitar de forma mais eficiente o que \u00e9 consumido na alimenta\u00e7\u00e3o di\u00e1ria.<\/p>\n\n\n\n<p>A aveia contribui para esse processo ao favorecer o crescimento de bact\u00e9rias ben\u00e9ficas, que participam ativamente da digest\u00e3o e da absor\u00e7\u00e3o de nutrientes. Isso impacta diretamente n\u00edveis de energia, imunidade e at\u00e9 a sa\u00fade mental, j\u00e1 que o intestino est\u00e1 ligado \u00e0 produ\u00e7\u00e3o de neurotransmissores.<\/p>\n\n\n\n<p>Com o funcionamento intestinal regulado, o corpo desperdi\u00e7a menos nutrientes e responde melhor a uma alimenta\u00e7\u00e3o equilibrada.<\/p>\n\n\n\n<p>O v\u00eddeo do canal <strong>Cardio DF<\/strong>, apresentado pelo cardiologista <strong>Dr. Andr\u00e9 Wambier<\/strong>, explica por que a aveia \u00e9 considerada um superalimento e como o seu consumo di\u00e1rio pode transformar a sa\u00fade.<\/p>\n\n\n\n<figure class=\"wp-block-embed aligncenter is-type-video is-provider-youtube wp-block-embed-youtube wp-embed-aspect-16-9 wp-has-aspect-ratio\"><div class=\"wp-block-embed__wrapper\">\n<div class=\"jeg_video_container jeg_video_content\"><iframe loading=\"lazy\" title=\"COMA AVEIA TODOS OS DIAS e VEJA O QUE ACONTECE COM SEU CORPO (10 BENEF\u00cdCIOS PROVADOS PELA CI\u00caNCIA)\" width=\"500\" height=\"281\" src=\"https:\/\/www.youtube.com\/embed\/8M9mLXLYnDc?feature=oembed\" frameborder=\"0\" allow=\"accelerometer; autoplay; clipboard-write; encrypted-media; gyroscope; picture-in-picture; web-share\" referrerpolicy=\"strict-origin-when-cross-origin\" allowfullscreen><\/iframe><\/div>\n<\/div><\/figure>\n\n\n\n<h2 class=\"wp-block-heading\">Aveia \u00e9 melhor que suplementos para o intestino?<\/h2>\n\n\n\n<p><strong>Em muitos casos, a aveia pode ser mais eficaz do que suplementos isolados para a sa\u00fade intestinal.<\/strong> Diferente de c\u00e1psulas, ela oferece fibras, vitaminas do complexo B, minerais e compostos bioativos em uma matriz alimentar natural.<\/p>\n\n\n\n<p>Enquanto suplementos atuam de forma pontual, o consumo regular de aveia gera efeitos progressivos e sustent\u00e1veis. Al\u00e9m disso, seu custo baixo permite uso cont\u00ednuo, o que \u00e9 essencial para resultados duradouros no intestino.<\/p>\n\n\n\n<p>Para visualizar essa compara\u00e7\u00e3o, observe os efeitos gerais de cada op\u00e7\u00e3o. Veja a tabela abaixo:<\/p>\n\n\n\n<figure class=\"wp-block-table\"><table class=\"has-fixed-layout\"><thead><tr><th>Op\u00e7\u00e3o<\/th><th>Impacto no intestino<\/th><\/tr><\/thead><tbody><tr><td>Aveia<\/td><td>Equil\u00edbrio da microbiota e melhor digest\u00e3o<\/td><\/tr><tr><td>Suplementos de fibra<\/td><td>Efeito isolado e pontual<\/td><\/tr><tr><td>Dieta pobre em fibras<\/td><td>Intestino lento e inflama\u00e7\u00e3o<\/td><\/tr><tr><td>Alimentos integrais<\/td><td>Benef\u00edcios cumulativos<\/td><\/tr><\/tbody><\/table><\/figure>\n\n\n\n<p><strong>Leia tamb\u00e9m: <a href=\"https:\/\/www.correiobraziliense.com.br\/cbradar\/a-fruta-cremosa-que-fortalece-o-coracao-e-cresce-com-facilidade-ate-em-quintais-pequenos\/\" target=\"_blank\" rel=\"noreferrer noopener\">A fruta cremosa que fortalece o cora\u00e7\u00e3o e cresce com facilidade at\u00e9 em quintais pequenos.<\/a><\/strong><\/p>\n\n\n<div class=\"wp-block-image\">\n<figure class=\"aligncenter size-large\"><img decoding=\"async\" width=\"1024\" height=\"576\" src=\"https:\/\/www.correiobraziliense.com.br\/cbradar\/wp-content\/uploads\/2025\/12\/aveia-e-iogurte_1765705915165-1024x576.jpg\" alt=\"A combina\u00e7\u00e3o de 2 alimentos baratos ideais para consumir todos os dias ap\u00f3s os 40 anos\" class=\"wp-image-156258\" srcset=\"https:\/\/www.correiobraziliense.com.br\/cbradar\/wp-content\/uploads\/2025\/12\/aveia-e-iogurte_1765705915165-1024x576.jpg 1024w, https:\/\/www.correiobraziliense.com.br\/cbradar\/wp-content\/uploads\/2025\/12\/aveia-e-iogurte_1765705915165-300x169.jpg 300w, https:\/\/www.correiobraziliense.com.br\/cbradar\/wp-content\/uploads\/2025\/12\/aveia-e-iogurte_1765705915165-768x432.jpg 768w, https:\/\/www.correiobraziliense.com.br\/cbradar\/wp-content\/uploads\/2025\/12\/aveia-e-iogurte_1765705915165-750x422.jpg 750w, https:\/\/www.correiobraziliense.com.br\/cbradar\/wp-content\/uploads\/2025\/12\/aveia-e-iogurte_1765705915165-1140x641.jpg 1140w, https:\/\/www.correiobraziliense.com.br\/cbradar\/wp-content\/uploads\/2025\/12\/aveia-e-iogurte_1765705915165.jpg 1280w\" sizes=\"(max-width: 1024px) 100vw, 1024px\" \/><figcaption class=\"wp-element-caption\"> Misture aveia, iogurte e fruta no potinho! Deixe na geladeira overnight pra caf\u00e9 pronto e gostoso, sem cozinhar e com fibras que saciam at\u00e9 almo\u00e7o.\u200b \/\/ Cr\u00e9ditos: depositphotos.com \/ VitalikRadko<\/figcaption><\/figure><\/div>\n\n\n<h2 class=\"wp-block-heading\">Qual a melhor forma de consumir aveia?<\/h2>\n\n\n\n<p><strong>A melhor forma de consumir aveia \u00e9 aquela que se adapta \u00e0 rotina e mant\u00e9m a regularidade.<\/strong> Ela pode ser usada no caf\u00e9 da manh\u00e3, lanches ou at\u00e9 em prepara\u00e7\u00f5es salgadas, sem perder seus benef\u00edcios nutricionais.<\/p>\n\n\n\n<p>O ideal \u00e9 combin\u00e1-la com l\u00edquidos, como \u00e1gua, leite ou bebidas vegetais, para potencializar o efeito das fibras. Frutas e sementes tamb\u00e9m ajudam a diversificar nutrientes e melhorar ainda mais o funcionamento intestinal.<\/p>\n\n\n\n<p>Para quem est\u00e1 come\u00e7ando, algumas formas simples facilitam a inclus\u00e3o da aveia no dia a dia:<\/p>\n\n\n\n<ul class=\"wp-block-list\">\n<li>Aveia com frutas no caf\u00e9 da manh\u00e3<\/li>\n\n\n\n<li>Mingau simples ou overnight oats<\/li>\n\n\n\n<li>Uso em receitas caseiras, como panquecas<\/li>\n<\/ul>\n\n\n\n<h2 class=\"wp-block-heading\">Quem deve ter aten\u00e7\u00e3o ao consumir aveia?<\/h2>\n\n\n\n<p><strong>A maioria das pessoas pode consumir aveia diariamente sem problemas<\/strong>, desde que em quantidades adequadas e com boa hidrata\u00e7\u00e3o. No entanto, quem n\u00e3o est\u00e1 acostumado a uma dieta rica em fibras deve aumentar o consumo de forma gradual.<\/p>\n\n\n\n<p>Pessoas com condi\u00e7\u00f5es intestinais espec\u00edficas ou sensibilidade ao gl\u00faten devem buscar orienta\u00e7\u00e3o profissional, mesmo que a aveia pura n\u00e3o contenha gl\u00faten. Ajustar a quantidade evita desconfortos iniciais e garante melhores resultados.<\/p>\n\n\n\n<p>Ao ser incorporada de forma consciente, a aveia se consolida como um alimento barato, funcional e poderoso. Seu impacto positivo no intestino e na absor\u00e7\u00e3o de nutrientes refor\u00e7a que sa\u00fade e bem-estar tamb\u00e9m se constroem com escolhas simples e acess\u00edveis no cotidiano.<\/p>\n","protected":false},"excerpt":{"rendered":"<p>Cuidar da sa\u00fade intestinal n\u00e3o exige produtos caros nem dietas complicadas. Um alimento simples, acess\u00edvel e presente na mesa de milh\u00f5es de pessoas no Brasil se destaca por fortalecer o intestino e favorecer a absor\u00e7\u00e3o de nutrientes: a aveia. Rica em fibras e f\u00e1cil de incluir na rotina, ela tem papel direto no equil\u00edbrio do [&hellip;]<\/p>\n","protected":false},"author":8,"featured_media":181509,"comment_status":"open","ping_status":"open","sticky":false,"template":"","format":"standard","meta":{"_yoast_wpseo_focuskw":"alimento para o intestino","_yoast_wpseo_title":"","_yoast_wpseo_metadesc":"Descubra como um alimento barato pode ajudar a fortalecer o intestino e melhorar a absor\u00e7\u00e3o de nutrientes de forma natural.","jnews-multi-image_gallery":[],"jnews_single_post":{"format":"standard"},"jnews_primary_category":[],"jnews_social_meta":[],"jnews_override_counter":[],"footnotes":""},"categories":[119,4404],"tags":[8066,1422,1318],"class_list":["post-181452","post","type-post","status-publish","format-standard","has-post-thumbnail","hentry","category-bem-estar","category-saude","tag-aveia","tag-intestino","tag-saude-2"],"yoast_head":"<!-- This site is optimized with the Yoast SEO plugin v24.6 - https:\/\/yoast.com\/wordpress\/plugins\/seo\/ -->\n<title>Um alimento barato vem chamando aten\u00e7\u00e3o por fortalecer o intestino e melhorar a absor\u00e7\u00e3o de nutrientes - Correio Braziliense - Radar<\/title>\n<meta name=\"description\" content=\"Descubra como um alimento barato pode ajudar a fortalecer o intestino e melhorar a absor\u00e7\u00e3o de nutrientes de forma natural.\" \/>\n<meta name=\"robots\" content=\"index, follow, max-snippet:-1, max-image-preview:large, max-video-preview:-1\" \/>\n<link rel=\"canonical\" href=\"https:\/\/www.correiobraziliense.com.br\/cbradar\/um-alimento-barato-vem-chamando-atencao-por-fortalecer-o-intestino-e-melhorar-a-absorcao-de-nutrientes\/\" \/>\n<meta property=\"og:locale\" content=\"pt_BR\" \/>\n<meta property=\"og:type\" content=\"article\" \/>\n<meta property=\"og:title\" content=\"Um alimento barato vem chamando aten\u00e7\u00e3o por fortalecer o intestino e melhorar a absor\u00e7\u00e3o de nutrientes - Correio Braziliense - Radar\" \/>\n<meta property=\"og:description\" content=\"Descubra como um alimento barato pode ajudar a fortalecer o intestino e melhorar a absor\u00e7\u00e3o de nutrientes de forma natural.\" \/>\n<meta property=\"og:url\" content=\"https:\/\/www.correiobraziliense.com.br\/cbradar\/um-alimento-barato-vem-chamando-atencao-por-fortalecer-o-intestino-e-melhorar-a-absorcao-de-nutrientes\/\" \/>\n<meta property=\"og:site_name\" content=\"Correio Braziliense - Radar\" \/>\n<meta property=\"article:published_time\" content=\"2026-01-27T01:55:00+00:00\" \/>\n<meta property=\"og:image\" content=\"https:\/\/www.correiobraziliense.com.br\/cbradar\/wp-content\/uploads\/2026\/01\/aaa-2026-01-25T172658.181.png\" \/>\n\t<meta property=\"og:image:width\" content=\"1280\" \/>\n\t<meta property=\"og:image:height\" content=\"720\" \/>\n\t<meta property=\"og:image:type\" content=\"image\/png\" \/>\n<meta name=\"author\" content=\"Maura Pereira\" \/>\n<meta name=\"twitter:card\" content=\"summary_large_image\" \/>\n<meta name=\"twitter:label1\" content=\"Escrito por\" \/>\n\t<meta name=\"twitter:data1\" content=\"Maura Pereira\" \/>\n\t<meta name=\"twitter:label2\" content=\"Est. tempo de leitura\" \/>\n\t<meta name=\"twitter:data2\" content=\"5 minutos\" \/>\n<!-- \/ Yoast SEO plugin. -->","yoast_head_json":{"title":"Um alimento barato vem chamando aten\u00e7\u00e3o por fortalecer o intestino e melhorar a absor\u00e7\u00e3o de nutrientes - Correio Braziliense - Radar","description":"Descubra como um alimento barato pode ajudar a fortalecer o intestino e melhorar a absor\u00e7\u00e3o de nutrientes de forma natural.","robots":{"index":"index","follow":"follow","max-snippet":"max-snippet:-1","max-image-preview":"max-image-preview:large","max-video-preview":"max-video-preview:-1"},"canonical":"https:\/\/www.correiobraziliense.com.br\/cbradar\/um-alimento-barato-vem-chamando-atencao-por-fortalecer-o-intestino-e-melhorar-a-absorcao-de-nutrientes\/","og_locale":"pt_BR","og_type":"article","og_title":"Um alimento barato vem chamando aten\u00e7\u00e3o por fortalecer o intestino e melhorar a absor\u00e7\u00e3o de nutrientes - Correio Braziliense - Radar","og_description":"Descubra como um alimento barato pode ajudar a fortalecer o intestino e melhorar a absor\u00e7\u00e3o de nutrientes de forma natural.","og_url":"https:\/\/www.correiobraziliense.com.br\/cbradar\/um-alimento-barato-vem-chamando-atencao-por-fortalecer-o-intestino-e-melhorar-a-absorcao-de-nutrientes\/","og_site_name":"Correio Braziliense - Radar","article_published_time":"2026-01-27T01:55:00+00:00","og_image":[{"width":1280,"height":720,"url":"https:\/\/www.correiobraziliense.com.br\/cbradar\/wp-content\/uploads\/2026\/01\/aaa-2026-01-25T172658.181.png","type":"image\/png"}],"author":"Maura Pereira","twitter_card":"summary_large_image","twitter_misc":{"Escrito por":"Maura Pereira","Est. tempo de leitura":"5 minutos"},"schema":{"@context":"https:\/\/schema.org","@graph":[{"@type":"WebPage","@id":"https:\/\/www.correiobraziliense.com.br\/cbradar\/um-alimento-barato-vem-chamando-atencao-por-fortalecer-o-intestino-e-melhorar-a-absorcao-de-nutrientes\/","url":"https:\/\/www.correiobraziliense.com.br\/cbradar\/um-alimento-barato-vem-chamando-atencao-por-fortalecer-o-intestino-e-melhorar-a-absorcao-de-nutrientes\/","name":"Um alimento barato vem chamando aten\u00e7\u00e3o por fortalecer o intestino e melhorar a absor\u00e7\u00e3o de nutrientes - Correio Braziliense - Radar","isPartOf":{"@id":"https:\/\/www.correiobraziliense.com.br\/cbradar\/#website"},"primaryImageOfPage":{"@id":"https:\/\/www.correiobraziliense.com.br\/cbradar\/um-alimento-barato-vem-chamando-atencao-por-fortalecer-o-intestino-e-melhorar-a-absorcao-de-nutrientes\/#primaryimage"},"image":{"@id":"https:\/\/www.correiobraziliense.com.br\/cbradar\/um-alimento-barato-vem-chamando-atencao-por-fortalecer-o-intestino-e-melhorar-a-absorcao-de-nutrientes\/#primaryimage"},"thumbnailUrl":"https:\/\/www.correiobraziliense.com.br\/cbradar\/wp-content\/uploads\/2026\/01\/aaa-2026-01-25T172658.181.png","datePublished":"2026-01-27T01:55:00+00:00","author":{"@id":"https:\/\/www.correiobraziliense.com.br\/cbradar\/#\/schema\/person\/4053c651a9bfc785afc6f4cbc9032fd3"},"description":"Descubra como um alimento barato pode ajudar a fortalecer o intestino e melhorar a absor\u00e7\u00e3o de nutrientes de forma natural.","breadcrumb":{"@id":"https:\/\/www.correiobraziliense.com.br\/cbradar\/um-alimento-barato-vem-chamando-atencao-por-fortalecer-o-intestino-e-melhorar-a-absorcao-de-nutrientes\/#breadcrumb"},"inLanguage":"pt-BR","potentialAction":[{"@type":"ReadAction","target":["https:\/\/www.correiobraziliense.com.br\/cbradar\/um-alimento-barato-vem-chamando-atencao-por-fortalecer-o-intestino-e-melhorar-a-absorcao-de-nutrientes\/"]}]},{"@type":"ImageObject","inLanguage":"pt-BR","@id":"https:\/\/www.correiobraziliense.com.br\/cbradar\/um-alimento-barato-vem-chamando-atencao-por-fortalecer-o-intestino-e-melhorar-a-absorcao-de-nutrientes\/#primaryimage","url":"https:\/\/www.correiobraziliense.com.br\/cbradar\/wp-content\/uploads\/2026\/01\/aaa-2026-01-25T172658.181.png","contentUrl":"https:\/\/www.correiobraziliense.com.br\/cbradar\/wp-content\/uploads\/2026\/01\/aaa-2026-01-25T172658.181.png","width":1280,"height":720,"caption":"A aveia fortalece o intestino porque \u00e9 rica em fibras sol\u00faveis, especialmente a beta-glucana, um tipo de fibra que forma um gel no trato digestivo."},{"@type":"BreadcrumbList","@id":"https:\/\/www.correiobraziliense.com.br\/cbradar\/um-alimento-barato-vem-chamando-atencao-por-fortalecer-o-intestino-e-melhorar-a-absorcao-de-nutrientes\/#breadcrumb","itemListElement":[{"@type":"ListItem","position":1,"name":"In\u00edcio","item":"https:\/\/www.correiobraziliense.com.br\/cbradar\/"},{"@type":"ListItem","position":2,"name":"Um alimento barato vem chamando aten\u00e7\u00e3o por fortalecer o intestino e melhorar a absor\u00e7\u00e3o de nutrientes"}]},{"@type":"WebSite","@id":"https:\/\/www.correiobraziliense.com.br\/cbradar\/#website","url":"https:\/\/www.correiobraziliense.com.br\/cbradar\/","name":"Correio Braziliense - Radar","description":"Acompanhe as \u00faltimas not\u00edcias e fique bem informado sobre tudo o que acontece no Brasil e no mundo.","potentialAction":[{"@type":"SearchAction","target":{"@type":"EntryPoint","urlTemplate":"https:\/\/www.correiobraziliense.com.br\/cbradar\/?s={search_term_string}"},"query-input":{"@type":"PropertyValueSpecification","valueRequired":true,"valueName":"search_term_string"}}],"inLanguage":"pt-BR"},{"@type":"Person","@id":"https:\/\/www.correiobraziliense.com.br\/cbradar\/#\/schema\/person\/4053c651a9bfc785afc6f4cbc9032fd3","name":"Maura Pereira","image":{"@type":"ImageObject","inLanguage":"pt-BR","@id":"https:\/\/www.correiobraziliense.com.br\/cbradar\/#\/schema\/person\/image\/","url":"https:\/\/secure.gravatar.com\/avatar\/3effd6bdadfa447f15089c7f7144eaa6?s=96&d=mm&r=g","contentUrl":"https:\/\/secure.gravatar.com\/avatar\/3effd6bdadfa447f15089c7f7144eaa6?s=96&d=mm&r=g","caption":"Maura Pereira"},"sameAs":["https:\/\/www.correiobraziliense.com.br\/"],"url":"https:\/\/www.correiobraziliense.com.br\/cbradar\/author\/mauramyth\/"}]}},"_links":{"self":[{"href":"https:\/\/www.correiobraziliense.com.br\/cbradar\/wp-json\/wp\/v2\/posts\/181452","targetHints":{"allow":["GET"]}}],"collection":[{"href":"https:\/\/www.correiobraziliense.com.br\/cbradar\/wp-json\/wp\/v2\/posts"}],"about":[{"href":"https:\/\/www.correiobraziliense.com.br\/cbradar\/wp-json\/wp\/v2\/types\/post"}],"author":[{"embeddable":true,"href":"https:\/\/www.correiobraziliense.com.br\/cbradar\/wp-json\/wp\/v2\/users\/8"}],"replies":[{"embeddable":true,"href":"https:\/\/www.correiobraziliense.com.br\/cbradar\/wp-json\/wp\/v2\/comments?post=181452"}],"version-history":[{"count":8,"href":"https:\/\/www.correiobraziliense.com.br\/cbradar\/wp-json\/wp\/v2\/posts\/181452\/revisions"}],"predecessor-version":[{"id":181515,"href":"https:\/\/www.correiobraziliense.com.br\/cbradar\/wp-json\/wp\/v2\/posts\/181452\/revisions\/181515"}],"wp:featuredmedia":[{"embeddable":true,"href":"https:\/\/www.correiobraziliense.com.br\/cbradar\/wp-json\/wp\/v2\/media\/181509"}],"wp:attachment":[{"href":"https:\/\/www.correiobraziliense.com.br\/cbradar\/wp-json\/wp\/v2\/media?parent=181452"}],"wp:term":[{"taxonomy":"category","embeddable":true,"href":"https:\/\/www.correiobraziliense.com.br\/cbradar\/wp-json\/wp\/v2\/categories?post=181452"},{"taxonomy":"post_tag","embeddable":true,"href":"https:\/\/www.correiobraziliense.com.br\/cbradar\/wp-json\/wp\/v2\/tags?post=181452"}],"curies":[{"name":"wp","href":"https:\/\/api.w.org\/{rel}","templated":true}]}}