{"id":181482,"date":"2026-01-29T06:45:00","date_gmt":"2026-01-29T09:45:00","guid":{"rendered":"https:\/\/www.correiobraziliense.com.br\/cbradar\/?p=181482"},"modified":"2026-01-28T11:11:49","modified_gmt":"2026-01-28T14:11:49","slug":"os-nomes-favoritos-dos-pais-na-espanha-que-podem-ganhar-espaco-no-brasil","status":"publish","type":"post","link":"https:\/\/www.correiobraziliense.com.br\/cbradar\/os-nomes-favoritos-dos-pais-na-espanha-que-podem-ganhar-espaco-no-brasil\/","title":{"rendered":"Os nomes favoritos dos pais na Espanha que podem ganhar espa\u00e7o no Brasil"},"content":{"rendered":"\n<p>Escolher como chamar um filho costuma ser um momento carregado de significado para muitas fam\u00edlias. Entre tradi\u00e7\u00f5es familiares, prefer\u00eancias est\u00e9ticas, refer\u00eancias culturais e at\u00e9 influ\u00eancias globais, a decis\u00e3o revela muito sobre o contexto social em que nasce cada gera\u00e7\u00e3o. Em Espanha, os dados mais recentes do Instituto Nacional de Estat\u00edstica (INE) mostram que os nomes de beb\u00eas mais comuns em 2026 seguem combinando cl\u00e1ssicos de longa data com tend\u00eancias muito recentes.<\/p>\n\n\n\n<h2 class=\"wp-block-heading\">Quais s\u00e3o hoje os nomes de beb\u00ea mais populares em Espanha<\/h2>\n\n\n\n<p>Os registros indicam que j\u00e1 n\u00e3o existe um pequeno grupo de nomes dominando com folga as certid\u00f5es de nascimento. Mesmo os mais escolhidos, como <strong>Hugo<\/strong> e <strong>Luc\u00eda<\/strong>, concentram apenas uma parcela modesta dos nascimentos, o que aponta para maior <strong>diversidade na hora de batizar<\/strong> e para gostos mais fragmentados entre as fam\u00edlias.<\/p>\n\n\n\n<p>Nos nascimentos de 2026, o INE aponta que <strong>Hugo<\/strong> foi o nome de beb\u00ea menino mais frequente e <strong>Luc\u00eda<\/strong> liderou entre as meninas. Hugo foi atribu\u00eddo a mais de 3.100 rec\u00e9m-nascidos, enquanto Luc\u00eda ultrapassou os 3.000 registros, cada um rondando entre 1,9% e 2% do total, o que mostra uma disputa apertada no topo do ranking de <strong>nomes de beb\u00ea em Espanha<\/strong>.<\/p>\n\n\n\n<figure class=\"wp-block-image size-large\"><img decoding=\"async\" width=\"1024\" height=\"576\" src=\"https:\/\/www.correiobraziliense.com.br\/cbradar\/wp-content\/uploads\/2026\/01\/\u2705-BANNER-MYTH-27-7-1024x576.png\" alt=\"Os nomes favoritos dos pais na Espanha que podem ganhar espa\u00e7o no Brasil\" class=\"wp-image-181485\" srcset=\"https:\/\/www.correiobraziliense.com.br\/cbradar\/wp-content\/uploads\/2026\/01\/\u2705-BANNER-MYTH-27-7-1024x576.png 1024w, https:\/\/www.correiobraziliense.com.br\/cbradar\/wp-content\/uploads\/2026\/01\/\u2705-BANNER-MYTH-27-7-300x169.png 300w, https:\/\/www.correiobraziliense.com.br\/cbradar\/wp-content\/uploads\/2026\/01\/\u2705-BANNER-MYTH-27-7-768x432.png 768w, https:\/\/www.correiobraziliense.com.br\/cbradar\/wp-content\/uploads\/2026\/01\/\u2705-BANNER-MYTH-27-7-750x422.png 750w, https:\/\/www.correiobraziliense.com.br\/cbradar\/wp-content\/uploads\/2026\/01\/\u2705-BANNER-MYTH-27-7-1140x641.png 1140w, https:\/\/www.correiobraziliense.com.br\/cbradar\/wp-content\/uploads\/2026\/01\/\u2705-BANNER-MYTH-27-7.png 1280w\" sizes=\"(max-width: 1024px) 100vw, 1024px\" \/><figcaption class=\"wp-element-caption\">Escolha nomes espanh\u00f3is carregados de significado: Hugo e Luc\u00eda celebram heran\u00e7a cultural, iluminando futuro familiar com eleg\u00e2ncia.<\/figcaption><\/figure>\n\n\n\n<h2 class=\"wp-block-heading\">Quais s\u00e3o os nomes preferidos para meninas e meninos atualmente<\/h2>\n\n\n\n<p>Entre as meninas, al\u00e9m de <strong>Luc\u00eda<\/strong>, aparecem com grande presen\u00e7a nomes como <strong>Sof\u00eda<\/strong>, <strong>Martina<\/strong> e <strong>Mar\u00eda<\/strong>, que continuam somando milhares de registros anuais. Esses nomes femininos, muitos ligados \u00e0 tradi\u00e7\u00e3o religiosa, seguem firmes mesmo em um cen\u00e1rio de maior inova\u00e7\u00e3o e influ\u00eancia internacional.<\/p>\n\n\n\n<p>Entre os meninos, o grupo da frente \u00e9 formado principalmente por <strong>Mateo<\/strong>, <strong>Mart\u00edn<\/strong>, <strong>Leo<\/strong> e <strong>Lucas<\/strong>. Esses nomes de beb\u00ea em espanhol, geralmente curtos e de pron\u00fancia simples, refletem uma prefer\u00eancia atual por <strong>sonoridades diretas<\/strong>, f\u00e1ceis de adaptar a diferentes idiomas e a contextos bil\u00edngues cada vez mais comuns.<\/p>\n\n\n\n<h2 class=\"wp-block-heading\">Como variam os nomes de beb\u00ea entre regi\u00f5es espanholas<\/h2>\n\n\n\n<p>Ao analisar a geografia dos nomes de beb\u00ea mais usados em Espanha, surgem contrastes n\u00edtidos entre comunidades. <strong>Luc\u00eda<\/strong> mant\u00e9m um papel central em v\u00e1rias regi\u00f5es do interior e do noroeste, enquanto <strong>Mar\u00eda<\/strong> permanece especialmente forte no sul, sobretudo na <strong>Andaluzia<\/strong> e em <strong>M\u00farcia<\/strong>, refletindo um apego maior \u00e0 tradi\u00e7\u00e3o cat\u00f3lica em algumas \u00e1reas.<\/p>\n\n\n\n<p>Entre os meninos, a distribui\u00e7\u00e3o tamb\u00e9m \u00e9 variada. <strong>Hugo<\/strong> lidera em algumas comunidades do interior, mas <strong>Mateo<\/strong> assume o primeiro lugar em v\u00e1rias regi\u00f5es do norte, do leste e at\u00e9 nas ilhas, enquanto <strong>Mart\u00edn<\/strong> domina em prov\u00edncias espec\u00edficas. Em \u00e1reas com l\u00ednguas cooficiais, como <strong>Catalunha<\/strong>, <strong>Pa\u00eds Basco<\/strong>, <strong>Galiza<\/strong> ou <strong>Baleares<\/strong>, surgem nomes tipicamente locais, como <strong>Marc<\/strong>, <strong>Jan<\/strong>, <strong>Laia<\/strong>, <strong>Ane<\/strong>, <strong>Aimar<\/strong> ou <strong>Oihan<\/strong>.<\/p>\n\n\n\n<h2 class=\"wp-block-heading\">Quais letras e iniciais s\u00e3o mais usadas nos nomes de beb\u00ea<\/h2>\n\n\n\n<p>As estat\u00edsticas tamb\u00e9m destacam algumas letras preferidas pelas fam\u00edlias, mostrando padr\u00f5es de escolha que se repetem em diferentes gera\u00e7\u00f5es. Entre os nomes de menina, a letra <strong>A<\/strong> \u00e9 a inicial mais comum na lista dos 100 mais usados, com exemplos como <strong>Alma<\/strong>, <strong>Alba<\/strong> e <strong>Aitana<\/strong>, enquanto a letra <strong>C<\/strong> aparece com frequ\u00eancia em nomes como <strong>Carmen<\/strong>.<\/p>\n\n\n\n<p>A seguir est\u00e3o algumas das iniciais que mais se destacam entre os registros recentes de nascimentos, tanto para meninas quanto para meninos, segundo os dados do <strong>INE<\/strong>:<\/p>\n\n\n\n<ul class=\"wp-block-list\">\n<li><strong>A (meninas):<\/strong> Alma, Alba, Aitana, Adriana<\/li>\n\n\n\n<li><strong>C (meninas):<\/strong> Carmen, Claudia, Carla<\/li>\n\n\n\n<li><strong>L (meninas):<\/strong> Luc\u00eda, Lara, Lola, Laura<\/li>\n\n\n\n<li><strong>M (meninos):<\/strong> Mateo, Mart\u00edn, Manuel, Mario<\/li>\n\n\n\n<li><strong>A (meninos):<\/strong> Alejandro, Adri\u00e1n, \u00c1lvaro, Aitor<\/li>\n\n\n\n<li><strong>J (meninos):<\/strong> Javier, Jorge, Juan, Joel<\/li>\n<\/ul>\n\n\n\n<p>Para trazer mais op\u00e7\u00f5es, trouxemos o v\u00eddeo do perfil @gabi.pormadrid que conta com mais de 20 mil seguidores, em que a Gabi Rodrigues aborda diversas curiosidades da Espanha, como os nomes do pa\u00eds:<\/p>\n\n\n\n<blockquote class=\"tiktok-embed\" cite=\"https:\/\/www.tiktok.com\/@gabi.pormadrid\/video\/7523190480532786488\" data-video-id=\"7523190480532786488\" style=\"max-width: 605px;min-width: 325px;\" > <section> <a target=\"_blank\" title=\"@gabi.pormadrid\" href=\"https:\/\/www.tiktok.com\/@gabi.pormadrid?refer=embed\">@gabi.pormadrid<\/a> <p>S\u00f3 eu que fico pensando em nomes e tenho ZERO planos de ter filhos? \ud83d\ude05\ud83d\ude05 mas esses nomes em espanhol s\u00e3o mt lindos, fala s\u00e9rio! <\/p> <a target=\"_blank\" title=\"\u266c original sound - Gabi Rodrigues\" href=\"https:\/\/www.tiktok.com\/music\/original-sound-7523190486560066310?refer=embed\">\u266c original sound &#8211; Gabi Rodrigues<\/a> <\/section> <\/blockquote> <script async src=\"https:\/\/www.tiktok.com\/embed.js\"><\/script>\n\n\n\n<h2 class=\"wp-block-heading\">Como evolu\u00edram os nomes de beb\u00ea nas \u00faltimas d\u00e9cadas<\/h2>\n\n\n\n<p>A trajet\u00f3ria hist\u00f3rica dos <strong>nomes de beb\u00ea em Espanha<\/strong> mostra uma mudan\u00e7a gradual em dire\u00e7\u00e3o a maior variedade. Nomes que chegaram a dominar as listas no in\u00edcio dos anos 2000 hoje aparecem com muito menos registros, o que evidencia um afastamento relativo de combina\u00e7\u00f5es muito tradicionais e de nomes compostos longos.<\/p>\n\n\n\n<p><strong>Luc\u00eda<\/strong>, por exemplo, teve seu auge em meados da d\u00e9cada de 2000 e desde ent\u00e3o registra quedas relevantes, embora continue entre os mais populares. Algo semelhante acontece com <strong>Hugo<\/strong>, que alcan\u00e7ou m\u00e1ximos por volta de 2013 e vem diminuindo, enquanto outros nomes sobem: <strong>Mart\u00edn<\/strong> cresce de forma constante, e <strong>Leo<\/strong> e <strong>Mateo<\/strong> passaram de raros nos anos 2000 a escolhas preferidas para meninos.<\/p>\n\n\n\n<h2 class=\"wp-block-heading\">De que forma a cultura pop influencia os nomes de beb\u00eas<\/h2>\n\n\n\n<p>Al\u00e9m das tradi\u00e7\u00f5es religiosas, familiares ou regionais, a <strong>cultura pop<\/strong> tem papel vis\u00edvel na escolha de nomes de beb\u00ea na Espanha contempor\u00e2nea. S\u00e9ries de televis\u00e3o, sagas de fantasia, produ\u00e7\u00f5es da <strong>Disney<\/strong> e do universo <strong>Star Wars<\/strong> passam a figurar como fontes de inspira\u00e7\u00e3o, criando registros que praticamente n\u00e3o existiam h\u00e1 algumas d\u00e9cadas.<\/p>\n\n\n\n<p>Personagens de s\u00e9ries de grande audi\u00eancia, como uma conhecida produ\u00e7\u00e3o de fantasia medieval, impulsionaram nomes como <strong>Arya<\/strong>, <strong>Aria<\/strong> ou <strong>Daenerys<\/strong>, concentrados em gera\u00e7\u00f5es muito jovens. Filmes de anima\u00e7\u00e3o tamb\u00e9m deixam marcas: <strong>Elsa<\/strong> teve forte rejuvenescimento ap\u00f3s o sucesso de uma famosa anima\u00e7\u00e3o musical, enquanto <strong>Ariel<\/strong> continua associada a uma protagonista cl\u00e1ssica, e entre os meninos surgem <strong>Luke<\/strong>, <strong>Anakin<\/strong>, <strong>Thor<\/strong>, <strong>Conan<\/strong>, <strong>Bastian<\/strong>, <strong>Rocky<\/strong> ou <strong>Django<\/strong>.<\/p>\n\n\n\n<h2 class=\"wp-block-heading\">O que os nomes de beb\u00ea mais comuns revelam sobre a sociedade espanhola<\/h2>\n\n\n\n<p>Ao cruzar popularidade atual, distribui\u00e7\u00e3o territorial e idade m\u00e9dia de quem carrega cada nome, os dados formam um retrato amplo de <strong>transforma\u00e7\u00f5es sociais<\/strong> em Espanha. Nomes compostos tradicionais, como <strong>Mar\u00eda Carmen<\/strong> ou <strong>Ana Mar\u00eda<\/strong>, continuam muito presentes nas faixas et\u00e1rias mais velhas, enquanto <strong>Laura<\/strong>, <strong>Marta<\/strong>, <strong>Luc\u00eda<\/strong>, <strong>David<\/strong>, <strong>Daniel<\/strong> ou <strong>Alejandro<\/strong> simbolizam gera\u00e7\u00f5es intermedi\u00e1rias.<\/p>\n\n\n\n<p>Nos grupos mais jovens, predominam justamente os nomes que hoje aparecem entre os mais dados a rec\u00e9m-nascidos: <strong>Hugo<\/strong>, <strong>Lucas<\/strong>, <strong>Mateo<\/strong>, <strong>Leo<\/strong>, assim como <strong>Martina<\/strong>, <strong>Sof\u00eda<\/strong> ou <strong>Julia<\/strong>. Em paralelo, surgem nomes pouco usuais com idade m\u00e9dia muito baixa, sinalizando nichos de originalidade, maior exposi\u00e7\u00e3o a refer\u00eancias globais e uma conviv\u00eancia entre registros cl\u00e1ssicos, escolhas regionais e influ\u00eancias internacionais em permanente renova\u00e7\u00e3o.<\/p>\n","protected":false},"excerpt":{"rendered":"<p>Nomes de beb\u00eas mais populares em Espanha 2026: descubra tend\u00eancias, tradi\u00e7\u00f5es regionais e influ\u00eancia da cultura pop na escolha do nome ideal.<\/p>\n","protected":false},"author":3,"featured_media":183405,"comment_status":"open","ping_status":"open","sticky":false,"template":"","format":"standard","meta":{"_yoast_wpseo_focuskw":"nomes espanha","_yoast_wpseo_title":"%%title%%","_yoast_wpseo_metadesc":"Nomes de beb\u00eas mais populares em Espanha 2026: descubra tend\u00eancias, tradi\u00e7\u00f5es regionais e influ\u00eancia da cultura pop na escolha do nome ideal.","jnews-multi-image_gallery":[],"jnews_single_post":{"format":"standard"},"jnews_primary_category":[],"jnews_social_meta":[],"jnews_override_counter":[],"footnotes":""},"categories":[112],"tags":[5901,144,1084,5202,11783],"class_list":["post-181482","post","type-post","status-publish","format-standard","has-post-thumbnail","hentry","category-curiosidades","tag-bebes","tag-curiosidades","tag-espanha","tag-nomes","tag-nomes-de-bebes"],"yoast_head":"<!-- This site is optimized with the Yoast SEO plugin v24.6 - https:\/\/yoast.com\/wordpress\/plugins\/seo\/ -->\n<title>Os nomes favoritos dos pais na Espanha que podem ganhar espa\u00e7o no Brasil<\/title>\n<meta name=\"description\" content=\"Nomes de beb\u00eas mais populares em Espanha 2026: descubra tend\u00eancias, tradi\u00e7\u00f5es regionais e influ\u00eancia da cultura pop na escolha do nome ideal.\" \/>\n<meta name=\"robots\" content=\"index, follow, max-snippet:-1, max-image-preview:large, max-video-preview:-1\" \/>\n<link rel=\"canonical\" href=\"https:\/\/www.correiobraziliense.com.br\/cbradar\/os-nomes-favoritos-dos-pais-na-espanha-que-podem-ganhar-espaco-no-brasil\/\" \/>\n<meta property=\"og:locale\" content=\"pt_BR\" \/>\n<meta property=\"og:type\" content=\"article\" \/>\n<meta property=\"og:title\" content=\"Os nomes favoritos dos pais na Espanha que podem ganhar espa\u00e7o no Brasil\" \/>\n<meta property=\"og:description\" content=\"Nomes de beb\u00eas mais populares em Espanha 2026: descubra tend\u00eancias, tradi\u00e7\u00f5es regionais e influ\u00eancia da cultura pop na escolha do nome ideal.\" \/>\n<meta property=\"og:url\" content=\"https:\/\/www.correiobraziliense.com.br\/cbradar\/os-nomes-favoritos-dos-pais-na-espanha-que-podem-ganhar-espaco-no-brasil\/\" \/>\n<meta property=\"og:site_name\" content=\"Correio Braziliense - Radar\" \/>\n<meta property=\"article:published_time\" content=\"2026-01-29T09:45:00+00:00\" \/>\n<meta property=\"og:image\" content=\"https:\/\/www.correiobraziliense.com.br\/cbradar\/wp-content\/uploads\/2026\/01\/freepik__casal-jovem-segurando-um-recmnascido-em-um-hospita__47004.jpeg\" \/>\n\t<meta property=\"og:image:width\" content=\"1280\" \/>\n\t<meta property=\"og:image:height\" content=\"720\" \/>\n\t<meta property=\"og:image:type\" content=\"image\/jpeg\" \/>\n<meta name=\"author\" content=\"Larissa Carvalho\" \/>\n<meta name=\"twitter:card\" content=\"summary_large_image\" \/>\n<meta name=\"twitter:label1\" content=\"Escrito por\" \/>\n\t<meta name=\"twitter:data1\" content=\"Larissa Carvalho\" \/>\n\t<meta name=\"twitter:label2\" content=\"Est. tempo de leitura\" \/>\n\t<meta name=\"twitter:data2\" content=\"6 minutos\" \/>\n<!-- \/ Yoast SEO plugin. -->","yoast_head_json":{"title":"Os nomes favoritos dos pais na Espanha que podem ganhar espa\u00e7o no Brasil","description":"Nomes de beb\u00eas mais populares em Espanha 2026: descubra tend\u00eancias, tradi\u00e7\u00f5es regionais e influ\u00eancia da cultura pop na escolha do nome ideal.","robots":{"index":"index","follow":"follow","max-snippet":"max-snippet:-1","max-image-preview":"max-image-preview:large","max-video-preview":"max-video-preview:-1"},"canonical":"https:\/\/www.correiobraziliense.com.br\/cbradar\/os-nomes-favoritos-dos-pais-na-espanha-que-podem-ganhar-espaco-no-brasil\/","og_locale":"pt_BR","og_type":"article","og_title":"Os nomes favoritos dos pais na Espanha que podem ganhar espa\u00e7o no Brasil","og_description":"Nomes de beb\u00eas mais populares em Espanha 2026: descubra tend\u00eancias, tradi\u00e7\u00f5es regionais e influ\u00eancia da cultura pop na escolha do nome ideal.","og_url":"https:\/\/www.correiobraziliense.com.br\/cbradar\/os-nomes-favoritos-dos-pais-na-espanha-que-podem-ganhar-espaco-no-brasil\/","og_site_name":"Correio Braziliense - Radar","article_published_time":"2026-01-29T09:45:00+00:00","og_image":[{"width":1280,"height":720,"url":"https:\/\/www.correiobraziliense.com.br\/cbradar\/wp-content\/uploads\/2026\/01\/freepik__casal-jovem-segurando-um-recmnascido-em-um-hospita__47004.jpeg","type":"image\/jpeg"}],"author":"Larissa Carvalho","twitter_card":"summary_large_image","twitter_misc":{"Escrito por":"Larissa Carvalho","Est. tempo de leitura":"6 minutos"},"schema":{"@context":"https:\/\/schema.org","@graph":[{"@type":"WebPage","@id":"https:\/\/www.correiobraziliense.com.br\/cbradar\/os-nomes-favoritos-dos-pais-na-espanha-que-podem-ganhar-espaco-no-brasil\/","url":"https:\/\/www.correiobraziliense.com.br\/cbradar\/os-nomes-favoritos-dos-pais-na-espanha-que-podem-ganhar-espaco-no-brasil\/","name":"Os nomes favoritos dos pais na Espanha que podem ganhar espa\u00e7o no Brasil","isPartOf":{"@id":"https:\/\/www.correiobraziliense.com.br\/cbradar\/#website"},"primaryImageOfPage":{"@id":"https:\/\/www.correiobraziliense.com.br\/cbradar\/os-nomes-favoritos-dos-pais-na-espanha-que-podem-ganhar-espaco-no-brasil\/#primaryimage"},"image":{"@id":"https:\/\/www.correiobraziliense.com.br\/cbradar\/os-nomes-favoritos-dos-pais-na-espanha-que-podem-ganhar-espaco-no-brasil\/#primaryimage"},"thumbnailUrl":"https:\/\/www.correiobraziliense.com.br\/cbradar\/wp-content\/uploads\/2026\/01\/freepik__casal-jovem-segurando-um-recmnascido-em-um-hospita__47004.jpeg","datePublished":"2026-01-29T09:45:00+00:00","author":{"@id":"https:\/\/www.correiobraziliense.com.br\/cbradar\/#\/schema\/person\/58422787644df994b53a19d3e56c1513"},"description":"Nomes de beb\u00eas mais populares em Espanha 2026: descubra tend\u00eancias, tradi\u00e7\u00f5es regionais e influ\u00eancia da cultura pop na escolha do nome ideal.","breadcrumb":{"@id":"https:\/\/www.correiobraziliense.com.br\/cbradar\/os-nomes-favoritos-dos-pais-na-espanha-que-podem-ganhar-espaco-no-brasil\/#breadcrumb"},"inLanguage":"pt-BR","potentialAction":[{"@type":"ReadAction","target":["https:\/\/www.correiobraziliense.com.br\/cbradar\/os-nomes-favoritos-dos-pais-na-espanha-que-podem-ganhar-espaco-no-brasil\/"]}]},{"@type":"ImageObject","inLanguage":"pt-BR","@id":"https:\/\/www.correiobraziliense.com.br\/cbradar\/os-nomes-favoritos-dos-pais-na-espanha-que-podem-ganhar-espaco-no-brasil\/#primaryimage","url":"https:\/\/www.correiobraziliense.com.br\/cbradar\/wp-content\/uploads\/2026\/01\/freepik__casal-jovem-segurando-um-recmnascido-em-um-hospita__47004.jpeg","contentUrl":"https:\/\/www.correiobraziliense.com.br\/cbradar\/wp-content\/uploads\/2026\/01\/freepik__casal-jovem-segurando-um-recmnascido-em-um-hospita__47004.jpeg","width":1280,"height":720,"caption":"Dados oficiais mostram a conviv\u00eancia entre nomes cl\u00e1ssicos e modernos"},{"@type":"BreadcrumbList","@id":"https:\/\/www.correiobraziliense.com.br\/cbradar\/os-nomes-favoritos-dos-pais-na-espanha-que-podem-ganhar-espaco-no-brasil\/#breadcrumb","itemListElement":[{"@type":"ListItem","position":1,"name":"In\u00edcio","item":"https:\/\/www.correiobraziliense.com.br\/cbradar\/"},{"@type":"ListItem","position":2,"name":"Os nomes favoritos dos pais na Espanha que podem ganhar espa\u00e7o no Brasil"}]},{"@type":"WebSite","@id":"https:\/\/www.correiobraziliense.com.br\/cbradar\/#website","url":"https:\/\/www.correiobraziliense.com.br\/cbradar\/","name":"Correio Braziliense - Radar","description":"Acompanhe as \u00faltimas not\u00edcias e fique bem informado sobre tudo o que acontece no Brasil e no mundo.","potentialAction":[{"@type":"SearchAction","target":{"@type":"EntryPoint","urlTemplate":"https:\/\/www.correiobraziliense.com.br\/cbradar\/?s={search_term_string}"},"query-input":{"@type":"PropertyValueSpecification","valueRequired":true,"valueName":"search_term_string"}}],"inLanguage":"pt-BR"},{"@type":"Person","@id":"https:\/\/www.correiobraziliense.com.br\/cbradar\/#\/schema\/person\/58422787644df994b53a19d3e56c1513","name":"Larissa Carvalho","image":{"@type":"ImageObject","inLanguage":"pt-BR","@id":"https:\/\/www.correiobraziliense.com.br\/cbradar\/#\/schema\/person\/image\/","url":"https:\/\/secure.gravatar.com\/avatar\/fe4f91a0de32b52a838d0d612abdc1aa?s=96&d=mm&r=g","contentUrl":"https:\/\/secure.gravatar.com\/avatar\/fe4f91a0de32b52a838d0d612abdc1aa?s=96&d=mm&r=g","caption":"Larissa Carvalho"},"url":"https:\/\/www.correiobraziliense.com.br\/cbradar\/author\/larissamyth\/"}]}},"_links":{"self":[{"href":"https:\/\/www.correiobraziliense.com.br\/cbradar\/wp-json\/wp\/v2\/posts\/181482","targetHints":{"allow":["GET"]}}],"collection":[{"href":"https:\/\/www.correiobraziliense.com.br\/cbradar\/wp-json\/wp\/v2\/posts"}],"about":[{"href":"https:\/\/www.correiobraziliense.com.br\/cbradar\/wp-json\/wp\/v2\/types\/post"}],"author":[{"embeddable":true,"href":"https:\/\/www.correiobraziliense.com.br\/cbradar\/wp-json\/wp\/v2\/users\/3"}],"replies":[{"embeddable":true,"href":"https:\/\/www.correiobraziliense.com.br\/cbradar\/wp-json\/wp\/v2\/comments?post=181482"}],"version-history":[{"count":2,"href":"https:\/\/www.correiobraziliense.com.br\/cbradar\/wp-json\/wp\/v2\/posts\/181482\/revisions"}],"predecessor-version":[{"id":181486,"href":"https:\/\/www.correiobraziliense.com.br\/cbradar\/wp-json\/wp\/v2\/posts\/181482\/revisions\/181486"}],"wp:featuredmedia":[{"embeddable":true,"href":"https:\/\/www.correiobraziliense.com.br\/cbradar\/wp-json\/wp\/v2\/media\/183405"}],"wp:attachment":[{"href":"https:\/\/www.correiobraziliense.com.br\/cbradar\/wp-json\/wp\/v2\/media?parent=181482"}],"wp:term":[{"taxonomy":"category","embeddable":true,"href":"https:\/\/www.correiobraziliense.com.br\/cbradar\/wp-json\/wp\/v2\/categories?post=181482"},{"taxonomy":"post_tag","embeddable":true,"href":"https:\/\/www.correiobraziliense.com.br\/cbradar\/wp-json\/wp\/v2\/tags?post=181482"}],"curies":[{"name":"wp","href":"https:\/\/api.w.org\/{rel}","templated":true}]}}