{"id":181497,"date":"2026-01-27T01:45:00","date_gmt":"2026-01-27T04:45:00","guid":{"rendered":"https:\/\/www.correiobraziliense.com.br\/cbradar\/?p=181497"},"modified":"2026-01-26T17:53:52","modified_gmt":"2026-01-26T20:53:52","slug":"a-folha-que-pouca-gente-valoriza-mas-pode-apoiar-a-digestao-e-noites-mais-leves","status":"publish","type":"post","link":"https:\/\/www.correiobraziliense.com.br\/cbradar\/a-folha-que-pouca-gente-valoriza-mas-pode-apoiar-a-digestao-e-noites-mais-leves\/","title":{"rendered":"A folha que pouca gente valoriza, mas pode apoiar a digest\u00e3o e noites mais leves"},"content":{"rendered":"\n<p>Depois de um dia corrido, muita gente senta \u00e0 mesa e escolhe uma simples salada de alface para encerrar a noite. Mas voc\u00ea j\u00e1 parou para pensar por que esse vegetal \u00e9 t\u00e3o presente nas refei\u00e7\u00f5es e t\u00e3o ligado \u00e0 ideia de <strong>leveza<\/strong> e de um sono mais <strong>tranquilo<\/strong>? Embora pare\u00e7a b\u00e1sico, ele vem ganhando espa\u00e7o como um alimento que pode ajudar tanto no relaxamento quanto na digest\u00e3o, principalmente quando faz parte de uma alimenta\u00e7\u00e3o equilibrada e de uma rotina mais calma.<\/p>\n\n\n\n<h2 class=\"wp-block-heading\">Alface tem efeito calmante e digestivo no dia a dia<\/h2>\n\n\n\n<p>O poss\u00edvel <strong>efeito calmante<\/strong> da alface \u00e9 associado a compostos como a lactucina e a lactucopicrina, encontrados em maior quantidade no talo e nas folhas pr\u00f3ximas ao miolo. Estudos sugerem que essas subst\u00e2ncias tenham uma leve a\u00e7\u00e3o sedativa, oferecendo um relaxamento suave, especialmente quando a hortali\u00e7a \u00e9 consumida \u00e0 noite, em saladas ou ch\u00e1s simples.<\/p>\n\n\n\n<p>Em rela\u00e7\u00e3o \u00e0 digest\u00e3o, a alface se destaca pelo conte\u00fado de <strong>fibras<\/strong>, pela grande quantidade de \u00e1gua e pelo baixo teor cal\u00f3rico. Esse conjunto ajuda o intestino a funcionar melhor, contribui para a forma\u00e7\u00e3o do bolo fecal e favorece aquela sensa\u00e7\u00e3o de \u201cest\u00f4mago mais leve\u201d. Consumir a salada antes do prato principal tamb\u00e9m pode aumentar a saciedade e evitar exageros.<\/p>\n\n\n<div class=\"wp-block-image\">\n<figure class=\"aligncenter size-large\"><img decoding=\"async\" width=\"1024\" height=\"576\" src=\"https:\/\/www.correiobraziliense.com.br\/cbradar\/wp-content\/uploads\/2025\/12\/Gemini_Generated_Image_izum9iizum9iizum-1-1024x576.png\" alt=\"\" class=\"wp-image-163700\" srcset=\"https:\/\/www.correiobraziliense.com.br\/cbradar\/wp-content\/uploads\/2025\/12\/Gemini_Generated_Image_izum9iizum9iizum-1-1024x576.png 1024w, https:\/\/www.correiobraziliense.com.br\/cbradar\/wp-content\/uploads\/2025\/12\/Gemini_Generated_Image_izum9iizum9iizum-1-300x169.png 300w, https:\/\/www.correiobraziliense.com.br\/cbradar\/wp-content\/uploads\/2025\/12\/Gemini_Generated_Image_izum9iizum9iizum-1-768x432.png 768w, https:\/\/www.correiobraziliense.com.br\/cbradar\/wp-content\/uploads\/2025\/12\/Gemini_Generated_Image_izum9iizum9iizum-1-750x422.png 750w, https:\/\/www.correiobraziliense.com.br\/cbradar\/wp-content\/uploads\/2025\/12\/Gemini_Generated_Image_izum9iizum9iizum-1-1140x641.png 1140w, https:\/\/www.correiobraziliense.com.br\/cbradar\/wp-content\/uploads\/2025\/12\/Gemini_Generated_Image_izum9iizum9iizum-1.png 1280w\" sizes=\"(max-width: 1024px) 100vw, 1024px\" \/><figcaption class=\"wp-element-caption\">Os benef\u00edcios do alface americana envolvem desde o apoio \u00e0 digest\u00e3o at\u00e9 a prote\u00e7\u00e3o do organismo contra danos oxidativos<\/figcaption><\/figure><\/div>\n\n\n<p>Leia tamb\u00e9m:&nbsp;<a href=\"https:\/\/www.correiobraziliense.com.br\/cbradar\/essa-fruta-do-dia-a-dia-surpreende-pelo-teor-de-vitamina-c-e-pela-simplicidade-de-plantar-em-casa\/\" target=\"_blank\" rel=\"noopener\">Essa fruta do dia a dia surpreende pelo teor de vitamina C e pela simplicidade de plantar em casa<\/a><\/p>\n\n\n\n<h2 class=\"wp-block-heading\">Como a alface pode ajudar na digest\u00e3o e no relaxamento<\/h2>\n\n\n\n<p>A uni\u00e3o de \u00e1gua, fibras e pequenos nutrientes torna a alface um alimento interessante para quem busca um apoio natural para o sistema digestivo. As fibras funcionam como uma \u201cvassoura\u201d suave, ajudando a movimentar os res\u00edduos pelo intestino e reduzindo epis\u00f3dios de pris\u00e3o de ventre em quem tamb\u00e9m mant\u00e9m boa <strong>hidrata\u00e7\u00e3o<\/strong> ao longo do dia.<\/p>\n\n\n\n<p>No campo do <strong>relaxamento<\/strong>, incluir alface nas refei\u00e7\u00f5es noturnas costuma ser associado a uma rotina de sono mais tranquila. O ch\u00e1 de alface, feito por infus\u00e3o das folhas em \u00e1gua quente, \u00e9 usado de forma tradicional antes de dormir. Mais do que um efeito imediato, o ritual de comer algo leve e tomar uma bebida morna ajuda o corpo a desacelerar e cria um ambiente mais prop\u00edcio ao descanso.<\/p>\n\n\n\n<h2 class=\"wp-block-heading\">Quais s\u00e3o as formas mais comuns de consumir alface<\/h2>\n\n\n\n<p>Para aproveitar melhor os poss\u00edveis benef\u00edcios da alface, muitas pessoas variam as formas de preparo no dia a dia. A ideia \u00e9 adaptar o consumo \u00e0 rotina e ao paladar de cada um, mantendo o vegetal presente em diferentes momentos das refei\u00e7\u00f5es, sem cair na monotonia.<\/p>\n\n\n\n<ul class=\"wp-block-list\">\n<li><strong>Alface crua:<\/strong> comum em saladas, preserva vitaminas mais sens\u00edveis ao calor.<\/li>\n\n\n\n<li><strong>Alface cozida levemente:<\/strong> usada em sopas, refogados suaves e recheios quentes.<\/li>\n\n\n\n<li><strong>Ch\u00e1 de alface:<\/strong> alternativa tradicional para quem busca ficar mais calmo antes de dormir.<\/li>\n\n\n\n<li><strong>Suco com alface:<\/strong> combina\u00e7\u00e3o com frutas e outras hortali\u00e7as, unindo hidrata\u00e7\u00e3o e fibras.<\/li>\n<\/ul>\n\n\n\n<h2 class=\"wp-block-heading\">Quais s\u00e3o os tipos de alface e seus principais nutrientes<\/h2>\n\n\n\n<p>Nos mercados brasileiros \u00e9 f\u00e1cil encontrar diferentes tipos de alface, como crespa, lisa, americana, romana e roxa. Todas podem colaborar, em maior ou menor grau, para o <strong>conforto<\/strong> digestivo e a sensa\u00e7\u00e3o de relaxamento, variando principalmente em textura, sabor e leve diferen\u00e7a na composi\u00e7\u00e3o nutricional.<\/p>\n\n\n\n<p>Mesmo sendo leve, a alface oferece mais do que \u00e1gua e fibras. Abaixo, uma tabela com valores m\u00e9dios aproximados para 100 gramas de alface crua, com dados considerados at\u00e9 2026, mostrando como esse vegetal pode somar pontos importantes na rotina alimentar.<\/p>\n\n\n\n<div style=\"font-family: 'Segoe UI', Tahoma, Geneva, Verdana, sans-serif; max-width: 1000px; margin: 20px auto; border: 2px solid #722f37; border-radius: 30px; overflow: hidden; background-color: #ffffff; box-shadow: 0 4px 15px rgba(114, 47, 55, 0.1);\">\n    <table style=\"width: 100%; border-collapse: collapse; text-align: left; font-size: 14px;\">\n        <thead>\n            <tr style=\"background-color: #722f37;\">\n                <th style=\"padding: 15px; color: #ffffff; border-bottom: 2px solid #f9d8e6; width: 25%;\">Componente<\/th>\n                <th style=\"padding: 15px; color: #ffffff; border-bottom: 2px solid #f9d8e6; width: 30%;\">Quantidade m\u00e9dia (100 g)<\/th>\n                <th style=\"padding: 15px; color: #ffffff; border-bottom: 2px solid #f9d8e6; width: 45%;\">Poss\u00edvel impacto no organismo<\/th>\n            <\/tr>\n        <\/thead>\n        <tbody>\n            <tr>\n                <td style=\"padding: 12px 15px; border-bottom: 1px solid #ffe3ee; color: #4a4a4a; font-weight: bold;\">Calorias<\/td>\n                <td style=\"padding: 12px 15px; border-bottom: 1px solid #ffe3ee; color: #4a4a4a;\">14\u201320 kcal<\/td>\n                <td style=\"padding: 12px 15px; border-bottom: 1px solid #ffe3ee; color: #4a4a4a;\">Baixa densidade cal\u00f3rica, adequada para refei\u00e7\u00f5es leves<\/td>\n            <\/tr>\n            <tr style=\"background-color: #fffafa;\">\n                <td style=\"padding: 12px 15px; border-bottom: 1px solid #ffe3ee; color: #4a4a4a; font-weight: bold;\">\u00c1gua<\/td>\n                <td style=\"padding: 12px 15px; border-bottom: 1px solid #ffe3ee; color: #4a4a4a;\">cerca de 93\u201395 g<\/td>\n                <td style=\"padding: 12px 15px; border-bottom: 1px solid #ffe3ee; color: #4a4a4a;\">Contribui para hidrata\u00e7\u00e3o e ajuda na digest\u00e3o<\/td>\n            <\/tr>\n            <tr>\n                <td style=\"padding: 12px 15px; border-bottom: 1px solid #ffe3ee; color: #4a4a4a; font-weight: bold;\">Fibras<\/td>\n                <td style=\"padding: 12px 15px; border-bottom: 1px solid #ffe3ee; color: #4a4a4a;\">1,0\u20131,5 g<\/td>\n                <td style=\"padding: 12px 15px; border-bottom: 1px solid #ffe3ee; color: #4a4a4a;\">Favorece o tr\u00e2nsito intestinal e a sa\u00fade digestiva<\/td>\n            <\/tr>\n            <tr style=\"background-color: #fffafa;\">\n                <td style=\"padding: 12px 15px; border-bottom: 1px solid #ffe3ee; color: #4a4a4a; font-weight: bold;\">Vitamina A (betacaroteno)<\/td>\n                <td style=\"padding: 12px 15px; border-bottom: 1px solid #ffe3ee; color: #4a4a4a;\">~180\u2013370 \u00b5g<\/td>\n                <td style=\"padding: 12px 15px; border-bottom: 1px solid #ffe3ee; color: #4a4a4a;\">Importante para vis\u00e3o, pele e mucosas do trato digestivo<\/td>\n            <\/tr>\n            <tr>\n                <td style=\"padding: 12px 15px; border-bottom: 1px solid #ffe3ee; color: #4a4a4a; font-weight: bold;\">Vitamina K<\/td>\n                <td style=\"padding: 12px 15px; border-bottom: 1px solid #ffe3ee; color: #4a4a4a;\">50\u2013120 \u00b5g<\/td>\n                <td style=\"padding: 12px 15px; border-bottom: 1px solid #ffe3ee; color: #4a4a4a;\">Atua na coagula\u00e7\u00e3o sangu\u00ednea e na sa\u00fade \u00f3ssea<\/td>\n            <\/tr>\n            <tr style=\"background-color: #fffafa;\">\n                <td style=\"padding: 12px 15px; border-bottom: 1px solid #ffe3ee; color: #4a4a4a; font-weight: bold;\">Folato (vitamina B9)<\/td>\n                <td style=\"padding: 12px 15px; border-bottom: 1px solid #ffe3ee; color: #4a4a4a;\">30\u201370 \u00b5g<\/td>\n                <td style=\"padding: 12px 15px; border-bottom: 1px solid #ffe3ee; color: #4a4a4a;\">Participa da forma\u00e7\u00e3o de c\u00e9lulas e do metabolismo<\/td>\n            <\/tr>\n            <tr>\n                <td style=\"padding: 12px 15px; border-bottom: 1px solid #ffe3ee; color: #4a4a4a; font-weight: bold;\">Pot\u00e1ssio<\/td>\n                <td style=\"padding: 12px 15px; border-bottom: 1px solid #ffe3ee; color: #4a4a4a;\">190\u2013250 mg<\/td>\n                <td style=\"padding: 12px 15px; border-bottom: 1px solid #ffe3ee; color: #4a4a4a;\">Auxilia no equil\u00edbrio de fluidos e na fun\u00e7\u00e3o muscular<\/td>\n            <\/tr>\n            <tr style=\"background-color: #fffafa;\">\n                <td style=\"padding: 12px 15px; color: #4a4a4a; font-weight: bold;\">C\u00e1lcio<\/td>\n                <td style=\"padding: 12px 15px; color: #4a4a4a;\">30\u201340 mg<\/td>\n                <td style=\"padding: 12px 15px; color: #4a4a4a;\">Contribui para ossos e dentes, em conjunto com outros fatores<\/td>\n            <\/tr>\n        <\/tbody>\n    <\/table>\n<\/div>\n\n\n\n<p>Al\u00e9m desses nutrientes, a alface cont\u00e9m pequenas quantidades de outros minerais e antioxidantes naturais, especialmente nas variedades mais escuras. Juntos, esses elementos incentivam o bom funcionamento do sistema digestivo e podem colaborar para uma sensa\u00e7\u00e3o geral de bem-estar, com destaque para o pot\u00e1ssio e o folato na rotina alimentar.<\/p>\n\n\n\n<h2 class=\"wp-block-heading\">Como incluir a alface na rotina para aproveitar melhor seus benef\u00edcios<\/h2>\n\n\n\n<p>Para sentir os poss\u00edveis efeitos calmantes e digestivos da alface, o ideal \u00e9 que o consumo seja <strong>regular<\/strong>, e n\u00e3o apenas ocasional. Colocar o vegetal em diferentes refei\u00e7\u00f5es ajuda a manter o h\u00e1bito e permite que a hortali\u00e7a atue de forma cont\u00ednua, especialmente quando combinada com outros alimentos ricos em fibras, gorduras boas e prote\u00ednas de qualidade.<\/p>\n\n\n\n<p>Tamb\u00e9m vale observar como o pr\u00f3prio corpo reage: algumas pessoas se sentem mais leves ao comer saladas no jantar, enquanto outras preferem concentrar o consumo na hora do almo\u00e7o. Ajustar a quantidade, a forma de preparo e a companhia da alface no prato faz parte de uma constru\u00e7\u00e3o de rotina mais consciente com a pr\u00f3pria sa\u00fade. Se voc\u00ea gosta de ouvir especialistas, separamos esse v\u00eddeo do <a href=\"https:\/\/www.youtube.com\/@planeta_intestino\" target=\"_blank\" rel=\"noreferrer noopener\">Dr. Fernando Lemos<\/a> falando sobre os benef\u00edcios e cuidados ao comer alface:<\/p>\n\n\n\n<figure class=\"wp-block-embed is-type-video is-provider-youtube wp-block-embed-youtube wp-embed-aspect-16-9 wp-has-aspect-ratio\"><div class=\"wp-block-embed__wrapper\">\n<div class=\"jeg_video_container jeg_video_content\"><iframe loading=\"lazy\" title=\"COMER ALFACE! Benef\u00edcios e Cuidados.\" width=\"500\" height=\"281\" src=\"https:\/\/www.youtube.com\/embed\/i4OtmyiwSRk?feature=oembed\" frameborder=\"0\" allow=\"accelerometer; autoplay; clipboard-write; encrypted-media; gyroscope; picture-in-picture; web-share\" referrerpolicy=\"strict-origin-when-cross-origin\" allowfullscreen><\/iframe><\/div>\n<\/div><\/figure>\n\n\n\n<h2 class=\"wp-block-heading\">Convite para colocar a alface em pr\u00e1tica no seu dia a dia<\/h2>\n\n\n\n<p>No fim das contas, a alface \u00e9 um recurso simples, acess\u00edvel e vers\u00e1til para quem quer cuidar melhor da <strong>digest\u00e3o<\/strong> e buscar noites mais tranquilas. Quando associada a sono organizado, boa hidrata\u00e7\u00e3o e acompanhamento profissional em caso de sintomas persistentes, ela deixa de ser apenas um \u201cdetalhe\u201d e passa a ter um papel consistente como alimento leve, ligado a relaxamento e conforto.<\/p>\n\n\n\n<p>Se voc\u00ea quer testar na pr\u00e1tica esses poss\u00edveis benef\u00edcios, comece hoje mesmo incluindo uma por\u00e7\u00e3o de alface nas refei\u00e7\u00f5es e observando como o seu corpo responde. Caso tenha d\u00favidas espec\u00edficas sobre sa\u00fade digestiva ou sono, procure um profissional de <strong>Nutri\u00e7\u00e3o<\/strong> ou um m\u00e9dico de confian\u00e7a para receber orienta\u00e7\u00f5es personalizadas e seguras.<\/p>\n","protected":false},"excerpt":{"rendered":"<p>Depois de um dia corrido, muita gente senta \u00e0 mesa e escolhe uma simples salada de alface para encerrar a noite. Mas voc\u00ea j\u00e1 parou para pensar por que esse vegetal \u00e9 t\u00e3o presente nas refei\u00e7\u00f5es e t\u00e3o ligado \u00e0 ideia de leveza e de um sono mais tranquilo? Embora pare\u00e7a b\u00e1sico, ele vem ganhando [&hellip;]<\/p>\n","protected":false},"author":9,"featured_media":182261,"comment_status":"open","ping_status":"open","sticky":false,"template":"","format":"standard","meta":{"_yoast_wpseo_focuskw":"alface na alimenta\u00e7\u00e3o","_yoast_wpseo_title":"","_yoast_wpseo_metadesc":"Como esse vegetal leve pode ajudar na digest\u00e3o e no relaxamento com fibras, \u00e1gua e compostos de a\u00e7\u00e3o calmante.","jnews-multi-image_gallery":[],"jnews_single_post":{"format":"standard"},"jnews_primary_category":[],"jnews_social_meta":[],"jnews_override_counter":[],"footnotes":""},"categories":[119,4404],"tags":[1110,8080,14415,565],"class_list":["post-181497","post","type-post","status-publish","format-standard","has-post-thumbnail","hentry","category-bem-estar","category-saude","tag-alface","tag-digestivo","tag-efeito-calmante","tag-saude"],"yoast_head":"<!-- This site is optimized with the Yoast SEO plugin v24.6 - https:\/\/yoast.com\/wordpress\/plugins\/seo\/ -->\n<title>A folha que pouca gente valoriza, mas pode apoiar a digest\u00e3o e noites mais leves - Correio Braziliense - Radar<\/title>\n<meta name=\"description\" content=\"Como esse vegetal leve pode ajudar na digest\u00e3o e no relaxamento com fibras, \u00e1gua e compostos de a\u00e7\u00e3o calmante.\" \/>\n<meta name=\"robots\" content=\"index, follow, max-snippet:-1, max-image-preview:large, max-video-preview:-1\" \/>\n<link rel=\"canonical\" href=\"https:\/\/www.correiobraziliense.com.br\/cbradar\/a-folha-que-pouca-gente-valoriza-mas-pode-apoiar-a-digestao-e-noites-mais-leves\/\" \/>\n<meta property=\"og:locale\" content=\"pt_BR\" \/>\n<meta property=\"og:type\" content=\"article\" \/>\n<meta property=\"og:title\" content=\"A folha que pouca gente valoriza, mas pode apoiar a digest\u00e3o e noites mais leves - Correio Braziliense - Radar\" \/>\n<meta property=\"og:description\" content=\"Como esse vegetal leve pode ajudar na digest\u00e3o e no relaxamento com fibras, \u00e1gua e compostos de a\u00e7\u00e3o calmante.\" \/>\n<meta property=\"og:url\" content=\"https:\/\/www.correiobraziliense.com.br\/cbradar\/a-folha-que-pouca-gente-valoriza-mas-pode-apoiar-a-digestao-e-noites-mais-leves\/\" \/>\n<meta property=\"og:site_name\" content=\"Correio Braziliense - Radar\" \/>\n<meta property=\"article:published_time\" content=\"2026-01-27T04:45:00+00:00\" \/>\n<meta property=\"og:image\" content=\"https:\/\/www.correiobraziliense.com.br\/cbradar\/wp-content\/uploads\/2026\/01\/freepik__imagem-realista-da-alface__48500.jpeg\" \/>\n\t<meta property=\"og:image:width\" content=\"1280\" \/>\n\t<meta property=\"og:image:height\" content=\"720\" \/>\n\t<meta property=\"og:image:type\" content=\"image\/jpeg\" \/>\n<meta name=\"author\" content=\"Daniely Cardoso\" \/>\n<meta name=\"twitter:card\" content=\"summary_large_image\" \/>\n<meta name=\"twitter:label1\" content=\"Escrito por\" \/>\n\t<meta name=\"twitter:data1\" content=\"Daniely Cardoso\" \/>\n\t<meta name=\"twitter:label2\" content=\"Est. tempo de leitura\" \/>\n\t<meta name=\"twitter:data2\" content=\"6 minutos\" \/>\n<!-- \/ Yoast SEO plugin. -->","yoast_head_json":{"title":"A folha que pouca gente valoriza, mas pode apoiar a digest\u00e3o e noites mais leves - Correio Braziliense - Radar","description":"Como esse vegetal leve pode ajudar na digest\u00e3o e no relaxamento com fibras, \u00e1gua e compostos de a\u00e7\u00e3o calmante.","robots":{"index":"index","follow":"follow","max-snippet":"max-snippet:-1","max-image-preview":"max-image-preview:large","max-video-preview":"max-video-preview:-1"},"canonical":"https:\/\/www.correiobraziliense.com.br\/cbradar\/a-folha-que-pouca-gente-valoriza-mas-pode-apoiar-a-digestao-e-noites-mais-leves\/","og_locale":"pt_BR","og_type":"article","og_title":"A folha que pouca gente valoriza, mas pode apoiar a digest\u00e3o e noites mais leves - Correio Braziliense - Radar","og_description":"Como esse vegetal leve pode ajudar na digest\u00e3o e no relaxamento com fibras, \u00e1gua e compostos de a\u00e7\u00e3o calmante.","og_url":"https:\/\/www.correiobraziliense.com.br\/cbradar\/a-folha-que-pouca-gente-valoriza-mas-pode-apoiar-a-digestao-e-noites-mais-leves\/","og_site_name":"Correio Braziliense - Radar","article_published_time":"2026-01-27T04:45:00+00:00","og_image":[{"width":1280,"height":720,"url":"https:\/\/www.correiobraziliense.com.br\/cbradar\/wp-content\/uploads\/2026\/01\/freepik__imagem-realista-da-alface__48500.jpeg","type":"image\/jpeg"}],"author":"Daniely Cardoso","twitter_card":"summary_large_image","twitter_misc":{"Escrito por":"Daniely Cardoso","Est. tempo de leitura":"6 minutos"},"schema":{"@context":"https:\/\/schema.org","@graph":[{"@type":"WebPage","@id":"https:\/\/www.correiobraziliense.com.br\/cbradar\/a-folha-que-pouca-gente-valoriza-mas-pode-apoiar-a-digestao-e-noites-mais-leves\/","url":"https:\/\/www.correiobraziliense.com.br\/cbradar\/a-folha-que-pouca-gente-valoriza-mas-pode-apoiar-a-digestao-e-noites-mais-leves\/","name":"A folha que pouca gente valoriza, mas pode apoiar a digest\u00e3o e noites mais leves - Correio Braziliense - Radar","isPartOf":{"@id":"https:\/\/www.correiobraziliense.com.br\/cbradar\/#website"},"primaryImageOfPage":{"@id":"https:\/\/www.correiobraziliense.com.br\/cbradar\/a-folha-que-pouca-gente-valoriza-mas-pode-apoiar-a-digestao-e-noites-mais-leves\/#primaryimage"},"image":{"@id":"https:\/\/www.correiobraziliense.com.br\/cbradar\/a-folha-que-pouca-gente-valoriza-mas-pode-apoiar-a-digestao-e-noites-mais-leves\/#primaryimage"},"thumbnailUrl":"https:\/\/www.correiobraziliense.com.br\/cbradar\/wp-content\/uploads\/2026\/01\/freepik__imagem-realista-da-alface__48500.jpeg","datePublished":"2026-01-27T04:45:00+00:00","author":{"@id":"https:\/\/www.correiobraziliense.com.br\/cbradar\/#\/schema\/person\/7356666e12ec0ee53f348ee5db227032"},"description":"Como esse vegetal leve pode ajudar na digest\u00e3o e no relaxamento com fibras, \u00e1gua e compostos de a\u00e7\u00e3o calmante.","breadcrumb":{"@id":"https:\/\/www.correiobraziliense.com.br\/cbradar\/a-folha-que-pouca-gente-valoriza-mas-pode-apoiar-a-digestao-e-noites-mais-leves\/#breadcrumb"},"inLanguage":"pt-BR","potentialAction":[{"@type":"ReadAction","target":["https:\/\/www.correiobraziliense.com.br\/cbradar\/a-folha-que-pouca-gente-valoriza-mas-pode-apoiar-a-digestao-e-noites-mais-leves\/"]}]},{"@type":"ImageObject","inLanguage":"pt-BR","@id":"https:\/\/www.correiobraziliense.com.br\/cbradar\/a-folha-que-pouca-gente-valoriza-mas-pode-apoiar-a-digestao-e-noites-mais-leves\/#primaryimage","url":"https:\/\/www.correiobraziliense.com.br\/cbradar\/wp-content\/uploads\/2026\/01\/freepik__imagem-realista-da-alface__48500.jpeg","contentUrl":"https:\/\/www.correiobraziliense.com.br\/cbradar\/wp-content\/uploads\/2026\/01\/freepik__imagem-realista-da-alface__48500.jpeg","width":1280,"height":720,"caption":"Rico em fibras que auxiliam na digest\u00e3o"},{"@type":"BreadcrumbList","@id":"https:\/\/www.correiobraziliense.com.br\/cbradar\/a-folha-que-pouca-gente-valoriza-mas-pode-apoiar-a-digestao-e-noites-mais-leves\/#breadcrumb","itemListElement":[{"@type":"ListItem","position":1,"name":"In\u00edcio","item":"https:\/\/www.correiobraziliense.com.br\/cbradar\/"},{"@type":"ListItem","position":2,"name":"A folha que pouca gente valoriza, mas pode apoiar a digest\u00e3o e noites mais leves"}]},{"@type":"WebSite","@id":"https:\/\/www.correiobraziliense.com.br\/cbradar\/#website","url":"https:\/\/www.correiobraziliense.com.br\/cbradar\/","name":"Correio Braziliense - Radar","description":"Acompanhe as \u00faltimas not\u00edcias e fique bem informado sobre tudo o que acontece no Brasil e no mundo.","potentialAction":[{"@type":"SearchAction","target":{"@type":"EntryPoint","urlTemplate":"https:\/\/www.correiobraziliense.com.br\/cbradar\/?s={search_term_string}"},"query-input":{"@type":"PropertyValueSpecification","valueRequired":true,"valueName":"search_term_string"}}],"inLanguage":"pt-BR"},{"@type":"Person","@id":"https:\/\/www.correiobraziliense.com.br\/cbradar\/#\/schema\/person\/7356666e12ec0ee53f348ee5db227032","name":"Daniely Cardoso","image":{"@type":"ImageObject","inLanguage":"pt-BR","@id":"https:\/\/www.correiobraziliense.com.br\/cbradar\/#\/schema\/person\/image\/","url":"https:\/\/secure.gravatar.com\/avatar\/4b80ddbd124d1f071b626d52d62e5dff?s=96&d=mm&r=g","contentUrl":"https:\/\/secure.gravatar.com\/avatar\/4b80ddbd124d1f071b626d52d62e5dff?s=96&d=mm&r=g","caption":"Daniely Cardoso"},"description":"Redatora nos portais CB Radar e EM Foco, formada pela Universidade Federal de Goi\u00e1s, em Goi\u00e2nia. Apaixonada por comunica\u00e7\u00e3o, arte, decora\u00e7\u00e3o e tend\u00eancias, atuo na produ\u00e7\u00e3o de conte\u00fados envolventes sobre curiosidades, moda, beleza e paisagismo, sempre com um olhar atento \u00e0s novidades do momento.","sameAs":["https:\/\/www.correiobraziliense.com.br\/cbradar"],"url":"https:\/\/www.correiobraziliense.com.br\/cbradar\/author\/danielymyth\/"}]}},"_links":{"self":[{"href":"https:\/\/www.correiobraziliense.com.br\/cbradar\/wp-json\/wp\/v2\/posts\/181497","targetHints":{"allow":["GET"]}}],"collection":[{"href":"https:\/\/www.correiobraziliense.com.br\/cbradar\/wp-json\/wp\/v2\/posts"}],"about":[{"href":"https:\/\/www.correiobraziliense.com.br\/cbradar\/wp-json\/wp\/v2\/types\/post"}],"author":[{"embeddable":true,"href":"https:\/\/www.correiobraziliense.com.br\/cbradar\/wp-json\/wp\/v2\/users\/9"}],"replies":[{"embeddable":true,"href":"https:\/\/www.correiobraziliense.com.br\/cbradar\/wp-json\/wp\/v2\/comments?post=181497"}],"version-history":[{"count":2,"href":"https:\/\/www.correiobraziliense.com.br\/cbradar\/wp-json\/wp\/v2\/posts\/181497\/revisions"}],"predecessor-version":[{"id":181799,"href":"https:\/\/www.correiobraziliense.com.br\/cbradar\/wp-json\/wp\/v2\/posts\/181497\/revisions\/181799"}],"wp:featuredmedia":[{"embeddable":true,"href":"https:\/\/www.correiobraziliense.com.br\/cbradar\/wp-json\/wp\/v2\/media\/182261"}],"wp:attachment":[{"href":"https:\/\/www.correiobraziliense.com.br\/cbradar\/wp-json\/wp\/v2\/media?parent=181497"}],"wp:term":[{"taxonomy":"category","embeddable":true,"href":"https:\/\/www.correiobraziliense.com.br\/cbradar\/wp-json\/wp\/v2\/categories?post=181497"},{"taxonomy":"post_tag","embeddable":true,"href":"https:\/\/www.correiobraziliense.com.br\/cbradar\/wp-json\/wp\/v2\/tags?post=181497"}],"curies":[{"name":"wp","href":"https:\/\/api.w.org\/{rel}","templated":true}]}}