{"id":181498,"date":"2026-01-27T19:55:13","date_gmt":"2026-01-27T22:55:13","guid":{"rendered":"https:\/\/www.correiobraziliense.com.br\/cbradar\/?p=181498"},"modified":"2026-01-26T15:35:43","modified_gmt":"2026-01-26T18:35:43","slug":"a-alternativa-leve-que-pode-reduzir-gases-e-inchaco-e-vem-ganhando-espaco-nas-rotinas-matinais","status":"publish","type":"post","link":"https:\/\/www.correiobraziliense.com.br\/cbradar\/a-alternativa-leve-que-pode-reduzir-gases-e-inchaco-e-vem-ganhando-espaco-nas-rotinas-matinais\/","title":{"rendered":"A alternativa leve que pode reduzir gases e incha\u00e7o, e vem ganhando espa\u00e7o nas rotinas matinais"},"content":{"rendered":"\n<p>Imagine acordar, preparar seu caf\u00e9 e ficar na d\u00favida diante da prateleira: leite de vaca ou alguma op\u00e7\u00e3o vegetal? Cada vez mais pessoas fazem essa escolha diariamente, seja por <strong>intoler\u00e2ncia \u00e0 lactose<\/strong>, por desconfortos digestivos ou por um estilo de vida que prioriza alternativas de origem vegetal. Em 2026, o mercado oferece dezenas de op\u00e7\u00f5es, como leite de am\u00eandoas, aveia, soja, arroz e coco, cada uma com composi\u00e7\u00f5es e efeitos distintos no organismo. Por isso, a rela\u00e7\u00e3o entre <b>leite vegetal<\/b>, digest\u00e3o e inflama\u00e7\u00e3o passou a ser um tema de interesse para profissionais de sa\u00fade e consumidores.<\/p>\n\n\n\n<h2 class=\"wp-block-heading\">Como o leite vegetal influencia o processo de digest\u00e3o<\/h2>\n\n\n\n<p>A digest\u00e3o do leite vegetal come\u00e7a de forma diferente da do leite de vaca, j\u00e1 que n\u00e3o h\u00e1 <strong>lactose<\/strong> nem prote\u00ednas l\u00e1cteas como a case\u00edna. Em muitos casos, isso reduz epis\u00f3dios de gases, distens\u00e3o abdominal e diarreia em indiv\u00edduos sens\u00edveis, tornando o dia a dia mais leve e confort\u00e1vel.<\/p>\n\n\n\n<p>A qualidade da fibra presente em algumas bebidas, como a de <b>aveia<\/b> e am\u00eandoas, tamb\u00e9m pode contribuir para o tr\u00e2nsito intestinal, ajudando na forma\u00e7\u00e3o do bolo fecal e na sensa\u00e7\u00e3o de saciedade. Em pessoas com intestino mais sens\u00edvel, essa escolha pode fazer diferen\u00e7a na energia, no humor e at\u00e9 na disposi\u00e7\u00e3o para atividades di\u00e1rias.<\/p>\n\n\n<div class=\"wp-block-image\">\n<figure class=\"aligncenter size-large\"><img decoding=\"async\" width=\"1024\" height=\"576\" src=\"https:\/\/www.correiobraziliense.com.br\/cbradar\/wp-content\/uploads\/2026\/01\/leite-_1769395376543-1024x576.jpg\" alt=\"\" class=\"wp-image-181800\" srcset=\"https:\/\/www.correiobraziliense.com.br\/cbradar\/wp-content\/uploads\/2026\/01\/leite-_1769395376543-1024x576.jpg 1024w, https:\/\/www.correiobraziliense.com.br\/cbradar\/wp-content\/uploads\/2026\/01\/leite-_1769395376543-300x169.jpg 300w, https:\/\/www.correiobraziliense.com.br\/cbradar\/wp-content\/uploads\/2026\/01\/leite-_1769395376543-768x432.jpg 768w, https:\/\/www.correiobraziliense.com.br\/cbradar\/wp-content\/uploads\/2026\/01\/leite-_1769395376543-750x422.jpg 750w, https:\/\/www.correiobraziliense.com.br\/cbradar\/wp-content\/uploads\/2026\/01\/leite-_1769395376543-1140x641.jpg 1140w, https:\/\/www.correiobraziliense.com.br\/cbradar\/wp-content\/uploads\/2026\/01\/leite-_1769395376543.jpg 1280w\" sizes=\"(max-width: 1024px) 100vw, 1024px\" \/><figcaption class=\"wp-element-caption\">Entre as variedades mais comentadas, o leite de soja se destaca pelo teor de prote\u00ednas &#8211; Cr\u00e9ditos: depositphotos.com \/ AndrewLozovyi<\/figcaption><\/figure><\/div>\n\n\n<p>Leia tamb\u00e9m:&nbsp;<a href=\"https:\/\/www.correiobraziliense.com.br\/cbradar\/essa-fruta-do-dia-a-dia-surpreende-pelo-teor-de-vitamina-c-e-pela-simplicidade-de-plantar-em-casa\/\" target=\"_blank\" rel=\"noopener\">Essa fruta do dia a dia surpreende pelo teor de vitamina C e pela simplicidade de plantar em casa<\/a><\/p>\n\n\n\n<h2 class=\"wp-block-heading\">Quais fatores do leite vegetal podem causar desconforto<\/h2>\n\n\n\n<p>Por outro lado, bebidas vegetais com alto teor de a\u00e7\u00facares adicionados ou ado\u00e7antes em excesso podem causar desconforto em pessoas com intestino sens\u00edvel. Em prepara\u00e7\u00f5es industrializadas, \u00e9 comum encontrar aditivos como <strong>carragena<\/strong>, gomas e estabilizantes, usados para melhorar textura e homogeneizar o produto.<\/p>\n\n\n\n<p>Em parte da popula\u00e7\u00e3o, especialmente em quem j\u00e1 tem hist\u00f3rico de irrita\u00e7\u00e3o intestinal, esses componentes podem desencadear sensa\u00e7\u00e3o de peso, c\u00f3licas leves ou altera\u00e7\u00e3o do h\u00e1bito intestinal. Por isso, observar como o corpo reage ap\u00f3s o consumo \u00e9 um passo importante, tanto quanto a leitura do r\u00f3tulo.<\/p>\n\n\n\n<h2 class=\"wp-block-heading\">Quais s\u00e3o as caracter\u00edsticas dos principais tipos de leite vegetal<\/h2>\n\n\n\n<p>Entre as variedades mais comentadas, o <strong>leite de soja<\/strong> se destaca pelo teor de prote\u00ednas, enquanto o <b>leite de aveia<\/b> chama aten\u00e7\u00e3o pela presen\u00e7a de fibras sol\u00faveis. J\u00e1 o leite de arroz costuma ser bem tolerado por ser mais leve, embora tenha, em geral, menos prote\u00ednas do que outras op\u00e7\u00f5es.<\/p>\n\n\n\n<p>O leite de coco, dependendo da formula\u00e7\u00e3o, pode ser mais gorduroso e concentrado, o que interfere na velocidade de digest\u00e3o. Esses fatores ajudam a entender por que algumas bebidas vegetais s\u00e3o percebidas como mais \u201cleves\u201d que outras e como a escolha certa pode variar de pessoa para pessoa. Se voc\u00ea gosta de ouvir opini\u00e3o de profissionais, separamos esse v\u00eddeo da <a href=\"https:\/\/www.youtube.com\/@NutricionistaPatriciaLeite\" target=\"_blank\" rel=\"noreferrer noopener\">Nutricionista Patricia Leite<\/a> mostrando os benef\u00edcios do leite vegetal:<\/p>\n\n\n\n<figure class=\"wp-block-embed is-type-video is-provider-youtube wp-block-embed-youtube wp-embed-aspect-16-9 wp-has-aspect-ratio\"><div class=\"wp-block-embed__wrapper\">\n<div class=\"jeg_video_container jeg_video_content\"><iframe loading=\"lazy\" title=\"LEITE VEGETAL INCR\u00cdVEL para INFLAMA\u00c7\u00c3O, INTESTINO, CORA\u00c7\u00c3O, PR\u00d3STATA, COLESTEROL e mais!\" width=\"500\" height=\"281\" src=\"https:\/\/www.youtube.com\/embed\/CROX3MNjP5o?feature=oembed\" frameborder=\"0\" allow=\"accelerometer; autoplay; clipboard-write; encrypted-media; gyroscope; picture-in-picture; web-share\" referrerpolicy=\"strict-origin-when-cross-origin\" allowfullscreen><\/iframe><\/div>\n<\/div><\/figure>\n\n\n\n<h2 class=\"wp-block-heading\">Existe rela\u00e7\u00e3o direta entre leite vegetal e inflama\u00e7\u00e3o<\/h2>\n\n\n\n<p>A rela\u00e7\u00e3o entre <b>leite vegetal<\/b> e inflama\u00e7\u00e3o \u00e9 frequentemente discutida em estudos que analisam marcadores inflamat\u00f3rios, como prote\u00edna C-reativa e citocinas. De modo geral, o uso de bebidas vegetais sem a\u00e7\u00facar e com poucos aditivos tende a se encaixar melhor em padr\u00f5es alimentares associados a menor inflama\u00e7\u00e3o sist\u00eamica.<\/p>\n\n\n\n<p>Em indiv\u00edduos com alergia \u00e0s prote\u00ednas do leite de vaca ou com intoler\u00e2ncia severa \u00e0 <strong>lactose<\/strong>, o consumo de leite comum pode desencadear processos inflamat\u00f3rios locais no intestino. Nesses casos, a troca por leite vegetal adequado ao quadro cl\u00ednico costuma ser parte de estrat\u00e9gias nutricionais orientadas por profissionais.<\/p>\n\n\n\n<h2 class=\"wp-block-heading\">Como o padr\u00e3o alimentar influencia a inflama\u00e7\u00e3o do organismo<\/h2>\n\n\n\n<p>Outro ponto observado em pesquisas recentes \u00e9 a import\u00e2ncia de considerar o <strong>padr\u00e3o alimentar<\/strong> global. A escolha de leite vegetal isoladamente n\u00e3o define o n\u00edvel de inflama\u00e7\u00e3o do organismo, pois ele \u00e9 apenas um elemento dentro do conjunto de h\u00e1bitos di\u00e1rios.<\/p>\n\n\n\n<p>O consumo de frutas, legumes, gr\u00e3os integrais e prote\u00ednas de qualidade, associado \u00e0 pr\u00e1tica de atividade f\u00edsica regular, costuma ter impacto maior do que apenas trocar o tipo de bebida usada no caf\u00e9. Dormir bem, manejar o estresse e evitar o excesso de ultraprocessados tamb\u00e9m faz grande diferen\u00e7a para o bem-estar geral.<\/p>\n\n\n\n<h2 class=\"wp-block-heading\">Quais tipos de leite vegetal costumam ser mais bem tolerados<\/h2>\n\n\n\n<p>A toler\u00e2ncia digestiva ao <b>leite vegetal<\/b> varia conforme sensibilidade individual, mas alguns padr\u00f5es s\u00e3o observados em consult\u00f3rios de nutri\u00e7\u00e3o e gastroenterologia. Leites vegetais sem lactose, com menor adi\u00e7\u00e3o de a\u00e7\u00facar e com lista de ingredientes mais curta geralmente apresentam melhor aceita\u00e7\u00e3o.<\/p>\n\n\n\n<p>Para facilitar a compara\u00e7\u00e3o entre as op\u00e7\u00f5es mais comuns e como elas se comportam no organismo, veja a seguir um resumo das caracter\u00edsticas mais citadas na pr\u00e1tica cl\u00ednica e em r\u00f3tulos de produtos dispon\u00edveis no mercado:<\/p>\n\n\n\n<ul class=\"wp-block-list\">\n<li><strong>Leite de aveia:<\/strong> costuma ser bem aceito, principalmente em vers\u00f5es sem a\u00e7\u00facar, pela presen\u00e7a de fibras sol\u00faveis como os betaglucanos.<\/li>\n\n\n\n<li><strong>Leite de am\u00eandoas:<\/strong> tende a ser leve, desde que n\u00e3o tenha excesso de espessantes e a\u00e7\u00facares; costuma ser utilizado em caf\u00e9s e prepara\u00e7\u00f5es frias.<\/li>\n\n\n\n<li><strong>Leite de soja:<\/strong> fornece mais prote\u00edna, mas pode causar desconforto em pessoas sens\u00edveis a leguminosas.<\/li>\n\n\n\n<li><strong>Leite de arroz:<\/strong> apresenta digest\u00e3o simples, geralmente com baixa quantidade de prote\u00edna e gordura.<\/li>\n\n\n\n<li><strong>Leite de coco:<\/strong> \u00e9 mais rico em gordura, o que pode gerar maior saciedade, por\u00e9m n\u00e3o \u00e9 a op\u00e7\u00e3o mais leve para todos os perfis.<\/li>\n<\/ul>\n\n\n\n<h2 class=\"wp-block-heading\">Comparativo dos tipos de leite vegetal para digest\u00e3o e inflama\u00e7\u00e3o<\/h2>\n\n\n\n<p>Para avaliar de forma comparativa como cada tipo pode influenciar a digest\u00e3o e poss\u00edveis processos inflamat\u00f3rios, a tabela a seguir resume caracter\u00edsticas comuns em vers\u00f5es industrializadas n\u00e3o ado\u00e7adas ou com pouco a\u00e7\u00facar. Essa vis\u00e3o geral ajuda a alinhar melhor suas escolhas com seu objetivo de bem-estar e conforto digestivo.<\/p>\n\n\n\n<div style=\"font-family: 'Segoe UI', Tahoma, Geneva, Verdana, sans-serif; max-width: 1000px; margin: 20px auto; border: 2px solid #722f37; border-radius: 30px; overflow: hidden; background-color: #ffffff; box-shadow: 0 4px 15px rgba(114, 47, 55, 0.1);\">\n    <table style=\"width: 100%; border-collapse: collapse; text-align: left; font-size: 14px;\">\n        <thead>\n            <tr style=\"background-color: #722f37;\">\n                <th style=\"padding: 15px; color: #ffffff; border-bottom: 2px solid #f9d8e6; width: 25%;\">Tipo de leite vegetal<\/th>\n                <th style=\"padding: 15px; color: #ffffff; border-bottom: 2px solid #f9d8e6; width: 25%;\">Impacto t\u00edpico na digest\u00e3o<\/th>\n                <th style=\"padding: 15px; color: #ffffff; border-bottom: 2px solid #f9d8e6; width: 25%;\">Poss\u00edvel rela\u00e7\u00e3o com inflama\u00e7\u00e3o<\/th>\n                <th style=\"padding: 15px; color: #ffffff; border-bottom: 2px solid #f9d8e6; width: 25%;\">Pontos de aten\u00e7\u00e3o<\/th>\n            <\/tr>\n        <\/thead>\n        <tbody>\n            <tr>\n                <td style=\"padding: 12px 15px; border-bottom: 1px solid #ffe3ee; color: #4a4a4a; font-weight: bold;\">Leite de aveia<\/td>\n                <td style=\"padding: 12px 15px; border-bottom: 1px solid #ffe3ee; color: #4a4a4a;\">Digest\u00e3o geralmente boa; fibras sol\u00faveis podem ajudar no tr\u00e2nsito intestinal<\/td>\n                <td style=\"padding: 12px 15px; border-bottom: 1px solid #ffe3ee; color: #4a4a4a;\">Quando sem a\u00e7\u00facar e com poucos aditivos, tende a se adequar bem a padr\u00f5es alimentares com menor inflama\u00e7\u00e3o<\/td>\n                <td style=\"padding: 12px 15px; border-bottom: 1px solid #ffe3ee; color: #4a4a4a;\">Verificar presen\u00e7a de gl\u00faten em marcas que n\u00e3o sejam certificadas como sem gl\u00faten<\/td>\n            <\/tr>\n            <tr style=\"background-color: #fffafa;\">\n                <td style=\"padding: 12px 15px; border-bottom: 1px solid #ffe3ee; color: #4a4a4a; font-weight: bold;\">Leite de am\u00eandoas<\/td>\n                <td style=\"padding: 12px 15px; border-bottom: 1px solid #ffe3ee; color: #4a4a4a;\">Leve, com baixo teor cal\u00f3rico em vers\u00f5es sem a\u00e7\u00facar; costuma ser bem tolerado<\/td>\n                <td style=\"padding: 12px 15px; border-bottom: 1px solid #ffe3ee; color: #4a4a4a;\">Perfil de gordura insaturada favorece dietas associadas a menor risco inflamat\u00f3rio<\/td>\n                <td style=\"padding: 12px 15px; border-bottom: 1px solid #ffe3ee; color: #4a4a4a;\">Checar se h\u00e1 \u00f3leos adicionados, aromatizantes e espessantes em excesso<\/td>\n            <\/tr>\n            <tr>\n                <td style=\"padding: 12px 15px; border-bottom: 1px solid #ffe3ee; color: #4a4a4a; font-weight: bold;\">Leite de soja<\/td>\n                <td style=\"padding: 12px 15px; border-bottom: 1px solid #ffe3ee; color: #4a4a4a;\">Boa digestibilidade para a maioria; algumas pessoas podem sentir gases por sensibilidade \u00e0 soja<\/td>\n                <td style=\"padding: 12px 15px; border-bottom: 1px solid #ffe3ee; color: #4a4a4a;\">Soja integra alimentos estudados em padr\u00f5es alimentares cardioprotetores, ligados a menor inflama\u00e7\u00e3o<\/td>\n                <td style=\"padding: 12px 15px; border-bottom: 1px solid #ffe3ee; color: #4a4a4a;\">Aten\u00e7\u00e3o a sabores ado\u00e7ados e bebidas ultraprocessadas com muitos aditivos<\/td>\n            <\/tr>\n            <tr style=\"background-color: #fffafa;\">\n                <td style=\"padding: 12px 15px; border-bottom: 1px solid #ffe3ee; color: #4a4a4a; font-weight: bold;\">Leite de arroz<\/td>\n                <td style=\"padding: 12px 15px; border-bottom: 1px solid #ffe3ee; color: #4a4a4a;\">Normalmente f\u00e1cil de digerir, com baixo teor de gordura<\/td>\n                <td style=\"padding: 12px 15px; border-bottom: 1px solid #ffe3ee; color: #4a4a4a;\">Perfil neutro; impacto na inflama\u00e7\u00e3o depende do restante da alimenta\u00e7\u00e3o<\/td>\n                <td style=\"padding: 12px 15px; border-bottom: 1px solid #ffe3ee; color: #4a4a4a;\">Geralmente mais rico em carboidratos; monitora-se o teor de ars\u00eanio em dietas muito restritas<\/td>\n            <\/tr>\n            <tr>\n                <td style=\"padding: 12px 15px; color: #4a4a4a; font-weight: bold;\">Leite de coco<\/td>\n                <td style=\"padding: 12px 15px; color: #4a4a4a;\">Digest\u00e3o um pouco mais lenta devido ao teor de gordura<\/td>\n                <td style=\"padding: 12px 15px; color: #4a4a4a;\">Gorduras saturadas em maior quantidade exigem avalia\u00e7\u00e3o dentro do contexto alimentar geral<\/td>\n                <td style=\"padding: 12px 15px; color: #4a4a4a;\">Observar r\u00f3tulos com creme de coco concentrado, a\u00e7\u00facar e espessantes em grandes quantidades<\/td>\n            <\/tr>\n        <\/tbody>\n    <\/table>\n<\/div>\n\n\n\n<h2 class=\"wp-block-heading\">Pr\u00f3ximos passos para cuidar da sua digest\u00e3o<\/h2>\n\n\n\n<p>Com a amplia\u00e7\u00e3o de op\u00e7\u00f5es dispon\u00edveis em 2026, o <b>leite vegetal<\/b> passou a ser mais do que uma substitui\u00e7\u00e3o simples ao leite de vaca. Ele pode ser um aliado na digest\u00e3o e no bem-estar, desde que voc\u00ea observe r\u00f3tulos, teste marcas e respeite os sinais do pr\u00f3prio corpo.<\/p>\n\n\n\n<p>Se voc\u00ea sente desconforto com determinadas bebidas ou tem hist\u00f3rico de sensibilidade intestinal, vale conversar com um <strong>nutricionista<\/strong> ou m\u00e9dico para ajustar melhor suas escolhas. D\u00ea o pr\u00f3ximo passo hoje: observe como voc\u00ea se sente ap\u00f3s consumir cada tipo de leite, anote suas rea\u00e7\u00f5es e leve essas informa\u00e7\u00f5es para um profissional de confian\u00e7a, construindo um plano alimentar realmente alinhado \u00e0 sua sa\u00fade.<\/p>\n","protected":false},"excerpt":{"rendered":"<p>Imagine acordar, preparar seu caf\u00e9 e ficar na d\u00favida diante da prateleira: leite de vaca ou alguma op\u00e7\u00e3o vegetal? Cada vez mais pessoas fazem essa escolha diariamente, seja por intoler\u00e2ncia \u00e0 lactose, por desconfortos digestivos ou por um estilo de vida que prioriza alternativas de origem vegetal. Em 2026, o mercado oferece dezenas de op\u00e7\u00f5es, [&hellip;]<\/p>\n","protected":false},"author":9,"featured_media":182258,"comment_status":"open","ping_status":"open","sticky":false,"template":"","format":"standard","meta":{"_yoast_wpseo_focuskw":"leite vegetal","_yoast_wpseo_title":"","_yoast_wpseo_metadesc":"Como a troca de bebida pode influenciar digest\u00e3o, conforto intestinal e poss\u00edveis processos inflamat\u00f3rios no dia a dia.","jnews-multi-image_gallery":[],"jnews_single_post":{"format":"standard"},"jnews_primary_category":[],"jnews_social_meta":[],"jnews_override_counter":[],"footnotes":""},"categories":[119,4404],"tags":[3051,4035,12647],"class_list":["post-181498","post","type-post","status-publish","format-standard","has-post-thumbnail","hentry","category-bem-estar","category-saude","tag-digestao","tag-inflamacao","tag-leite-vegetal"],"yoast_head":"<!-- This site is optimized with the Yoast SEO plugin v24.6 - https:\/\/yoast.com\/wordpress\/plugins\/seo\/ -->\n<title>A alternativa leve que pode reduzir gases e incha\u00e7o, e vem ganhando espa\u00e7o nas rotinas matinais - Correio Braziliense - Radar<\/title>\n<meta name=\"description\" content=\"Como a troca de bebida pode influenciar digest\u00e3o, conforto intestinal e poss\u00edveis processos inflamat\u00f3rios no dia a dia.\" \/>\n<meta name=\"robots\" content=\"index, follow, max-snippet:-1, max-image-preview:large, max-video-preview:-1\" \/>\n<link rel=\"canonical\" href=\"https:\/\/www.correiobraziliense.com.br\/cbradar\/a-alternativa-leve-que-pode-reduzir-gases-e-inchaco-e-vem-ganhando-espaco-nas-rotinas-matinais\/\" \/>\n<meta property=\"og:locale\" content=\"pt_BR\" \/>\n<meta property=\"og:type\" content=\"article\" \/>\n<meta property=\"og:title\" content=\"A alternativa leve que pode reduzir gases e incha\u00e7o, e vem ganhando espa\u00e7o nas rotinas matinais - Correio Braziliense - Radar\" \/>\n<meta property=\"og:description\" content=\"Como a troca de bebida pode influenciar digest\u00e3o, conforto intestinal e poss\u00edveis processos inflamat\u00f3rios no dia a dia.\" \/>\n<meta property=\"og:url\" content=\"https:\/\/www.correiobraziliense.com.br\/cbradar\/a-alternativa-leve-que-pode-reduzir-gases-e-inchaco-e-vem-ganhando-espaco-nas-rotinas-matinais\/\" \/>\n<meta property=\"og:site_name\" content=\"Correio Braziliense - Radar\" \/>\n<meta property=\"article:published_time\" content=\"2026-01-27T22:55:13+00:00\" \/>\n<meta property=\"og:image\" content=\"https:\/\/www.correiobraziliense.com.br\/cbradar\/wp-content\/uploads\/2026\/01\/freepik__imagem-realista-do-leite-vegetal__48503.jpeg\" \/>\n\t<meta property=\"og:image:width\" content=\"1280\" \/>\n\t<meta property=\"og:image:height\" content=\"720\" \/>\n\t<meta property=\"og:image:type\" content=\"image\/jpeg\" \/>\n<meta name=\"author\" content=\"Daniely Cardoso\" \/>\n<meta name=\"twitter:card\" content=\"summary_large_image\" \/>\n<meta name=\"twitter:label1\" content=\"Escrito por\" \/>\n\t<meta name=\"twitter:data1\" content=\"Daniely Cardoso\" \/>\n\t<meta name=\"twitter:label2\" content=\"Est. tempo de leitura\" \/>\n\t<meta name=\"twitter:data2\" content=\"8 minutos\" \/>\n<!-- \/ Yoast SEO plugin. -->","yoast_head_json":{"title":"A alternativa leve que pode reduzir gases e incha\u00e7o, e vem ganhando espa\u00e7o nas rotinas matinais - Correio Braziliense - Radar","description":"Como a troca de bebida pode influenciar digest\u00e3o, conforto intestinal e poss\u00edveis processos inflamat\u00f3rios no dia a dia.","robots":{"index":"index","follow":"follow","max-snippet":"max-snippet:-1","max-image-preview":"max-image-preview:large","max-video-preview":"max-video-preview:-1"},"canonical":"https:\/\/www.correiobraziliense.com.br\/cbradar\/a-alternativa-leve-que-pode-reduzir-gases-e-inchaco-e-vem-ganhando-espaco-nas-rotinas-matinais\/","og_locale":"pt_BR","og_type":"article","og_title":"A alternativa leve que pode reduzir gases e incha\u00e7o, e vem ganhando espa\u00e7o nas rotinas matinais - Correio Braziliense - Radar","og_description":"Como a troca de bebida pode influenciar digest\u00e3o, conforto intestinal e poss\u00edveis processos inflamat\u00f3rios no dia a dia.","og_url":"https:\/\/www.correiobraziliense.com.br\/cbradar\/a-alternativa-leve-que-pode-reduzir-gases-e-inchaco-e-vem-ganhando-espaco-nas-rotinas-matinais\/","og_site_name":"Correio Braziliense - Radar","article_published_time":"2026-01-27T22:55:13+00:00","og_image":[{"width":1280,"height":720,"url":"https:\/\/www.correiobraziliense.com.br\/cbradar\/wp-content\/uploads\/2026\/01\/freepik__imagem-realista-do-leite-vegetal__48503.jpeg","type":"image\/jpeg"}],"author":"Daniely Cardoso","twitter_card":"summary_large_image","twitter_misc":{"Escrito por":"Daniely Cardoso","Est. tempo de leitura":"8 minutos"},"schema":{"@context":"https:\/\/schema.org","@graph":[{"@type":"WebPage","@id":"https:\/\/www.correiobraziliense.com.br\/cbradar\/a-alternativa-leve-que-pode-reduzir-gases-e-inchaco-e-vem-ganhando-espaco-nas-rotinas-matinais\/","url":"https:\/\/www.correiobraziliense.com.br\/cbradar\/a-alternativa-leve-que-pode-reduzir-gases-e-inchaco-e-vem-ganhando-espaco-nas-rotinas-matinais\/","name":"A alternativa leve que pode reduzir gases e incha\u00e7o, e vem ganhando espa\u00e7o nas rotinas matinais - Correio Braziliense - Radar","isPartOf":{"@id":"https:\/\/www.correiobraziliense.com.br\/cbradar\/#website"},"primaryImageOfPage":{"@id":"https:\/\/www.correiobraziliense.com.br\/cbradar\/a-alternativa-leve-que-pode-reduzir-gases-e-inchaco-e-vem-ganhando-espaco-nas-rotinas-matinais\/#primaryimage"},"image":{"@id":"https:\/\/www.correiobraziliense.com.br\/cbradar\/a-alternativa-leve-que-pode-reduzir-gases-e-inchaco-e-vem-ganhando-espaco-nas-rotinas-matinais\/#primaryimage"},"thumbnailUrl":"https:\/\/www.correiobraziliense.com.br\/cbradar\/wp-content\/uploads\/2026\/01\/freepik__imagem-realista-do-leite-vegetal__48503.jpeg","datePublished":"2026-01-27T22:55:13+00:00","author":{"@id":"https:\/\/www.correiobraziliense.com.br\/cbradar\/#\/schema\/person\/7356666e12ec0ee53f348ee5db227032"},"description":"Como a troca de bebida pode influenciar digest\u00e3o, conforto intestinal e poss\u00edveis processos inflamat\u00f3rios no dia a dia.","breadcrumb":{"@id":"https:\/\/www.correiobraziliense.com.br\/cbradar\/a-alternativa-leve-que-pode-reduzir-gases-e-inchaco-e-vem-ganhando-espaco-nas-rotinas-matinais\/#breadcrumb"},"inLanguage":"pt-BR","potentialAction":[{"@type":"ReadAction","target":["https:\/\/www.correiobraziliense.com.br\/cbradar\/a-alternativa-leve-que-pode-reduzir-gases-e-inchaco-e-vem-ganhando-espaco-nas-rotinas-matinais\/"]}]},{"@type":"ImageObject","inLanguage":"pt-BR","@id":"https:\/\/www.correiobraziliense.com.br\/cbradar\/a-alternativa-leve-que-pode-reduzir-gases-e-inchaco-e-vem-ganhando-espaco-nas-rotinas-matinais\/#primaryimage","url":"https:\/\/www.correiobraziliense.com.br\/cbradar\/wp-content\/uploads\/2026\/01\/freepik__imagem-realista-do-leite-vegetal__48503.jpeg","contentUrl":"https:\/\/www.correiobraziliense.com.br\/cbradar\/wp-content\/uploads\/2026\/01\/freepik__imagem-realista-do-leite-vegetal__48503.jpeg","width":1280,"height":720,"caption":"Escolhas de leite vegetal podem aliviar sintomas de intoler\u00e2ncia \u00e0 lactose"},{"@type":"BreadcrumbList","@id":"https:\/\/www.correiobraziliense.com.br\/cbradar\/a-alternativa-leve-que-pode-reduzir-gases-e-inchaco-e-vem-ganhando-espaco-nas-rotinas-matinais\/#breadcrumb","itemListElement":[{"@type":"ListItem","position":1,"name":"In\u00edcio","item":"https:\/\/www.correiobraziliense.com.br\/cbradar\/"},{"@type":"ListItem","position":2,"name":"A alternativa leve que pode reduzir gases e incha\u00e7o, e vem ganhando espa\u00e7o nas rotinas matinais"}]},{"@type":"WebSite","@id":"https:\/\/www.correiobraziliense.com.br\/cbradar\/#website","url":"https:\/\/www.correiobraziliense.com.br\/cbradar\/","name":"Correio Braziliense - Radar","description":"Acompanhe as \u00faltimas not\u00edcias e fique bem informado sobre tudo o que acontece no Brasil e no mundo.","potentialAction":[{"@type":"SearchAction","target":{"@type":"EntryPoint","urlTemplate":"https:\/\/www.correiobraziliense.com.br\/cbradar\/?s={search_term_string}"},"query-input":{"@type":"PropertyValueSpecification","valueRequired":true,"valueName":"search_term_string"}}],"inLanguage":"pt-BR"},{"@type":"Person","@id":"https:\/\/www.correiobraziliense.com.br\/cbradar\/#\/schema\/person\/7356666e12ec0ee53f348ee5db227032","name":"Daniely Cardoso","image":{"@type":"ImageObject","inLanguage":"pt-BR","@id":"https:\/\/www.correiobraziliense.com.br\/cbradar\/#\/schema\/person\/image\/","url":"https:\/\/secure.gravatar.com\/avatar\/4b80ddbd124d1f071b626d52d62e5dff?s=96&d=mm&r=g","contentUrl":"https:\/\/secure.gravatar.com\/avatar\/4b80ddbd124d1f071b626d52d62e5dff?s=96&d=mm&r=g","caption":"Daniely Cardoso"},"description":"Redatora nos portais CB Radar e EM Foco, formada pela Universidade Federal de Goi\u00e1s, em Goi\u00e2nia. Apaixonada por comunica\u00e7\u00e3o, arte, decora\u00e7\u00e3o e tend\u00eancias, atuo na produ\u00e7\u00e3o de conte\u00fados envolventes sobre curiosidades, moda, beleza e paisagismo, sempre com um olhar atento \u00e0s novidades do momento.","sameAs":["https:\/\/www.correiobraziliense.com.br\/cbradar"],"url":"https:\/\/www.correiobraziliense.com.br\/cbradar\/author\/danielymyth\/"}]}},"_links":{"self":[{"href":"https:\/\/www.correiobraziliense.com.br\/cbradar\/wp-json\/wp\/v2\/posts\/181498","targetHints":{"allow":["GET"]}}],"collection":[{"href":"https:\/\/www.correiobraziliense.com.br\/cbradar\/wp-json\/wp\/v2\/posts"}],"about":[{"href":"https:\/\/www.correiobraziliense.com.br\/cbradar\/wp-json\/wp\/v2\/types\/post"}],"author":[{"embeddable":true,"href":"https:\/\/www.correiobraziliense.com.br\/cbradar\/wp-json\/wp\/v2\/users\/9"}],"replies":[{"embeddable":true,"href":"https:\/\/www.correiobraziliense.com.br\/cbradar\/wp-json\/wp\/v2\/comments?post=181498"}],"version-history":[{"count":2,"href":"https:\/\/www.correiobraziliense.com.br\/cbradar\/wp-json\/wp\/v2\/posts\/181498\/revisions"}],"predecessor-version":[{"id":181801,"href":"https:\/\/www.correiobraziliense.com.br\/cbradar\/wp-json\/wp\/v2\/posts\/181498\/revisions\/181801"}],"wp:featuredmedia":[{"embeddable":true,"href":"https:\/\/www.correiobraziliense.com.br\/cbradar\/wp-json\/wp\/v2\/media\/182258"}],"wp:attachment":[{"href":"https:\/\/www.correiobraziliense.com.br\/cbradar\/wp-json\/wp\/v2\/media?parent=181498"}],"wp:term":[{"taxonomy":"category","embeddable":true,"href":"https:\/\/www.correiobraziliense.com.br\/cbradar\/wp-json\/wp\/v2\/categories?post=181498"},{"taxonomy":"post_tag","embeddable":true,"href":"https:\/\/www.correiobraziliense.com.br\/cbradar\/wp-json\/wp\/v2\/tags?post=181498"}],"curies":[{"name":"wp","href":"https:\/\/api.w.org\/{rel}","templated":true}]}}