{"id":181520,"date":"2026-01-26T19:15:00","date_gmt":"2026-01-26T22:15:00","guid":{"rendered":"https:\/\/www.correiobraziliense.com.br\/cbradar\/?p=181520"},"modified":"2026-01-26T10:04:07","modified_gmt":"2026-01-26T13:04:07","slug":"como-cuidar-da-zamioculca-corretamente-e-manter-a-planta-sempre-bonita-e-saudavel","status":"publish","type":"post","link":"https:\/\/www.correiobraziliense.com.br\/cbradar\/como-cuidar-da-zamioculca-corretamente-e-manter-a-planta-sempre-bonita-e-saudavel\/","title":{"rendered":"Como cuidar da Zamioculca corretamente e manter a planta sempre bonita e saud\u00e1vel?"},"content":{"rendered":"\n<p><strong>A Zamioculca se tornou uma das plantas mais populares para ambientes internos por unir beleza, resist\u00eancia e baixa manuten\u00e7\u00e3o.<\/strong> Com folhas verdes brilhantes e crescimento elegante, ela \u00e9 ideal para quem deseja mais contato com a natureza sem precisar de muitos cuidados di\u00e1rios. Ainda assim, alguns erros comuns podem comprometer sua sa\u00fade ao longo do tempo.<\/p>\n\n\n\n<h2 class=\"wp-block-heading\">Onde colocar a Zamioculca para crescer bem?<\/h2>\n\n\n\n<p><strong>A Zamioculca se desenvolve melhor em locais com luz indireta e boa ventila\u00e7\u00e3o.<\/strong> Apesar de tolerar ambientes com pouca luminosidade, ela cresce com mais vigor quando recebe luz difusa, pr\u00f3xima a janelas ou \u00e1reas bem iluminadas, mas sem sol direto.<\/p>\n\n\n\n<p>A exposi\u00e7\u00e3o direta ao sol pode causar manchas e queimaduras nas folhas, enquanto locais totalmente escuros tendem a desacelerar o crescimento. Ambientes internos como salas, quartos e escrit\u00f3rios costumam ser ideais para a planta.<\/p>\n\n\n<div class=\"wp-block-image\">\n<figure class=\"aligncenter size-large\"><img decoding=\"async\" width=\"1024\" height=\"576\" src=\"https:\/\/www.correiobraziliense.com.br\/cbradar\/wp-content\/uploads\/2025\/12\/G-2025-12-14T051910.270-1024x576.png\" alt=\"As 3 plantas que ajudam a abrir os caminhos e atrair dinheiro, segundo o Feng Shui\" class=\"wp-image-156133\" srcset=\"https:\/\/www.correiobraziliense.com.br\/cbradar\/wp-content\/uploads\/2025\/12\/G-2025-12-14T051910.270-1024x576.png 1024w, https:\/\/www.correiobraziliense.com.br\/cbradar\/wp-content\/uploads\/2025\/12\/G-2025-12-14T051910.270-300x169.png 300w, https:\/\/www.correiobraziliense.com.br\/cbradar\/wp-content\/uploads\/2025\/12\/G-2025-12-14T051910.270-768x432.png 768w, https:\/\/www.correiobraziliense.com.br\/cbradar\/wp-content\/uploads\/2025\/12\/G-2025-12-14T051910.270-750x422.png 750w, https:\/\/www.correiobraziliense.com.br\/cbradar\/wp-content\/uploads\/2025\/12\/G-2025-12-14T051910.270-1140x641.png 1140w, https:\/\/www.correiobraziliense.com.br\/cbradar\/wp-content\/uploads\/2025\/12\/G-2025-12-14T051910.270.png 1280w\" sizes=\"(max-width: 1024px) 100vw, 1024px\" \/><figcaption class=\"wp-element-caption\">Posicione Dracaena em luz m\u00e9dia, Zamioculca em sombra total e L\u00edrio perto de janelas \u00famidas; todas repelem pragas naturalmente em vasos drenados.<\/figcaption><\/figure><\/div>\n\n\n<h2 class=\"wp-block-heading\">Com que frequ\u00eancia a Zamioculca deve ser regada?<\/h2>\n\n\n\n<p><strong>A Zamioculca precisa de pouca \u00e1gua e n\u00e3o tolera excesso de rega.<\/strong> Suas ra\u00edzes armazenam \u00e1gua, o que permite longos per\u00edodos sem irriga\u00e7\u00e3o. Regar demais \u00e9 uma das principais causas de apodrecimento e morte da planta.<\/p>\n\n\n\n<p>O ideal \u00e9 verificar o solo antes de regar, garantindo que esteja completamente seco. Em geral, a rega pode ser feita a cada 10 a 15 dias, variando conforme o clima e o ambiente.<\/p>\n\n\n\n<p>Antes de definir a frequ\u00eancia ideal, observe sinais comuns relacionados \u00e0 \u00e1gua:<\/p>\n\n\n\n<ul class=\"wp-block-list\">\n<li>Folhas amareladas podem indicar excesso de rega<\/li>\n\n\n\n<li>Caules moles sinalizam ra\u00edzes comprometidas<\/li>\n\n\n\n<li>Folhas firmes e brilhantes indicam equil\u00edbrio h\u00eddrico<\/li>\n<\/ul>\n\n\n\n<p><strong>Aprenda a cuidar de uma das plantas mais resistentes para interiores. <\/strong>O v\u00eddeo \u00e9 do canal <strong>Cultivando<\/strong>, que conta com mais de<strong> 730 mil inscritos<\/strong>, e detalha como regar, adubar e fazer mudas de Zamioculcas, al\u00e9m de dicas de ilumina\u00e7\u00e3o: Cultivando foca em jardinagem t\u00e9cnica.<\/p>\n\n\n\n<figure class=\"wp-block-embed aligncenter is-type-video is-provider-youtube wp-block-embed-youtube wp-embed-aspect-16-9 wp-has-aspect-ratio\"><div class=\"wp-block-embed__wrapper\">\n<div class=\"jeg_video_container jeg_video_content\"><iframe loading=\"lazy\" title=\"Tudo sobre ZAMIOCULCAS!\" width=\"500\" height=\"281\" src=\"https:\/\/www.youtube.com\/embed\/eASAsLbXEMo?feature=oembed\" frameborder=\"0\" allow=\"accelerometer; autoplay; clipboard-write; encrypted-media; gyroscope; picture-in-picture; web-share\" referrerpolicy=\"strict-origin-when-cross-origin\" allowfullscreen><\/iframe><\/div>\n<\/div><\/figure>\n\n\n\n<h2 class=\"wp-block-heading\">Qual \u00e9 o solo ideal para a Zamioculca?<\/h2>\n\n\n\n<p><strong>O solo ideal para a Zamioculca deve ser bem drenado e levemente aerado.<\/strong> Misturas pr\u00f3prias para plantas ornamentais funcionam bem, desde que n\u00e3o retenham \u00e1gua em excesso.<\/p>\n\n\n\n<p>Adicionar areia grossa ou perlita ajuda a melhorar a drenagem, evitando o ac\u00famulo de umidade nas ra\u00edzes. Vasos com furos no fundo s\u00e3o indispens\u00e1veis para garantir a sa\u00fade da planta a longo prazo.<\/p>\n\n\n\n<p>Para entender melhor a import\u00e2ncia da drenagem, observe a compara\u00e7\u00e3o a seguir. Veja a tabela abaixo:<\/p>\n\n\n\n<figure class=\"wp-block-table\"><table class=\"has-fixed-layout\"><thead><tr><th>Tipo de solo<\/th><th>Impacto na planta<\/th><\/tr><\/thead><tbody><tr><td>Solo compactado<\/td><td>Favorece apodrecimento<\/td><\/tr><tr><td>Solo bem drenado<\/td><td>Ra\u00edzes saud\u00e1veis<\/td><\/tr><tr><td>Vaso sem furos<\/td><td>Ret\u00e9m \u00e1gua em excesso<\/td><\/tr><tr><td>Substrato leve<\/td><td>Melhor crescimento<\/td><\/tr><\/tbody><\/table><\/figure>\n\n\n<div class=\"wp-block-image\">\n<figure class=\"aligncenter size-large\"><img decoding=\"async\" width=\"1024\" height=\"576\" src=\"https:\/\/www.correiobraziliense.com.br\/cbradar\/wp-content\/uploads\/2025\/08\/Zamioculca_1755764478933-1024x576.jpg\" alt=\"As 7 plantas que n\u00e3o morrem quando voc\u00ea esquece de reg\u00e1-las\" class=\"wp-image-90358\" srcset=\"https:\/\/www.correiobraziliense.com.br\/cbradar\/wp-content\/uploads\/2025\/08\/Zamioculca_1755764478933-1024x576.jpg 1024w, https:\/\/www.correiobraziliense.com.br\/cbradar\/wp-content\/uploads\/2025\/08\/Zamioculca_1755764478933-300x169.jpg 300w, https:\/\/www.correiobraziliense.com.br\/cbradar\/wp-content\/uploads\/2025\/08\/Zamioculca_1755764478933-768x432.jpg 768w, https:\/\/www.correiobraziliense.com.br\/cbradar\/wp-content\/uploads\/2025\/08\/Zamioculca_1755764478933-750x422.jpg 750w, https:\/\/www.correiobraziliense.com.br\/cbradar\/wp-content\/uploads\/2025\/08\/Zamioculca_1755764478933-1140x641.jpg 1140w, https:\/\/www.correiobraziliense.com.br\/cbradar\/wp-content\/uploads\/2025\/08\/Zamioculca_1755764478933.jpg 1280w\" sizes=\"(max-width: 1024px) 100vw, 1024px\" \/><figcaption class=\"wp-element-caption\">A zamioculca \u00e9 uma planta de f\u00e1cil cuidado, ideal para ambientes internos e cheia de significado \/\/ Cr\u00e9ditos: depositphotos.com \/ bogodiza@gmail.com<\/figcaption><\/figure><\/div>\n\n\n<p><strong>Leia tamb\u00e9m: <a href=\"https:\/\/www.correiobraziliense.com.br\/cbradar\/o-que-significa-ter-aranhas-dentro-de-casa-com-frequencia-segundo-especialistas\/\" target=\"_blank\" rel=\"noreferrer noopener\">O que significa ter aranhas dentro de casa com frequ\u00eancia, segundo especialistas.<\/a><\/strong><\/p>\n\n\n\n<h2 class=\"wp-block-heading\">A Zamioculca precisa de aduba\u00e7\u00e3o?<\/h2>\n\n\n\n<p><strong>Sim, a Zamioculca se beneficia de aduba\u00e7\u00e3o leve e espa\u00e7ada.<\/strong> Embora seja resistente, a planta responde bem a nutrientes extras, especialmente durante a primavera e o ver\u00e3o, quando est\u00e1 em fase de crescimento.<\/p>\n\n\n\n<p>O uso de adubo org\u00e2nico ou fertilizantes equilibrados, aplicados a cada dois ou tr\u00eas meses, \u00e9 suficiente. O excesso de adubo pode causar manchas nas folhas e prejudicar as ra\u00edzes, por isso a modera\u00e7\u00e3o \u00e9 essencial.<\/p>\n\n\n\n<h2 class=\"wp-block-heading\">Quais cuidados evitam problemas e mant\u00eam a planta bonita?<\/h2>\n\n\n\n<p><strong>Manter cuidados simples e consistentes \u00e9 a melhor forma de garantir uma Zamioculca saud\u00e1vel.<\/strong> Limpar as folhas com um pano \u00famido ajuda na respira\u00e7\u00e3o da planta e mant\u00e9m o brilho natural, al\u00e9m de evitar ac\u00famulo de poeira.<\/p>\n\n\n\n<p>Evitar mudan\u00e7as frequentes de lugar, respeitar o ritmo de crescimento lento e observar sinais visuais s\u00e3o atitudes que fazem diferen\u00e7a no dia a dia. Com aten\u00e7\u00e3o b\u00e1sica e paci\u00eancia, a Zamioculca se mant\u00e9m vigorosa por muitos anos, tornando-se uma aliada perfeita para quem busca bem-estar e mais<\/p>\n","protected":false},"excerpt":{"rendered":"<p>A Zamioculca se tornou uma das plantas mais populares para ambientes internos por unir beleza, resist\u00eancia e baixa manuten\u00e7\u00e3o. Com folhas verdes brilhantes e crescimento elegante, ela \u00e9 ideal para quem deseja mais contato com a natureza sem precisar de muitos cuidados di\u00e1rios. Ainda assim, alguns erros comuns podem comprometer sua sa\u00fade ao longo do [&hellip;]<\/p>\n","protected":false},"author":8,"featured_media":168971,"comment_status":"open","ping_status":"open","sticky":false,"template":"","format":"standard","meta":{"_yoast_wpseo_focuskw":"cuidar da zamioculca","_yoast_wpseo_title":"","_yoast_wpseo_metadesc":"Descubra como cuidar da zamioculca corretamente para manter a planta sempre bonita, saud\u00e1vel e com folhas verdes por muito mais tempo.","jnews-multi-image_gallery":[],"jnews_single_post":{"format":"standard"},"jnews_primary_category":[],"jnews_social_meta":[],"jnews_override_counter":[],"footnotes":""},"categories":[136],"tags":[329,616,6840],"class_list":["post-181520","post","type-post","status-publish","format-standard","has-post-thumbnail","hentry","category-jardinagem","tag-jardinagem","tag-plantar","tag-zamioculca"],"yoast_head":"<!-- This site is optimized with the Yoast SEO plugin v24.6 - https:\/\/yoast.com\/wordpress\/plugins\/seo\/ -->\n<title>Como cuidar da Zamioculca corretamente e manter a planta sempre bonita e saud\u00e1vel? - Correio Braziliense - Radar<\/title>\n<meta name=\"description\" content=\"Descubra como cuidar da zamioculca corretamente para manter a planta sempre bonita, saud\u00e1vel e com folhas verdes por muito mais tempo.\" \/>\n<meta name=\"robots\" content=\"index, follow, max-snippet:-1, max-image-preview:large, max-video-preview:-1\" \/>\n<link rel=\"canonical\" href=\"https:\/\/www.correiobraziliense.com.br\/cbradar\/como-cuidar-da-zamioculca-corretamente-e-manter-a-planta-sempre-bonita-e-saudavel\/\" \/>\n<meta property=\"og:locale\" content=\"pt_BR\" \/>\n<meta property=\"og:type\" content=\"article\" \/>\n<meta property=\"og:title\" content=\"Como cuidar da Zamioculca corretamente e manter a planta sempre bonita e saud\u00e1vel? - Correio Braziliense - Radar\" \/>\n<meta property=\"og:description\" content=\"Descubra como cuidar da zamioculca corretamente para manter a planta sempre bonita, saud\u00e1vel e com folhas verdes por muito mais tempo.\" \/>\n<meta property=\"og:url\" content=\"https:\/\/www.correiobraziliense.com.br\/cbradar\/como-cuidar-da-zamioculca-corretamente-e-manter-a-planta-sempre-bonita-e-saudavel\/\" \/>\n<meta property=\"og:site_name\" content=\"Correio Braziliense - Radar\" \/>\n<meta property=\"article:published_time\" content=\"2026-01-26T22:15:00+00:00\" \/>\n<meta property=\"og:image\" content=\"https:\/\/www.correiobraziliense.com.br\/cbradar\/wp-content\/uploads\/2026\/01\/zamioculca_1767525840704.jpg\" \/>\n\t<meta property=\"og:image:width\" content=\"1280\" \/>\n\t<meta property=\"og:image:height\" content=\"720\" \/>\n\t<meta property=\"og:image:type\" content=\"image\/jpeg\" \/>\n<meta name=\"author\" content=\"Maura Pereira\" \/>\n<meta name=\"twitter:card\" content=\"summary_large_image\" \/>\n<meta name=\"twitter:label1\" content=\"Escrito por\" \/>\n\t<meta name=\"twitter:data1\" content=\"Maura Pereira\" \/>\n\t<meta name=\"twitter:label2\" content=\"Est. tempo de leitura\" \/>\n\t<meta name=\"twitter:data2\" content=\"5 minutos\" \/>\n<!-- \/ Yoast SEO plugin. -->","yoast_head_json":{"title":"Como cuidar da Zamioculca corretamente e manter a planta sempre bonita e saud\u00e1vel? - Correio Braziliense - Radar","description":"Descubra como cuidar da zamioculca corretamente para manter a planta sempre bonita, saud\u00e1vel e com folhas verdes por muito mais tempo.","robots":{"index":"index","follow":"follow","max-snippet":"max-snippet:-1","max-image-preview":"max-image-preview:large","max-video-preview":"max-video-preview:-1"},"canonical":"https:\/\/www.correiobraziliense.com.br\/cbradar\/como-cuidar-da-zamioculca-corretamente-e-manter-a-planta-sempre-bonita-e-saudavel\/","og_locale":"pt_BR","og_type":"article","og_title":"Como cuidar da Zamioculca corretamente e manter a planta sempre bonita e saud\u00e1vel? - Correio Braziliense - Radar","og_description":"Descubra como cuidar da zamioculca corretamente para manter a planta sempre bonita, saud\u00e1vel e com folhas verdes por muito mais tempo.","og_url":"https:\/\/www.correiobraziliense.com.br\/cbradar\/como-cuidar-da-zamioculca-corretamente-e-manter-a-planta-sempre-bonita-e-saudavel\/","og_site_name":"Correio Braziliense - Radar","article_published_time":"2026-01-26T22:15:00+00:00","og_image":[{"width":1280,"height":720,"url":"https:\/\/www.correiobraziliense.com.br\/cbradar\/wp-content\/uploads\/2026\/01\/zamioculca_1767525840704.jpg","type":"image\/jpeg"}],"author":"Maura Pereira","twitter_card":"summary_large_image","twitter_misc":{"Escrito por":"Maura Pereira","Est. tempo de leitura":"5 minutos"},"schema":{"@context":"https:\/\/schema.org","@graph":[{"@type":"WebPage","@id":"https:\/\/www.correiobraziliense.com.br\/cbradar\/como-cuidar-da-zamioculca-corretamente-e-manter-a-planta-sempre-bonita-e-saudavel\/","url":"https:\/\/www.correiobraziliense.com.br\/cbradar\/como-cuidar-da-zamioculca-corretamente-e-manter-a-planta-sempre-bonita-e-saudavel\/","name":"Como cuidar da Zamioculca corretamente e manter a planta sempre bonita e saud\u00e1vel? - Correio Braziliense - Radar","isPartOf":{"@id":"https:\/\/www.correiobraziliense.com.br\/cbradar\/#website"},"primaryImageOfPage":{"@id":"https:\/\/www.correiobraziliense.com.br\/cbradar\/como-cuidar-da-zamioculca-corretamente-e-manter-a-planta-sempre-bonita-e-saudavel\/#primaryimage"},"image":{"@id":"https:\/\/www.correiobraziliense.com.br\/cbradar\/como-cuidar-da-zamioculca-corretamente-e-manter-a-planta-sempre-bonita-e-saudavel\/#primaryimage"},"thumbnailUrl":"https:\/\/www.correiobraziliense.com.br\/cbradar\/wp-content\/uploads\/2026\/01\/zamioculca_1767525840704.jpg","datePublished":"2026-01-26T22:15:00+00:00","author":{"@id":"https:\/\/www.correiobraziliense.com.br\/cbradar\/#\/schema\/person\/4053c651a9bfc785afc6f4cbc9032fd3"},"description":"Descubra como cuidar da zamioculca corretamente para manter a planta sempre bonita, saud\u00e1vel e com folhas verdes por muito mais tempo.","breadcrumb":{"@id":"https:\/\/www.correiobraziliense.com.br\/cbradar\/como-cuidar-da-zamioculca-corretamente-e-manter-a-planta-sempre-bonita-e-saudavel\/#breadcrumb"},"inLanguage":"pt-BR","potentialAction":[{"@type":"ReadAction","target":["https:\/\/www.correiobraziliense.com.br\/cbradar\/como-cuidar-da-zamioculca-corretamente-e-manter-a-planta-sempre-bonita-e-saudavel\/"]}]},{"@type":"ImageObject","inLanguage":"pt-BR","@id":"https:\/\/www.correiobraziliense.com.br\/cbradar\/como-cuidar-da-zamioculca-corretamente-e-manter-a-planta-sempre-bonita-e-saudavel\/#primaryimage","url":"https:\/\/www.correiobraziliense.com.br\/cbradar\/wp-content\/uploads\/2026\/01\/zamioculca_1767525840704.jpg","contentUrl":"https:\/\/www.correiobraziliense.com.br\/cbradar\/wp-content\/uploads\/2026\/01\/zamioculca_1767525840704.jpg","width":1280,"height":720,"caption":"A zamioculca se torna uma das plantas mais dur\u00e1veis e elegantes para ambientes internos, ideal para quem quer beleza sem complica\u00e7\u00e3o. \/\/ Cr\u00e9ditos: depositphotos.com \/ silmairel"},{"@type":"BreadcrumbList","@id":"https:\/\/www.correiobraziliense.com.br\/cbradar\/como-cuidar-da-zamioculca-corretamente-e-manter-a-planta-sempre-bonita-e-saudavel\/#breadcrumb","itemListElement":[{"@type":"ListItem","position":1,"name":"In\u00edcio","item":"https:\/\/www.correiobraziliense.com.br\/cbradar\/"},{"@type":"ListItem","position":2,"name":"Como cuidar da Zamioculca corretamente e manter a planta sempre bonita e saud\u00e1vel?"}]},{"@type":"WebSite","@id":"https:\/\/www.correiobraziliense.com.br\/cbradar\/#website","url":"https:\/\/www.correiobraziliense.com.br\/cbradar\/","name":"Correio Braziliense - Radar","description":"Acompanhe as \u00faltimas not\u00edcias e fique bem informado sobre tudo o que acontece no Brasil e no mundo.","potentialAction":[{"@type":"SearchAction","target":{"@type":"EntryPoint","urlTemplate":"https:\/\/www.correiobraziliense.com.br\/cbradar\/?s={search_term_string}"},"query-input":{"@type":"PropertyValueSpecification","valueRequired":true,"valueName":"search_term_string"}}],"inLanguage":"pt-BR"},{"@type":"Person","@id":"https:\/\/www.correiobraziliense.com.br\/cbradar\/#\/schema\/person\/4053c651a9bfc785afc6f4cbc9032fd3","name":"Maura Pereira","image":{"@type":"ImageObject","inLanguage":"pt-BR","@id":"https:\/\/www.correiobraziliense.com.br\/cbradar\/#\/schema\/person\/image\/","url":"https:\/\/secure.gravatar.com\/avatar\/3effd6bdadfa447f15089c7f7144eaa6?s=96&d=mm&r=g","contentUrl":"https:\/\/secure.gravatar.com\/avatar\/3effd6bdadfa447f15089c7f7144eaa6?s=96&d=mm&r=g","caption":"Maura Pereira"},"sameAs":["https:\/\/www.correiobraziliense.com.br\/"],"url":"https:\/\/www.correiobraziliense.com.br\/cbradar\/author\/mauramyth\/"}]}},"_links":{"self":[{"href":"https:\/\/www.correiobraziliense.com.br\/cbradar\/wp-json\/wp\/v2\/posts\/181520","targetHints":{"allow":["GET"]}}],"collection":[{"href":"https:\/\/www.correiobraziliense.com.br\/cbradar\/wp-json\/wp\/v2\/posts"}],"about":[{"href":"https:\/\/www.correiobraziliense.com.br\/cbradar\/wp-json\/wp\/v2\/types\/post"}],"author":[{"embeddable":true,"href":"https:\/\/www.correiobraziliense.com.br\/cbradar\/wp-json\/wp\/v2\/users\/8"}],"replies":[{"embeddable":true,"href":"https:\/\/www.correiobraziliense.com.br\/cbradar\/wp-json\/wp\/v2\/comments?post=181520"}],"version-history":[{"count":8,"href":"https:\/\/www.correiobraziliense.com.br\/cbradar\/wp-json\/wp\/v2\/posts\/181520\/revisions"}],"predecessor-version":[{"id":181594,"href":"https:\/\/www.correiobraziliense.com.br\/cbradar\/wp-json\/wp\/v2\/posts\/181520\/revisions\/181594"}],"wp:featuredmedia":[{"embeddable":true,"href":"https:\/\/www.correiobraziliense.com.br\/cbradar\/wp-json\/wp\/v2\/media\/168971"}],"wp:attachment":[{"href":"https:\/\/www.correiobraziliense.com.br\/cbradar\/wp-json\/wp\/v2\/media?parent=181520"}],"wp:term":[{"taxonomy":"category","embeddable":true,"href":"https:\/\/www.correiobraziliense.com.br\/cbradar\/wp-json\/wp\/v2\/categories?post=181520"},{"taxonomy":"post_tag","embeddable":true,"href":"https:\/\/www.correiobraziliense.com.br\/cbradar\/wp-json\/wp\/v2\/tags?post=181520"}],"curies":[{"name":"wp","href":"https:\/\/api.w.org\/{rel}","templated":true}]}}