{"id":181521,"date":"2026-01-26T06:45:00","date_gmt":"2026-01-26T09:45:00","guid":{"rendered":"https:\/\/www.correiobraziliense.com.br\/cbradar\/?p=181521"},"modified":"2026-01-25T20:53:03","modified_gmt":"2026-01-25T23:53:03","slug":"o-elixir-da-vida-aumenta-o-colageno-e-reduz-sinais-de-envelhecimento-na-pele","status":"publish","type":"post","link":"https:\/\/www.correiobraziliense.com.br\/cbradar\/o-elixir-da-vida-aumenta-o-colageno-e-reduz-sinais-de-envelhecimento-na-pele\/","title":{"rendered":"O &#8220;elixir da vida&#8221; est\u00e1 ficando famoso entre influenciadores por aumentar o col\u00e1geno e reduz sinais de envelhecimento na pele"},"content":{"rendered":"\n<p>A busca por cuidados naturais e &#8220;aumentar o col\u00e1geno&#8221; ganhou um novo aliado: o <strong>Bakuchiol<\/strong>, conhecido como retinol vegano. Extra\u00eddo da planta <strong>Babchi<\/strong>, pertencente \u00e0 fam\u00edlia Fabaceae, esse composto tem se destacado por estimular a produ\u00e7\u00e3o de col\u00e1geno, reduzir rugas e sinais de envelhecimento sem os efeitos adversos comuns ao retinol tradicional.<\/p>\n\n\n\n<h2 class=\"wp-block-heading\">O que \u00e9 o Bakuchiol e por que \u00e9 chamado de retinol vegano?<\/h2>\n\n\n\n<p>O <strong>Bakuchiol <\/strong>\u00e9 um composto bioativo encontrado nas sementes e folhas da <strong>Babchi (Psoralea corylifolia)<\/strong>. Ele age semelhantementee ao retinol, promovendo renova\u00e7\u00e3o celular, aumentando a produ\u00e7\u00e3o de col\u00e1geno e combatendo os radicais livres que causam envelhecimento da pele,<a href=\"https:\/\/scholarhub.ui.ac.id\/jdvi\/vol7\/iss2\/9\" target=\"_blank\" rel=\"noreferrer noopener\"> <strong>segundo o Journal of General-Procedural Dermatology &amp; Venereology Indonesia.<\/strong><\/a><\/p>\n\n\n\n<p><strong>Ao contr\u00e1rio do retinol sint\u00e9tico, o Bakuchiol n\u00e3o provoca irrita\u00e7\u00e3o ou sensibilidade excessiva<\/strong>, tornando-se ideal para peles sens\u00edveis e para uso di\u00e1rio. Ele combina efic\u00e1cia dermatol\u00f3gica com origem 100% vegetal, sendo considerado um verdadeiro <strong>elixir da vida eterna.<\/strong><\/p>\n\n\n<div class=\"wp-block-image\">\n<figure class=\"aligncenter size-large\"><img decoding=\"async\" width=\"1024\" height=\"576\" src=\"https:\/\/www.correiobraziliense.com.br\/cbradar\/wp-content\/uploads\/2025\/11\/Bakuchiol-_1762034096437-1024x576.jpg\" alt=\"O \u201cElixir da Vida\u201d \u00e9 uma planta famosa entre influenciadores que promete aumentar o col\u00e1geno e rejusvenescer a pele\" class=\"wp-image-130274\" srcset=\"https:\/\/www.correiobraziliense.com.br\/cbradar\/wp-content\/uploads\/2025\/11\/Bakuchiol-_1762034096437-1024x576.jpg 1024w, https:\/\/www.correiobraziliense.com.br\/cbradar\/wp-content\/uploads\/2025\/11\/Bakuchiol-_1762034096437-300x169.jpg 300w, https:\/\/www.correiobraziliense.com.br\/cbradar\/wp-content\/uploads\/2025\/11\/Bakuchiol-_1762034096437-768x432.jpg 768w, https:\/\/www.correiobraziliense.com.br\/cbradar\/wp-content\/uploads\/2025\/11\/Bakuchiol-_1762034096437-750x422.jpg 750w, https:\/\/www.correiobraziliense.com.br\/cbradar\/wp-content\/uploads\/2025\/11\/Bakuchiol-_1762034096437-1140x641.jpg 1140w, https:\/\/www.correiobraziliense.com.br\/cbradar\/wp-content\/uploads\/2025\/11\/Bakuchiol-_1762034096437.jpg 1280w\" sizes=\"(max-width: 1024px) 100vw, 1024px\" \/><figcaption class=\"wp-element-caption\">Babchi  \u00e9 uma planta medicinal usada tradicionalmente para tratar doen\u00e7as de pele variadas. \/\/ Cr\u00e9ditos: depositphotos.com \/ leonardo1<\/figcaption><\/figure><\/div>\n\n\n<h2 class=\"wp-block-heading\">Quais s\u00e3o os benef\u00edcios do Bakuchiol para a pele?<\/h2>\n\n\n\n<p><strong>O uso regular do Bakuchiol apresenta resultados comprovados em diversos aspectos da sa\u00fade da pele. <\/strong>Al\u00e9m de reduzir linhas finas e rugas, ele melhora elasticidade e uniformiza o tom da pele, proporcionando apar\u00eancia mais jovem e saud\u00e1vel.<\/p>\n\n\n\n<p>Entre os benef\u00edcios mais destacados:<\/p>\n\n\n\n<ul class=\"wp-block-list\">\n<li><strong>Estimula a produ\u00e7\u00e3o de col\u00e1geno e elastina<\/strong>, mantendo a pele firme e tonificada.<\/li>\n\n\n\n<li><strong>Reduz rugas e linhas de express\u00e3o<\/strong> sem causar descama\u00e7\u00e3o ou vermelhid\u00e3o.<\/li>\n\n\n\n<li><strong>Melhora textura e brilho da pele<\/strong>, uniformizando o tom e reduzindo manchas.<\/li>\n<\/ul>\n\n\n\n<p>O v\u00eddeo do canal&nbsp;<strong>JARDEL | SKINARMY<\/strong>, apresentado pelo influenciador <strong>Jardel<\/strong> com <strong>861.5K<\/strong> seguidores, explica como o Bakuchiol pode transformar a apar\u00eancia e sa\u00fade da sua pele.<\/p>\n\n\n\n<figure class=\"wp-block-embed is-type-video is-provider-tiktok wp-block-embed-tiktok\"><div class=\"wp-block-embed__wrapper\">\n<blockquote class=\"tiktok-embed\" cite=\"https:\/\/www.tiktok.com\/@jardeledebran\/video\/7255687242943925509\" data-video-id=\"7255687242943925509\" data-embed-from=\"oembed\" style=\"max-width:605px; min-width:325px;\"> <section> <a target=\"_blank\" title=\"@jardeledebran\" href=\"https:\/\/www.tiktok.com\/@jardeledebran?refer=embed\">@jardeledebran<\/a> <p>Bakuchiol \u00e9 igual o retinol? Entenda sobre esse ativo que est\u00e1 bombando no skincare. Lembrando que ele pode estar presente nos cosm\u00e9ticos brasileiros como fitoretinol. <a title=\"skinarmy\" target=\"_blank\" href=\"https:\/\/www.tiktok.com\/tag\/skinarmy?refer=embed\">#skinarmy<\/a> <a title=\"bakuchiol\" target=\"_blank\" href=\"https:\/\/www.tiktok.com\/tag\/bakuchiol?refer=embed\">#bakuchiol<\/a> <a title=\"fitoretinol\" target=\"_blank\" href=\"https:\/\/www.tiktok.com\/tag\/fitoretinol?refer=embed\">#fitoretinol<\/a> <a title=\"retinol\" target=\"_blank\" href=\"https:\/\/www.tiktok.com\/tag\/retinol?refer=embed\">#retinol<\/a> <a title=\"skincare\" target=\"_blank\" href=\"https:\/\/www.tiktok.com\/tag\/skincare?refer=embed\">#skincare<\/a> <a title=\"skincarebrasil\" target=\"_blank\" href=\"https:\/\/www.tiktok.com\/tag\/skincarebrasil?refer=embed\">#skincarebrasil<\/a> <\/p> <a target=\"_blank\" title=\"\u266c Rush - Troye Sivan\" href=\"https:\/\/www.tiktok.com\/music\/Rush-7255090778207979521?refer=embed\">\u266c Rush &#8211; Troye Sivan<\/a> <\/section> <\/blockquote> <script async src=\"https:\/\/www.tiktok.com\/embed.js\"><\/script>\n<\/div><\/figure>\n\n\n\n<h2 class=\"wp-block-heading\">Como o Bakuchiol atua no envelhecimento cut\u00e2neo?<\/h2>\n\n\n\n<p>O envelhecimento da pele \u00e9 caracterizado pela diminui\u00e7\u00e3o do col\u00e1geno e da elastina, ac\u00famulo de radicais livres e altera\u00e7\u00f5es na renova\u00e7\u00e3o celular. O Bakuchiol atua em v\u00e1rias frentes, estimulando o metabolismo celular e combatendo o estresse oxidativo.<\/p>\n\n\n\n<ul class=\"wp-block-list\">\n<li><strong>A\u00e7\u00e3o antioxidante:<\/strong> neutraliza radicais livres que causam danos \u00e0 pele.<\/li>\n\n\n\n<li><strong>Renova\u00e7\u00e3o celular:<\/strong> acelera a regenera\u00e7\u00e3o de c\u00e9lulas superficiais.<\/li>\n\n\n\n<li><strong>Estimula\u00e7\u00e3o do col\u00e1geno:<\/strong> promove firmeza e elasticidade, reduzindo flacidez e rugas.<\/li>\n<\/ul>\n\n\n\n<p><strong>Por agir em m\u00faltiplos mecanismos do envelhecimento, o Bakuchiol \u00e9 um ingrediente vers\u00e1til e seguro<\/strong>, ideal para integrar rotinas de cuidados faciais naturais.<\/p>\n\n\n\n<p><strong>Leia tamb\u00e9m: <a href=\"https:\/\/www.correiobraziliense.com.br\/cbradar\/o-que-significa-ter-aranhas-dentro-de-casa-com-frequencia-segundo-especialistas\/\" target=\"_blank\" rel=\"noreferrer noopener\">O que significa ter aranhas dentro de casa com frequ\u00eancia, segundo especialistas.<\/a><\/strong><\/p>\n\n\n\n<h2 class=\"wp-block-heading\">Como usar o Bakuchiol corretamente na rotina de skincare?<\/h2>\n\n\n\n<p>O Bakuchiol pode ser encontrado em s\u00e9runs, cremes e \u00f3leos faciais. Para maximizar seus efeitos, \u00e9 importante aplic\u00e1-lo de forma consistente e combinar com outros cuidados di\u00e1rios, como prote\u00e7\u00e3o solar e hidrata\u00e7\u00e3o adequada.<\/p>\n\n\n\n<p>Dicas de uso:<\/p>\n\n\n\n<ol class=\"wp-block-list\">\n<li>Limpe a pele com sabonete neutro.<\/li>\n\n\n\n<li>Aplique algumas gotas de s\u00e9rum de Bakuchiol sobre o rosto e pesco\u00e7o.<\/li>\n\n\n\n<li>Massageie suavemente at\u00e9 completa absor\u00e7\u00e3o.<\/li>\n\n\n\n<li>Use diariamente, preferencialmente \u00e0 noite, e combine com protetor solar durante o dia.<\/li>\n<\/ol>\n\n\n\n<p>Essa rotina garante que o Bakuchiol atue plenamente, promovendo rejuvenescimento sem agress\u00e3o \u00e0 pele.<\/p>\n\n\n<div class=\"wp-block-image\">\n<figure class=\"aligncenter size-large\"><img decoding=\"async\" width=\"1024\" height=\"576\" src=\"https:\/\/www.correiobraziliense.com.br\/cbradar\/wp-content\/uploads\/2025\/11\/Campo-de-Babchi-com-Elixir-da-Vida-1024x576.jpg\" alt=\"O \u201cElixir da Vida\u201d \u00e9 uma planta famosa entre influenciadores que promete aumentar o col\u00e1geno e rejusvenescer a pele\" class=\"wp-image-130272\" srcset=\"https:\/\/www.correiobraziliense.com.br\/cbradar\/wp-content\/uploads\/2025\/11\/Campo-de-Babchi-com-Elixir-da-Vida-1024x576.jpg 1024w, https:\/\/www.correiobraziliense.com.br\/cbradar\/wp-content\/uploads\/2025\/11\/Campo-de-Babchi-com-Elixir-da-Vida-300x169.jpg 300w, https:\/\/www.correiobraziliense.com.br\/cbradar\/wp-content\/uploads\/2025\/11\/Campo-de-Babchi-com-Elixir-da-Vida-768x432.jpg 768w, https:\/\/www.correiobraziliense.com.br\/cbradar\/wp-content\/uploads\/2025\/11\/Campo-de-Babchi-com-Elixir-da-Vida-750x422.jpg 750w, https:\/\/www.correiobraziliense.com.br\/cbradar\/wp-content\/uploads\/2025\/11\/Campo-de-Babchi-com-Elixir-da-Vida-1140x641.jpg 1140w, https:\/\/www.correiobraziliense.com.br\/cbradar\/wp-content\/uploads\/2025\/11\/Campo-de-Babchi-com-Elixir-da-Vida.jpg 1280w\" sizes=\"(max-width: 1024px) 100vw, 1024px\" \/><figcaption class=\"wp-element-caption\">Descubra o poder do Bakuchiol para renovar sua pele com efeito anti-idade suave e natural.<\/figcaption><\/figure><\/div>\n\n\n<h2 class=\"wp-block-heading\">Comparativo entre retinol tradicional e Bakuchiol<\/h2>\n\n\n\n<p>Para entender melhor as vantagens do Bakuchiol, confira a tabela comparativa:<\/p>\n\n\n\n<figure class=\"wp-block-table\"><table class=\"has-fixed-layout\"><thead><tr><th>Caracter\u00edstica<\/th><th>Retinol tradicional<\/th><th>Bakuchiol (retinol vegano)<\/th><\/tr><\/thead><tbody><tr><td>Origem<\/td><td>Sint\u00e9tico ou animal<\/td><td>Planta Babchi (vegano)<\/td><\/tr><tr><td>Irrita\u00e7\u00e3o<\/td><td>Pode causar descama\u00e7\u00e3o<\/td><td>Baixo risco de irrita\u00e7\u00e3o<\/td><\/tr><tr><td>Est\u00edmulo de col\u00e1geno<\/td><td>Sim<\/td><td>Sim<\/td><\/tr><tr><td>Adequado para pele sens\u00edvel<\/td><td>N\u00e3o<\/td><td>Sim<\/td><\/tr><tr><td>Uso cont\u00ednuo<\/td><td>Precisa pausas peri\u00f3dicas<\/td><td>Pode ser di\u00e1rio<\/td><\/tr><\/tbody><\/table><\/figure>\n\n\n\n<p><strong>O Bakuchiol combina efic\u00e1cia e suavidade<\/strong>, tornando-o uma alternativa natural e segura ao retinol, especialmente para quem busca resultados vis\u00edveis sem abrir m\u00e3o de produtos veganos.<\/p>\n\n\n\n<h2 class=\"wp-block-heading\">Por que o Bakuchiol \u00e9 chamado de elixir da vida eterna?<\/h2>\n\n\n\n<p>Devido \u00e0 sua capacidade de estimular col\u00e1geno, reduzir rugas e uniformizar o tom da pele sem causar efeitos adversos, o Bakuchiol ganhou o t\u00edtulo de \u201celixir da vida eterna\u201d na cosm\u00e9tica natural. Ele proporciona rejuvenescimento gradual e duradouro, sendo ideal para incluir na rotina di\u00e1ria de cuidados faciais.<\/p>\n\n\n\n<p><strong>Integrar o Bakuchiol \u00e0 rotina de skincare \u00e9 apostar em um cuidado consciente e natural<\/strong>, promovendo sa\u00fade, vitalidade e longevidade da pele, sem recorrer a produtos qu\u00edmicos agressivos.<\/p>\n","protected":false},"excerpt":{"rendered":"<p>A busca por cuidados naturais e &#8220;aumentar o col\u00e1geno&#8221; ganhou um novo aliado: o Bakuchiol, conhecido como retinol vegano. Extra\u00eddo da planta Babchi, pertencente \u00e0 fam\u00edlia Fabaceae, esse composto tem se destacado por estimular a produ\u00e7\u00e3o de col\u00e1geno, reduzir rugas e sinais de envelhecimento sem os efeitos adversos comuns ao retinol tradicional. O que \u00e9 [&hellip;]<\/p>\n","protected":false},"author":8,"featured_media":181554,"comment_status":"open","ping_status":"open","sticky":false,"template":"","format":"standard","meta":{"_yoast_wpseo_focuskw":"aumentar o col\u00e1geno","_yoast_wpseo_title":"","_yoast_wpseo_metadesc":"Descubra como o chamado \u201celixir da vida\u201d vem sendo associado ao est\u00edmulo do col\u00e1geno e \u00e0 redu\u00e7\u00e3o dos sinais de envelhecimento na pele.","jnews-multi-image_gallery":[],"jnews_single_post":{"format":"standard"},"jnews_primary_category":[],"jnews_social_meta":[],"jnews_override_counter":[],"footnotes":""},"categories":[112],"post_tag":[11453,5364,14416,1318],"class_list":["post-181521","post","type-post","status-publish","format-standard","has-post-thumbnail","hentry","category-curiosidades","tag-bakuchiol","tag-pele-2","tag-retinol","tag-saude-2"],"yoast_head":"<!-- This site is optimized with the Yoast SEO plugin v24.6 - https:\/\/yoast.com\/wordpress\/plugins\/seo\/ -->\n<title>O &quot;elixir da vida&quot; est\u00e1 ficando famoso entre influenciadores por aumentar o col\u00e1geno e reduz sinais de envelhecimento na pele - Correio Braziliense - Radar<\/title>\n<meta name=\"description\" content=\"Descubra como o chamado \u201celixir da vida\u201d vem sendo associado ao est\u00edmulo do col\u00e1geno e \u00e0 redu\u00e7\u00e3o dos sinais de envelhecimento na pele.\" \/>\n<meta name=\"robots\" content=\"index, follow, max-snippet:-1, max-image-preview:large, max-video-preview:-1\" \/>\n<link rel=\"canonical\" href=\"https:\/\/www.correiobraziliense.com.br\/cbradar\/o-elixir-da-vida-aumenta-o-colageno-e-reduz-sinais-de-envelhecimento-na-pele\/\" \/>\n<meta property=\"og:locale\" content=\"pt_BR\" \/>\n<meta property=\"og:type\" content=\"article\" \/>\n<meta property=\"og:title\" content=\"O &quot;elixir da vida&quot; est\u00e1 ficando famoso entre influenciadores por aumentar o col\u00e1geno e reduz sinais de envelhecimento na pele - Correio Braziliense - Radar\" \/>\n<meta property=\"og:description\" content=\"Descubra como o chamado \u201celixir da vida\u201d vem sendo associado ao est\u00edmulo do col\u00e1geno e \u00e0 redu\u00e7\u00e3o dos sinais de envelhecimento na pele.\" \/>\n<meta property=\"og:url\" content=\"https:\/\/www.correiobraziliense.com.br\/cbradar\/o-elixir-da-vida-aumenta-o-colageno-e-reduz-sinais-de-envelhecimento-na-pele\/\" \/>\n<meta property=\"og:site_name\" content=\"Correio Braziliense - Radar\" \/>\n<meta property=\"article:published_time\" content=\"2026-01-26T09:45:00+00:00\" \/>\n<meta property=\"og:image\" content=\"https:\/\/www.correiobraziliense.com.br\/cbradar\/wp-content\/uploads\/2026\/01\/aaa-2026-01-25T175407.540.png\" \/>\n\t<meta property=\"og:image:width\" content=\"1280\" \/>\n\t<meta property=\"og:image:height\" content=\"720\" \/>\n\t<meta property=\"og:image:type\" content=\"image\/png\" \/>\n<meta name=\"author\" content=\"Maura Pereira\" \/>\n<meta name=\"twitter:card\" content=\"summary_large_image\" \/>\n<meta name=\"twitter:label1\" content=\"Escrito por\" \/>\n\t<meta name=\"twitter:data1\" content=\"Maura Pereira\" \/>\n\t<meta name=\"twitter:label2\" content=\"Est. tempo de leitura\" \/>\n\t<meta name=\"twitter:data2\" content=\"5 minutos\" \/>\n<!-- \/ Yoast SEO plugin. -->","yoast_head_json":{"title":"O \"elixir da vida\" est\u00e1 ficando famoso entre influenciadores por aumentar o col\u00e1geno e reduz sinais de envelhecimento na pele - Correio Braziliense - Radar","description":"Descubra como o chamado \u201celixir da vida\u201d vem sendo associado ao est\u00edmulo do col\u00e1geno e \u00e0 redu\u00e7\u00e3o dos sinais de envelhecimento na pele.","robots":{"index":"index","follow":"follow","max-snippet":"max-snippet:-1","max-image-preview":"max-image-preview:large","max-video-preview":"max-video-preview:-1"},"canonical":"https:\/\/www.correiobraziliense.com.br\/cbradar\/o-elixir-da-vida-aumenta-o-colageno-e-reduz-sinais-de-envelhecimento-na-pele\/","og_locale":"pt_BR","og_type":"article","og_title":"O \"elixir da vida\" est\u00e1 ficando famoso entre influenciadores por aumentar o col\u00e1geno e reduz sinais de envelhecimento na pele - Correio Braziliense - Radar","og_description":"Descubra como o chamado \u201celixir da vida\u201d vem sendo associado ao est\u00edmulo do col\u00e1geno e \u00e0 redu\u00e7\u00e3o dos sinais de envelhecimento na pele.","og_url":"https:\/\/www.correiobraziliense.com.br\/cbradar\/o-elixir-da-vida-aumenta-o-colageno-e-reduz-sinais-de-envelhecimento-na-pele\/","og_site_name":"Correio Braziliense - Radar","article_published_time":"2026-01-26T09:45:00+00:00","og_image":[{"width":1280,"height":720,"url":"https:\/\/www.correiobraziliense.com.br\/cbradar\/wp-content\/uploads\/2026\/01\/aaa-2026-01-25T175407.540.png","type":"image\/png"}],"author":"Maura Pereira","twitter_card":"summary_large_image","twitter_misc":{"Escrito por":"Maura Pereira","Est. tempo de leitura":"5 minutos"},"schema":{"@context":"https:\/\/schema.org","@graph":[{"@type":"WebPage","@id":"https:\/\/www.correiobraziliense.com.br\/cbradar\/o-elixir-da-vida-aumenta-o-colageno-e-reduz-sinais-de-envelhecimento-na-pele\/","url":"https:\/\/www.correiobraziliense.com.br\/cbradar\/o-elixir-da-vida-aumenta-o-colageno-e-reduz-sinais-de-envelhecimento-na-pele\/","name":"O \"elixir da vida\" est\u00e1 ficando famoso entre influenciadores por aumentar o col\u00e1geno e reduz sinais de envelhecimento na pele - Correio Braziliense - Radar","isPartOf":{"@id":"https:\/\/www.correiobraziliense.com.br\/cbradar\/#website"},"primaryImageOfPage":{"@id":"https:\/\/www.correiobraziliense.com.br\/cbradar\/o-elixir-da-vida-aumenta-o-colageno-e-reduz-sinais-de-envelhecimento-na-pele\/#primaryimage"},"image":{"@id":"https:\/\/www.correiobraziliense.com.br\/cbradar\/o-elixir-da-vida-aumenta-o-colageno-e-reduz-sinais-de-envelhecimento-na-pele\/#primaryimage"},"thumbnailUrl":"https:\/\/www.correiobraziliense.com.br\/cbradar\/wp-content\/uploads\/2026\/01\/aaa-2026-01-25T175407.540.png","datePublished":"2026-01-26T09:45:00+00:00","author":{"@id":"https:\/\/www.correiobraziliense.com.br\/cbradar\/#\/schema\/person\/4053c651a9bfc785afc6f4cbc9032fd3"},"description":"Descubra como o chamado \u201celixir da vida\u201d vem sendo associado ao est\u00edmulo do col\u00e1geno e \u00e0 redu\u00e7\u00e3o dos sinais de envelhecimento na pele.","breadcrumb":{"@id":"https:\/\/www.correiobraziliense.com.br\/cbradar\/o-elixir-da-vida-aumenta-o-colageno-e-reduz-sinais-de-envelhecimento-na-pele\/#breadcrumb"},"inLanguage":"pt-BR","potentialAction":[{"@type":"ReadAction","target":["https:\/\/www.correiobraziliense.com.br\/cbradar\/o-elixir-da-vida-aumenta-o-colageno-e-reduz-sinais-de-envelhecimento-na-pele\/"]}]},{"@type":"ImageObject","inLanguage":"pt-BR","@id":"https:\/\/www.correiobraziliense.com.br\/cbradar\/o-elixir-da-vida-aumenta-o-colageno-e-reduz-sinais-de-envelhecimento-na-pele\/#primaryimage","url":"https:\/\/www.correiobraziliense.com.br\/cbradar\/wp-content\/uploads\/2026\/01\/aaa-2026-01-25T175407.540.png","contentUrl":"https:\/\/www.correiobraziliense.com.br\/cbradar\/wp-content\/uploads\/2026\/01\/aaa-2026-01-25T175407.540.png","width":1280,"height":720,"caption":"Bakuchiol ganha popularidade como alternativa ao retinol, ideal para peles sens\u00edveis."},{"@type":"BreadcrumbList","@id":"https:\/\/www.correiobraziliense.com.br\/cbradar\/o-elixir-da-vida-aumenta-o-colageno-e-reduz-sinais-de-envelhecimento-na-pele\/#breadcrumb","itemListElement":[{"@type":"ListItem","position":1,"name":"In\u00edcio","item":"https:\/\/www.correiobraziliense.com.br\/cbradar\/"},{"@type":"ListItem","position":2,"name":"O &#8220;elixir da vida&#8221; est\u00e1 ficando famoso entre influenciadores por aumentar o col\u00e1geno e reduz sinais de envelhecimento na pele"}]},{"@type":"WebSite","@id":"https:\/\/www.correiobraziliense.com.br\/cbradar\/#website","url":"https:\/\/www.correiobraziliense.com.br\/cbradar\/","name":"Correio Braziliense - Radar","description":"Acompanhe as \u00faltimas not\u00edcias e fique bem informado sobre tudo o que acontece no Brasil e no mundo.","potentialAction":[{"@type":"SearchAction","target":{"@type":"EntryPoint","urlTemplate":"https:\/\/www.correiobraziliense.com.br\/cbradar\/?s={search_term_string}"},"query-input":{"@type":"PropertyValueSpecification","valueRequired":true,"valueName":"search_term_string"}}],"inLanguage":"pt-BR"},{"@type":"Person","@id":"https:\/\/www.correiobraziliense.com.br\/cbradar\/#\/schema\/person\/4053c651a9bfc785afc6f4cbc9032fd3","name":"Maura Pereira","image":{"@type":"ImageObject","inLanguage":"pt-BR","@id":"https:\/\/www.correiobraziliense.com.br\/cbradar\/#\/schema\/person\/image\/","url":"https:\/\/secure.gravatar.com\/avatar\/3effd6bdadfa447f15089c7f7144eaa6?s=96&d=mm&r=g","contentUrl":"https:\/\/secure.gravatar.com\/avatar\/3effd6bdadfa447f15089c7f7144eaa6?s=96&d=mm&r=g","caption":"Maura Pereira"},"sameAs":["https:\/\/www.correiobraziliense.com.br\/"],"url":"https:\/\/www.correiobraziliense.com.br\/cbradar\/author\/mauramyth\/"}]}},"_links":{"self":[{"href":"https:\/\/www.correiobraziliense.com.br\/cbradar\/wp-json\/wp\/v2\/posts\/181521","targetHints":{"allow":["GET"]}}],"collection":[{"href":"https:\/\/www.correiobraziliense.com.br\/cbradar\/wp-json\/wp\/v2\/posts"}],"about":[{"href":"https:\/\/www.correiobraziliense.com.br\/cbradar\/wp-json\/wp\/v2\/types\/post"}],"author":[{"embeddable":true,"href":"https:\/\/www.correiobraziliense.com.br\/cbradar\/wp-json\/wp\/v2\/users\/8"}],"replies":[{"embeddable":true,"href":"https:\/\/www.correiobraziliense.com.br\/cbradar\/wp-json\/wp\/v2\/comments?post=181521"}],"version-history":[{"count":11,"href":"https:\/\/www.correiobraziliense.com.br\/cbradar\/wp-json\/wp\/v2\/posts\/181521\/revisions"}],"predecessor-version":[{"id":181556,"href":"https:\/\/www.correiobraziliense.com.br\/cbradar\/wp-json\/wp\/v2\/posts\/181521\/revisions\/181556"}],"wp:featuredmedia":[{"embeddable":true,"href":"https:\/\/www.correiobraziliense.com.br\/cbradar\/wp-json\/wp\/v2\/media\/181554"}],"wp:attachment":[{"href":"https:\/\/www.correiobraziliense.com.br\/cbradar\/wp-json\/wp\/v2\/media?parent=181521"}],"wp:term":[{"taxonomy":"category","embeddable":true,"href":"https:\/\/www.correiobraziliense.com.br\/cbradar\/wp-json\/wp\/v2\/categories?post=181521"},{"taxonomy":"post_tag","embeddable":true,"href":"https:\/\/www.correiobraziliense.com.br\/cbradar\/wp-json\/wp\/v2\/post_tag?post=181521"}],"curies":[{"name":"wp","href":"https:\/\/api.w.org\/{rel}","templated":true}]}}