{"id":181522,"date":"2026-01-26T16:25:00","date_gmt":"2026-01-26T19:25:00","guid":{"rendered":"https:\/\/www.correiobraziliense.com.br\/cbradar\/?p=181522"},"modified":"2026-01-25T18:33:57","modified_gmt":"2026-01-25T21:33:57","slug":"como-escolher-a-terra-certa-para-plantar-e-manter-sua-horta-saudavel","status":"publish","type":"post","link":"https:\/\/www.correiobraziliense.com.br\/cbradar\/como-escolher-a-terra-certa-para-plantar-e-manter-sua-horta-saudavel\/","title":{"rendered":"Como escolher a terra certa para plantar e manter sua horta saud\u00e1vel?"},"content":{"rendered":"\n<p><strong>Escolher a terra certa para plantar \u00e9 um dos fatores mais importantes para o sucesso de qualquer cultivo.<\/strong> Seja em vasos, jardins ou hortas caseiras, o tipo de solo interfere na absor\u00e7\u00e3o de nutrientes, na reten\u00e7\u00e3o de \u00e1gua e no desenvolvimento das ra\u00edzes. Entender essa escolha evita plantas fracas, crescimento lento e problemas comuns no dia a dia da jardinagem.<\/p>\n\n\n\n<h2 class=\"wp-block-heading\">Existe um tipo de terra ideal para todas as plantas?<\/h2>\n\n\n\n<p><strong>N\u00e3o existe um \u00fanico tipo de terra ideal para todas as plantas<\/strong>, pois cada esp\u00e9cie possui necessidades espec\u00edficas de drenagem, nutrientes e aera\u00e7\u00e3o. No entanto, h\u00e1 caracter\u00edsticas fundamentais que um bom solo deve apresentar para favorecer a maioria dos cultivos.<\/p>\n\n\n\n<p>De forma geral, a terra precisa ser f\u00e9rtil, bem drenada e rica em mat\u00e9ria org\u00e2nica. Solos muito compactos dificultam o crescimento das ra\u00edzes, enquanto solos pobres comprometem a nutri\u00e7\u00e3o da planta, mesmo com regas adequadas.<\/p>\n\n\n\n<p>Antes de plantar, \u00e9 importante observar se o solo apresenta caracter\u00edsticas b\u00e1sicas de qualidade:<\/p>\n\n\n\n<ul class=\"wp-block-list\">\n<li>Boa drenagem, sem ac\u00famulo de \u00e1gua<\/li>\n\n\n\n<li>Textura solta e f\u00e1cil de manusear<\/li>\n\n\n\n<li>Presen\u00e7a de mat\u00e9ria org\u00e2nica<\/li>\n<\/ul>\n\n\n<div class=\"wp-block-image\">\n<figure class=\"aligncenter size-large\"><img decoding=\"async\" width=\"1024\" height=\"576\" src=\"https:\/\/www.correiobraziliense.com.br\/cbradar\/wp-content\/uploads\/2025\/09\/borra-de-cafe_1757815913691-1024x576.jpg\" alt=\"Como escolher a terra certa para plantar e manter sua horta saud\u00e1vel?\" class=\"wp-image-103653\" srcset=\"https:\/\/www.correiobraziliense.com.br\/cbradar\/wp-content\/uploads\/2025\/09\/borra-de-cafe_1757815913691-1024x576.jpg 1024w, https:\/\/www.correiobraziliense.com.br\/cbradar\/wp-content\/uploads\/2025\/09\/borra-de-cafe_1757815913691-300x169.jpg 300w, https:\/\/www.correiobraziliense.com.br\/cbradar\/wp-content\/uploads\/2025\/09\/borra-de-cafe_1757815913691-768x432.jpg 768w, https:\/\/www.correiobraziliense.com.br\/cbradar\/wp-content\/uploads\/2025\/09\/borra-de-cafe_1757815913691-750x422.jpg 750w, https:\/\/www.correiobraziliense.com.br\/cbradar\/wp-content\/uploads\/2025\/09\/borra-de-cafe_1757815913691-1140x642.jpg 1140w, https:\/\/www.correiobraziliense.com.br\/cbradar\/wp-content\/uploads\/2025\/09\/borra-de-cafe_1757815913691.jpg 1279w\" sizes=\"(max-width: 1024px) 100vw, 1024px\" \/><figcaption class=\"wp-element-caption\">Escolher a terra certa para plantar \u00e9 um dos fatores mais importantes para o sucesso de qualquer cultivo. \/\/ Cr\u00e9ditos: depositphotos.com \/ modesto3<\/figcaption><\/figure><\/div>\n\n\n<h2 class=\"wp-block-heading\">Terra vegetal \u00e9 a melhor op\u00e7\u00e3o?<\/h2>\n\n\n\n<p><strong>A terra vegetal \u00e9 uma das op\u00e7\u00f5es mais indicadas para o plantio<\/strong>, especialmente para jardins, vasos e hortas dom\u00e9sticas. Ela \u00e9 rica em mat\u00e9ria org\u00e2nica, favorece a reten\u00e7\u00e3o equilibrada de umidade e fornece nutrientes essenciais para o desenvolvimento das plantas.<\/p>\n\n\n\n<p>Por\u00e9m, usada sozinha, a terra vegetal pode se tornar compacta com o tempo. Por isso, o ideal \u00e9 combin\u00e1-la com outros componentes que melhorem a aera\u00e7\u00e3o e a drenagem, garantindo um ambiente mais saud\u00e1vel para as ra\u00edzes.<\/p>\n\n\n\n<p>Essa combina\u00e7\u00e3o torna o solo mais est\u00e1vel e reduz riscos de apodrecimento e crescimento irregular.<\/p>\n\n\n\n<h2 class=\"wp-block-heading\">Qual a diferen\u00e7a entre terra, substrato e adubo?<\/h2>\n\n\n\n<p><strong>Terra, substrato e adubo t\u00eam fun\u00e7\u00f5es diferentes no plantio e n\u00e3o devem ser confundidos.<\/strong> A terra \u00e9 a base do cultivo, o substrato \u00e9 uma mistura preparada para determinadas plantas e o adubo serve para repor nutrientes.<\/p>\n\n\n\n<p>Para facilitar o entendimento, observe a compara\u00e7\u00e3o abaixo. Veja a tabela abaixo:<\/p>\n\n\n\n<figure class=\"wp-block-table\"><table class=\"has-fixed-layout\"><thead><tr><th>Material<\/th><th>Fun\u00e7\u00e3o principal<\/th><\/tr><\/thead><tbody><tr><td>Terra vegetal<\/td><td>Base do plantio<\/td><\/tr><tr><td>Substrato<\/td><td>Controle de drenagem e aera\u00e7\u00e3o<\/td><\/tr><tr><td>Adubo org\u00e2nico<\/td><td>Nutri\u00e7\u00e3o da planta<\/td><\/tr><tr><td>Areia ou perlita<\/td><td>Melhora da drenagem<\/td><\/tr><\/tbody><\/table><\/figure>\n\n\n\n<p>Usar esses elementos de forma equilibrada garante um solo mais completo e adequado para diferentes tipos de plantas.<\/p>\n\n\n\n<p><strong>Garanta o crescimento saud\u00e1vel do seu jardim desde a base<\/strong>. O v\u00eddeo \u00e9 do canal <strong>Vida no Jardim<\/strong>, que conta com mais de<strong> 800 mil inscritos,<\/strong> e ensina a preparar a mistura de terra ideal, peneirar componentes e montar camadas de drenagem eficientes para vasos: Vida no Jardim foca em jardinagem.<\/p>\n\n\n\n<figure class=\"wp-block-embed aligncenter is-type-video is-provider-youtube wp-block-embed-youtube wp-embed-aspect-16-9 wp-has-aspect-ratio\"><div class=\"wp-block-embed__wrapper\">\n<div class=\"jeg_video_container jeg_video_content\"><iframe loading=\"lazy\" title=\"MISTURA IDEAL para VASOS e CANTEIROS: prepare A TERRA corretamente!\" width=\"500\" height=\"281\" src=\"https:\/\/www.youtube.com\/embed\/p9ppnE6qxtM?feature=oembed\" frameborder=\"0\" allow=\"accelerometer; autoplay; clipboard-write; encrypted-media; gyroscope; picture-in-picture; web-share\" referrerpolicy=\"strict-origin-when-cross-origin\" allowfullscreen><\/iframe><\/div>\n<\/div><\/figure>\n\n\n\n<p><strong>Leia tamb\u00e9m: <a href=\"https:\/\/www.correiobraziliense.com.br\/cbradar\/o-que-significa-ter-aranhas-dentro-de-casa-com-frequencia-segundo-especialistas\/\" target=\"_blank\" rel=\"noreferrer noopener\">O que significa ter aranhas dentro de casa com frequ\u00eancia, segundo especialistas.<\/a><\/strong><\/p>\n\n\n\n<h2 class=\"wp-block-heading\">Qual mistura de terra funciona melhor para vasos e jardins?<\/h2>\n\n\n\n<p><strong>Uma mistura equilibrada costuma funcionar melhor do que um \u00fanico tipo de terra.<\/strong> Para a maioria das plantas ornamentais, hortali\u00e7as e ervas, a combina\u00e7\u00e3o de terra vegetal, mat\u00e9ria org\u00e2nica e um material drenante oferece \u00f3timos resultados.<\/p>\n\n\n\n<p>Essa mistura mant\u00e9m a umidade na medida certa e evita o encharcamento, um dos principais problemas em vasos. Al\u00e9m disso, facilita o crescimento das ra\u00edzes e melhora a absor\u00e7\u00e3o de nutrientes.<\/p>\n\n\n\n<p>Uma composi\u00e7\u00e3o simples e eficiente inclui:<\/p>\n\n\n\n<ul class=\"wp-block-list\">\n<li>Terra vegetal como base<\/li>\n\n\n\n<li>Composto org\u00e2nico ou h\u00famus de minhoca<\/li>\n\n\n\n<li>Areia grossa, perlita ou casca de pinus<\/li>\n<\/ul>\n\n\n\n<h2 class=\"wp-block-heading\">Como saber se a terra est\u00e1 adequada ap\u00f3s o plantio?<\/h2>\n\n\n\n<p><strong>O comportamento da planta \u00e9 o principal indicativo da qualidade da terra.<\/strong> Folhas firmes, crescimento cont\u00ednuo e colora\u00e7\u00e3o saud\u00e1vel indicam que o solo est\u00e1 equilibrado e funcional.<\/p>\n\n\n\n<p>Por outro lado, folhas amareladas, crescimento lento ou solo constantemente encharcado sinalizam a necessidade de ajustes. Observar esses sinais e corrigir a mistura quando necess\u00e1rio garante plantas mais resistentes e um cultivo mais prazeroso.<\/p>\n\n\n\n<p>Escolher o melhor tipo de terra para plantar n\u00e3o exige f\u00f3rmulas complexas, mas aten\u00e7\u00e3o \u00e0s necessidades da planta e ao equil\u00edbrio do solo. Com a base correta, o cultivo se torna mais simples, eficiente e sustent\u00e1vel ao longo do tempo.<\/p>\n","protected":false},"excerpt":{"rendered":"<p>Escolher a terra certa para plantar \u00e9 um dos fatores mais importantes para o sucesso de qualquer cultivo. Seja em vasos, jardins ou hortas caseiras, o tipo de solo interfere na absor\u00e7\u00e3o de nutrientes, na reten\u00e7\u00e3o de \u00e1gua e no desenvolvimento das ra\u00edzes. Entender essa escolha evita plantas fracas, crescimento lento e problemas comuns no [&hellip;]<\/p>\n","protected":false},"author":8,"featured_media":181600,"comment_status":"open","ping_status":"open","sticky":false,"template":"","format":"standard","meta":{"_yoast_wpseo_focuskw":"melhor terra para plantar","_yoast_wpseo_title":"","_yoast_wpseo_metadesc":"Descubra como escolher a terra certa para plantar e garantir uma horta saud\u00e1vel, produtiva e com plantas fortes desde o in\u00edcio.","jnews-multi-image_gallery":[],"jnews_single_post":{"format":"standard"},"jnews_primary_category":[],"jnews_social_meta":[],"jnews_override_counter":[],"footnotes":""},"categories":[136],"tags":[943,329,361],"class_list":["post-181522","post","type-post","status-publish","format-standard","has-post-thumbnail","hentry","category-jardinagem","tag-horta","tag-jardinagem","tag-terra"],"yoast_head":"<!-- This site is optimized with the Yoast SEO plugin v24.6 - https:\/\/yoast.com\/wordpress\/plugins\/seo\/ -->\n<title>Como escolher a terra certa para plantar e manter sua horta saud\u00e1vel? - Correio Braziliense - Radar<\/title>\n<meta name=\"description\" content=\"Descubra como escolher a terra certa para plantar e garantir uma horta saud\u00e1vel, produtiva e com plantas fortes desde o in\u00edcio.\" \/>\n<meta name=\"robots\" content=\"index, follow, max-snippet:-1, max-image-preview:large, max-video-preview:-1\" \/>\n<link rel=\"canonical\" href=\"https:\/\/www.correiobraziliense.com.br\/cbradar\/como-escolher-a-terra-certa-para-plantar-e-manter-sua-horta-saudavel\/\" \/>\n<meta property=\"og:locale\" content=\"pt_BR\" \/>\n<meta property=\"og:type\" content=\"article\" \/>\n<meta property=\"og:title\" content=\"Como escolher a terra certa para plantar e manter sua horta saud\u00e1vel? - Correio Braziliense - Radar\" \/>\n<meta property=\"og:description\" content=\"Descubra como escolher a terra certa para plantar e garantir uma horta saud\u00e1vel, produtiva e com plantas fortes desde o in\u00edcio.\" \/>\n<meta property=\"og:url\" content=\"https:\/\/www.correiobraziliense.com.br\/cbradar\/como-escolher-a-terra-certa-para-plantar-e-manter-sua-horta-saudavel\/\" \/>\n<meta property=\"og:site_name\" content=\"Correio Braziliense - Radar\" \/>\n<meta property=\"article:published_time\" content=\"2026-01-26T19:25:00+00:00\" \/>\n<meta property=\"og:image\" content=\"https:\/\/www.correiobraziliense.com.br\/cbradar\/wp-content\/uploads\/2026\/01\/aaa-2026-01-25T182638.052.png\" \/>\n\t<meta property=\"og:image:width\" content=\"1280\" \/>\n\t<meta property=\"og:image:height\" content=\"720\" \/>\n\t<meta property=\"og:image:type\" content=\"image\/png\" \/>\n<meta name=\"author\" content=\"Maura Pereira\" \/>\n<meta name=\"twitter:card\" content=\"summary_large_image\" \/>\n<meta name=\"twitter:label1\" content=\"Escrito por\" \/>\n\t<meta name=\"twitter:data1\" content=\"Maura Pereira\" \/>\n\t<meta name=\"twitter:label2\" content=\"Est. tempo de leitura\" \/>\n\t<meta name=\"twitter:data2\" content=\"5 minutos\" \/>\n<!-- \/ Yoast SEO plugin. -->","yoast_head_json":{"title":"Como escolher a terra certa para plantar e manter sua horta saud\u00e1vel? - Correio Braziliense - Radar","description":"Descubra como escolher a terra certa para plantar e garantir uma horta saud\u00e1vel, produtiva e com plantas fortes desde o in\u00edcio.","robots":{"index":"index","follow":"follow","max-snippet":"max-snippet:-1","max-image-preview":"max-image-preview:large","max-video-preview":"max-video-preview:-1"},"canonical":"https:\/\/www.correiobraziliense.com.br\/cbradar\/como-escolher-a-terra-certa-para-plantar-e-manter-sua-horta-saudavel\/","og_locale":"pt_BR","og_type":"article","og_title":"Como escolher a terra certa para plantar e manter sua horta saud\u00e1vel? - Correio Braziliense - Radar","og_description":"Descubra como escolher a terra certa para plantar e garantir uma horta saud\u00e1vel, produtiva e com plantas fortes desde o in\u00edcio.","og_url":"https:\/\/www.correiobraziliense.com.br\/cbradar\/como-escolher-a-terra-certa-para-plantar-e-manter-sua-horta-saudavel\/","og_site_name":"Correio Braziliense - Radar","article_published_time":"2026-01-26T19:25:00+00:00","og_image":[{"width":1280,"height":720,"url":"https:\/\/www.correiobraziliense.com.br\/cbradar\/wp-content\/uploads\/2026\/01\/aaa-2026-01-25T182638.052.png","type":"image\/png"}],"author":"Maura Pereira","twitter_card":"summary_large_image","twitter_misc":{"Escrito por":"Maura Pereira","Est. tempo de leitura":"5 minutos"},"schema":{"@context":"https:\/\/schema.org","@graph":[{"@type":"WebPage","@id":"https:\/\/www.correiobraziliense.com.br\/cbradar\/como-escolher-a-terra-certa-para-plantar-e-manter-sua-horta-saudavel\/","url":"https:\/\/www.correiobraziliense.com.br\/cbradar\/como-escolher-a-terra-certa-para-plantar-e-manter-sua-horta-saudavel\/","name":"Como escolher a terra certa para plantar e manter sua horta saud\u00e1vel? - Correio Braziliense - Radar","isPartOf":{"@id":"https:\/\/www.correiobraziliense.com.br\/cbradar\/#website"},"primaryImageOfPage":{"@id":"https:\/\/www.correiobraziliense.com.br\/cbradar\/como-escolher-a-terra-certa-para-plantar-e-manter-sua-horta-saudavel\/#primaryimage"},"image":{"@id":"https:\/\/www.correiobraziliense.com.br\/cbradar\/como-escolher-a-terra-certa-para-plantar-e-manter-sua-horta-saudavel\/#primaryimage"},"thumbnailUrl":"https:\/\/www.correiobraziliense.com.br\/cbradar\/wp-content\/uploads\/2026\/01\/aaa-2026-01-25T182638.052.png","datePublished":"2026-01-26T19:25:00+00:00","author":{"@id":"https:\/\/www.correiobraziliense.com.br\/cbradar\/#\/schema\/person\/4053c651a9bfc785afc6f4cbc9032fd3"},"description":"Descubra como escolher a terra certa para plantar e garantir uma horta saud\u00e1vel, produtiva e com plantas fortes desde o in\u00edcio.","breadcrumb":{"@id":"https:\/\/www.correiobraziliense.com.br\/cbradar\/como-escolher-a-terra-certa-para-plantar-e-manter-sua-horta-saudavel\/#breadcrumb"},"inLanguage":"pt-BR","potentialAction":[{"@type":"ReadAction","target":["https:\/\/www.correiobraziliense.com.br\/cbradar\/como-escolher-a-terra-certa-para-plantar-e-manter-sua-horta-saudavel\/"]}]},{"@type":"ImageObject","inLanguage":"pt-BR","@id":"https:\/\/www.correiobraziliense.com.br\/cbradar\/como-escolher-a-terra-certa-para-plantar-e-manter-sua-horta-saudavel\/#primaryimage","url":"https:\/\/www.correiobraziliense.com.br\/cbradar\/wp-content\/uploads\/2026\/01\/aaa-2026-01-25T182638.052.png","contentUrl":"https:\/\/www.correiobraziliense.com.br\/cbradar\/wp-content\/uploads\/2026\/01\/aaa-2026-01-25T182638.052.png","width":1280,"height":720,"caption":"Escolher a terra certa para plantar \u00e9 um dos fatores mais importantes para o sucesso de qualquer cultivo."},{"@type":"BreadcrumbList","@id":"https:\/\/www.correiobraziliense.com.br\/cbradar\/como-escolher-a-terra-certa-para-plantar-e-manter-sua-horta-saudavel\/#breadcrumb","itemListElement":[{"@type":"ListItem","position":1,"name":"In\u00edcio","item":"https:\/\/www.correiobraziliense.com.br\/cbradar\/"},{"@type":"ListItem","position":2,"name":"Como escolher a terra certa para plantar e manter sua horta saud\u00e1vel?"}]},{"@type":"WebSite","@id":"https:\/\/www.correiobraziliense.com.br\/cbradar\/#website","url":"https:\/\/www.correiobraziliense.com.br\/cbradar\/","name":"Correio Braziliense - Radar","description":"Acompanhe as \u00faltimas not\u00edcias e fique bem informado sobre tudo o que acontece no Brasil e no mundo.","potentialAction":[{"@type":"SearchAction","target":{"@type":"EntryPoint","urlTemplate":"https:\/\/www.correiobraziliense.com.br\/cbradar\/?s={search_term_string}"},"query-input":{"@type":"PropertyValueSpecification","valueRequired":true,"valueName":"search_term_string"}}],"inLanguage":"pt-BR"},{"@type":"Person","@id":"https:\/\/www.correiobraziliense.com.br\/cbradar\/#\/schema\/person\/4053c651a9bfc785afc6f4cbc9032fd3","name":"Maura Pereira","image":{"@type":"ImageObject","inLanguage":"pt-BR","@id":"https:\/\/www.correiobraziliense.com.br\/cbradar\/#\/schema\/person\/image\/","url":"https:\/\/secure.gravatar.com\/avatar\/3effd6bdadfa447f15089c7f7144eaa6?s=96&d=mm&r=g","contentUrl":"https:\/\/secure.gravatar.com\/avatar\/3effd6bdadfa447f15089c7f7144eaa6?s=96&d=mm&r=g","caption":"Maura Pereira"},"sameAs":["https:\/\/www.correiobraziliense.com.br\/"],"url":"https:\/\/www.correiobraziliense.com.br\/cbradar\/author\/mauramyth\/"}]}},"_links":{"self":[{"href":"https:\/\/www.correiobraziliense.com.br\/cbradar\/wp-json\/wp\/v2\/posts\/181522","targetHints":{"allow":["GET"]}}],"collection":[{"href":"https:\/\/www.correiobraziliense.com.br\/cbradar\/wp-json\/wp\/v2\/posts"}],"about":[{"href":"https:\/\/www.correiobraziliense.com.br\/cbradar\/wp-json\/wp\/v2\/types\/post"}],"author":[{"embeddable":true,"href":"https:\/\/www.correiobraziliense.com.br\/cbradar\/wp-json\/wp\/v2\/users\/8"}],"replies":[{"embeddable":true,"href":"https:\/\/www.correiobraziliense.com.br\/cbradar\/wp-json\/wp\/v2\/comments?post=181522"}],"version-history":[{"count":10,"href":"https:\/\/www.correiobraziliense.com.br\/cbradar\/wp-json\/wp\/v2\/posts\/181522\/revisions"}],"predecessor-version":[{"id":181605,"href":"https:\/\/www.correiobraziliense.com.br\/cbradar\/wp-json\/wp\/v2\/posts\/181522\/revisions\/181605"}],"wp:featuredmedia":[{"embeddable":true,"href":"https:\/\/www.correiobraziliense.com.br\/cbradar\/wp-json\/wp\/v2\/media\/181600"}],"wp:attachment":[{"href":"https:\/\/www.correiobraziliense.com.br\/cbradar\/wp-json\/wp\/v2\/media?parent=181522"}],"wp:term":[{"taxonomy":"category","embeddable":true,"href":"https:\/\/www.correiobraziliense.com.br\/cbradar\/wp-json\/wp\/v2\/categories?post=181522"},{"taxonomy":"post_tag","embeddable":true,"href":"https:\/\/www.correiobraziliense.com.br\/cbradar\/wp-json\/wp\/v2\/tags?post=181522"}],"curies":[{"name":"wp","href":"https:\/\/api.w.org\/{rel}","templated":true}]}}