{"id":181549,"date":"2026-01-26T08:05:00","date_gmt":"2026-01-26T11:05:00","guid":{"rendered":"https:\/\/www.correiobraziliense.com.br\/cbradar\/?p=181549"},"modified":"2026-01-25T20:54:35","modified_gmt":"2026-01-25T23:54:35","slug":"o-cha-matinal-que-ajuda-a-emagrecer-muito-no-verao-e-ainda-pode-ser-cultivado-em-casa","status":"publish","type":"post","link":"https:\/\/www.correiobraziliense.com.br\/cbradar\/o-cha-matinal-que-ajuda-a-emagrecer-muito-no-verao-e-ainda-pode-ser-cultivado-em-casa\/","title":{"rendered":"O ch\u00e1 matinal que ajuda a emagrecer muito no ver\u00e3o e ainda pode ser cultivado em casa"},"content":{"rendered":"\n<p><strong>Com a ver\u00e3o, muitas pessoas buscam alternativas naturais para reduzir medidas e melhorar a disposi\u00e7\u00e3o logo pela manh\u00e3.<\/strong> Entre as op\u00e7\u00f5es mais citadas por especialistas em sa\u00fade e nutri\u00e7\u00e3o, o ch\u00e1-verde se destaca por sua a\u00e7\u00e3o metab\u00f3lica, efeito antioxidante e facilidade de inclus\u00e3o na rotina di\u00e1ria, tornando-se um aliado simples e acess\u00edvel para quem busca bem-estar.<\/p>\n\n\n\n<h2 class=\"wp-block-heading\">Por que o ch\u00e1-verde \u00e9 associado ao emagrecimento?<\/h2>\n\n\n\n<p><strong>O ch\u00e1-verde auxilia no emagrecimento porque cont\u00e9m catequinas e cafe\u00edna, compostos que estimulam o metabolismo<\/strong>, segundo o <strong><a href=\"https:\/\/pubmed.ncbi.nlm.nih.gov\/21115335\/\" target=\"_blank\" rel=\"noreferrer noopener\">NIH<\/a><\/strong>. Essas subst\u00e2ncias ajudam o corpo a gastar mais energia ao longo do dia, favorecendo a queima de gordura corporal, especialmente quando associadas a h\u00e1bitos saud\u00e1veis.<\/p>\n\n\n\n<p>Al\u00e9m disso, o consumo regular do ch\u00e1-verde contribui para o controle do apetite e da glicemia, evitando pico de fome ao longo da manh\u00e3. Seu efeito \u00e9 gradual e seguro, o que explica por que ele costuma ser indicado como apoio, e n\u00e3o como solu\u00e7\u00e3o isolada.<\/p>\n\n\n\n<p>Antes de seguir para o consumo di\u00e1rio, vale destacar os principais benef\u00edcios relacionados ao peso e ao metabolismo:<\/p>\n\n\n\n<ul class=\"wp-block-list\">\n<li>Est\u00edmulo \u00e0 queima de gordura corporal<\/li>\n\n\n\n<li>Aux\u00edlio no controle do apetite<\/li>\n\n\n\n<li>A\u00e7\u00e3o antioxidante e anti-inflamat\u00f3ria<\/li>\n<\/ul>\n\n\n<div class=\"wp-block-image\">\n<figure class=\"aligncenter size-large\"><img decoding=\"async\" width=\"1024\" height=\"576\" src=\"https:\/\/www.correiobraziliense.com.br\/cbradar\/wp-content\/uploads\/2025\/07\/cha-Hortela_1752394028299-1024x576.jpg\" alt=\"O ch\u00e1 matinal que ajuda a emagrecer muito no ver\u00e3o e ainda pode ser cultivado em casa\" class=\"wp-image-69029\" srcset=\"https:\/\/www.correiobraziliense.com.br\/cbradar\/wp-content\/uploads\/2025\/07\/cha-Hortela_1752394028299-1024x576.jpg 1024w, https:\/\/www.correiobraziliense.com.br\/cbradar\/wp-content\/uploads\/2025\/07\/cha-Hortela_1752394028299-300x169.jpg 300w, https:\/\/www.correiobraziliense.com.br\/cbradar\/wp-content\/uploads\/2025\/07\/cha-Hortela_1752394028299-768x432.jpg 768w, https:\/\/www.correiobraziliense.com.br\/cbradar\/wp-content\/uploads\/2025\/07\/cha-Hortela_1752394028299-750x422.jpg 750w, https:\/\/www.correiobraziliense.com.br\/cbradar\/wp-content\/uploads\/2025\/07\/cha-Hortela_1752394028299-1140x641.jpg 1140w, https:\/\/www.correiobraziliense.com.br\/cbradar\/wp-content\/uploads\/2025\/07\/cha-Hortela_1752394028299.jpg 1280w\" sizes=\"(max-width: 1024px) 100vw, 1024px\" \/><figcaption class=\"wp-element-caption\">Cada gole de ch\u00e1 verde \u00e9 um passo para mais energia, equil\u00edbrio e bem-estar natural.  \/\/  Cr\u00e9ditos: depositphotos.com \/ livfriis<\/figcaption><\/figure><\/div>\n\n\n<h2 class=\"wp-block-heading\">Tomar ch\u00e1 verde pela manh\u00e3 faz diferen\u00e7a?<\/h2>\n\n\n\n<p><strong>Sim, consumir ch\u00e1 verde pela manh\u00e3 potencializa seus efeitos no metabolismo ao longo do dia.<\/strong> Nesse per\u00edodo, o organismo est\u00e1 mais sens\u00edvel \u00e0 a\u00e7\u00e3o da cafe\u00edna e dos antioxidantes, o que favorece maior gasto energ\u00e9tico desde as primeiras horas.<\/p>\n\n\n\n<p>Al\u00e9m disso, substituir bebidas a\u00e7ucaradas ou excessivamente cal\u00f3ricas pelo ch\u00e1 verde ajuda a reduzir a ingest\u00e3o de calorias logo no in\u00edcio do dia. Para muitas pessoas, esse h\u00e1bito tamb\u00e9m melhora o foco e a disposi\u00e7\u00e3o matinal.<\/p>\n\n\n\n<p>No entanto, quem \u00e9 sens\u00edvel \u00e0 cafe\u00edna deve observar como o corpo reage e evitar o consumo em jejum absoluto, ajustando a rotina conforme a pr\u00f3pria toler\u00e2ncia.<\/p>\n\n\n\n<p><strong>Melhore sua sa\u00fade com uma das bebidas mais saud\u00e1veis do mundo.<\/strong> O v\u00eddeo \u00e9 do canal <strong>MundoBoaForma<\/strong>, que conta com mais de<strong> 1 milh\u00e3o de inscritos<\/strong>, e detalha os benef\u00edcios antioxidantes, anti-inflamat\u00f3rios e termog\u00eanicos do ch\u00e1 verde, ensinando o preparo correto:<\/p>\n\n\n\n<figure class=\"wp-block-embed aligncenter is-type-video is-provider-youtube wp-block-embed-youtube wp-embed-aspect-16-9 wp-has-aspect-ratio\"><div class=\"wp-block-embed__wrapper\">\n<div class=\"jeg_video_container jeg_video_content\"><iframe loading=\"lazy\" title=\"10 Benef\u00edcios do CH\u00c1 VERDE para Emagrecer e Sa\u00fade - Como Tomar e Dicas\" width=\"500\" height=\"281\" src=\"https:\/\/www.youtube.com\/embed\/9gEBsBwS8U8?feature=oembed\" frameborder=\"0\" allow=\"accelerometer; autoplay; clipboard-write; encrypted-media; gyroscope; picture-in-picture; web-share\" referrerpolicy=\"strict-origin-when-cross-origin\" allowfullscreen><\/iframe><\/div>\n<\/div><\/figure>\n\n\n\n<p><strong>Leia tamb\u00e9m: <a href=\"https:\/\/www.correiobraziliense.com.br\/cbradar\/o-que-significa-ter-aranhas-dentro-de-casa-com-frequencia-segundo-especialistas\/\" target=\"_blank\" rel=\"noreferrer noopener\">O que significa ter aranhas dentro de casa com frequ\u00eancia, segundo especialistas.<\/a><\/strong><\/p>\n\n\n\n<h2 class=\"wp-block-heading\">Ch\u00e1 verde emagrece sozinho ou precisa de outros h\u00e1bitos?<\/h2>\n\n\n\n<p><strong>O ch\u00e1 verde n\u00e3o emagrece sozinho, mas potencializa resultados quando combinado a alimenta\u00e7\u00e3o equilibrada e movimento.<\/strong> Ele atua como um facilitador metab\u00f3lico, n\u00e3o como um produto milagroso, o que refor\u00e7a a import\u00e2ncia de um estilo de vida saud\u00e1vel.<\/p>\n\n\n\n<p>Quando associado a refei\u00e7\u00f5es balanceadas, boa hidrata\u00e7\u00e3o e atividade f\u00edsica regular, o ch\u00e1 verde contribui para resultados mais consistentes e sustent\u00e1veis. Seu papel \u00e9 complementar, ajudando o corpo a funcionar melhor como um todo.<\/p>\n\n\n\n<p>Para entender melhor essa rela\u00e7\u00e3o, observe a compara\u00e7\u00e3o a seguir. Veja a tabela abaixo:<\/p>\n\n\n\n<figure class=\"wp-block-table\"><table class=\"has-fixed-layout\"><thead><tr><th>Fator<\/th><th>Impacto no emagrecimento<\/th><\/tr><\/thead><tbody><tr><td>Ch\u00e1 verde<\/td><td>Est\u00edmulo metab\u00f3lico<\/td><\/tr><tr><td>Alimenta\u00e7\u00e3o equilibrada<\/td><td>Controle cal\u00f3rico<\/td><\/tr><tr><td>Atividade f\u00edsica<\/td><td>Queima de gordura<\/td><\/tr><tr><td>Sono regulado<\/td><td>Equil\u00edbrio hormonal<\/td><\/tr><\/tbody><\/table><\/figure>\n\n\n\n<h2 class=\"wp-block-heading\">Como plantar ch\u00e1 verde em casa e ter folhas sempre frescas?<\/h2>\n\n\n\n<p><strong>\u00c9 poss\u00edvel plantar ch\u00e1 verde em casa, desde que se respeitem as condi\u00e7\u00f5es adequadas da planta Camellia sinensis.<\/strong> Ela se adapta bem a vasos grandes ou jardins, preferindo clima ameno, luz indireta e solo bem drenado.<\/p>\n\n\n\n<p>O cultivo caseiro permite folhas mais frescas e controle total sobre o preparo do ch\u00e1. Com paci\u00eancia e cuidados b\u00e1sicos, a planta se desenvolve bem e pode ser colhida ao longo do ano.<\/p>\n\n\n\n<p>Para iniciar o cultivo, alguns cuidados s\u00e3o essenciais:<\/p>\n\n\n\n<ul class=\"wp-block-list\">\n<li>Solo levemente \u00e1cido, rico em mat\u00e9ria org\u00e2nica<\/li>\n\n\n\n<li>Rega regular, sem encharcar<\/li>\n\n\n\n<li>Ambiente com luz indireta e boa ventila\u00e7\u00e3o<\/li>\n<\/ul>\n\n\n\n<p>Ao unir consumo consciente e cultivo dom\u00e9stico, o ch\u00e1 verde deixa de ser apenas uma bebida funcional e se torna parte de um estilo de vida mais saud\u00e1vel. Assim, al\u00e9m de auxiliar no emagrecimento antes do ver\u00e3o, ele refor\u00e7a a conex\u00e3o com h\u00e1bitos naturais, simples e sustent\u00e1veis.<\/p>\n","protected":false},"excerpt":{"rendered":"<p>Com a ver\u00e3o, muitas pessoas buscam alternativas naturais para reduzir medidas e melhorar a disposi\u00e7\u00e3o logo pela manh\u00e3. Entre as op\u00e7\u00f5es mais citadas por especialistas em sa\u00fade e nutri\u00e7\u00e3o, o ch\u00e1-verde se destaca por sua a\u00e7\u00e3o metab\u00f3lica, efeito antioxidante e facilidade de inclus\u00e3o na rotina di\u00e1ria, tornando-se um aliado simples e acess\u00edvel para quem busca [&hellip;]<\/p>\n","protected":false},"author":8,"featured_media":176686,"comment_status":"open","ping_status":"open","sticky":false,"template":"","format":"standard","meta":{"_yoast_wpseo_focuskw":"ch\u00e1 matinal","_yoast_wpseo_title":"","_yoast_wpseo_metadesc":"Descubra por que esse ch\u00e1 matinal vem sendo associado ao emagrecimento e entrou na rotina de muitas pessoas antes do ver\u00e3o.","jnews-multi-image_gallery":[],"jnews_single_post":{"format":"standard"},"jnews_primary_category":[],"jnews_social_meta":[],"jnews_override_counter":[],"footnotes":""},"categories":[119,136],"post_tag":[5373,137,744],"class_list":["post-181549","post","type-post","status-publish","format-standard","has-post-thumbnail","hentry","category-bem-estar","category-jardinagem","tag-cha-verde","tag-como-plantar","tag-emagrecer"],"yoast_head":"<!-- This site is optimized with the Yoast SEO plugin v24.6 - https:\/\/yoast.com\/wordpress\/plugins\/seo\/ -->\n<title>O ch\u00e1 matinal que ajuda a emagrecer muito no ver\u00e3o e ainda pode ser cultivado em casa - Correio Braziliense - Radar<\/title>\n<meta name=\"description\" content=\"Descubra por que esse ch\u00e1 matinal vem sendo associado ao emagrecimento e entrou na rotina de muitas pessoas antes do ver\u00e3o.\" \/>\n<meta name=\"robots\" content=\"index, follow, max-snippet:-1, max-image-preview:large, max-video-preview:-1\" \/>\n<link rel=\"canonical\" href=\"https:\/\/www.correiobraziliense.com.br\/cbradar\/o-cha-matinal-que-ajuda-a-emagrecer-muito-no-verao-e-ainda-pode-ser-cultivado-em-casa\/\" \/>\n<meta property=\"og:locale\" content=\"pt_BR\" \/>\n<meta property=\"og:type\" content=\"article\" \/>\n<meta property=\"og:title\" content=\"O ch\u00e1 matinal que ajuda a emagrecer muito no ver\u00e3o e ainda pode ser cultivado em casa - Correio Braziliense - Radar\" \/>\n<meta property=\"og:description\" content=\"Descubra por que esse ch\u00e1 matinal vem sendo associado ao emagrecimento e entrou na rotina de muitas pessoas antes do ver\u00e3o.\" \/>\n<meta property=\"og:url\" content=\"https:\/\/www.correiobraziliense.com.br\/cbradar\/o-cha-matinal-que-ajuda-a-emagrecer-muito-no-verao-e-ainda-pode-ser-cultivado-em-casa\/\" \/>\n<meta property=\"og:site_name\" content=\"Correio Braziliense - Radar\" \/>\n<meta property=\"article:published_time\" content=\"2026-01-26T11:05:00+00:00\" \/>\n<meta property=\"og:image\" content=\"https:\/\/www.correiobraziliense.com.br\/cbradar\/wp-content\/uploads\/2026\/01\/aaa-2026-01-17T041248.838.png\" \/>\n\t<meta property=\"og:image:width\" content=\"1280\" \/>\n\t<meta property=\"og:image:height\" content=\"720\" \/>\n\t<meta property=\"og:image:type\" content=\"image\/png\" \/>\n<meta name=\"author\" content=\"Maura Pereira\" \/>\n<meta name=\"twitter:card\" content=\"summary_large_image\" \/>\n<meta name=\"twitter:label1\" content=\"Escrito por\" \/>\n\t<meta name=\"twitter:data1\" content=\"Maura Pereira\" \/>\n\t<meta name=\"twitter:label2\" content=\"Est. tempo de leitura\" \/>\n\t<meta name=\"twitter:data2\" content=\"4 minutos\" \/>\n<!-- \/ Yoast SEO plugin. -->","yoast_head_json":{"title":"O ch\u00e1 matinal que ajuda a emagrecer muito no ver\u00e3o e ainda pode ser cultivado em casa - Correio Braziliense - Radar","description":"Descubra por que esse ch\u00e1 matinal vem sendo associado ao emagrecimento e entrou na rotina de muitas pessoas antes do ver\u00e3o.","robots":{"index":"index","follow":"follow","max-snippet":"max-snippet:-1","max-image-preview":"max-image-preview:large","max-video-preview":"max-video-preview:-1"},"canonical":"https:\/\/www.correiobraziliense.com.br\/cbradar\/o-cha-matinal-que-ajuda-a-emagrecer-muito-no-verao-e-ainda-pode-ser-cultivado-em-casa\/","og_locale":"pt_BR","og_type":"article","og_title":"O ch\u00e1 matinal que ajuda a emagrecer muito no ver\u00e3o e ainda pode ser cultivado em casa - Correio Braziliense - Radar","og_description":"Descubra por que esse ch\u00e1 matinal vem sendo associado ao emagrecimento e entrou na rotina de muitas pessoas antes do ver\u00e3o.","og_url":"https:\/\/www.correiobraziliense.com.br\/cbradar\/o-cha-matinal-que-ajuda-a-emagrecer-muito-no-verao-e-ainda-pode-ser-cultivado-em-casa\/","og_site_name":"Correio Braziliense - Radar","article_published_time":"2026-01-26T11:05:00+00:00","og_image":[{"width":1280,"height":720,"url":"https:\/\/www.correiobraziliense.com.br\/cbradar\/wp-content\/uploads\/2026\/01\/aaa-2026-01-17T041248.838.png","type":"image\/png"}],"author":"Maura Pereira","twitter_card":"summary_large_image","twitter_misc":{"Escrito por":"Maura Pereira","Est. tempo de leitura":"4 minutos"},"schema":{"@context":"https:\/\/schema.org","@graph":[{"@type":"WebPage","@id":"https:\/\/www.correiobraziliense.com.br\/cbradar\/o-cha-matinal-que-ajuda-a-emagrecer-muito-no-verao-e-ainda-pode-ser-cultivado-em-casa\/","url":"https:\/\/www.correiobraziliense.com.br\/cbradar\/o-cha-matinal-que-ajuda-a-emagrecer-muito-no-verao-e-ainda-pode-ser-cultivado-em-casa\/","name":"O ch\u00e1 matinal que ajuda a emagrecer muito no ver\u00e3o e ainda pode ser cultivado em casa - Correio Braziliense - Radar","isPartOf":{"@id":"https:\/\/www.correiobraziliense.com.br\/cbradar\/#website"},"primaryImageOfPage":{"@id":"https:\/\/www.correiobraziliense.com.br\/cbradar\/o-cha-matinal-que-ajuda-a-emagrecer-muito-no-verao-e-ainda-pode-ser-cultivado-em-casa\/#primaryimage"},"image":{"@id":"https:\/\/www.correiobraziliense.com.br\/cbradar\/o-cha-matinal-que-ajuda-a-emagrecer-muito-no-verao-e-ainda-pode-ser-cultivado-em-casa\/#primaryimage"},"thumbnailUrl":"https:\/\/www.correiobraziliense.com.br\/cbradar\/wp-content\/uploads\/2026\/01\/aaa-2026-01-17T041248.838.png","datePublished":"2026-01-26T11:05:00+00:00","author":{"@id":"https:\/\/www.correiobraziliense.com.br\/cbradar\/#\/schema\/person\/4053c651a9bfc785afc6f4cbc9032fd3"},"description":"Descubra por que esse ch\u00e1 matinal vem sendo associado ao emagrecimento e entrou na rotina de muitas pessoas antes do ver\u00e3o.","breadcrumb":{"@id":"https:\/\/www.correiobraziliense.com.br\/cbradar\/o-cha-matinal-que-ajuda-a-emagrecer-muito-no-verao-e-ainda-pode-ser-cultivado-em-casa\/#breadcrumb"},"inLanguage":"pt-BR","potentialAction":[{"@type":"ReadAction","target":["https:\/\/www.correiobraziliense.com.br\/cbradar\/o-cha-matinal-que-ajuda-a-emagrecer-muito-no-verao-e-ainda-pode-ser-cultivado-em-casa\/"]}]},{"@type":"ImageObject","inLanguage":"pt-BR","@id":"https:\/\/www.correiobraziliense.com.br\/cbradar\/o-cha-matinal-que-ajuda-a-emagrecer-muito-no-verao-e-ainda-pode-ser-cultivado-em-casa\/#primaryimage","url":"https:\/\/www.correiobraziliense.com.br\/cbradar\/wp-content\/uploads\/2026\/01\/aaa-2026-01-17T041248.838.png","contentUrl":"https:\/\/www.correiobraziliense.com.br\/cbradar\/wp-content\/uploads\/2026\/01\/aaa-2026-01-17T041248.838.png","width":1280,"height":720,"caption":"\u00c9 poss\u00edvel plantar ch\u00e1 verde em casa cultivando a planta Camellia sinensis em vasos ou no quintal. O cultivo exige paci\u00eancia, mas \u00e9 vi\u00e1vel em regi\u00f5es de clima adequado e com os cuidados corretos."},{"@type":"BreadcrumbList","@id":"https:\/\/www.correiobraziliense.com.br\/cbradar\/o-cha-matinal-que-ajuda-a-emagrecer-muito-no-verao-e-ainda-pode-ser-cultivado-em-casa\/#breadcrumb","itemListElement":[{"@type":"ListItem","position":1,"name":"In\u00edcio","item":"https:\/\/www.correiobraziliense.com.br\/cbradar\/"},{"@type":"ListItem","position":2,"name":"O ch\u00e1 matinal que ajuda a emagrecer muito no ver\u00e3o e ainda pode ser cultivado em casa"}]},{"@type":"WebSite","@id":"https:\/\/www.correiobraziliense.com.br\/cbradar\/#website","url":"https:\/\/www.correiobraziliense.com.br\/cbradar\/","name":"Correio Braziliense - Radar","description":"Acompanhe as \u00faltimas not\u00edcias e fique bem informado sobre tudo o que acontece no Brasil e no mundo.","potentialAction":[{"@type":"SearchAction","target":{"@type":"EntryPoint","urlTemplate":"https:\/\/www.correiobraziliense.com.br\/cbradar\/?s={search_term_string}"},"query-input":{"@type":"PropertyValueSpecification","valueRequired":true,"valueName":"search_term_string"}}],"inLanguage":"pt-BR"},{"@type":"Person","@id":"https:\/\/www.correiobraziliense.com.br\/cbradar\/#\/schema\/person\/4053c651a9bfc785afc6f4cbc9032fd3","name":"Maura Pereira","image":{"@type":"ImageObject","inLanguage":"pt-BR","@id":"https:\/\/www.correiobraziliense.com.br\/cbradar\/#\/schema\/person\/image\/","url":"https:\/\/secure.gravatar.com\/avatar\/3effd6bdadfa447f15089c7f7144eaa6?s=96&d=mm&r=g","contentUrl":"https:\/\/secure.gravatar.com\/avatar\/3effd6bdadfa447f15089c7f7144eaa6?s=96&d=mm&r=g","caption":"Maura Pereira"},"sameAs":["https:\/\/www.correiobraziliense.com.br\/"],"url":"https:\/\/www.correiobraziliense.com.br\/cbradar\/author\/mauramyth\/"}]}},"_links":{"self":[{"href":"https:\/\/www.correiobraziliense.com.br\/cbradar\/wp-json\/wp\/v2\/posts\/181549","targetHints":{"allow":["GET"]}}],"collection":[{"href":"https:\/\/www.correiobraziliense.com.br\/cbradar\/wp-json\/wp\/v2\/posts"}],"about":[{"href":"https:\/\/www.correiobraziliense.com.br\/cbradar\/wp-json\/wp\/v2\/types\/post"}],"author":[{"embeddable":true,"href":"https:\/\/www.correiobraziliense.com.br\/cbradar\/wp-json\/wp\/v2\/users\/8"}],"replies":[{"embeddable":true,"href":"https:\/\/www.correiobraziliense.com.br\/cbradar\/wp-json\/wp\/v2\/comments?post=181549"}],"version-history":[{"count":15,"href":"https:\/\/www.correiobraziliense.com.br\/cbradar\/wp-json\/wp\/v2\/posts\/181549\/revisions"}],"predecessor-version":[{"id":181705,"href":"https:\/\/www.correiobraziliense.com.br\/cbradar\/wp-json\/wp\/v2\/posts\/181549\/revisions\/181705"}],"wp:featuredmedia":[{"embeddable":true,"href":"https:\/\/www.correiobraziliense.com.br\/cbradar\/wp-json\/wp\/v2\/media\/176686"}],"wp:attachment":[{"href":"https:\/\/www.correiobraziliense.com.br\/cbradar\/wp-json\/wp\/v2\/media?parent=181549"}],"wp:term":[{"taxonomy":"category","embeddable":true,"href":"https:\/\/www.correiobraziliense.com.br\/cbradar\/wp-json\/wp\/v2\/categories?post=181549"},{"taxonomy":"post_tag","embeddable":true,"href":"https:\/\/www.correiobraziliense.com.br\/cbradar\/wp-json\/wp\/v2\/post_tag?post=181549"}],"curies":[{"name":"wp","href":"https:\/\/api.w.org\/{rel}","templated":true}]}}