{"id":18156,"date":"2025-04-03T07:23:00","date_gmt":"2025-04-03T10:23:00","guid":{"rendered":"https:\/\/www.correiobraziliense.com.br\/cbradar\/?p=18156"},"modified":"2025-06-28T01:49:05","modified_gmt":"2025-06-28T04:49:05","slug":"os-feiticeiros-de-waverly-place-estao-de-volta-veja-novidades","status":"publish","type":"post","link":"https:\/\/www.correiobraziliense.com.br\/cbradar\/os-feiticeiros-de-waverly-place-estao-de-volta-veja-novidades\/","title":{"rendered":"Os feiticeiros de Waverly Place est\u00e3o de volta! Veja novidades"},"content":{"rendered":"\n<p>A s\u00e9rie <strong>&#8220;Os Feiticeiros Al\u00e9m de Waverly Place&#8221;<\/strong> estreou em 29 de outubro de 2024 no Disney Channel e no Disney+ no dia seguinte, marcando o retorno oficial do universo m\u00e1gico que conquistou milh\u00f5es de f\u00e3s ao redor do mundo. A <strong><a href=\"https:\/\/www.correiobraziliense.com.br\/cbradar\/os-melhores-filmes-de-ficcao-cientifica-que-sao-totalmente-desconhecidos\/\" target=\"_blank\" rel=\"noreferrer noopener\">produ\u00e7\u00e3o <\/a><\/strong>foi oficialmente renovada para segunda temporada em 31 de mar\u00e7o de 2025, com in\u00edcio das filmagens em abril, demonstrando a confian\u00e7a da <strong>Disney<\/strong> no potencial desta nova fase da franquia.<\/p>\n\n\n\n<p>O trailer da s\u00e9rie acumulou impressionantes 69 milh\u00f5es de espectadores em 10 dias nas redes sociais, tornando-se o trailer mais visto do Disney Channel para uma s\u00e9rie de com\u00e9dia de todos os tempos. A produ\u00e7\u00e3o marca uma nova era para <strong>David Henrie<\/strong> e <strong>Selena Gomez<\/strong>, que retornam aos seus pap\u00e9is ic\u00f4nicos em um contexto completamente renovado, onde <strong>Justin Russo<\/strong> agora vive uma vida mortal com sua fam\u00edlia, enquanto <strong>Alex Russo<\/strong> aparece como mentora ocasional.<\/p>\n\n\n\n<h2 class=\"wp-block-heading\"><strong>Como os n\u00fameros de audi\u00eancia comprovam o sucesso da nova s\u00e9rie?<\/strong><\/h2>\n\n\n\n<p>O primeiro epis\u00f3dio de &#8220;Os Feiticeiros Al\u00e9m de Waverly Place&#8221; se tornou a estreia de s\u00e9rie mais assistida de todos os tempos do Disney Channel no Disney+, gerando 3,2 milh\u00f5es de visualiza\u00e7\u00f5es globais nos primeiros 12 dias. Estes n\u00fameros extraordin\u00e1rios demonstram que a f\u00f3rmula nost\u00e1lgica combinada com novos elementos continua sendo uma receita de sucesso para a <strong>Disney<\/strong>. A estrat\u00e9gia de lan\u00e7amento simult\u00e2neo no canal tradicional e na plataforma de streaming comprova a adapta\u00e7\u00e3o da empresa \u00e0s mudan\u00e7as no consumo de m\u00eddia.<\/p>\n\n\n\n<p>No site agregador de resenhas Rotten Tomatoes, a s\u00e9rie possui \u00edndice de aprova\u00e7\u00e3o de 100%, baseado em 7 resenhas, com classifica\u00e7\u00e3o m\u00e9dia de 7,9\/10. No Metacritic, obteve pontua\u00e7\u00e3o m\u00e9dia ponderada de 78 sobre 100, baseada em 4 cr\u00edticas, indicando resenhas &#8220;geralmente favor\u00e1veis&#8221;. A recep\u00e7\u00e3o cr\u00edtica positiva valida a qualidade da produ\u00e7\u00e3o e sua capacidade de equilibrar nostalgia com inova\u00e7\u00e3o narrativa.<\/p>\n\n\n\n<figure class=\"wp-block-image size-large\"><img decoding=\"async\" width=\"1024\" height=\"576\" src=\"https:\/\/www.correiobraziliense.com.br\/cbradar\/wp-content\/uploads\/2025\/04\/David-Henrie_1743560448007-1024x576.jpg\" alt=\"Os feiticeiros de Waverly Place est\u00e3o de volta!\" class=\"wp-image-18158\" srcset=\"https:\/\/www.correiobraziliense.com.br\/cbradar\/wp-content\/uploads\/2025\/04\/David-Henrie_1743560448007-1024x576.jpg 1024w, https:\/\/www.correiobraziliense.com.br\/cbradar\/wp-content\/uploads\/2025\/04\/David-Henrie_1743560448007-300x169.jpg 300w, https:\/\/www.correiobraziliense.com.br\/cbradar\/wp-content\/uploads\/2025\/04\/David-Henrie_1743560448007-768x432.jpg 768w, https:\/\/www.correiobraziliense.com.br\/cbradar\/wp-content\/uploads\/2025\/04\/David-Henrie_1743560448007-750x422.jpg 750w, https:\/\/www.correiobraziliense.com.br\/cbradar\/wp-content\/uploads\/2025\/04\/David-Henrie_1743560448007-1140x641.jpg 1140w, https:\/\/www.correiobraziliense.com.br\/cbradar\/wp-content\/uploads\/2025\/04\/David-Henrie_1743560448007.jpg 1280w\" sizes=\"(max-width: 1024px) 100vw, 1024px\" \/><figcaption class=\"wp-element-caption\">David Henrie\nCr\u00e9ditos: depositphotos.com \/ thenews2.com<\/figcaption><\/figure>\n\n\n\n<h2 class=\"wp-block-heading\"><strong>Qual \u00e9 o verdadeiro impacto da atua\u00e7\u00e3o renovada de Selena Gomez?<\/strong><\/h2>\n\n\n\n<p>Cr\u00edticos especializados, como Joel Keller do Decider, observaram uma diferen\u00e7a not\u00e1vel na atua\u00e7\u00e3o de Selena Gomez, elogiando seu ritmo c\u00f4mico mais sutil, possivelmente influenciado por seu trabalho em &#8220;Only Murders in the Building&#8221;. Esta evolu\u00e7\u00e3o art\u00edstica trouxe uma maturidade interpretativa que contrasta positivamente com a atua\u00e7\u00e3o mais exagerada do restante do elenco, criando um equil\u00edbrio interessante na din\u00e2mica dos personagens.<\/p>\n\n\n\n<p>Selena Gomez confirmou recentemente seu retorno como estrela convidada na segunda temporada, anunciando nas redes sociais com a frase &#8220;Just feels right&#8230;&#8221; ao lado de uma foto no set ic\u00f4nico segurando uma varinha m\u00e1gica. Sua participa\u00e7\u00e3o limitada, mas estrat\u00e9gica, mant\u00e9m o interesse dos f\u00e3s originais enquanto permite que os novos personagens se desenvolvam sem depender excessivamente da nostalgia.<\/p>\n\n\n\n<iframe loading=\"lazy\" width=\"560\" height=\"315\" src=\"https:\/\/www.youtube.com\/embed\/kXZBGUHp4JU?si=IC_aDhMrLBSiaA5d\" title=\"YouTube video player\" frameborder=\"0\" allow=\"accelerometer; autoplay; clipboard-write; encrypted-media; gyroscope; picture-in-picture; web-share\" referrerpolicy=\"strict-origin-when-cross-origin\" allowfullscreen><\/iframe>\n\n\n\n<h2 class=\"wp-block-heading\"><strong>Como a nova gera\u00e7\u00e3o de personagens redefine a franquia?<\/strong><\/h2>\n\n\n\n<p><strong>Janice LeAnn Brown<\/strong> como <strong>Billie<\/strong> representa uma evolu\u00e7\u00e3o natural dos personagens <strong>Russo<\/strong>, combinando a rebeldia caracter\u00edstica de <strong>Alex<\/strong> com desafios \u00fanicos de uma nova gera\u00e7\u00e3o. Cr\u00edticos da Variety elogiaram especificamente as interpreta\u00e7\u00f5es tanto dos membros do elenco que retornam quanto dos novos atores, incluindo Janice LeAnn Brown, Alkaio Thiele e Max Matenko. A personagem <strong>Winter<\/strong>, interpretada por <strong>Taylor Cora<\/strong>, e <strong>Roman Russo<\/strong>, filho de <strong>Justin<\/strong> interpretado por <strong>Alkaio Thiele<\/strong>, criam uma din\u00e2mica familiar expandida que respeita o legado original.<\/p>\n\n\n\n<p>A s\u00e9rie introduz temas mais profundos sobre identidade, pertencimento familiar e responsabilidade m\u00e1gica, elementos que refletem quest\u00f5es contempor\u00e2neas relevantes para o p\u00fablico jovem atual. Esta abordagem tem\u00e1tica mais madura diferencia o spin-off da s\u00e9rie original, oferecendo subst\u00e2ncia narrativa al\u00e9m do entretenimento b\u00e1sico.<\/p>\n\n\n\n<h2 class=\"wp-block-heading\"><strong>Por que esta s\u00e9rie representa um marco para os reboots da Disney?<\/strong><\/h2>\n\n\n\n<p>Esta \u00e9 a primeira s\u00e9rie live-action do Disney Channel em tr\u00eas anos a ser renovada para segunda temporada desde &#8220;The Villains of Valley View&#8221; em 2022, j\u00e1 que todas as outras s\u00e9ries live-action lan\u00e7adas posteriormente foram canceladas ap\u00f3s uma temporada. Este fato destaca a import\u00e2ncia estrat\u00e9gica de &#8220;Os Feiticeiros Al\u00e9m de Waverly Place&#8221; no portf\u00f3lio da <strong>Disney<\/strong> e sua capacidade de gerar engajamento sustentado.<\/p>\n\n\n\n<p>O sucesso da produ\u00e7\u00e3o estabelece um novo padr\u00e3o para revivals de propriedades cl\u00e1ssicas da <strong>Disney<\/strong>, demonstrando que \u00e9 poss\u00edvel honrar o material original enquanto se cria algo genuinamente novo. A abordagem equilibrada entre nostalgia e inova\u00e7\u00e3o pode servir como modelo para futuros projetos similares da empresa, especialmente considerando a biblioteca extensa de propriedades intelectuais dispon\u00edveis para reinterpreta\u00e7\u00e3o.<\/p>\n","protected":false},"excerpt":{"rendered":"<p>O amado universo m\u00e1gico de Waverly Place est\u00e1 de volta! O spin-off Os Feiticeiros Al\u00e9m de Waverly Place traz de volta Selena Gomez e David Henrie.<\/p>\n","protected":false},"author":3,"featured_media":18157,"comment_status":"open","ping_status":"open","sticky":false,"template":"","format":"standard","meta":{"_yoast_wpseo_focuskw":"Os Feiticeiros Al\u00e9m de Waverly Place","_yoast_wpseo_title":"%%title%%","_yoast_wpseo_metadesc":"O amado universo m\u00e1gico de Waverly Place est\u00e1 de volta! O spin-off Os Feiticeiros Al\u00e9m de Waverly Place traz de volta Selena Gomez e David Henrie.","jnews-multi-image_gallery":[],"jnews_single_post":{"format":"standard"},"jnews_primary_category":[],"jnews_social_meta":[],"jnews_override_counter":[],"footnotes":""},"categories":[140],"post_tag":[2770,568],"class_list":["post-18156","post","type-post","status-publish","format-standard","has-post-thumbnail","hentry","category-entretenimento","tag-feiticeiros-de-waverly-place","tag-series-e-filmes"],"yoast_head":"<!-- This site is optimized with the Yoast SEO plugin v24.6 - https:\/\/yoast.com\/wordpress\/plugins\/seo\/ -->\n<title>Os feiticeiros de Waverly Place est\u00e3o de volta! Veja novidades<\/title>\n<meta name=\"description\" content=\"O amado universo m\u00e1gico de Waverly Place est\u00e1 de volta! O spin-off Os Feiticeiros Al\u00e9m de Waverly Place traz de volta Selena Gomez e David Henrie.\" \/>\n<meta name=\"robots\" content=\"index, follow, max-snippet:-1, max-image-preview:large, max-video-preview:-1\" \/>\n<link rel=\"canonical\" href=\"https:\/\/www.correiobraziliense.com.br\/cbradar\/os-feiticeiros-de-waverly-place-estao-de-volta-veja-novidades\/\" \/>\n<meta property=\"og:locale\" content=\"pt_BR\" \/>\n<meta property=\"og:type\" content=\"article\" \/>\n<meta property=\"og:title\" content=\"Os feiticeiros de Waverly Place est\u00e3o de volta! Veja novidades\" \/>\n<meta property=\"og:description\" content=\"O amado universo m\u00e1gico de Waverly Place est\u00e1 de volta! O spin-off Os Feiticeiros Al\u00e9m de Waverly Place traz de volta Selena Gomez e David Henrie.\" \/>\n<meta property=\"og:url\" content=\"https:\/\/www.correiobraziliense.com.br\/cbradar\/os-feiticeiros-de-waverly-place-estao-de-volta-veja-novidades\/\" \/>\n<meta property=\"og:site_name\" content=\"Correio Braziliense - Radar\" \/>\n<meta property=\"article:published_time\" content=\"2025-04-03T10:23:00+00:00\" \/>\n<meta property=\"article:modified_time\" content=\"2025-06-28T04:49:05+00:00\" \/>\n<meta property=\"og:image\" content=\"https:\/\/www.correiobraziliense.com.br\/cbradar\/wp-content\/uploads\/2025\/04\/Selena-Gomez_1743560381613.jpg\" \/>\n\t<meta property=\"og:image:width\" content=\"1280\" \/>\n\t<meta property=\"og:image:height\" content=\"720\" \/>\n\t<meta property=\"og:image:type\" content=\"image\/jpeg\" \/>\n<meta name=\"author\" content=\"Larissa Carvalho\" \/>\n<meta name=\"twitter:card\" content=\"summary_large_image\" \/>\n<meta name=\"twitter:label1\" content=\"Escrito por\" \/>\n\t<meta name=\"twitter:data1\" content=\"Larissa Carvalho\" \/>\n\t<meta name=\"twitter:label2\" content=\"Est. tempo de leitura\" \/>\n\t<meta name=\"twitter:data2\" content=\"5 minutos\" \/>\n<!-- \/ Yoast SEO plugin. -->","yoast_head_json":{"title":"Os feiticeiros de Waverly Place est\u00e3o de volta! Veja novidades","description":"O amado universo m\u00e1gico de Waverly Place est\u00e1 de volta! O spin-off Os Feiticeiros Al\u00e9m de Waverly Place traz de volta Selena Gomez e David Henrie.","robots":{"index":"index","follow":"follow","max-snippet":"max-snippet:-1","max-image-preview":"max-image-preview:large","max-video-preview":"max-video-preview:-1"},"canonical":"https:\/\/www.correiobraziliense.com.br\/cbradar\/os-feiticeiros-de-waverly-place-estao-de-volta-veja-novidades\/","og_locale":"pt_BR","og_type":"article","og_title":"Os feiticeiros de Waverly Place est\u00e3o de volta! Veja novidades","og_description":"O amado universo m\u00e1gico de Waverly Place est\u00e1 de volta! O spin-off Os Feiticeiros Al\u00e9m de Waverly Place traz de volta Selena Gomez e David Henrie.","og_url":"https:\/\/www.correiobraziliense.com.br\/cbradar\/os-feiticeiros-de-waverly-place-estao-de-volta-veja-novidades\/","og_site_name":"Correio Braziliense - Radar","article_published_time":"2025-04-03T10:23:00+00:00","article_modified_time":"2025-06-28T04:49:05+00:00","og_image":[{"width":1280,"height":720,"url":"https:\/\/www.correiobraziliense.com.br\/cbradar\/wp-content\/uploads\/2025\/04\/Selena-Gomez_1743560381613.jpg","type":"image\/jpeg"}],"author":"Larissa Carvalho","twitter_card":"summary_large_image","twitter_misc":{"Escrito por":"Larissa Carvalho","Est. tempo de leitura":"5 minutos"},"schema":{"@context":"https:\/\/schema.org","@graph":[{"@type":"WebPage","@id":"https:\/\/www.correiobraziliense.com.br\/cbradar\/os-feiticeiros-de-waverly-place-estao-de-volta-veja-novidades\/","url":"https:\/\/www.correiobraziliense.com.br\/cbradar\/os-feiticeiros-de-waverly-place-estao-de-volta-veja-novidades\/","name":"Os feiticeiros de Waverly Place est\u00e3o de volta! Veja novidades","isPartOf":{"@id":"https:\/\/www.correiobraziliense.com.br\/cbradar\/#website"},"primaryImageOfPage":{"@id":"https:\/\/www.correiobraziliense.com.br\/cbradar\/os-feiticeiros-de-waverly-place-estao-de-volta-veja-novidades\/#primaryimage"},"image":{"@id":"https:\/\/www.correiobraziliense.com.br\/cbradar\/os-feiticeiros-de-waverly-place-estao-de-volta-veja-novidades\/#primaryimage"},"thumbnailUrl":"https:\/\/www.correiobraziliense.com.br\/cbradar\/wp-content\/uploads\/2025\/04\/Selena-Gomez_1743560381613.jpg","datePublished":"2025-04-03T10:23:00+00:00","dateModified":"2025-06-28T04:49:05+00:00","author":{"@id":"https:\/\/www.correiobraziliense.com.br\/cbradar\/#\/schema\/person\/58422787644df994b53a19d3e56c1513"},"description":"O amado universo m\u00e1gico de Waverly Place est\u00e1 de volta! O spin-off Os Feiticeiros Al\u00e9m de Waverly Place traz de volta Selena Gomez e David Henrie.","breadcrumb":{"@id":"https:\/\/www.correiobraziliense.com.br\/cbradar\/os-feiticeiros-de-waverly-place-estao-de-volta-veja-novidades\/#breadcrumb"},"inLanguage":"pt-BR","potentialAction":[{"@type":"ReadAction","target":["https:\/\/www.correiobraziliense.com.br\/cbradar\/os-feiticeiros-de-waverly-place-estao-de-volta-veja-novidades\/"]}]},{"@type":"ImageObject","inLanguage":"pt-BR","@id":"https:\/\/www.correiobraziliense.com.br\/cbradar\/os-feiticeiros-de-waverly-place-estao-de-volta-veja-novidades\/#primaryimage","url":"https:\/\/www.correiobraziliense.com.br\/cbradar\/wp-content\/uploads\/2025\/04\/Selena-Gomez_1743560381613.jpg","contentUrl":"https:\/\/www.correiobraziliense.com.br\/cbradar\/wp-content\/uploads\/2025\/04\/Selena-Gomez_1743560381613.jpg","width":1280,"height":720,"caption":"Selena Gomez Cr\u00e9ditos: depositphotos.com \/ Image Press Agency"},{"@type":"BreadcrumbList","@id":"https:\/\/www.correiobraziliense.com.br\/cbradar\/os-feiticeiros-de-waverly-place-estao-de-volta-veja-novidades\/#breadcrumb","itemListElement":[{"@type":"ListItem","position":1,"name":"In\u00edcio","item":"https:\/\/www.correiobraziliense.com.br\/cbradar\/"},{"@type":"ListItem","position":2,"name":"Os feiticeiros de Waverly Place est\u00e3o de volta! Veja novidades"}]},{"@type":"WebSite","@id":"https:\/\/www.correiobraziliense.com.br\/cbradar\/#website","url":"https:\/\/www.correiobraziliense.com.br\/cbradar\/","name":"Correio Braziliense - Radar","description":"Acompanhe as \u00faltimas not\u00edcias e fique bem informado sobre tudo o que acontece no Brasil e no mundo.","potentialAction":[{"@type":"SearchAction","target":{"@type":"EntryPoint","urlTemplate":"https:\/\/www.correiobraziliense.com.br\/cbradar\/?s={search_term_string}"},"query-input":{"@type":"PropertyValueSpecification","valueRequired":true,"valueName":"search_term_string"}}],"inLanguage":"pt-BR"},{"@type":"Person","@id":"https:\/\/www.correiobraziliense.com.br\/cbradar\/#\/schema\/person\/58422787644df994b53a19d3e56c1513","name":"Larissa Carvalho","image":{"@type":"ImageObject","inLanguage":"pt-BR","@id":"https:\/\/www.correiobraziliense.com.br\/cbradar\/#\/schema\/person\/image\/","url":"https:\/\/secure.gravatar.com\/avatar\/fe4f91a0de32b52a838d0d612abdc1aa?s=96&d=mm&r=g","contentUrl":"https:\/\/secure.gravatar.com\/avatar\/fe4f91a0de32b52a838d0d612abdc1aa?s=96&d=mm&r=g","caption":"Larissa Carvalho"},"url":"https:\/\/www.correiobraziliense.com.br\/cbradar\/author\/larissamyth\/"}]}},"_links":{"self":[{"href":"https:\/\/www.correiobraziliense.com.br\/cbradar\/wp-json\/wp\/v2\/posts\/18156","targetHints":{"allow":["GET"]}}],"collection":[{"href":"https:\/\/www.correiobraziliense.com.br\/cbradar\/wp-json\/wp\/v2\/posts"}],"about":[{"href":"https:\/\/www.correiobraziliense.com.br\/cbradar\/wp-json\/wp\/v2\/types\/post"}],"author":[{"embeddable":true,"href":"https:\/\/www.correiobraziliense.com.br\/cbradar\/wp-json\/wp\/v2\/users\/3"}],"replies":[{"embeddable":true,"href":"https:\/\/www.correiobraziliense.com.br\/cbradar\/wp-json\/wp\/v2\/comments?post=18156"}],"version-history":[{"count":5,"href":"https:\/\/www.correiobraziliense.com.br\/cbradar\/wp-json\/wp\/v2\/posts\/18156\/revisions"}],"predecessor-version":[{"id":60679,"href":"https:\/\/www.correiobraziliense.com.br\/cbradar\/wp-json\/wp\/v2\/posts\/18156\/revisions\/60679"}],"wp:featuredmedia":[{"embeddable":true,"href":"https:\/\/www.correiobraziliense.com.br\/cbradar\/wp-json\/wp\/v2\/media\/18157"}],"wp:attachment":[{"href":"https:\/\/www.correiobraziliense.com.br\/cbradar\/wp-json\/wp\/v2\/media?parent=18156"}],"wp:term":[{"taxonomy":"category","embeddable":true,"href":"https:\/\/www.correiobraziliense.com.br\/cbradar\/wp-json\/wp\/v2\/categories?post=18156"},{"taxonomy":"post_tag","embeddable":true,"href":"https:\/\/www.correiobraziliense.com.br\/cbradar\/wp-json\/wp\/v2\/post_tag?post=18156"}],"curies":[{"name":"wp","href":"https:\/\/api.w.org\/{rel}","templated":true}]}}