{"id":18164,"date":"2025-04-03T15:30:00","date_gmt":"2025-04-03T18:30:00","guid":{"rendered":"https:\/\/www.correiobraziliense.com.br\/cbradar\/?p=18164"},"modified":"2025-06-28T01:51:20","modified_gmt":"2025-06-28T04:51:20","slug":"a-origem-de-john-wick-sera-abordada-em-nova-serie-animada-veja-novidades","status":"publish","type":"post","link":"https:\/\/www.correiobraziliense.com.br\/cbradar\/a-origem-de-john-wick-sera-abordada-em-nova-serie-animada-veja-novidades\/","title":{"rendered":"A origem de John Wick ser\u00e1 abordada em nova s\u00e9rie animada, veja novidades"},"content":{"rendered":"\n<p>O universo de <strong>John Wick<\/strong> confirmou sua expans\u00e3o definitiva com an\u00fancios oficiais durante a <strong>CinemaCon 2025<\/strong>, estabelecendo uma nova fase para a franquia da <strong>Lionsgate<\/strong> que j\u00e1 arrecadou mais de 1 bilh\u00e3o de d\u00f3lares mundialmente. A <strong>Lionsgate<\/strong> revelou planos ambiciosos que incluem <strong>John Wick 5<\/strong>, um filme animado prequel sobre a &#8220;<strong>Tarefa Imposs\u00edvel<\/strong>&#8221; e m\u00faltiplos spin-offs, demonstrando confian\u00e7a no potencial continuado da propriedade intelectual.<\/p>\n\n\n\n<p><strong>Keanu Reeves<\/strong> est\u00e1 oficialmente confirmado para retornar em <strong>John Wick 5<\/strong>, com <strong>Chad Stahelski<\/strong> dirigindo mais uma vez. Entretanto, o diretor esclareceu que n\u00e3o ser\u00e1 uma continua\u00e7\u00e3o direta dos eventos de <strong>John Wick 4: Baba Yaga<\/strong>, mas sim &#8220;uma nova hist\u00f3ria envolvendo John Wick&#8221;, sugerindo uma abordagem narrativa diferente para justificar o retorno do personagem ap\u00f3s seu aparente destino no <strong><a href=\"https:\/\/www.correiobraziliense.com.br\/cbradar\/os-melhores-filmes-de-ficcao-cientifica-que-sao-totalmente-desconhecidos\/\" target=\"_blank\" rel=\"noreferrer noopener\">filme <\/a><\/strong>anterior.<\/p>\n\n\n\n<h2 class=\"wp-block-heading\"><strong>Como o anime prequel revolucionar\u00e1 a franquia John Wick?<\/strong><\/h2>\n\n\n\n<p><strong>Shannon Tindle<\/strong>, diretor de <strong>&#8220;Ultraman: Rising&#8221;<\/strong> e ex-animador de <strong>&#8220;Kubo e as Cordas M\u00e1gicas&#8221;<\/strong> e <strong>&#8220;Coraline&#8221;<\/strong>, assumiu a dire\u00e7\u00e3o do filme animado prequel de <strong>John Wick<\/strong>. O roteiro ficar\u00e1 a cargo de <strong>Vanessa Taylor<\/strong>, roteirista de <strong>&#8220;A Forma da \u00c1gua&#8221;<\/strong> e <strong>&#8220;Game of Thrones&#8221;<\/strong>, garantindo expertise narrativa comprovada para este projeto ambicioso. <strong>Keanu Reeves<\/strong> confirmou sua participa\u00e7\u00e3o vocal, mantendo a continuidade do personagem.<\/p>\n\n\n\n<p>O filme animado explorar\u00e1 pela primeira vez a lend\u00e1ria &#8220;<strong>Tarefa Imposs\u00edvel<\/strong>&#8220;, evento crucial mencionado nos filmes live-action onde <strong>Wick<\/strong> eliminou todos seus rivais em uma \u00fanica noite para conquistar liberdade do <strong>Alto Conselho<\/strong>. <strong>Chad Stahelski<\/strong> explicou que a anima\u00e7\u00e3o oferece &#8220;possibilidades ilimitadas para expandir nosso mundo, personagens e a\u00e7\u00e3o de maneiras antes inimagin\u00e1veis&#8221;, justificando a escolha do meio para contar esta hist\u00f3ria espec\u00edfica sem necessidade de rejuvenescimento digital ou explica\u00e7\u00f5es complexas de continuidade.<\/p>\n\n\n\n<figure class=\"wp-block-image size-large\"><img decoding=\"async\" width=\"1024\" height=\"576\" src=\"https:\/\/www.correiobraziliense.com.br\/cbradar\/wp-content\/uploads\/2025\/04\/Keanu-Reeves_1743561518975-1024x576.jpg\" alt=\"A origem de John Wick ser\u00e1 abordada em nova s\u00e9rie animada, veja novidades\" class=\"wp-image-18168\" srcset=\"https:\/\/www.correiobraziliense.com.br\/cbradar\/wp-content\/uploads\/2025\/04\/Keanu-Reeves_1743561518975-1024x576.jpg 1024w, https:\/\/www.correiobraziliense.com.br\/cbradar\/wp-content\/uploads\/2025\/04\/Keanu-Reeves_1743561518975-300x169.jpg 300w, https:\/\/www.correiobraziliense.com.br\/cbradar\/wp-content\/uploads\/2025\/04\/Keanu-Reeves_1743561518975-768x432.jpg 768w, https:\/\/www.correiobraziliense.com.br\/cbradar\/wp-content\/uploads\/2025\/04\/Keanu-Reeves_1743561518975-750x422.jpg 750w, https:\/\/www.correiobraziliense.com.br\/cbradar\/wp-content\/uploads\/2025\/04\/Keanu-Reeves_1743561518975-1140x641.jpg 1140w, https:\/\/www.correiobraziliense.com.br\/cbradar\/wp-content\/uploads\/2025\/04\/Keanu-Reeves_1743561518975.jpg 1280w\" sizes=\"(max-width: 1024px) 100vw, 1024px\" \/><figcaption class=\"wp-element-caption\">Keanu Reeves\nCr\u00e9ditos: depositphotos.com \/ Image Press Agency<\/figcaption><\/figure>\n\n\n\n<h2 class=\"wp-block-heading\"><strong>Qual \u00e9 a estrat\u00e9gia da Lionsgate para dominar o entretenimento transm\u00eddia?<\/strong><\/h2>\n\n\n\n<p>A <strong>Lionsgate<\/strong> desenvolve uma estrat\u00e9gia transm\u00eddia abrangente que vai al\u00e9m do cinema tradicional. <strong>Jenefer Brown<\/strong>, Vice-Presidente Executiva da empresa, confirmou o desenvolvimento de &#8220;mais spin-offs, uma s\u00e9rie de televis\u00e3o e um videojogo&#8221;, transformando <strong>John Wick<\/strong> em propriedade intelectual multifacetada. Esta estrat\u00e9gia j\u00e1 se materializou com a s\u00e9rie <strong>&#8220;The Continental&#8221;<\/strong> no <strong>Prime Video<\/strong> e agora se expande para experi\u00eancias f\u00edsicas.<\/p>\n\n\n\n<p>A franquia ganhou recentemente uma atra\u00e7\u00e3o imersiva de 1.100 metros quadrados em <strong>Las Vegas<\/strong>, combinando teatro imersivo e ambientes cinematogr\u00e1ficos tem\u00e1ticos. Esta &#8220;<strong>Experi\u00eancia John Wick<\/strong>&#8221; recria o universo do filme em formato interativo, permitindo aos visitantes navegar pelo submundo dos assassinos. A iniciativa demonstra como propriedades cinematogr\u00e1ficas contempor\u00e2neas podem transcender telas para criar ecossistemas de entretenimento completos.<\/p>\n\n\n\n<h2 class=\"wp-block-heading\"><strong>Por que a decis\u00e3o criativa sobre John Wick 5 surpreende a ind\u00fastria?<\/strong><\/h2>\n\n\n\n<p><strong>Chad Stahelski<\/strong> revelou que <strong>John Wick 5<\/strong> n\u00e3o ser\u00e1 uma continua\u00e7\u00e3o tradicional, mas uma &#8220;nova hist\u00f3ria&#8221; dentro do universo estabelecido. Esta decis\u00e3o criativa resolve o dilema narrativo criado pelo final de <strong>John Wick 4<\/strong>, onde o personagem aparentemente morreu. O diretor explicou que &#8220;a saga de John Wick estava praticamente encerrada, ent\u00e3o a \u00fanica maneira de fazer um 5 \u00e9 ter uma nova hist\u00f3ria envolvendo John Wick&#8221;.<\/p>\n\n\n\n<p>A abordagem permite explorar diferentes aspectos do personagem sem comprometer a integridade narrativa dos filmes anteriores. <strong>Stahelski<\/strong> indicou que tanto o anime prequel quanto a futura s\u00e9rie <strong>&#8220;Under The High Table&#8221;<\/strong> estabelecer\u00e3o bases para <strong>John Wick 5<\/strong>, criando estrutura narrativa conectada mas independente. Esta estrat\u00e9gia demonstra maturidade criativa ao reconhecer limita\u00e7\u00f5es da continuidade linear em franquias longevas.<\/p>\n\n\n\n<iframe loading=\"lazy\" width=\"560\" height=\"315\" src=\"https:\/\/www.youtube.com\/embed\/C0BMx-qxsP4?si=1woq-1FQfanKO-PL\" title=\"YouTube video player\" frameborder=\"0\" allow=\"accelerometer; autoplay; clipboard-write; encrypted-media; gyroscope; picture-in-picture; web-share\" referrerpolicy=\"strict-origin-when-cross-origin\" allowfullscreen><\/iframe>\n\n\n\n<h2 class=\"wp-block-heading\"><strong>Como os pr\u00f3ximos lan\u00e7amentos definem o futuro da franquia?<\/strong><\/h2>\n\n\n\n<p>O spin-off <strong>&#8220;Bailarina&#8221;<\/strong>, estrelado por <strong>Ana de Armas<\/strong> e dirigido por <strong>Len Wiseman<\/strong>, estreia em 5 de junho de 2025, servindo como teste para expans\u00e3o do universo al\u00e9m do protagonista titular. <strong>Keanu Reeves<\/strong> far\u00e1 participa\u00e7\u00e3o especial, mantendo conex\u00e3o com a continuidade estabelecida. Paralelamente, <strong>Donnie Yen<\/strong> dirigir\u00e1 e protagonizar\u00e1 seu pr\u00f3prio spin-off focado no personagem <strong>Caine<\/strong>, com filmagens iniciando em <strong>Hong Kong<\/strong>.<\/p>\n\n\n\n<p>A s\u00e9rie <strong>&#8220;Under The High Table&#8221;<\/strong> explorar\u00e1 o mundo do <strong>Alto Conselho<\/strong> ap\u00f3s os eventos do quarto filme, com <strong>Reeves<\/strong> e <strong>Stahelski<\/strong> como produtores executivos. Este projeto televisivo permitir\u00e1 desenvolvimento mais profundo da mitologia da franquia, criando oportunidades narrativas que o formato cinematogr\u00e1fico n\u00e3o comporta. A converg\u00eancia destes projetos estabelece base s\u00f3lida para sustentabilidade longa da propriedade intelectual.<\/p>\n","protected":false},"excerpt":{"rendered":"<p>John Wick vai ganhar uma anima\u00e7\u00e3o prequel dirigida por Shannon Tindle. Descubra as origens do lend\u00e1rio assassino.<\/p>\n","protected":false},"author":3,"featured_media":18169,"comment_status":"open","ping_status":"open","sticky":false,"template":"","format":"standard","meta":{"jnews-multi-image_gallery":[],"jnews_single_post":{"format":"standard"},"jnews_primary_category":[],"jnews_social_meta":[],"jnews_override_counter":[],"footnotes":""},"categories":[140],"post_tag":[2765,568],"class_list":["post-18164","post","type-post","status-publish","format-standard","has-post-thumbnail","hentry","category-entretenimento","tag-john-wick","tag-series-e-filmes"],"yoast_head":"<!-- This site is optimized with the Yoast SEO plugin v24.6 - https:\/\/yoast.com\/wordpress\/plugins\/seo\/ -->\n<title>A origem de John Wick ser\u00e1 abordada em nova s\u00e9rie animada, veja novidades<\/title>\n<meta name=\"description\" content=\"John Wick vai ganhar uma anima\u00e7\u00e3o prequel dirigida por Shannon Tindle. Descubra as origens do lend\u00e1rio assassino.\" \/>\n<meta name=\"robots\" content=\"index, follow, max-snippet:-1, max-image-preview:large, max-video-preview:-1\" \/>\n<link rel=\"canonical\" href=\"https:\/\/www.correiobraziliense.com.br\/cbradar\/a-origem-de-john-wick-sera-abordada-em-nova-serie-animada-veja-novidades\/\" \/>\n<meta property=\"og:locale\" content=\"pt_BR\" \/>\n<meta property=\"og:type\" content=\"article\" \/>\n<meta property=\"og:title\" content=\"A origem de John Wick ser\u00e1 abordada em nova s\u00e9rie animada, veja novidades\" \/>\n<meta property=\"og:description\" content=\"John Wick vai ganhar uma anima\u00e7\u00e3o prequel dirigida por Shannon Tindle. Descubra as origens do lend\u00e1rio assassino.\" \/>\n<meta property=\"og:url\" content=\"https:\/\/www.correiobraziliense.com.br\/cbradar\/a-origem-de-john-wick-sera-abordada-em-nova-serie-animada-veja-novidades\/\" \/>\n<meta property=\"og:site_name\" content=\"Correio Braziliense - Radar\" \/>\n<meta property=\"article:published_time\" content=\"2025-04-03T18:30:00+00:00\" \/>\n<meta property=\"article:modified_time\" content=\"2025-06-28T04:51:20+00:00\" \/>\n<meta property=\"og:image\" content=\"https:\/\/www.correiobraziliense.com.br\/cbradar\/wp-content\/uploads\/2025\/04\/Chad-Stahelski_1743561779689.jpg\" \/>\n\t<meta property=\"og:image:width\" content=\"1280\" \/>\n\t<meta property=\"og:image:height\" content=\"720\" \/>\n\t<meta property=\"og:image:type\" content=\"image\/jpeg\" \/>\n<meta name=\"author\" content=\"Larissa Carvalho\" \/>\n<meta name=\"twitter:card\" content=\"summary_large_image\" \/>\n<meta name=\"twitter:label1\" content=\"Escrito por\" \/>\n\t<meta name=\"twitter:data1\" content=\"Larissa Carvalho\" \/>\n\t<meta name=\"twitter:label2\" content=\"Est. tempo de leitura\" \/>\n\t<meta name=\"twitter:data2\" content=\"5 minutos\" \/>\n<!-- \/ Yoast SEO plugin. -->","yoast_head_json":{"title":"A origem de John Wick ser\u00e1 abordada em nova s\u00e9rie animada, veja novidades","description":"John Wick vai ganhar uma anima\u00e7\u00e3o prequel dirigida por Shannon Tindle. Descubra as origens do lend\u00e1rio assassino.","robots":{"index":"index","follow":"follow","max-snippet":"max-snippet:-1","max-image-preview":"max-image-preview:large","max-video-preview":"max-video-preview:-1"},"canonical":"https:\/\/www.correiobraziliense.com.br\/cbradar\/a-origem-de-john-wick-sera-abordada-em-nova-serie-animada-veja-novidades\/","og_locale":"pt_BR","og_type":"article","og_title":"A origem de John Wick ser\u00e1 abordada em nova s\u00e9rie animada, veja novidades","og_description":"John Wick vai ganhar uma anima\u00e7\u00e3o prequel dirigida por Shannon Tindle. Descubra as origens do lend\u00e1rio assassino.","og_url":"https:\/\/www.correiobraziliense.com.br\/cbradar\/a-origem-de-john-wick-sera-abordada-em-nova-serie-animada-veja-novidades\/","og_site_name":"Correio Braziliense - Radar","article_published_time":"2025-04-03T18:30:00+00:00","article_modified_time":"2025-06-28T04:51:20+00:00","og_image":[{"width":1280,"height":720,"url":"https:\/\/www.correiobraziliense.com.br\/cbradar\/wp-content\/uploads\/2025\/04\/Chad-Stahelski_1743561779689.jpg","type":"image\/jpeg"}],"author":"Larissa Carvalho","twitter_card":"summary_large_image","twitter_misc":{"Escrito por":"Larissa Carvalho","Est. tempo de leitura":"5 minutos"},"schema":{"@context":"https:\/\/schema.org","@graph":[{"@type":"WebPage","@id":"https:\/\/www.correiobraziliense.com.br\/cbradar\/a-origem-de-john-wick-sera-abordada-em-nova-serie-animada-veja-novidades\/","url":"https:\/\/www.correiobraziliense.com.br\/cbradar\/a-origem-de-john-wick-sera-abordada-em-nova-serie-animada-veja-novidades\/","name":"A origem de John Wick ser\u00e1 abordada em nova s\u00e9rie animada, veja novidades","isPartOf":{"@id":"https:\/\/www.correiobraziliense.com.br\/cbradar\/#website"},"primaryImageOfPage":{"@id":"https:\/\/www.correiobraziliense.com.br\/cbradar\/a-origem-de-john-wick-sera-abordada-em-nova-serie-animada-veja-novidades\/#primaryimage"},"image":{"@id":"https:\/\/www.correiobraziliense.com.br\/cbradar\/a-origem-de-john-wick-sera-abordada-em-nova-serie-animada-veja-novidades\/#primaryimage"},"thumbnailUrl":"https:\/\/www.correiobraziliense.com.br\/cbradar\/wp-content\/uploads\/2025\/04\/Chad-Stahelski_1743561779689.jpg","datePublished":"2025-04-03T18:30:00+00:00","dateModified":"2025-06-28T04:51:20+00:00","author":{"@id":"https:\/\/www.correiobraziliense.com.br\/cbradar\/#\/schema\/person\/58422787644df994b53a19d3e56c1513"},"description":"John Wick vai ganhar uma anima\u00e7\u00e3o prequel dirigida por Shannon Tindle. Descubra as origens do lend\u00e1rio assassino.","breadcrumb":{"@id":"https:\/\/www.correiobraziliense.com.br\/cbradar\/a-origem-de-john-wick-sera-abordada-em-nova-serie-animada-veja-novidades\/#breadcrumb"},"inLanguage":"pt-BR","potentialAction":[{"@type":"ReadAction","target":["https:\/\/www.correiobraziliense.com.br\/cbradar\/a-origem-de-john-wick-sera-abordada-em-nova-serie-animada-veja-novidades\/"]}]},{"@type":"ImageObject","inLanguage":"pt-BR","@id":"https:\/\/www.correiobraziliense.com.br\/cbradar\/a-origem-de-john-wick-sera-abordada-em-nova-serie-animada-veja-novidades\/#primaryimage","url":"https:\/\/www.correiobraziliense.com.br\/cbradar\/wp-content\/uploads\/2025\/04\/Chad-Stahelski_1743561779689.jpg","contentUrl":"https:\/\/www.correiobraziliense.com.br\/cbradar\/wp-content\/uploads\/2025\/04\/Chad-Stahelski_1743561779689.jpg","width":1280,"height":720,"caption":"Chad Stahelski Cr\u00e9ditos: depositphotos.com \/ Image Press Agency"},{"@type":"BreadcrumbList","@id":"https:\/\/www.correiobraziliense.com.br\/cbradar\/a-origem-de-john-wick-sera-abordada-em-nova-serie-animada-veja-novidades\/#breadcrumb","itemListElement":[{"@type":"ListItem","position":1,"name":"In\u00edcio","item":"https:\/\/www.correiobraziliense.com.br\/cbradar\/"},{"@type":"ListItem","position":2,"name":"A origem de John Wick ser\u00e1 abordada em nova s\u00e9rie animada, veja novidades"}]},{"@type":"WebSite","@id":"https:\/\/www.correiobraziliense.com.br\/cbradar\/#website","url":"https:\/\/www.correiobraziliense.com.br\/cbradar\/","name":"Correio Braziliense - Radar","description":"Acompanhe as \u00faltimas not\u00edcias e fique bem informado sobre tudo o que acontece no Brasil e no mundo.","potentialAction":[{"@type":"SearchAction","target":{"@type":"EntryPoint","urlTemplate":"https:\/\/www.correiobraziliense.com.br\/cbradar\/?s={search_term_string}"},"query-input":{"@type":"PropertyValueSpecification","valueRequired":true,"valueName":"search_term_string"}}],"inLanguage":"pt-BR"},{"@type":"Person","@id":"https:\/\/www.correiobraziliense.com.br\/cbradar\/#\/schema\/person\/58422787644df994b53a19d3e56c1513","name":"Larissa Carvalho","image":{"@type":"ImageObject","inLanguage":"pt-BR","@id":"https:\/\/www.correiobraziliense.com.br\/cbradar\/#\/schema\/person\/image\/","url":"https:\/\/secure.gravatar.com\/avatar\/fe4f91a0de32b52a838d0d612abdc1aa?s=96&d=mm&r=g","contentUrl":"https:\/\/secure.gravatar.com\/avatar\/fe4f91a0de32b52a838d0d612abdc1aa?s=96&d=mm&r=g","caption":"Larissa Carvalho"},"url":"https:\/\/www.correiobraziliense.com.br\/cbradar\/author\/larissamyth\/"}]}},"_links":{"self":[{"href":"https:\/\/www.correiobraziliense.com.br\/cbradar\/wp-json\/wp\/v2\/posts\/18164","targetHints":{"allow":["GET"]}}],"collection":[{"href":"https:\/\/www.correiobraziliense.com.br\/cbradar\/wp-json\/wp\/v2\/posts"}],"about":[{"href":"https:\/\/www.correiobraziliense.com.br\/cbradar\/wp-json\/wp\/v2\/types\/post"}],"author":[{"embeddable":true,"href":"https:\/\/www.correiobraziliense.com.br\/cbradar\/wp-json\/wp\/v2\/users\/3"}],"replies":[{"embeddable":true,"href":"https:\/\/www.correiobraziliense.com.br\/cbradar\/wp-json\/wp\/v2\/comments?post=18164"}],"version-history":[{"count":3,"href":"https:\/\/www.correiobraziliense.com.br\/cbradar\/wp-json\/wp\/v2\/posts\/18164\/revisions"}],"predecessor-version":[{"id":60681,"href":"https:\/\/www.correiobraziliense.com.br\/cbradar\/wp-json\/wp\/v2\/posts\/18164\/revisions\/60681"}],"wp:featuredmedia":[{"embeddable":true,"href":"https:\/\/www.correiobraziliense.com.br\/cbradar\/wp-json\/wp\/v2\/media\/18169"}],"wp:attachment":[{"href":"https:\/\/www.correiobraziliense.com.br\/cbradar\/wp-json\/wp\/v2\/media?parent=18164"}],"wp:term":[{"taxonomy":"category","embeddable":true,"href":"https:\/\/www.correiobraziliense.com.br\/cbradar\/wp-json\/wp\/v2\/categories?post=18164"},{"taxonomy":"post_tag","embeddable":true,"href":"https:\/\/www.correiobraziliense.com.br\/cbradar\/wp-json\/wp\/v2\/post_tag?post=18164"}],"curies":[{"name":"wp","href":"https:\/\/api.w.org\/{rel}","templated":true}]}}