{"id":181678,"date":"2026-01-26T08:15:00","date_gmt":"2026-01-26T11:15:00","guid":{"rendered":"https:\/\/www.correiobraziliense.com.br\/cbradar\/?p=181678"},"modified":"2026-01-25T20:12:51","modified_gmt":"2026-01-25T23:12:51","slug":"o-que-significa-sentir-que-sempre-que-voce-sai-as-pessoas-estao-falando-de-voce","status":"publish","type":"post","link":"https:\/\/www.correiobraziliense.com.br\/cbradar\/o-que-significa-sentir-que-sempre-que-voce-sai-as-pessoas-estao-falando-de-voce\/","title":{"rendered":"O que significa sentir que, sempre que voc\u00ea sai, as pessoas est\u00e3o falando de voc\u00ea?"},"content":{"rendered":"\n<p><strong>A sensa\u00e7\u00e3o de que, sempre que voc\u00ea sai de um lugar, as pessoas continuam falando de voc\u00ea \u00e9 mais comum do que parece.<\/strong> Esse pensamento costuma surgir de forma autom\u00e1tica, gera desconforto emocional e pode afetar a confian\u00e7a, as rela\u00e7\u00f5es sociais e o bem-estar psicol\u00f3gico. Geralmente, ele n\u00e3o reflete a realidade, mas sim a maneira como a mente interpreta o ambiente ao redor.<\/p>\n\n\n\n<h2 class=\"wp-block-heading\">Esse sentimento significa que as pessoas realmente falam de voc\u00ea?<\/h2>\n\n\n\n<p><strong>Na maioria das vezes, n\u00e3o significa que as pessoas estejam realmente falando de voc\u00ea.<\/strong> Esse tipo de pensamento est\u00e1 mais relacionado \u00e0 percep\u00e7\u00e3o interna do que a comportamentos externos concretos. O c\u00e9rebro tende a preencher lacunas de informa\u00e7\u00e3o com interpreta\u00e7\u00f5es, especialmente em situa\u00e7\u00f5es sociais, segundo o <strong><a href=\"https:\/\/www.ebsco.com\/research-starters\/psychology\/spotlight-effect\" target=\"_blank\" rel=\"noreferrer noopener\">EBSCO<\/a><\/strong>.<\/p>\n\n\n\n<p>Como n\u00e3o temos acesso ao que os outros pensam, a mente cria narrativas para explicar sil\u00eancios, risadas ou olhares. Essas interpreta\u00e7\u00f5es costumam ser influenciadas por inseguran\u00e7a, experi\u00eancias passadas ou medo de julgamento, e n\u00e3o por fatos reais.<\/p>\n\n\n<div class=\"wp-block-image\">\n<figure class=\"aligncenter size-large\"><img decoding=\"async\" width=\"1024\" height=\"576\" src=\"https:\/\/www.correiobraziliense.com.br\/cbradar\/wp-content\/uploads\/2026\/01\/aaa-2026-01-25T200601.497-1024x576.png\" alt=\"O que significa sentir que, sempre que voc\u00ea sai, as pessoas est\u00e3o falando de voc\u00ea?\" class=\"wp-image-181684\" srcset=\"https:\/\/www.correiobraziliense.com.br\/cbradar\/wp-content\/uploads\/2026\/01\/aaa-2026-01-25T200601.497-1024x576.png 1024w, https:\/\/www.correiobraziliense.com.br\/cbradar\/wp-content\/uploads\/2026\/01\/aaa-2026-01-25T200601.497-300x169.png 300w, https:\/\/www.correiobraziliense.com.br\/cbradar\/wp-content\/uploads\/2026\/01\/aaa-2026-01-25T200601.497-768x432.png 768w, https:\/\/www.correiobraziliense.com.br\/cbradar\/wp-content\/uploads\/2026\/01\/aaa-2026-01-25T200601.497-750x422.png 750w, https:\/\/www.correiobraziliense.com.br\/cbradar\/wp-content\/uploads\/2026\/01\/aaa-2026-01-25T200601.497-1140x641.png 1140w, https:\/\/www.correiobraziliense.com.br\/cbradar\/wp-content\/uploads\/2026\/01\/aaa-2026-01-25T200601.497.png 1280w\" sizes=\"(max-width: 1024px) 100vw, 1024px\" \/><figcaption class=\"wp-element-caption\">Sim, a autoestima baixa e a autocr\u00edtica excessiva refor\u00e7am a ideia de que os outros est\u00e3o falando de voc\u00ea. <\/figcaption><\/figure><\/div>\n\n\n<h2 class=\"wp-block-heading\">A ansiedade social pode causar essa sensa\u00e7\u00e3o?<\/h2>\n\n\n\n<p><strong>Sim, a ansiedade social \u00e9 uma das principais causas desse tipo de pensamento recorrente.<\/strong> Pessoas ansiosas tendem a manter um estado constante de vigil\u00e2ncia, interpretando sinais neutros como negativos ou pessoais.<\/p>\n\n\n\n<p>Esse mecanismo faz com que situa\u00e7\u00f5es comuns \u2014 como sair de uma sala ou encerrar uma conversa \u2014 sejam percebidas como momentos de exposi\u00e7\u00e3o ou avalia\u00e7\u00e3o. A mente entra em modo de alerta, buscando poss\u00edveis cr\u00edticas mesmo quando n\u00e3o h\u00e1 ind\u00edcios claros.<\/p>\n\n\n\n<p>Antes de concluir que h\u00e1 julgamento externo, vale observar alguns sinais comuns associados \u00e0 ansiedade social:<\/p>\n\n\n\n<ul class=\"wp-block-list\">\n<li>Medo intenso de avalia\u00e7\u00e3o ou rejei\u00e7\u00e3o<\/li>\n\n\n\n<li>Pensamentos repetitivos sobre intera\u00e7\u00f5es passadas<\/li>\n\n\n\n<li>Sensa\u00e7\u00e3o constante de estar sendo observado<\/li>\n<\/ul>\n\n\n\n<p><strong>Aprenda estrat\u00e9gias pr\u00e1ticas para lidar com a ansiedade e o medo do julgamento.<\/strong> O v\u00eddeo \u00e9 do canal<strong> Mundo Psico &#8211; Wainer,<\/strong> que conta com mais de <strong>370 mil inscritos<\/strong>, e detalha o que \u00e9 a ansiedade social e como a <strong>Terapia Cognitivo-Comportamental <\/strong>ajuda a enfrentar esses desafios: Mundo Psico foca em psicologia.<\/p>\n\n\n\n<figure class=\"wp-block-embed aligncenter is-type-video is-provider-youtube wp-block-embed-youtube wp-embed-aspect-16-9 wp-has-aspect-ratio\"><div class=\"wp-block-embed__wrapper\">\n<div class=\"jeg_video_container jeg_video_content\"><iframe loading=\"lazy\" title=\"Como superar o medo da avalia\u00e7\u00e3o ou do julgamento [ansiedade \/ fobia social]\" width=\"500\" height=\"281\" src=\"https:\/\/www.youtube.com\/embed\/742tkBXRG0s?feature=oembed\" frameborder=\"0\" allow=\"accelerometer; autoplay; clipboard-write; encrypted-media; gyroscope; picture-in-picture; web-share\" referrerpolicy=\"strict-origin-when-cross-origin\" allowfullscreen><\/iframe><\/div>\n<\/div><\/figure>\n\n\n\n<h2 class=\"wp-block-heading\">Isso tem rela\u00e7\u00e3o com autoestima e autocr\u00edtica?<\/h2>\n\n\n\n<p><strong>Sim, a autoestima baixa e a autocr\u00edtica excessiva refor\u00e7am a ideia de que os outros est\u00e3o falando de voc\u00ea.<\/strong> Quando a pessoa tem uma vis\u00e3o r\u00edgida ou negativa sobre si mesma, tende a projetar essa avalia\u00e7\u00e3o nos outros.<\/p>\n\n\n\n<p>Nesse cen\u00e1rio, a mente assume que qualquer coment\u00e1rio alheio est\u00e1 relacionado a falhas pr\u00f3prias. Esse padr\u00e3o de pensamento cria um ciclo: quanto mais autocr\u00edtica, maior a sensa\u00e7\u00e3o de julgamento externo, mesmo sem evid\u00eancias concretas.<\/p>\n\n\n\n<h2 class=\"wp-block-heading\">Existe diferen\u00e7a entre percep\u00e7\u00e3o emocional e realidade?<\/h2>\n\n\n\n<p><strong>Existe uma diferen\u00e7a clara entre o que se sente e o que de fato acontece.<\/strong> Emo\u00e7\u00f5es intensas podem parecer provas irrefut\u00e1veis, mas n\u00e3o s\u00e3o sin\u00f4nimo de realidade objetiva. O c\u00e9rebro emocional reage antes do racional, especialmente em contextos sociais.<\/p>\n\n\n\n<p>Para entender melhor essa distin\u00e7\u00e3o, observe a compara\u00e7\u00e3o a seguir. Veja a tabela abaixo:<\/p>\n\n\n\n<figure class=\"wp-block-table\"><table class=\"has-fixed-layout\"><thead><tr><th>Percep\u00e7\u00e3o interna<\/th><th>Realidade mais comum<\/th><\/tr><\/thead><tbody><tr><td>\u201cEst\u00e3o falando de mim\u201d<\/td><td>Pessoas focadas em si mesmas<\/td><\/tr><tr><td>Sil\u00eancio ap\u00f3s sair<\/td><td>Conversa muda de assunto<\/td><\/tr><tr><td>Risadas pr\u00f3ximas<\/td><td>N\u00e3o relacionadas \u00e0 sua presen\u00e7a<\/td><\/tr><tr><td>Olhares ocasionais<\/td><td>Aten\u00e7\u00e3o moment\u00e2nea e neutra<\/td><\/tr><\/tbody><\/table><\/figure>\n\n\n\n<p>Reconhecer essa diferen\u00e7a ajuda a reduzir o impacto emocional desses pensamentos.<\/p>\n\n\n\n<p><strong>Leia tamb\u00e9m: <a href=\"https:\/\/www.correiobraziliense.com.br\/cbradar\/o-que-significa-ter-aranhas-dentro-de-casa-com-frequencia-segundo-especialistas\/\" target=\"_blank\" rel=\"noreferrer noopener\">O que significa ter aranhas dentro de casa com frequ\u00eancia, segundo especialistas.<\/a><\/strong><\/p>\n\n\n\n<h2 class=\"wp-block-heading\">O que fazer quando esse pensamento aparece com frequ\u00eancia?<\/h2>\n\n\n\n<p><strong>\u00c9 poss\u00edvel reduzir esse padr\u00e3o ao desenvolver consci\u00eancia emocional e questionar pensamentos autom\u00e1ticos.<\/strong> Em vez de aceitar a ideia como verdade, observar o contexto e buscar evid\u00eancias reais ajuda a enfraquecer a interpreta\u00e7\u00e3o negativa.<\/p>\n\n\n\n<p>Pr\u00e1ticas de autocuidado emocional e fortalecimento da autoestima tornam a mente mais segura e menos reativa. Em alguns casos, o apoio de um profissional de psicologia \u00e9 fundamental para reorganizar esses padr\u00f5es de pensamento.<\/p>\n\n\n\n<p>Algumas estrat\u00e9gias que ajudam no dia a dia incluem:<\/p>\n\n\n\n<ul class=\"wp-block-list\">\n<li>Questionar se h\u00e1 provas reais do julgamento<\/li>\n\n\n\n<li>Reduzir compara\u00e7\u00f5es constantes<\/li>\n\n\n\n<li>Praticar autocompaix\u00e3o e aten\u00e7\u00e3o plena<\/li>\n<\/ul>\n\n\n\n<p>Sentir que as pessoas est\u00e3o falando de voc\u00ea n\u00e3o define quem voc\u00ea \u00e9 nem reflete, na maioria das vezes, o que realmente acontece. Ao compreender a origem desse pensamento e aprender a lidar com ele, \u00e9 poss\u00edvel construir rela\u00e7\u00f5es mais leves, seguras e uma conviv\u00eancia social mais saud\u00e1vel.<\/p>\n","protected":false},"excerpt":{"rendered":"<p>A sensa\u00e7\u00e3o de que, sempre que voc\u00ea sai de um lugar, as pessoas continuam falando de voc\u00ea \u00e9 mais comum do que parece. Esse pensamento costuma surgir de forma autom\u00e1tica, gera desconforto emocional e pode afetar a confian\u00e7a, as rela\u00e7\u00f5es sociais e o bem-estar psicol\u00f3gico. Geralmente, ele n\u00e3o reflete a realidade, mas sim a maneira [&hellip;]<\/p>\n","protected":false},"author":8,"featured_media":181685,"comment_status":"open","ping_status":"open","sticky":false,"template":"","format":"standard","meta":{"_yoast_wpseo_focuskw":"falando de voc\u00ea","_yoast_wpseo_title":"","_yoast_wpseo_metadesc":"Descubra por que sentir que as pessoas est\u00e3o falando de voc\u00ea pode estar ligado \u00e0 ansiedade e \u00e0 forma como a mente interpreta situa\u00e7\u00f5es.","jnews-multi-image_gallery":[],"jnews_single_post":{"format":"standard"},"jnews_primary_category":[],"jnews_social_meta":[],"jnews_override_counter":[],"footnotes":""},"categories":[112],"tags":[11403,8687],"class_list":["post-181678","post","type-post","status-publish","format-standard","has-post-thumbnail","hentry","category-curiosidades","tag-ansiedade-social","tag-o-que-significa"],"yoast_head":"<!-- This site is optimized with the Yoast SEO plugin v24.6 - https:\/\/yoast.com\/wordpress\/plugins\/seo\/ -->\n<title>O que significa sentir que, sempre que voc\u00ea sai, as pessoas est\u00e3o falando de voc\u00ea? - Correio Braziliense - Radar<\/title>\n<meta name=\"description\" content=\"Descubra por que sentir que as pessoas est\u00e3o falando de voc\u00ea pode estar ligado \u00e0 ansiedade e \u00e0 forma como a mente interpreta situa\u00e7\u00f5es.\" \/>\n<meta name=\"robots\" content=\"index, follow, max-snippet:-1, max-image-preview:large, max-video-preview:-1\" \/>\n<link rel=\"canonical\" href=\"https:\/\/www.correiobraziliense.com.br\/cbradar\/o-que-significa-sentir-que-sempre-que-voce-sai-as-pessoas-estao-falando-de-voce\/\" \/>\n<meta property=\"og:locale\" content=\"pt_BR\" \/>\n<meta property=\"og:type\" content=\"article\" \/>\n<meta property=\"og:title\" content=\"O que significa sentir que, sempre que voc\u00ea sai, as pessoas est\u00e3o falando de voc\u00ea? - Correio Braziliense - Radar\" \/>\n<meta property=\"og:description\" content=\"Descubra por que sentir que as pessoas est\u00e3o falando de voc\u00ea pode estar ligado \u00e0 ansiedade e \u00e0 forma como a mente interpreta situa\u00e7\u00f5es.\" \/>\n<meta property=\"og:url\" content=\"https:\/\/www.correiobraziliense.com.br\/cbradar\/o-que-significa-sentir-que-sempre-que-voce-sai-as-pessoas-estao-falando-de-voce\/\" \/>\n<meta property=\"og:site_name\" content=\"Correio Braziliense - Radar\" \/>\n<meta property=\"article:published_time\" content=\"2026-01-26T11:15:00+00:00\" \/>\n<meta property=\"og:image\" content=\"https:\/\/www.correiobraziliense.com.br\/cbradar\/wp-content\/uploads\/2026\/01\/aaa-2026-01-25T200519.358.png\" \/>\n\t<meta property=\"og:image:width\" content=\"1280\" \/>\n\t<meta property=\"og:image:height\" content=\"720\" \/>\n\t<meta property=\"og:image:type\" content=\"image\/png\" \/>\n<meta name=\"author\" content=\"Maura Pereira\" \/>\n<meta name=\"twitter:card\" content=\"summary_large_image\" \/>\n<meta name=\"twitter:label1\" content=\"Escrito por\" \/>\n\t<meta name=\"twitter:data1\" content=\"Maura Pereira\" \/>\n\t<meta name=\"twitter:label2\" content=\"Est. tempo de leitura\" \/>\n\t<meta name=\"twitter:data2\" content=\"5 minutos\" \/>\n<!-- \/ Yoast SEO plugin. -->","yoast_head_json":{"title":"O que significa sentir que, sempre que voc\u00ea sai, as pessoas est\u00e3o falando de voc\u00ea? - Correio Braziliense - Radar","description":"Descubra por que sentir que as pessoas est\u00e3o falando de voc\u00ea pode estar ligado \u00e0 ansiedade e \u00e0 forma como a mente interpreta situa\u00e7\u00f5es.","robots":{"index":"index","follow":"follow","max-snippet":"max-snippet:-1","max-image-preview":"max-image-preview:large","max-video-preview":"max-video-preview:-1"},"canonical":"https:\/\/www.correiobraziliense.com.br\/cbradar\/o-que-significa-sentir-que-sempre-que-voce-sai-as-pessoas-estao-falando-de-voce\/","og_locale":"pt_BR","og_type":"article","og_title":"O que significa sentir que, sempre que voc\u00ea sai, as pessoas est\u00e3o falando de voc\u00ea? - Correio Braziliense - Radar","og_description":"Descubra por que sentir que as pessoas est\u00e3o falando de voc\u00ea pode estar ligado \u00e0 ansiedade e \u00e0 forma como a mente interpreta situa\u00e7\u00f5es.","og_url":"https:\/\/www.correiobraziliense.com.br\/cbradar\/o-que-significa-sentir-que-sempre-que-voce-sai-as-pessoas-estao-falando-de-voce\/","og_site_name":"Correio Braziliense - Radar","article_published_time":"2026-01-26T11:15:00+00:00","og_image":[{"width":1280,"height":720,"url":"https:\/\/www.correiobraziliense.com.br\/cbradar\/wp-content\/uploads\/2026\/01\/aaa-2026-01-25T200519.358.png","type":"image\/png"}],"author":"Maura Pereira","twitter_card":"summary_large_image","twitter_misc":{"Escrito por":"Maura Pereira","Est. tempo de leitura":"5 minutos"},"schema":{"@context":"https:\/\/schema.org","@graph":[{"@type":"WebPage","@id":"https:\/\/www.correiobraziliense.com.br\/cbradar\/o-que-significa-sentir-que-sempre-que-voce-sai-as-pessoas-estao-falando-de-voce\/","url":"https:\/\/www.correiobraziliense.com.br\/cbradar\/o-que-significa-sentir-que-sempre-que-voce-sai-as-pessoas-estao-falando-de-voce\/","name":"O que significa sentir que, sempre que voc\u00ea sai, as pessoas est\u00e3o falando de voc\u00ea? - Correio Braziliense - Radar","isPartOf":{"@id":"https:\/\/www.correiobraziliense.com.br\/cbradar\/#website"},"primaryImageOfPage":{"@id":"https:\/\/www.correiobraziliense.com.br\/cbradar\/o-que-significa-sentir-que-sempre-que-voce-sai-as-pessoas-estao-falando-de-voce\/#primaryimage"},"image":{"@id":"https:\/\/www.correiobraziliense.com.br\/cbradar\/o-que-significa-sentir-que-sempre-que-voce-sai-as-pessoas-estao-falando-de-voce\/#primaryimage"},"thumbnailUrl":"https:\/\/www.correiobraziliense.com.br\/cbradar\/wp-content\/uploads\/2026\/01\/aaa-2026-01-25T200519.358.png","datePublished":"2026-01-26T11:15:00+00:00","author":{"@id":"https:\/\/www.correiobraziliense.com.br\/cbradar\/#\/schema\/person\/4053c651a9bfc785afc6f4cbc9032fd3"},"description":"Descubra por que sentir que as pessoas est\u00e3o falando de voc\u00ea pode estar ligado \u00e0 ansiedade e \u00e0 forma como a mente interpreta situa\u00e7\u00f5es.","breadcrumb":{"@id":"https:\/\/www.correiobraziliense.com.br\/cbradar\/o-que-significa-sentir-que-sempre-que-voce-sai-as-pessoas-estao-falando-de-voce\/#breadcrumb"},"inLanguage":"pt-BR","potentialAction":[{"@type":"ReadAction","target":["https:\/\/www.correiobraziliense.com.br\/cbradar\/o-que-significa-sentir-que-sempre-que-voce-sai-as-pessoas-estao-falando-de-voce\/"]}]},{"@type":"ImageObject","inLanguage":"pt-BR","@id":"https:\/\/www.correiobraziliense.com.br\/cbradar\/o-que-significa-sentir-que-sempre-que-voce-sai-as-pessoas-estao-falando-de-voce\/#primaryimage","url":"https:\/\/www.correiobraziliense.com.br\/cbradar\/wp-content\/uploads\/2026\/01\/aaa-2026-01-25T200519.358.png","contentUrl":"https:\/\/www.correiobraziliense.com.br\/cbradar\/wp-content\/uploads\/2026\/01\/aaa-2026-01-25T200519.358.png","width":1280,"height":720,"caption":"\u00c9 poss\u00edvel reduzir esse padr\u00e3o ao desenvolver consci\u00eancia emocional e questionar pensamentos autom\u00e1ticos."},{"@type":"BreadcrumbList","@id":"https:\/\/www.correiobraziliense.com.br\/cbradar\/o-que-significa-sentir-que-sempre-que-voce-sai-as-pessoas-estao-falando-de-voce\/#breadcrumb","itemListElement":[{"@type":"ListItem","position":1,"name":"In\u00edcio","item":"https:\/\/www.correiobraziliense.com.br\/cbradar\/"},{"@type":"ListItem","position":2,"name":"O que significa sentir que, sempre que voc\u00ea sai, as pessoas est\u00e3o falando de voc\u00ea?"}]},{"@type":"WebSite","@id":"https:\/\/www.correiobraziliense.com.br\/cbradar\/#website","url":"https:\/\/www.correiobraziliense.com.br\/cbradar\/","name":"Correio Braziliense - Radar","description":"Acompanhe as \u00faltimas not\u00edcias e fique bem informado sobre tudo o que acontece no Brasil e no mundo.","potentialAction":[{"@type":"SearchAction","target":{"@type":"EntryPoint","urlTemplate":"https:\/\/www.correiobraziliense.com.br\/cbradar\/?s={search_term_string}"},"query-input":{"@type":"PropertyValueSpecification","valueRequired":true,"valueName":"search_term_string"}}],"inLanguage":"pt-BR"},{"@type":"Person","@id":"https:\/\/www.correiobraziliense.com.br\/cbradar\/#\/schema\/person\/4053c651a9bfc785afc6f4cbc9032fd3","name":"Maura Pereira","image":{"@type":"ImageObject","inLanguage":"pt-BR","@id":"https:\/\/www.correiobraziliense.com.br\/cbradar\/#\/schema\/person\/image\/","url":"https:\/\/secure.gravatar.com\/avatar\/3effd6bdadfa447f15089c7f7144eaa6?s=96&d=mm&r=g","contentUrl":"https:\/\/secure.gravatar.com\/avatar\/3effd6bdadfa447f15089c7f7144eaa6?s=96&d=mm&r=g","caption":"Maura Pereira"},"sameAs":["https:\/\/www.correiobraziliense.com.br\/"],"url":"https:\/\/www.correiobraziliense.com.br\/cbradar\/author\/mauramyth\/"}]}},"_links":{"self":[{"href":"https:\/\/www.correiobraziliense.com.br\/cbradar\/wp-json\/wp\/v2\/posts\/181678","targetHints":{"allow":["GET"]}}],"collection":[{"href":"https:\/\/www.correiobraziliense.com.br\/cbradar\/wp-json\/wp\/v2\/posts"}],"about":[{"href":"https:\/\/www.correiobraziliense.com.br\/cbradar\/wp-json\/wp\/v2\/types\/post"}],"author":[{"embeddable":true,"href":"https:\/\/www.correiobraziliense.com.br\/cbradar\/wp-json\/wp\/v2\/users\/8"}],"replies":[{"embeddable":true,"href":"https:\/\/www.correiobraziliense.com.br\/cbradar\/wp-json\/wp\/v2\/comments?post=181678"}],"version-history":[{"count":11,"href":"https:\/\/www.correiobraziliense.com.br\/cbradar\/wp-json\/wp\/v2\/posts\/181678\/revisions"}],"predecessor-version":[{"id":181693,"href":"https:\/\/www.correiobraziliense.com.br\/cbradar\/wp-json\/wp\/v2\/posts\/181678\/revisions\/181693"}],"wp:featuredmedia":[{"embeddable":true,"href":"https:\/\/www.correiobraziliense.com.br\/cbradar\/wp-json\/wp\/v2\/media\/181685"}],"wp:attachment":[{"href":"https:\/\/www.correiobraziliense.com.br\/cbradar\/wp-json\/wp\/v2\/media?parent=181678"}],"wp:term":[{"taxonomy":"category","embeddable":true,"href":"https:\/\/www.correiobraziliense.com.br\/cbradar\/wp-json\/wp\/v2\/categories?post=181678"},{"taxonomy":"post_tag","embeddable":true,"href":"https:\/\/www.correiobraziliense.com.br\/cbradar\/wp-json\/wp\/v2\/tags?post=181678"}],"curies":[{"name":"wp","href":"https:\/\/api.w.org\/{rel}","templated":true}]}}