{"id":181710,"date":"2026-01-26T07:56:41","date_gmt":"2026-01-26T10:56:41","guid":{"rendered":"https:\/\/www.correiobraziliense.com.br\/cbradar\/?p=181710"},"modified":"2026-01-26T07:56:44","modified_gmt":"2026-01-26T10:56:44","slug":"pouca-gente-sabe-mas-o-signo-das-pessoas-mais-educadas-do-mundo-e-este","status":"publish","type":"post","link":"https:\/\/www.correiobraziliense.com.br\/cbradar\/pouca-gente-sabe-mas-o-signo-das-pessoas-mais-educadas-do-mundo-e-este\/","title":{"rendered":"Pouca gente sabe, mas o signo das pessoas mais educadas do mundo \u00e9 este"},"content":{"rendered":"\n<p>O signo de <strong>Libra<\/strong> destaca-se como o mais educado do zod\u00edaco devido \u00e0 sua busca constante por harmonia e justi\u00e7a social. Regido pelo planeta <strong>V\u00eanus<\/strong>, esse nativo prioriza o equil\u00edbrio nas rela\u00e7\u00f5es interpessoais, manifestando uma cortesia natural que encanta a todos ao redor, independentemente do contexto cultural ou do ambiente frequentado.<\/p>\n\n\n\n<h2 class=\"wp-block-heading\">Qual \u00e9 o signo que domina a arte da diplomacia social?<\/h2>\n\n\n\n<p>Os librianos s\u00e3o conhecidos mundialmente pela sua capacidade de mediar conflitos com extrema eleg\u00e2ncia e paci\u00eancia. Eles evitam confrontos diretos, preferindo utilizar palavras gentis e gestos cordiais para manter a paz coletiva, o que os torna exemplos de <strong>polidez extrema<\/strong> hoje em dia.<\/p>\n\n\n\n<p>Essa inclina\u00e7\u00e3o natural para a cortesia vem da necessidade de agradar e criar conex\u00f5es verdadeiras com os outros. Segundo o <a href=\"https:\/\/www.gov.br\/observatorio\/pt-br\" target=\"_blank\" rel=\"noreferrer noopener\"><strong>Observat\u00f3rio Nacional<\/strong><\/a>, a observa\u00e7\u00e3o dos astros ajuda a entender arqu\u00e9tipos que moldam comportamentos sociais e psicol\u00f3gicos complexos ao longo de muitos mil\u00eanios de hist\u00f3ria.<\/p>\n\n\n<div class=\"wp-block-image\">\n<figure class=\"aligncenter size-large\"><img decoding=\"async\" width=\"1024\" height=\"576\" src=\"https:\/\/www.correiobraziliense.com.br\/cbradar\/wp-content\/uploads\/2026\/01\/Gemini_Generated_Image_wkdweswkdweswkdw-1-1-1024x576.png\" alt=\"As pessoas mais educadas do mundo costuma ter esse signo\" class=\"wp-image-181718\" srcset=\"https:\/\/www.correiobraziliense.com.br\/cbradar\/wp-content\/uploads\/2026\/01\/Gemini_Generated_Image_wkdweswkdweswkdw-1-1-1024x576.png 1024w, https:\/\/www.correiobraziliense.com.br\/cbradar\/wp-content\/uploads\/2026\/01\/Gemini_Generated_Image_wkdweswkdweswkdw-1-1-300x169.png 300w, https:\/\/www.correiobraziliense.com.br\/cbradar\/wp-content\/uploads\/2026\/01\/Gemini_Generated_Image_wkdweswkdweswkdw-1-1-768x432.png 768w, https:\/\/www.correiobraziliense.com.br\/cbradar\/wp-content\/uploads\/2026\/01\/Gemini_Generated_Image_wkdweswkdweswkdw-1-1-750x422.png 750w, https:\/\/www.correiobraziliense.com.br\/cbradar\/wp-content\/uploads\/2026\/01\/Gemini_Generated_Image_wkdweswkdweswkdw-1-1-1140x641.png 1140w, https:\/\/www.correiobraziliense.com.br\/cbradar\/wp-content\/uploads\/2026\/01\/Gemini_Generated_Image_wkdweswkdweswkdw-1-1.png 1280w\" sizes=\"(max-width: 1024px) 100vw, 1024px\" \/><figcaption class=\"wp-element-caption\">Representa\u00e7\u00e3o simb\u00f3lica de equil\u00edbrio e harmonia associada \u00e0 postura educada e diplom\u00e1tica de Libra.<\/figcaption><\/figure><\/div>\n\n\n<h2 class=\"wp-block-heading\">Quais caracter\u00edsticas tornam esses nativos t\u00e3o respeitosos no cotidiano?<\/h2>\n\n\n\n<p>A aten\u00e7\u00e3o aos detalhes nas intera\u00e7\u00f5es sociais permite que <strong>Libra<\/strong> perceba as necessidades alheias antes mesmo que sejam expressas verbalmente. Esse n\u00edvel elevado de empatia resulta em comportamentos extremamente polidos, refor\u00e7ando a imagem de <strong>autoridade moral<\/strong> e sofistica\u00e7\u00e3o em qualquer c\u00edrculo social.<\/p>\n\n\n\n<p>Veja a tabela abaixo:<\/p>\n\n\n\n<figure class=\"wp-block-table\"><table class=\"has-fixed-layout\"><thead><tr><td><strong>Atributo de Libra<\/strong><\/td><td><strong>Manifesta\u00e7\u00e3o Pr\u00e1tica<\/strong><\/td><td><strong>Benef\u00edcio Social<\/strong><\/td><\/tr><\/thead><tbody><tr><td>Diplomacia<\/td><td>Media\u00e7\u00e3o de crises<\/td><td>Harmonia no grupo<\/td><\/tr><tr><td>Gentileza<\/td><td>Tom de voz suave<\/td><td>Redu\u00e7\u00e3o de tens\u00f5es<\/td><\/tr><tr><td>Est\u00e9tica<\/td><td>Apresenta\u00e7\u00e3o impec\u00e1vel<\/td><td>Credibilidade visual<\/td><\/tr><\/tbody><\/table><\/figure>\n\n\n\n<h2 class=\"wp-block-heading\">Por que a reg\u00eancia venusiana influencia tanto a boa educa\u00e7\u00e3o?<\/h2>\n\n\n\n<p><strong>V\u00eanus<\/strong> governa o amor, a beleza e a sociabilidade, conferindo aos seus protegidos um charme irresist\u00edvel e uma postura sempre muito refinada. Essa energia atrai as pessoas, pois promove um ambiente de <strong>acolhimento e respeito<\/strong>, essencial para a conviv\u00eancia em sociedade atualmente.<\/p>\n\n\n\n<p>Confira a lista abaixo:<\/p>\n\n\n\n<ul class=\"wp-block-list\">\n<li>Uso constante de palavras m\u00e1gicas.<\/li>\n\n\n\n<li>Escuta ativa durante di\u00e1logos longos.<\/li>\n\n\n\n<li>Capacidade de ceder em impasses.<\/li>\n\n\n\n<li>Valoriza\u00e7\u00e3o profunda da justi\u00e7a \u00e9tica.<\/li>\n<\/ul>\n\n\n\n<h2 class=\"wp-block-heading\">Como o equil\u00edbrio de Libra se traduz em a\u00e7\u00f5es pr\u00e1ticas?<\/h2>\n\n\n\n<p>O <strong><a href=\"https:\/\/www.correiobraziliense.com.br\/cbradar\/o-que-significa-aparecerem-muitas-formigas-dentro-de-casa-segundo-especialistas\/\" target=\"_blank\" rel=\"noreferrer noopener\">s\u00edmbolo <\/a><\/strong>da balan\u00e7a representa a busca por um meio-termo ideal em todas as situa\u00e7\u00f5es da vida humana. Isso se traduz em n\u00e3o interromper os outros e sempre considerar diferentes pontos de vista, garantindo uma <strong>conviv\u00eancia pac\u00edfica<\/strong> e extremamente muito agrad\u00e1vel para todos.<\/p>\n\n\n\n<p>Ao agir com pondera\u00e7\u00e3o, esses indiv\u00edduos conseguem evitar julgamentos precipitados que poderiam ferir a sensibilidade alheia de modo injusto. Eles cultivam a <strong>paci\u00eancia estrat\u00e9gica<\/strong>, tornando-se conselheiros confi\u00e1veis e amigos leais que valorizam a verdade acima das apar\u00eancias vazias em todo lugar.<\/p>\n\n\n<div class=\"wp-block-image\">\n<figure class=\"aligncenter size-large\"><img decoding=\"async\" width=\"1024\" height=\"576\" src=\"https:\/\/www.correiobraziliense.com.br\/cbradar\/wp-content\/uploads\/2026\/01\/Gemini_Generated_Image_b36qipb36qipb36q-1-1-1024x576.png\" alt=\"As pessoas mais educadas do mundo costuma ter esse signo\" class=\"wp-image-181717\" srcset=\"https:\/\/www.correiobraziliense.com.br\/cbradar\/wp-content\/uploads\/2026\/01\/Gemini_Generated_Image_b36qipb36qipb36q-1-1-1024x576.png 1024w, https:\/\/www.correiobraziliense.com.br\/cbradar\/wp-content\/uploads\/2026\/01\/Gemini_Generated_Image_b36qipb36qipb36q-1-1-300x169.png 300w, https:\/\/www.correiobraziliense.com.br\/cbradar\/wp-content\/uploads\/2026\/01\/Gemini_Generated_Image_b36qipb36qipb36q-1-1-768x432.png 768w, https:\/\/www.correiobraziliense.com.br\/cbradar\/wp-content\/uploads\/2026\/01\/Gemini_Generated_Image_b36qipb36qipb36q-1-1-750x422.png 750w, https:\/\/www.correiobraziliense.com.br\/cbradar\/wp-content\/uploads\/2026\/01\/Gemini_Generated_Image_b36qipb36qipb36q-1-1-1140x641.png 1140w, https:\/\/www.correiobraziliense.com.br\/cbradar\/wp-content\/uploads\/2026\/01\/Gemini_Generated_Image_b36qipb36qipb36q-1-1.png 1280w\" sizes=\"(max-width: 1024px) 100vw, 1024px\" \/><figcaption class=\"wp-element-caption\">Representa\u00e7\u00e3o simb\u00f3lica de equil\u00edbrio e harmonia associada \u00e0 postura educada e diplom\u00e1tica de Libra.<\/figcaption><\/figure><\/div>\n\n\n<h2 class=\"wp-block-heading\">Qual o impacto dessa polidez no sucesso profissional moderno?<\/h2>\n\n\n\n<p>Ambientes corporativos valorizam profissionais que sabem transitar entre hierarquias com respeito e naturalidade absoluta em qualquer momento. A educa\u00e7\u00e3o de <strong>Libra<\/strong> abre portas que a compet\u00eancia t\u00e9cnica isolada muitas vezes n\u00e3o consegue acessar, criando redes de <strong>networking s\u00f3lido<\/strong> e muito duradouro.<\/p>\n\n\n\n<p>Ser educado \u00e9 uma forma de intelig\u00eancia social que projeta confian\u00e7a e lideran\u00e7a inspiradora para toda a equipe de trabalho. Quem investe na <strong>cortesia profissional<\/strong> colhe resultados exponenciais, pois a gentileza gera reciprocidade e facilita a resolu\u00e7\u00e3o de problemas operacionais complexos com facilidade.<\/p>\n","protected":false},"excerpt":{"rendered":"<p>O signo de Libra destaca-se como o mais educado do zod\u00edaco devido \u00e0 sua busca constante por harmonia e justi\u00e7a social. Regido pelo planeta V\u00eanus, esse nativo prioriza o equil\u00edbrio nas rela\u00e7\u00f5es interpessoais, manifestando uma cortesia natural que encanta a todos ao redor, independentemente do contexto cultural ou do ambiente frequentado. Qual \u00e9 o signo [&hellip;]<\/p>\n","protected":false},"author":21,"featured_media":181720,"comment_status":"open","ping_status":"open","sticky":false,"template":"","format":"standard","meta":{"_yoast_wpseo_focuskw":"Pessoas educadas","_yoast_wpseo_title":"","_yoast_wpseo_metadesc":"Entenda como a influ\u00eancia de V\u00eanus molda a gentileza, a empatia e a habilidade social de Libra no conv\u00edvio di\u00e1rio.","jnews-multi-image_gallery":[],"jnews_single_post":{"format":"standard"},"jnews_primary_category":[],"jnews_social_meta":[],"jnews_override_counter":[],"footnotes":""},"categories":[112],"post_tag":[144,14423,890],"class_list":["post-181710","post","type-post","status-publish","format-standard","has-post-thumbnail","hentry","category-curiosidades","tag-curiosidades","tag-educados","tag-signo"],"yoast_head":"<!-- This site is optimized with the Yoast SEO plugin v24.6 - https:\/\/yoast.com\/wordpress\/plugins\/seo\/ -->\n<title>Pouca gente sabe, mas o signo das pessoas mais educadas do mundo \u00e9 este - Correio Braziliense - Radar<\/title>\n<meta name=\"description\" content=\"Entenda como a influ\u00eancia de V\u00eanus molda a gentileza, a empatia e a habilidade social de Libra no conv\u00edvio di\u00e1rio.\" \/>\n<meta name=\"robots\" content=\"index, follow, max-snippet:-1, max-image-preview:large, max-video-preview:-1\" \/>\n<link rel=\"canonical\" href=\"https:\/\/www.correiobraziliense.com.br\/cbradar\/pouca-gente-sabe-mas-o-signo-das-pessoas-mais-educadas-do-mundo-e-este\/\" \/>\n<meta property=\"og:locale\" content=\"pt_BR\" \/>\n<meta property=\"og:type\" content=\"article\" \/>\n<meta property=\"og:title\" content=\"Pouca gente sabe, mas o signo das pessoas mais educadas do mundo \u00e9 este - Correio Braziliense - Radar\" \/>\n<meta property=\"og:description\" content=\"Entenda como a influ\u00eancia de V\u00eanus molda a gentileza, a empatia e a habilidade social de Libra no conv\u00edvio di\u00e1rio.\" \/>\n<meta property=\"og:url\" content=\"https:\/\/www.correiobraziliense.com.br\/cbradar\/pouca-gente-sabe-mas-o-signo-das-pessoas-mais-educadas-do-mundo-e-este\/\" \/>\n<meta property=\"og:site_name\" content=\"Correio Braziliense - Radar\" \/>\n<meta property=\"article:published_time\" content=\"2026-01-26T10:56:41+00:00\" \/>\n<meta property=\"article:modified_time\" content=\"2026-01-26T10:56:44+00:00\" \/>\n<meta property=\"og:image\" content=\"https:\/\/www.correiobraziliense.com.br\/cbradar\/wp-content\/uploads\/2026\/01\/Gemini_Generated_Image_xxn84jxxn84jxxn8-1-1.png\" \/>\n\t<meta property=\"og:image:width\" content=\"1280\" \/>\n\t<meta property=\"og:image:height\" content=\"720\" \/>\n\t<meta property=\"og:image:type\" content=\"image\/png\" \/>\n<meta name=\"author\" content=\"Patrick Silva\" \/>\n<meta name=\"twitter:card\" content=\"summary_large_image\" \/>\n<meta name=\"twitter:label1\" content=\"Escrito por\" \/>\n\t<meta name=\"twitter:data1\" content=\"Patrick Silva\" \/>\n\t<meta name=\"twitter:label2\" content=\"Est. tempo de leitura\" \/>\n\t<meta name=\"twitter:data2\" content=\"4 minutos\" \/>\n<!-- \/ Yoast SEO plugin. -->","yoast_head_json":{"title":"Pouca gente sabe, mas o signo das pessoas mais educadas do mundo \u00e9 este - Correio Braziliense - Radar","description":"Entenda como a influ\u00eancia de V\u00eanus molda a gentileza, a empatia e a habilidade social de Libra no conv\u00edvio di\u00e1rio.","robots":{"index":"index","follow":"follow","max-snippet":"max-snippet:-1","max-image-preview":"max-image-preview:large","max-video-preview":"max-video-preview:-1"},"canonical":"https:\/\/www.correiobraziliense.com.br\/cbradar\/pouca-gente-sabe-mas-o-signo-das-pessoas-mais-educadas-do-mundo-e-este\/","og_locale":"pt_BR","og_type":"article","og_title":"Pouca gente sabe, mas o signo das pessoas mais educadas do mundo \u00e9 este - Correio Braziliense - Radar","og_description":"Entenda como a influ\u00eancia de V\u00eanus molda a gentileza, a empatia e a habilidade social de Libra no conv\u00edvio di\u00e1rio.","og_url":"https:\/\/www.correiobraziliense.com.br\/cbradar\/pouca-gente-sabe-mas-o-signo-das-pessoas-mais-educadas-do-mundo-e-este\/","og_site_name":"Correio Braziliense - Radar","article_published_time":"2026-01-26T10:56:41+00:00","article_modified_time":"2026-01-26T10:56:44+00:00","og_image":[{"width":1280,"height":720,"url":"https:\/\/www.correiobraziliense.com.br\/cbradar\/wp-content\/uploads\/2026\/01\/Gemini_Generated_Image_xxn84jxxn84jxxn8-1-1.png","type":"image\/png"}],"author":"Patrick Silva","twitter_card":"summary_large_image","twitter_misc":{"Escrito por":"Patrick Silva","Est. tempo de leitura":"4 minutos"},"schema":{"@context":"https:\/\/schema.org","@graph":[{"@type":"WebPage","@id":"https:\/\/www.correiobraziliense.com.br\/cbradar\/pouca-gente-sabe-mas-o-signo-das-pessoas-mais-educadas-do-mundo-e-este\/","url":"https:\/\/www.correiobraziliense.com.br\/cbradar\/pouca-gente-sabe-mas-o-signo-das-pessoas-mais-educadas-do-mundo-e-este\/","name":"Pouca gente sabe, mas o signo das pessoas mais educadas do mundo \u00e9 este - Correio Braziliense - Radar","isPartOf":{"@id":"https:\/\/www.correiobraziliense.com.br\/cbradar\/#website"},"primaryImageOfPage":{"@id":"https:\/\/www.correiobraziliense.com.br\/cbradar\/pouca-gente-sabe-mas-o-signo-das-pessoas-mais-educadas-do-mundo-e-este\/#primaryimage"},"image":{"@id":"https:\/\/www.correiobraziliense.com.br\/cbradar\/pouca-gente-sabe-mas-o-signo-das-pessoas-mais-educadas-do-mundo-e-este\/#primaryimage"},"thumbnailUrl":"https:\/\/www.correiobraziliense.com.br\/cbradar\/wp-content\/uploads\/2026\/01\/Gemini_Generated_Image_xxn84jxxn84jxxn8-1-1.png","datePublished":"2026-01-26T10:56:41+00:00","dateModified":"2026-01-26T10:56:44+00:00","author":{"@id":"https:\/\/www.correiobraziliense.com.br\/cbradar\/#\/schema\/person\/5440b72be9c7eb74f446c846479dc4da"},"description":"Entenda como a influ\u00eancia de V\u00eanus molda a gentileza, a empatia e a habilidade social de Libra no conv\u00edvio di\u00e1rio.","breadcrumb":{"@id":"https:\/\/www.correiobraziliense.com.br\/cbradar\/pouca-gente-sabe-mas-o-signo-das-pessoas-mais-educadas-do-mundo-e-este\/#breadcrumb"},"inLanguage":"pt-BR","potentialAction":[{"@type":"ReadAction","target":["https:\/\/www.correiobraziliense.com.br\/cbradar\/pouca-gente-sabe-mas-o-signo-das-pessoas-mais-educadas-do-mundo-e-este\/"]}]},{"@type":"ImageObject","inLanguage":"pt-BR","@id":"https:\/\/www.correiobraziliense.com.br\/cbradar\/pouca-gente-sabe-mas-o-signo-das-pessoas-mais-educadas-do-mundo-e-este\/#primaryimage","url":"https:\/\/www.correiobraziliense.com.br\/cbradar\/wp-content\/uploads\/2026\/01\/Gemini_Generated_Image_xxn84jxxn84jxxn8-1-1.png","contentUrl":"https:\/\/www.correiobraziliense.com.br\/cbradar\/wp-content\/uploads\/2026\/01\/Gemini_Generated_Image_xxn84jxxn84jxxn8-1-1.png","width":1280,"height":720,"caption":"Representa\u00e7\u00e3o simb\u00f3lica de equil\u00edbrio e harmonia associada \u00e0 postura educada e diplom\u00e1tica de Libra."},{"@type":"BreadcrumbList","@id":"https:\/\/www.correiobraziliense.com.br\/cbradar\/pouca-gente-sabe-mas-o-signo-das-pessoas-mais-educadas-do-mundo-e-este\/#breadcrumb","itemListElement":[{"@type":"ListItem","position":1,"name":"In\u00edcio","item":"https:\/\/www.correiobraziliense.com.br\/cbradar\/"},{"@type":"ListItem","position":2,"name":"Pouca gente sabe, mas o signo das pessoas mais educadas do mundo \u00e9 este"}]},{"@type":"WebSite","@id":"https:\/\/www.correiobraziliense.com.br\/cbradar\/#website","url":"https:\/\/www.correiobraziliense.com.br\/cbradar\/","name":"Correio Braziliense - Radar","description":"Acompanhe as \u00faltimas not\u00edcias e fique bem informado sobre tudo o que acontece no Brasil e no mundo.","potentialAction":[{"@type":"SearchAction","target":{"@type":"EntryPoint","urlTemplate":"https:\/\/www.correiobraziliense.com.br\/cbradar\/?s={search_term_string}"},"query-input":{"@type":"PropertyValueSpecification","valueRequired":true,"valueName":"search_term_string"}}],"inLanguage":"pt-BR"},{"@type":"Person","@id":"https:\/\/www.correiobraziliense.com.br\/cbradar\/#\/schema\/person\/5440b72be9c7eb74f446c846479dc4da","name":"Patrick Silva","image":{"@type":"ImageObject","inLanguage":"pt-BR","@id":"https:\/\/www.correiobraziliense.com.br\/cbradar\/#\/schema\/person\/image\/","url":"https:\/\/secure.gravatar.com\/avatar\/944109df296fc087785c9715fd5f80b2?s=96&d=mm&r=g","contentUrl":"https:\/\/secure.gravatar.com\/avatar\/944109df296fc087785c9715fd5f80b2?s=96&d=mm&r=g","caption":"Patrick Silva"},"sameAs":["https:\/\/www.correiobraziliense.com.br\/cbradar\/"],"url":"https:\/\/www.correiobraziliense.com.br\/cbradar\/author\/patrick-silva\/"}]}},"_links":{"self":[{"href":"https:\/\/www.correiobraziliense.com.br\/cbradar\/wp-json\/wp\/v2\/posts\/181710","targetHints":{"allow":["GET"]}}],"collection":[{"href":"https:\/\/www.correiobraziliense.com.br\/cbradar\/wp-json\/wp\/v2\/posts"}],"about":[{"href":"https:\/\/www.correiobraziliense.com.br\/cbradar\/wp-json\/wp\/v2\/types\/post"}],"author":[{"embeddable":true,"href":"https:\/\/www.correiobraziliense.com.br\/cbradar\/wp-json\/wp\/v2\/users\/21"}],"replies":[{"embeddable":true,"href":"https:\/\/www.correiobraziliense.com.br\/cbradar\/wp-json\/wp\/v2\/comments?post=181710"}],"version-history":[{"count":2,"href":"https:\/\/www.correiobraziliense.com.br\/cbradar\/wp-json\/wp\/v2\/posts\/181710\/revisions"}],"predecessor-version":[{"id":181724,"href":"https:\/\/www.correiobraziliense.com.br\/cbradar\/wp-json\/wp\/v2\/posts\/181710\/revisions\/181724"}],"wp:featuredmedia":[{"embeddable":true,"href":"https:\/\/www.correiobraziliense.com.br\/cbradar\/wp-json\/wp\/v2\/media\/181720"}],"wp:attachment":[{"href":"https:\/\/www.correiobraziliense.com.br\/cbradar\/wp-json\/wp\/v2\/media?parent=181710"}],"wp:term":[{"taxonomy":"category","embeddable":true,"href":"https:\/\/www.correiobraziliense.com.br\/cbradar\/wp-json\/wp\/v2\/categories?post=181710"},{"taxonomy":"post_tag","embeddable":true,"href":"https:\/\/www.correiobraziliense.com.br\/cbradar\/wp-json\/wp\/v2\/post_tag?post=181710"}],"curies":[{"name":"wp","href":"https:\/\/api.w.org\/{rel}","templated":true}]}}