{"id":181749,"date":"2026-01-26T20:15:00","date_gmt":"2026-01-26T23:15:00","guid":{"rendered":"https:\/\/www.correiobraziliense.com.br\/cbradar\/?p=181749"},"modified":"2026-01-26T02:15:25","modified_gmt":"2026-01-26T05:15:25","slug":"essa-farinha-rica-em-amido-resistente-ajuda-a-regular-o-intestino-e-a-glicemia-segundo-a-ciencia","status":"publish","type":"post","link":"https:\/\/www.correiobraziliense.com.br\/cbradar\/essa-farinha-rica-em-amido-resistente-ajuda-a-regular-o-intestino-e-a-glicemia-segundo-a-ciencia\/","title":{"rendered":"Essa farinha rica em amido resistente ajuda a regular o intestino e a glicemia, segundo a ci\u00eancia"},"content":{"rendered":"\n<p><strong>A farinha de banana-verde \u00e9 um alimento funcional obtido a partir da banana ainda verde, antes do amadurecimento.<\/strong> Nesse est\u00e1gio, a fruta \u00e9 naturalmente rica em amido resistente, um tipo de carboidrato que n\u00e3o \u00e9 digerido no intestino delgado e atua de forma semelhante \u00e0s fibras alimentares, trazendo efeitos positivos para o intestino, o metabolismo e a sa\u00fade geral.<\/p>\n\n\n\n<h2 class=\"wp-block-heading\">O que \u00e9 a farinha de banana-verde e por que ela \u00e9 diferente?<\/h2>\n\n\n\n<p><strong>A farinha de banana-verde se diferencia por conter altas quantidades de amido resistente<\/strong>, um composto que chega intacto ao intestino grosso e serve de alimento para bact\u00e9rias ben\u00e9ficas da microbiota. Diferente das farinhas refinadas, ela n\u00e3o provoca picos r\u00e1pidos de glicose no sangue.<\/p>\n\n\n\n<p>Al\u00e9m disso, por ser feita a partir da banana ainda verde, a farinha mant\u00e9m caracter\u00edsticas funcionais que se perdem no amadurecimento da fruta. Isso explica por que ela \u00e9 cada vez mais estudada e utilizada em estrat\u00e9gias alimentares voltadas \u00e0 sa\u00fade intestinal e metab\u00f3lica.<\/p>\n\n\n<div class=\"wp-block-image\">\n<figure class=\"aligncenter size-large\"><img decoding=\"async\" width=\"1024\" height=\"576\" src=\"https:\/\/www.correiobraziliense.com.br\/cbradar\/wp-content\/uploads\/2026\/01\/farinha-banana-verde_1769403262054-1024x576.jpg\" alt=\"Essa farinha rica em amido resistente ajuda a regular o intestino e a glicemia, segundo a ci\u00eancia\" class=\"wp-image-181842\" srcset=\"https:\/\/www.correiobraziliense.com.br\/cbradar\/wp-content\/uploads\/2026\/01\/farinha-banana-verde_1769403262054-1024x576.jpg 1024w, https:\/\/www.correiobraziliense.com.br\/cbradar\/wp-content\/uploads\/2026\/01\/farinha-banana-verde_1769403262054-300x169.jpg 300w, https:\/\/www.correiobraziliense.com.br\/cbradar\/wp-content\/uploads\/2026\/01\/farinha-banana-verde_1769403262054-768x432.jpg 768w, https:\/\/www.correiobraziliense.com.br\/cbradar\/wp-content\/uploads\/2026\/01\/farinha-banana-verde_1769403262054-750x422.jpg 750w, https:\/\/www.correiobraziliense.com.br\/cbradar\/wp-content\/uploads\/2026\/01\/farinha-banana-verde_1769403262054-1140x641.jpg 1140w, https:\/\/www.correiobraziliense.com.br\/cbradar\/wp-content\/uploads\/2026\/01\/farinha-banana-verde_1769403262054.jpg 1280w\" sizes=\"(max-width: 1024px) 100vw, 1024px\" \/><figcaption class=\"wp-element-caption\">Farinha de banana verde revoluciona a sa\u00fade intestinal, promove saciedade e energia duradoura, transformando refei\u00e7\u00f5es em aliados de bem-estar! \/ Cr\u00e9ditos: depositphotos.com \/ CUNDO<\/figcaption><\/figure><\/div>\n\n\n<h2 class=\"wp-block-heading\">Como a farinha de banana-verde melhora a sa\u00fade do intestino?<\/h2>\n\n\n\n<p><strong>O consumo regular da farinha de banana-verde favorece o equil\u00edbrio da microbiota intestinal.<\/strong> O amido resistente funciona como um probi\u00f3tico, estimulando o crescimento de bact\u00e9rias ben\u00e9ficas que auxiliam na digest\u00e3o e na prote\u00e7\u00e3o do intestino.<\/p>\n\n\n\n<p>Esse efeito contribui para melhora do tr\u00e2nsito intestinal, redu\u00e7\u00e3o de constipa\u00e7\u00e3o e fortalecimento da barreira intestinal. Um intestino mais saud\u00e1vel impacta diretamente a imunidade e o bem-estar geral, j\u00e1 que grande parte das defesas do corpo est\u00e1 ligada ao sistema digestivo.<\/p>\n\n\n\n<h2 class=\"wp-block-heading\">A farinha de banana-verde ajuda no controle da glicemia?<\/h2>\n\n\n\n<p><strong>Sim, a farinha de banana-verde auxilia no controle da glicemia por retardar a absor\u00e7\u00e3o de carboidratos.<\/strong> Como o amido resistente n\u00e3o \u00e9 rapidamente convertido em glicose, ele evita picos de a\u00e7\u00facar no sangue ap\u00f3s as refei\u00e7\u00f5es.<\/p>\n\n\n\n<p>Esse efeito \u00e9 especialmente ben\u00e9fico para pessoas com resist\u00eancia \u00e0 insulina ou diabetes tipo 2, al\u00e9m de ajudar quem busca mais estabilidade energ\u00e9tica ao longo do dia. O resultado costuma ser uma libera\u00e7\u00e3o mais gradual de energia e menor oscila\u00e7\u00e3o glic\u00eamica.<\/p>\n\n\n\n<p><strong>Aproveite os benef\u00edcios de um dos alimentos funcionais mais estudados pela ci\u00eancia atualmente.<\/strong> O v\u00eddeo \u00e9 do canal<strong> Nutricionista Rodrigo Zanetti<\/strong>, que apresenta conte\u00fados sobre nutri\u00e7\u00e3o e educa\u00e7\u00e3o f\u00edsica, e detalha como a farinha de banana-verde auxilia no emagrecimento, controle da glicemia e sa\u00fade intestinal:<\/p>\n\n\n\n<figure class=\"wp-block-embed aligncenter is-type-video is-provider-youtube wp-block-embed-youtube wp-embed-aspect-16-9 wp-has-aspect-ratio\"><div class=\"wp-block-embed__wrapper\">\n<div class=\"jeg_video_container jeg_video_content\"><iframe loading=\"lazy\" title=\"5 benef\u00edcios incr\u00edveis da farinha de banana verde\" width=\"500\" height=\"281\" src=\"https:\/\/www.youtube.com\/embed\/iu98PrM8w_E?feature=oembed\" frameborder=\"0\" allow=\"accelerometer; autoplay; clipboard-write; encrypted-media; gyroscope; picture-in-picture; web-share\" referrerpolicy=\"strict-origin-when-cross-origin\" allowfullscreen><\/iframe><\/div>\n<\/div><\/figure>\n\n\n\n<h2 class=\"wp-block-heading\">Ela contribui para a redu\u00e7\u00e3o de inflama\u00e7\u00f5es no organismo?<\/h2>\n\n\n\n<p><strong>Estudos indicam que o amido resistente est\u00e1 associado \u00e0 redu\u00e7\u00e3o de processos inflamat\u00f3rios intestinais e sist\u00eamicos.<\/strong> Ao fortalecer a microbiota, a farinha de banana-verde ajuda a diminuir a inflama\u00e7\u00e3o cr\u00f4nica de baixo grau, ligada a diversas doen\u00e7as metab\u00f3licas.<\/p>\n\n\n\n<p>Esse efeito ocorre porque bact\u00e9rias ben\u00e9ficas produzem \u00e1cidos graxos de cadeia curta durante a fermenta\u00e7\u00e3o do amido resistente, subst\u00e2ncias que atuam na prote\u00e7\u00e3o das c\u00e9lulas intestinais e na modula\u00e7\u00e3o da inflama\u00e7\u00e3o.<\/p>\n\n\n\n<p><strong>Leia tamb\u00e9m: <a href=\"https:\/\/www.correiobraziliense.com.br\/cbradar\/o-que-significa-ter-aranhas-dentro-de-casa-com-frequencia-segundo-especialistas\/\" target=\"_blank\" rel=\"noreferrer noopener\">O que significa ter aranhas dentro de casa com frequ\u00eancia, segundo especialistas.<\/a><\/strong><\/p>\n\n\n<div class=\"wp-block-image\">\n<figure class=\"aligncenter size-large\"><img decoding=\"async\" width=\"1024\" height=\"576\" src=\"https:\/\/www.correiobraziliense.com.br\/cbradar\/wp-content\/uploads\/2026\/01\/farinha-banana-verde_1769403345511-1024x576.jpg\" alt=\"Essa farinha rica em amido resistente ajuda a regular o intestino e a glicemia, segundo a ci\u00eancia\" class=\"wp-image-181844\" srcset=\"https:\/\/www.correiobraziliense.com.br\/cbradar\/wp-content\/uploads\/2026\/01\/farinha-banana-verde_1769403345511-1024x576.jpg 1024w, https:\/\/www.correiobraziliense.com.br\/cbradar\/wp-content\/uploads\/2026\/01\/farinha-banana-verde_1769403345511-300x169.jpg 300w, https:\/\/www.correiobraziliense.com.br\/cbradar\/wp-content\/uploads\/2026\/01\/farinha-banana-verde_1769403345511-768x432.jpg 768w, https:\/\/www.correiobraziliense.com.br\/cbradar\/wp-content\/uploads\/2026\/01\/farinha-banana-verde_1769403345511-750x422.jpg 750w, https:\/\/www.correiobraziliense.com.br\/cbradar\/wp-content\/uploads\/2026\/01\/farinha-banana-verde_1769403345511-1140x641.jpg 1140w, https:\/\/www.correiobraziliense.com.br\/cbradar\/wp-content\/uploads\/2026\/01\/farinha-banana-verde_1769403345511.jpg 1280w\" sizes=\"(max-width: 1024px) 100vw, 1024px\" \/><figcaption class=\"wp-element-caption\">Adicione farinha de banana verde a iogurtes, vitaminas ou panquecas para sabor suave, crocante e digest\u00e3o leve no caf\u00e9 da manh\u00e3! \/ Cr\u00e9ditos: depositphotos.com \/ AtlasStudio<\/figcaption><\/figure><\/div>\n\n\n<h2 class=\"wp-block-heading\">A farinha de banana-verde auxilia no controle do peso?<\/h2>\n\n\n\n<p><strong>A farinha de banana-verde pode contribuir para o controle do peso ao aumentar a saciedade.<\/strong> Por agir como fibra, ela prolonga a digest\u00e3o e reduz a fome entre as refei\u00e7\u00f5es, ajudando no controle da ingest\u00e3o cal\u00f3rica di\u00e1ria.<\/p>\n\n\n\n<p>Al\u00e9m disso, o efeito sobre a glicemia e o intestino cria um ambiente metab\u00f3lico mais favor\u00e1vel, o que facilita a manuten\u00e7\u00e3o de h\u00e1bitos alimentares equilibrados ao longo do tempo.<\/p>\n\n\n\n<p>Antes de incluir no dia a dia, vale conhecer formas simples de consumo:<\/p>\n\n\n\n<ul class=\"wp-block-list\">\n<li>Misturada em vitaminas ou sucos<\/li>\n\n\n\n<li>Adicionada a iogurtes ou frutas<\/li>\n\n\n\n<li>Utilizada em prepara\u00e7\u00f5es como panquecas e bolos<\/li>\n<\/ul>\n\n\n\n<h2 class=\"wp-block-heading\">Quem pode consumir e quais cuidados s\u00e3o importantes?<\/h2>\n\n\n\n<p><strong>A maioria das pessoas pode consumir farinha de banana-verde com seguran\u00e7a<\/strong>, desde que a introdu\u00e7\u00e3o seja gradual. Por ser rica em fibras, o consumo excessivo ou repentino pode causar gases ou desconforto intestinal em algumas pessoas.<\/p>\n\n\n\n<p>Manter boa hidrata\u00e7\u00e3o e respeitar por\u00e7\u00f5es moderadas ajuda a evitar esses efeitos. Pessoas com condi\u00e7\u00f5es intestinais espec\u00edficas devem buscar orienta\u00e7\u00e3o profissional antes de inclu\u00ed-la regularmente.<\/p>\n\n\n\n<p>A farinha de banana-verde n\u00e3o \u00e9 um alimento milagroso, mas <strong>\u00e9 uma aliada poderosa quando inserida em uma alimenta\u00e7\u00e3o equilibrada<\/strong>. Seus benef\u00edcios comprovados para o intestino, a glicemia, a inflama\u00e7\u00e3o e a saciedade mostram como escolhas simples podem gerar impactos reais na sa\u00fade a longo prazo.<\/p>\n","protected":false},"excerpt":{"rendered":"<p>A farinha de banana-verde \u00e9 um alimento funcional obtido a partir da banana ainda verde, antes do amadurecimento. Nesse est\u00e1gio, a fruta \u00e9 naturalmente rica em amido resistente, um tipo de carboidrato que n\u00e3o \u00e9 digerido no intestino delgado e atua de forma semelhante \u00e0s fibras alimentares, trazendo efeitos positivos para o intestino, o metabolismo [&hellip;]<\/p>\n","protected":false},"author":8,"featured_media":181846,"comment_status":"open","ping_status":"open","sticky":false,"template":"","format":"standard","meta":{"_yoast_wpseo_focuskw":"farinha para o intestino","_yoast_wpseo_title":"","_yoast_wpseo_metadesc":"Uma farinha rica em amido resistente chamou aten\u00e7\u00e3o da ci\u00eancia por seus efeitos no intestino e no controle glic\u00eamico.","jnews-multi-image_gallery":[],"jnews_single_post":{"format":"standard"},"jnews_primary_category":[],"jnews_social_meta":[],"jnews_override_counter":[],"footnotes":""},"categories":[112],"tags":[10025,11060],"class_list":["post-181749","post","type-post","status-publish","format-standard","has-post-thumbnail","hentry","category-curiosidades","tag-banana-verde","tag-farinha"],"yoast_head":"<!-- This site is optimized with the Yoast SEO plugin v24.6 - https:\/\/yoast.com\/wordpress\/plugins\/seo\/ -->\n<title>Essa farinha rica em amido resistente ajuda a regular o intestino e a glicemia, segundo a ci\u00eancia - Correio Braziliense - Radar<\/title>\n<meta name=\"description\" content=\"Uma farinha rica em amido resistente chamou aten\u00e7\u00e3o da ci\u00eancia por seus efeitos no intestino e no controle glic\u00eamico.\" \/>\n<meta name=\"robots\" content=\"index, follow, max-snippet:-1, max-image-preview:large, max-video-preview:-1\" \/>\n<link rel=\"canonical\" href=\"https:\/\/www.correiobraziliense.com.br\/cbradar\/essa-farinha-rica-em-amido-resistente-ajuda-a-regular-o-intestino-e-a-glicemia-segundo-a-ciencia\/\" \/>\n<meta property=\"og:locale\" content=\"pt_BR\" \/>\n<meta property=\"og:type\" content=\"article\" \/>\n<meta property=\"og:title\" content=\"Essa farinha rica em amido resistente ajuda a regular o intestino e a glicemia, segundo a ci\u00eancia - Correio Braziliense - Radar\" \/>\n<meta property=\"og:description\" content=\"Uma farinha rica em amido resistente chamou aten\u00e7\u00e3o da ci\u00eancia por seus efeitos no intestino e no controle glic\u00eamico.\" \/>\n<meta property=\"og:url\" content=\"https:\/\/www.correiobraziliense.com.br\/cbradar\/essa-farinha-rica-em-amido-resistente-ajuda-a-regular-o-intestino-e-a-glicemia-segundo-a-ciencia\/\" \/>\n<meta property=\"og:site_name\" content=\"Correio Braziliense - Radar\" \/>\n<meta property=\"article:published_time\" content=\"2026-01-26T23:15:00+00:00\" \/>\n<meta property=\"og:image\" content=\"https:\/\/www.correiobraziliense.com.br\/cbradar\/wp-content\/uploads\/2026\/01\/farinha-banana-verde_1769403405028.jpg\" \/>\n\t<meta property=\"og:image:width\" content=\"1280\" \/>\n\t<meta property=\"og:image:height\" content=\"720\" \/>\n\t<meta property=\"og:image:type\" content=\"image\/jpeg\" \/>\n<meta name=\"author\" content=\"Maura Pereira\" \/>\n<meta name=\"twitter:card\" content=\"summary_large_image\" \/>\n<meta name=\"twitter:label1\" content=\"Escrito por\" \/>\n\t<meta name=\"twitter:data1\" content=\"Maura Pereira\" \/>\n\t<meta name=\"twitter:label2\" content=\"Est. tempo de leitura\" \/>\n\t<meta name=\"twitter:data2\" content=\"5 minutos\" \/>\n<!-- \/ Yoast SEO plugin. -->","yoast_head_json":{"title":"Essa farinha rica em amido resistente ajuda a regular o intestino e a glicemia, segundo a ci\u00eancia - Correio Braziliense - Radar","description":"Uma farinha rica em amido resistente chamou aten\u00e7\u00e3o da ci\u00eancia por seus efeitos no intestino e no controle glic\u00eamico.","robots":{"index":"index","follow":"follow","max-snippet":"max-snippet:-1","max-image-preview":"max-image-preview:large","max-video-preview":"max-video-preview:-1"},"canonical":"https:\/\/www.correiobraziliense.com.br\/cbradar\/essa-farinha-rica-em-amido-resistente-ajuda-a-regular-o-intestino-e-a-glicemia-segundo-a-ciencia\/","og_locale":"pt_BR","og_type":"article","og_title":"Essa farinha rica em amido resistente ajuda a regular o intestino e a glicemia, segundo a ci\u00eancia - Correio Braziliense - Radar","og_description":"Uma farinha rica em amido resistente chamou aten\u00e7\u00e3o da ci\u00eancia por seus efeitos no intestino e no controle glic\u00eamico.","og_url":"https:\/\/www.correiobraziliense.com.br\/cbradar\/essa-farinha-rica-em-amido-resistente-ajuda-a-regular-o-intestino-e-a-glicemia-segundo-a-ciencia\/","og_site_name":"Correio Braziliense - Radar","article_published_time":"2026-01-26T23:15:00+00:00","og_image":[{"width":1280,"height":720,"url":"https:\/\/www.correiobraziliense.com.br\/cbradar\/wp-content\/uploads\/2026\/01\/farinha-banana-verde_1769403405028.jpg","type":"image\/jpeg"}],"author":"Maura Pereira","twitter_card":"summary_large_image","twitter_misc":{"Escrito por":"Maura Pereira","Est. tempo de leitura":"5 minutos"},"schema":{"@context":"https:\/\/schema.org","@graph":[{"@type":"WebPage","@id":"https:\/\/www.correiobraziliense.com.br\/cbradar\/essa-farinha-rica-em-amido-resistente-ajuda-a-regular-o-intestino-e-a-glicemia-segundo-a-ciencia\/","url":"https:\/\/www.correiobraziliense.com.br\/cbradar\/essa-farinha-rica-em-amido-resistente-ajuda-a-regular-o-intestino-e-a-glicemia-segundo-a-ciencia\/","name":"Essa farinha rica em amido resistente ajuda a regular o intestino e a glicemia, segundo a ci\u00eancia - Correio Braziliense - Radar","isPartOf":{"@id":"https:\/\/www.correiobraziliense.com.br\/cbradar\/#website"},"primaryImageOfPage":{"@id":"https:\/\/www.correiobraziliense.com.br\/cbradar\/essa-farinha-rica-em-amido-resistente-ajuda-a-regular-o-intestino-e-a-glicemia-segundo-a-ciencia\/#primaryimage"},"image":{"@id":"https:\/\/www.correiobraziliense.com.br\/cbradar\/essa-farinha-rica-em-amido-resistente-ajuda-a-regular-o-intestino-e-a-glicemia-segundo-a-ciencia\/#primaryimage"},"thumbnailUrl":"https:\/\/www.correiobraziliense.com.br\/cbradar\/wp-content\/uploads\/2026\/01\/farinha-banana-verde_1769403405028.jpg","datePublished":"2026-01-26T23:15:00+00:00","author":{"@id":"https:\/\/www.correiobraziliense.com.br\/cbradar\/#\/schema\/person\/4053c651a9bfc785afc6f4cbc9032fd3"},"description":"Uma farinha rica em amido resistente chamou aten\u00e7\u00e3o da ci\u00eancia por seus efeitos no intestino e no controle glic\u00eamico.","breadcrumb":{"@id":"https:\/\/www.correiobraziliense.com.br\/cbradar\/essa-farinha-rica-em-amido-resistente-ajuda-a-regular-o-intestino-e-a-glicemia-segundo-a-ciencia\/#breadcrumb"},"inLanguage":"pt-BR","potentialAction":[{"@type":"ReadAction","target":["https:\/\/www.correiobraziliense.com.br\/cbradar\/essa-farinha-rica-em-amido-resistente-ajuda-a-regular-o-intestino-e-a-glicemia-segundo-a-ciencia\/"]}]},{"@type":"ImageObject","inLanguage":"pt-BR","@id":"https:\/\/www.correiobraziliense.com.br\/cbradar\/essa-farinha-rica-em-amido-resistente-ajuda-a-regular-o-intestino-e-a-glicemia-segundo-a-ciencia\/#primaryimage","url":"https:\/\/www.correiobraziliense.com.br\/cbradar\/wp-content\/uploads\/2026\/01\/farinha-banana-verde_1769403405028.jpg","contentUrl":"https:\/\/www.correiobraziliense.com.br\/cbradar\/wp-content\/uploads\/2026\/01\/farinha-banana-verde_1769403405028.jpg","width":1280,"height":720,"caption":"Farinha de banana verde revoluciona a sa\u00fade intestinal, promove saciedade e energia duradoura, transformando refei\u00e7\u00f5es em aliados de bem-estar! \/ Cr\u00e9ditos: depositphotos.com \/ CUNDO"},{"@type":"BreadcrumbList","@id":"https:\/\/www.correiobraziliense.com.br\/cbradar\/essa-farinha-rica-em-amido-resistente-ajuda-a-regular-o-intestino-e-a-glicemia-segundo-a-ciencia\/#breadcrumb","itemListElement":[{"@type":"ListItem","position":1,"name":"In\u00edcio","item":"https:\/\/www.correiobraziliense.com.br\/cbradar\/"},{"@type":"ListItem","position":2,"name":"Essa farinha rica em amido resistente ajuda a regular o intestino e a glicemia, segundo a ci\u00eancia"}]},{"@type":"WebSite","@id":"https:\/\/www.correiobraziliense.com.br\/cbradar\/#website","url":"https:\/\/www.correiobraziliense.com.br\/cbradar\/","name":"Correio Braziliense - Radar","description":"Acompanhe as \u00faltimas not\u00edcias e fique bem informado sobre tudo o que acontece no Brasil e no mundo.","potentialAction":[{"@type":"SearchAction","target":{"@type":"EntryPoint","urlTemplate":"https:\/\/www.correiobraziliense.com.br\/cbradar\/?s={search_term_string}"},"query-input":{"@type":"PropertyValueSpecification","valueRequired":true,"valueName":"search_term_string"}}],"inLanguage":"pt-BR"},{"@type":"Person","@id":"https:\/\/www.correiobraziliense.com.br\/cbradar\/#\/schema\/person\/4053c651a9bfc785afc6f4cbc9032fd3","name":"Maura Pereira","image":{"@type":"ImageObject","inLanguage":"pt-BR","@id":"https:\/\/www.correiobraziliense.com.br\/cbradar\/#\/schema\/person\/image\/","url":"https:\/\/secure.gravatar.com\/avatar\/3effd6bdadfa447f15089c7f7144eaa6?s=96&d=mm&r=g","contentUrl":"https:\/\/secure.gravatar.com\/avatar\/3effd6bdadfa447f15089c7f7144eaa6?s=96&d=mm&r=g","caption":"Maura Pereira"},"sameAs":["https:\/\/www.correiobraziliense.com.br\/"],"url":"https:\/\/www.correiobraziliense.com.br\/cbradar\/author\/mauramyth\/"}]}},"_links":{"self":[{"href":"https:\/\/www.correiobraziliense.com.br\/cbradar\/wp-json\/wp\/v2\/posts\/181749","targetHints":{"allow":["GET"]}}],"collection":[{"href":"https:\/\/www.correiobraziliense.com.br\/cbradar\/wp-json\/wp\/v2\/posts"}],"about":[{"href":"https:\/\/www.correiobraziliense.com.br\/cbradar\/wp-json\/wp\/v2\/types\/post"}],"author":[{"embeddable":true,"href":"https:\/\/www.correiobraziliense.com.br\/cbradar\/wp-json\/wp\/v2\/users\/8"}],"replies":[{"embeddable":true,"href":"https:\/\/www.correiobraziliense.com.br\/cbradar\/wp-json\/wp\/v2\/comments?post=181749"}],"version-history":[{"count":15,"href":"https:\/\/www.correiobraziliense.com.br\/cbradar\/wp-json\/wp\/v2\/posts\/181749\/revisions"}],"predecessor-version":[{"id":181854,"href":"https:\/\/www.correiobraziliense.com.br\/cbradar\/wp-json\/wp\/v2\/posts\/181749\/revisions\/181854"}],"wp:featuredmedia":[{"embeddable":true,"href":"https:\/\/www.correiobraziliense.com.br\/cbradar\/wp-json\/wp\/v2\/media\/181846"}],"wp:attachment":[{"href":"https:\/\/www.correiobraziliense.com.br\/cbradar\/wp-json\/wp\/v2\/media?parent=181749"}],"wp:term":[{"taxonomy":"category","embeddable":true,"href":"https:\/\/www.correiobraziliense.com.br\/cbradar\/wp-json\/wp\/v2\/categories?post=181749"},{"taxonomy":"post_tag","embeddable":true,"href":"https:\/\/www.correiobraziliense.com.br\/cbradar\/wp-json\/wp\/v2\/tags?post=181749"}],"curies":[{"name":"wp","href":"https:\/\/api.w.org\/{rel}","templated":true}]}}