{"id":181802,"date":"2026-01-27T09:25:32","date_gmt":"2026-01-27T12:25:32","guid":{"rendered":"https:\/\/www.correiobraziliense.com.br\/cbradar\/?p=181802"},"modified":"2026-01-26T15:26:45","modified_gmt":"2026-01-26T18:26:45","slug":"as-plantas-seguras-que-deixam-o-quarto-infantil-mais-aconchegante-e-facil-de-cuidar","status":"publish","type":"post","link":"https:\/\/www.correiobraziliense.com.br\/cbradar\/as-plantas-seguras-que-deixam-o-quarto-infantil-mais-aconchegante-e-facil-de-cuidar\/","title":{"rendered":"As plantas seguras que deixam o quarto infantil mais aconchegante e f\u00e1cil de cuidar"},"content":{"rendered":"\n<p>Montar um quarto infantil com plantas naturais \u00e9 uma forma de trazer mais contato com a natureza para o dia a dia das crian\u00e7as. Al\u00e9m do aspecto visual, algumas esp\u00e9cies podem ajudar na umidifica\u00e7\u00e3o do ar e na sensa\u00e7\u00e3o de bem-estar do ambiente. Ao escolher as <strong>melhores plantas para quarto infantil<\/strong>, \u00e9 importante considerar fatores como toxicidade, necessidade de luz e facilidade de manuten\u00e7\u00e3o.<\/p>\n\n\n\n<h2 class=\"wp-block-heading\">Quais s\u00e3o as melhores plantas para quarto infantil?<\/h2>\n\n\n\n<p>Na hora de definir as melhores plantas para quarto infantil, um dos crit\u00e9rios mais citados por especialistas \u00e9 a aus\u00eancia de toxicidade em caso de contato acidental. Al\u00e9m disso, valorizam-se esp\u00e9cies que toleram meia-sombra, j\u00e1 que muitos quartos n\u00e3o recebem sol direto o dia todo. Outro ponto observado \u00e9 a facilidade de cuidado, favorecendo rotinas corridas.<\/p>\n\n\n\n<p>Entre as esp\u00e9cies frequentemente indicadas para ambientes com crian\u00e7as est\u00e3o:<\/p>\n\n\n\n<ul class=\"wp-block-list\">\n<li><strong>Maranta<\/strong> (calathea e similares), conhecida pelas folhas decorativas e pela boa adapta\u00e7\u00e3o \u00e0 sombra;<\/li>\n\n\n\n<li><strong>Samambaia<\/strong>, que ajuda a manter o ar mais \u00famido e cresce bem em suportes altos;<\/li>\n\n\n\n<li><strong>Jiboia<\/strong> em vers\u00f5es suspensas, mantida fora de alcance, valorizada pela resist\u00eancia em locais internos;<\/li>\n\n\n\n<li><strong>Pilea<\/strong> (planta-chinesa-do-dinheiro), compacta e de f\u00e1cil manejo em pequenos vasos;<\/li>\n\n\n\n<li><strong>Peper\u00f4mia<\/strong>, em diferentes variedades, que se adapta a ambientes internos com pouca luz direta.<\/li>\n<\/ul>\n\n\n<div class=\"wp-block-image\">\n<figure class=\"aligncenter size-large\"><img decoding=\"async\" width=\"1024\" height=\"576\" src=\"https:\/\/www.correiobraziliense.com.br\/cbradar\/wp-content\/uploads\/2026\/01\/Gemini_Generated_Image_b2mtnkb2mtnkb2mt-1-1024x576.png\" alt=\"\" class=\"wp-image-181815\" srcset=\"https:\/\/www.correiobraziliense.com.br\/cbradar\/wp-content\/uploads\/2026\/01\/Gemini_Generated_Image_b2mtnkb2mtnkb2mt-1-1024x576.png 1024w, https:\/\/www.correiobraziliense.com.br\/cbradar\/wp-content\/uploads\/2026\/01\/Gemini_Generated_Image_b2mtnkb2mtnkb2mt-1-300x169.png 300w, https:\/\/www.correiobraziliense.com.br\/cbradar\/wp-content\/uploads\/2026\/01\/Gemini_Generated_Image_b2mtnkb2mtnkb2mt-1-768x432.png 768w, https:\/\/www.correiobraziliense.com.br\/cbradar\/wp-content\/uploads\/2026\/01\/Gemini_Generated_Image_b2mtnkb2mtnkb2mt-1-750x422.png 750w, https:\/\/www.correiobraziliense.com.br\/cbradar\/wp-content\/uploads\/2026\/01\/Gemini_Generated_Image_b2mtnkb2mtnkb2mt-1-1140x641.png 1140w, https:\/\/www.correiobraziliense.com.br\/cbradar\/wp-content\/uploads\/2026\/01\/Gemini_Generated_Image_b2mtnkb2mtnkb2mt-1.png 1280w\" sizes=\"(max-width: 1024px) 100vw, 1024px\" \/><figcaption class=\"wp-element-caption\">Na hora de definir as melhores plantas para quarto infantil, um dos crit\u00e9rios mais citados por especialistas \u00e9 a aus\u00eancia de toxicidade<\/figcaption><\/figure><\/div>\n\n\n<p>\u00c9 recomend\u00e1vel posicionar vasos sobre m\u00f3veis altos ou prateleiras, principalmente em quartos de beb\u00eas, para evitar que crian\u00e7as pequenas mexam na terra ou nas folhas com frequ\u00eancia.<\/p>\n\n\n\n<p>Leia tamb\u00e9m:&nbsp;<a href=\"https:\/\/www.correiobraziliense.com.br\/cbradar\/o-que-muita-gente-cozinha-e-nem-sabe-que-pode-plantar-em-casa-para-ter-sempre-a-mao\/\" target=\"_blank\" rel=\"noopener\">O que muita gente cozinha e nem sabe que pode plantar em casa para ter sempre \u00e0 m\u00e3o<\/a><\/p>\n\n\n\n<h2 class=\"wp-block-heading\">Como escolher plantas seguras para crian\u00e7as?<\/h2>\n\n\n\n<p>A seguran\u00e7a \u00e9 um dos principais crit\u00e9rios na escolha das <strong>plantas para quarto de crian\u00e7a<\/strong>. Antes de levar qualquer esp\u00e9cie para o ambiente, muitas fam\u00edlias consultam listas de plantas t\u00f3xicas e n\u00e3o t\u00f3xicas, buscando informa\u00e7\u00f5es atualizadas. Tamb\u00e9m se avalia o porte da planta e a possibilidade de quedas de vasos ou prateleiras em \u00e1reas de circula\u00e7\u00e3o.<\/p>\n\n\n\n<p>Para facilitar, alguns pontos costumam ser observados:<\/p>\n\n\n\n<ol class=\"wp-block-list\">\n<li><strong>Verificar toxicidade<\/strong>: pesquisar se folhas, flores ou seiva podem causar irrita\u00e7\u00f5es na pele ou mucosas;<\/li>\n\n\n\n<li><strong>Observar espinhos e pontas<\/strong>: evitar cactos e plantas com folhas r\u00edgidas e pontiagudas em locais acess\u00edveis;<\/li>\n\n\n\n<li><strong>Analisar o local do vaso<\/strong>: preferir suportes fixos, prateleiras firmes ou macram\u00eas presos corretamente ao teto;<\/li>\n\n\n\n<li><strong>Optar por esp\u00e9cies resistentes<\/strong>: dar prefer\u00eancia a plantas que toleram pequenas falhas de rega e varia\u00e7\u00f5es de luz;<\/li>\n\n\n\n<li><strong>Facilidade de limpeza<\/strong>: escolher plantas que n\u00e3o soltem muitas folhas secas sobre o ch\u00e3o do quarto.<\/li>\n<\/ol>\n\n\n\n<p>Mesmo com esp\u00e9cies consideradas seguras, \u00e9 comum manter uma supervis\u00e3o constante e ensinar a crian\u00e7a, conforme a idade, a observar as plantas sem arrancar folhas ou colocar partes na boca. Se voc\u00ea gosta de curiosidades, separamos esse v\u00eddeo do canal <a href=\"https:\/\/www.youtube.com\/@vidanojardim\" target=\"_blank\" rel=\"noreferrer noopener\">Vida no Jardim<\/a> mostrando alguns plantas seguras para as crian\u00e7as: <\/p>\n\n\n\n<figure class=\"wp-block-embed is-type-video is-provider-youtube wp-block-embed-youtube wp-embed-aspect-16-9 wp-has-aspect-ratio\"><div class=\"wp-block-embed__wrapper\">\n<div class=\"jeg_video_container jeg_video_content\"><iframe loading=\"lazy\" title=\"7 PLANTAS SEGURAS e DIVERTIDAS para CRIANC\u0327AS\" width=\"500\" height=\"281\" src=\"https:\/\/www.youtube.com\/embed\/UidMlOMH7Fg?feature=oembed\" frameborder=\"0\" allow=\"accelerometer; autoplay; clipboard-write; encrypted-media; gyroscope; picture-in-picture; web-share\" referrerpolicy=\"strict-origin-when-cross-origin\" allowfullscreen><\/iframe><\/div>\n<\/div><\/figure>\n\n\n\n<h2 class=\"wp-block-heading\">Cuidados b\u00e1sicos com plantas em quarto de crian\u00e7a<\/h2>\n\n\n\n<p>Manter as <strong>plantas no quarto infantil<\/strong> saud\u00e1veis requer uma rotina simples, por\u00e9m constante. A rega em excesso \u00e9 um dos erros mais comuns, resultando em ra\u00edzes encharcadas e mau cheiro no ambiente. Em geral, recomenda-se verificar a umidade do substrato com o dedo antes de regar novamente, aguardando que a camada superior seque levemente.<\/p>\n\n\n\n<p>Outra pr\u00e1tica frequente \u00e9 o uso de pratinhos sob os vasos. Para evitar focos de mosquitos, muitas fam\u00edlias preferem retirar o excesso de \u00e1gua logo ap\u00f3s a rega ou utilizar vasos autoirrig\u00e1veis bem vedados. A poda de folhas secas, a limpeza de poeira das folhas com pano \u00famido e a rota\u00e7\u00e3o peri\u00f3dica do vaso ajudam a manter o crescimento mais uniforme e o aspecto visual agrad\u00e1vel.<\/p>\n\n\n\n<ul class=\"wp-block-list\">\n<li>Rega moderada, sem encharcar;<\/li>\n\n\n\n<li>Substrato bem drenado;<\/li>\n\n\n\n<li>Ilumina\u00e7\u00e3o adequada ao tipo de planta;<\/li>\n\n\n\n<li>Vasos firmes e est\u00e1veis, fora do alcance direto das crian\u00e7as;<\/li>\n\n\n\n<li>Inspe\u00e7\u00e3o regular para identificar pragas ou mofo.<\/li>\n<\/ul>\n\n\n\n<h2 class=\"wp-block-heading\">Qual \u00e9 o clima ideal para cultivar plantas no quarto infantil?<\/h2>\n\n\n\n<p>As <strong>plantas de quarto infantil<\/strong> geralmente se adaptam bem ao clima interno t\u00edpico de resid\u00eancias, que tende a ser mais est\u00e1vel do que \u00e1reas externas. Ainda assim, temperatura, umidade e circula\u00e7\u00e3o de ar influenciam diretamente na sa\u00fade das plantas. Em regi\u00f5es muito quentes, algumas esp\u00e9cies podem exigir maior umidade; em locais frios, podem precisar ser afastadas de janelas durante noites geladas.<\/p>\n\n\n\n<p>No contexto brasileiro, com grande varia\u00e7\u00e3o clim\u00e1tica entre regi\u00f5es, costuma-se priorizar plantas tropicais e subtropicais, que toleram bem temperaturas amenas a quentes e n\u00e3o exigem frio intenso. A ventila\u00e7\u00e3o moderada tamb\u00e9m \u00e9 relevante, pois ambientes totalmente fechados favorecem fungos tanto nas plantas quanto na pr\u00f3pria estrutura do quarto.<\/p>\n\n\n\n<p>A tabela abaixo apresenta uma vis\u00e3o geral de condi\u00e7\u00f5es de clima e ambiente recomendadas para plantas comuns em quartos infantis:<\/p>\n\n\n\n<div style=\"font-family: 'Segoe UI', Tahoma, Geneva, Verdana, sans-serif; max-width: 1000px; margin: 20px auto; border: 2px solid #722f37; border-radius: 30px; overflow: hidden; background-color: #ffffff; box-shadow: 0 4px 15px rgba(114, 47, 55, 0.1);\">\n    <table style=\"width: 100%; border-collapse: collapse; text-align: left; font-size: 14px;\">\n        <thead>\n            <tr style=\"background-color: #722f37;\">\n                <th style=\"padding: 15px; color: #ffffff; border-bottom: 2px solid #f9d8e6; width: 25%;\">Planta<\/th>\n                <th style=\"padding: 15px; color: #ffffff; border-bottom: 2px solid #f9d8e6; width: 25%;\">Faixa de temperatura ideal<\/th>\n                <th style=\"padding: 15px; color: #ffffff; border-bottom: 2px solid #f9d8e6; width: 25%;\">N\u00edvel de umidade do ar<\/th>\n                <th style=\"padding: 15px; color: #ffffff; border-bottom: 2px solid #f9d8e6; width: 25%;\">Incid\u00eancia de luz<\/th>\n            <\/tr>\n        <\/thead>\n        <tbody>\n            <tr>\n                <td style=\"padding: 12px 15px; border-bottom: 1px solid #ffe3ee; color: #4a4a4a; font-weight: bold;\">Maranta \/ Calathea<\/td>\n                <td style=\"padding: 12px 15px; border-bottom: 1px solid #ffe3ee; color: #4a4a4a;\">18\u00b0C a 26\u00b0C<\/td>\n                <td style=\"padding: 12px 15px; border-bottom: 1px solid #ffe3ee; color: #4a4a4a;\">Alta a moderada<\/td>\n                <td style=\"padding: 12px 15px; border-bottom: 1px solid #ffe3ee; color: #4a4a4a;\">Luz indireta, sem sol direto<\/td>\n            <\/tr>\n            <tr style=\"background-color: #fffafa;\">\n                <td style=\"padding: 12px 15px; border-bottom: 1px solid #ffe3ee; color: #4a4a4a; font-weight: bold;\">Samambaia<\/td>\n                <td style=\"padding: 12px 15px; border-bottom: 1px solid #ffe3ee; color: #4a4a4a;\">18\u00b0C a 24\u00b0C<\/td>\n                <td style=\"padding: 12px 15px; border-bottom: 1px solid #ffe3ee; color: #4a4a4a;\">Alta<\/td>\n                <td style=\"padding: 12px 15px; border-bottom: 1px solid #ffe3ee; color: #4a4a4a;\">Meia-sombra, ambiente claro<\/td>\n            <\/tr>\n            <tr>\n                <td style=\"padding: 12px 15px; border-bottom: 1px solid #ffe3ee; color: #4a4a4a; font-weight: bold;\">Jiboia<\/td>\n                <td style=\"padding: 12px 15px; border-bottom: 1px solid #ffe3ee; color: #4a4a4a;\">20\u00b0C a 30\u00b0C<\/td>\n                <td style=\"padding: 12px 15px; border-bottom: 1px solid #ffe3ee; color: #4a4a4a;\">Moderada<\/td>\n                <td style=\"padding: 12px 15px; border-bottom: 1px solid #ffe3ee; color: #4a4a4a;\">Luz indireta ou sombra clara<\/td>\n            <\/tr>\n            <tr style=\"background-color: #fffafa;\">\n                <td style=\"padding: 12px 15px; border-bottom: 1px solid #ffe3ee; color: #4a4a4a; font-weight: bold;\">Pilea<\/td>\n                <td style=\"padding: 12px 15px; border-bottom: 1px solid #ffe3ee; color: #4a4a4a;\">18\u00b0C a 25\u00b0C<\/td>\n                <td style=\"padding: 12px 15px; border-bottom: 1px solid #ffe3ee; color: #4a4a4a;\">Moderada<\/td>\n                <td style=\"padding: 12px 15px; border-bottom: 1px solid #ffe3ee; color: #4a4a4a;\">Luz difusa, sem sol forte<\/td>\n            <\/tr>\n            <tr>\n                <td style=\"padding: 12px 15px; color: #4a4a4a; font-weight: bold;\">Peper\u00f4mia<\/td>\n                <td style=\"padding: 12px 15px; color: #4a4a4a;\">18\u00b0C a 28\u00b0C<\/td>\n                <td style=\"padding: 12px 15px; color: #4a4a4a;\">Moderada<\/td>\n                <td style=\"padding: 12px 15px; color: #4a4a4a;\">Ambiente bem iluminado, sem sol direto<\/td>\n            <\/tr>\n        <\/tbody>\n    <\/table>\n<\/div>\n\n\n\n<h2 class=\"wp-block-heading\">Plantas no quarto infantil ajudam na qualidade do ambiente?<\/h2>\n\n\n\n<p>A presen\u00e7a de <strong>plantas no quarto das crian\u00e7as<\/strong> est\u00e1 associada, em diferentes estudos, a maior sensa\u00e7\u00e3o de contato com a natureza e a ambientes internos considerados mais agrad\u00e1veis. Algumas esp\u00e9cies tamb\u00e9m contribuem para uma leve melhora na umidifica\u00e7\u00e3o do ar, aspecto relevante em cidades com clima seco ou com uso frequente de ar-condicionado.<\/p>\n\n\n\n<p>Apesar disso, \u00e9 comum que profissionais de sa\u00fade recomendem equil\u00edbrio. Muitos vasos no mesmo c\u00f4modo podem aumentar a umidade e favorecer \u00e1caros em situa\u00e7\u00f5es espec\u00edficas, principalmente onde j\u00e1 h\u00e1 hist\u00f3rico de alergias. Por esse motivo, a ado\u00e7\u00e3o de poucas plantas bem cuidadas, combinada com ventila\u00e7\u00e3o regular do quarto e limpeza de rotina, tende a ser a estrat\u00e9gia mais utilizada por fam\u00edlias que desejam unir decora\u00e7\u00e3o, natureza e aten\u00e7\u00e3o \u00e0 sa\u00fade infantil.<\/p>\n","protected":false},"excerpt":{"rendered":"<p>Montar um quarto infantil com plantas naturais \u00e9 uma forma de trazer mais contato com a natureza para o dia a dia das crian\u00e7as. Al\u00e9m do aspecto visual, algumas esp\u00e9cies podem ajudar na umidifica\u00e7\u00e3o do ar e na sensa\u00e7\u00e3o de bem-estar do ambiente. Ao escolher as melhores plantas para quarto infantil, \u00e9 importante considerar fatores [&hellip;]<\/p>\n","protected":false},"author":9,"featured_media":182266,"comment_status":"open","ping_status":"open","sticky":false,"template":"","format":"standard","meta":{"_yoast_wpseo_focuskw":"plantas para quarto infantil","_yoast_wpseo_title":"","_yoast_wpseo_metadesc":"Plantas seguras para quarto infantil que ajudam na umidade, decora\u00e7\u00e3o e bem-estar com cuidados simples.","jnews-multi-image_gallery":[],"jnews_single_post":{"format":"standard"},"jnews_primary_category":[],"jnews_social_meta":[],"jnews_override_counter":[],"footnotes":""},"categories":[136,4404],"tags":[616,3317,14424],"class_list":["post-181802","post","type-post","status-publish","format-standard","has-post-thumbnail","hentry","category-jardinagem","category-saude","tag-plantar","tag-plantas-em-casa","tag-plantas-para-quarto-infantil"],"yoast_head":"<!-- This site is optimized with the Yoast SEO plugin v24.6 - https:\/\/yoast.com\/wordpress\/plugins\/seo\/ -->\n<title>As plantas seguras que deixam o quarto infantil mais aconchegante e f\u00e1cil de cuidar - Correio Braziliense - Radar<\/title>\n<meta name=\"description\" content=\"Plantas seguras para quarto infantil que ajudam na umidade, decora\u00e7\u00e3o e bem-estar com cuidados simples.\" \/>\n<meta name=\"robots\" content=\"index, follow, max-snippet:-1, max-image-preview:large, max-video-preview:-1\" \/>\n<link rel=\"canonical\" href=\"https:\/\/www.correiobraziliense.com.br\/cbradar\/as-plantas-seguras-que-deixam-o-quarto-infantil-mais-aconchegante-e-facil-de-cuidar\/\" \/>\n<meta property=\"og:locale\" content=\"pt_BR\" \/>\n<meta property=\"og:type\" content=\"article\" \/>\n<meta property=\"og:title\" content=\"As plantas seguras que deixam o quarto infantil mais aconchegante e f\u00e1cil de cuidar - Correio Braziliense - Radar\" \/>\n<meta property=\"og:description\" content=\"Plantas seguras para quarto infantil que ajudam na umidade, decora\u00e7\u00e3o e bem-estar com cuidados simples.\" \/>\n<meta property=\"og:url\" content=\"https:\/\/www.correiobraziliense.com.br\/cbradar\/as-plantas-seguras-que-deixam-o-quarto-infantil-mais-aconchegante-e-facil-de-cuidar\/\" \/>\n<meta property=\"og:site_name\" content=\"Correio Braziliense - Radar\" \/>\n<meta property=\"article:published_time\" content=\"2026-01-27T12:25:32+00:00\" \/>\n<meta property=\"og:image\" content=\"https:\/\/www.correiobraziliense.com.br\/cbradar\/wp-content\/uploads\/2026\/01\/freepik__imagem-realista-das-seguintes-plantas-maranta-e-sa__48490.jpeg\" \/>\n\t<meta property=\"og:image:width\" content=\"1280\" \/>\n\t<meta property=\"og:image:height\" content=\"720\" \/>\n\t<meta property=\"og:image:type\" content=\"image\/jpeg\" \/>\n<meta name=\"author\" content=\"Daniely Cardoso\" \/>\n<meta name=\"twitter:card\" content=\"summary_large_image\" \/>\n<meta name=\"twitter:label1\" content=\"Escrito por\" \/>\n\t<meta name=\"twitter:data1\" content=\"Daniely Cardoso\" \/>\n\t<meta name=\"twitter:label2\" content=\"Est. tempo de leitura\" \/>\n\t<meta name=\"twitter:data2\" content=\"6 minutos\" \/>\n<!-- \/ Yoast SEO plugin. -->","yoast_head_json":{"title":"As plantas seguras que deixam o quarto infantil mais aconchegante e f\u00e1cil de cuidar - Correio Braziliense - Radar","description":"Plantas seguras para quarto infantil que ajudam na umidade, decora\u00e7\u00e3o e bem-estar com cuidados simples.","robots":{"index":"index","follow":"follow","max-snippet":"max-snippet:-1","max-image-preview":"max-image-preview:large","max-video-preview":"max-video-preview:-1"},"canonical":"https:\/\/www.correiobraziliense.com.br\/cbradar\/as-plantas-seguras-que-deixam-o-quarto-infantil-mais-aconchegante-e-facil-de-cuidar\/","og_locale":"pt_BR","og_type":"article","og_title":"As plantas seguras que deixam o quarto infantil mais aconchegante e f\u00e1cil de cuidar - Correio Braziliense - Radar","og_description":"Plantas seguras para quarto infantil que ajudam na umidade, decora\u00e7\u00e3o e bem-estar com cuidados simples.","og_url":"https:\/\/www.correiobraziliense.com.br\/cbradar\/as-plantas-seguras-que-deixam-o-quarto-infantil-mais-aconchegante-e-facil-de-cuidar\/","og_site_name":"Correio Braziliense - Radar","article_published_time":"2026-01-27T12:25:32+00:00","og_image":[{"width":1280,"height":720,"url":"https:\/\/www.correiobraziliense.com.br\/cbradar\/wp-content\/uploads\/2026\/01\/freepik__imagem-realista-das-seguintes-plantas-maranta-e-sa__48490.jpeg","type":"image\/jpeg"}],"author":"Daniely Cardoso","twitter_card":"summary_large_image","twitter_misc":{"Escrito por":"Daniely Cardoso","Est. tempo de leitura":"6 minutos"},"schema":{"@context":"https:\/\/schema.org","@graph":[{"@type":"WebPage","@id":"https:\/\/www.correiobraziliense.com.br\/cbradar\/as-plantas-seguras-que-deixam-o-quarto-infantil-mais-aconchegante-e-facil-de-cuidar\/","url":"https:\/\/www.correiobraziliense.com.br\/cbradar\/as-plantas-seguras-que-deixam-o-quarto-infantil-mais-aconchegante-e-facil-de-cuidar\/","name":"As plantas seguras que deixam o quarto infantil mais aconchegante e f\u00e1cil de cuidar - Correio Braziliense - Radar","isPartOf":{"@id":"https:\/\/www.correiobraziliense.com.br\/cbradar\/#website"},"primaryImageOfPage":{"@id":"https:\/\/www.correiobraziliense.com.br\/cbradar\/as-plantas-seguras-que-deixam-o-quarto-infantil-mais-aconchegante-e-facil-de-cuidar\/#primaryimage"},"image":{"@id":"https:\/\/www.correiobraziliense.com.br\/cbradar\/as-plantas-seguras-que-deixam-o-quarto-infantil-mais-aconchegante-e-facil-de-cuidar\/#primaryimage"},"thumbnailUrl":"https:\/\/www.correiobraziliense.com.br\/cbradar\/wp-content\/uploads\/2026\/01\/freepik__imagem-realista-das-seguintes-plantas-maranta-e-sa__48490.jpeg","datePublished":"2026-01-27T12:25:32+00:00","author":{"@id":"https:\/\/www.correiobraziliense.com.br\/cbradar\/#\/schema\/person\/7356666e12ec0ee53f348ee5db227032"},"description":"Plantas seguras para quarto infantil que ajudam na umidade, decora\u00e7\u00e3o e bem-estar com cuidados simples.","breadcrumb":{"@id":"https:\/\/www.correiobraziliense.com.br\/cbradar\/as-plantas-seguras-que-deixam-o-quarto-infantil-mais-aconchegante-e-facil-de-cuidar\/#breadcrumb"},"inLanguage":"pt-BR","potentialAction":[{"@type":"ReadAction","target":["https:\/\/www.correiobraziliense.com.br\/cbradar\/as-plantas-seguras-que-deixam-o-quarto-infantil-mais-aconchegante-e-facil-de-cuidar\/"]}]},{"@type":"ImageObject","inLanguage":"pt-BR","@id":"https:\/\/www.correiobraziliense.com.br\/cbradar\/as-plantas-seguras-que-deixam-o-quarto-infantil-mais-aconchegante-e-facil-de-cuidar\/#primaryimage","url":"https:\/\/www.correiobraziliense.com.br\/cbradar\/wp-content\/uploads\/2026\/01\/freepik__imagem-realista-das-seguintes-plantas-maranta-e-sa__48490.jpeg","contentUrl":"https:\/\/www.correiobraziliense.com.br\/cbradar\/wp-content\/uploads\/2026\/01\/freepik__imagem-realista-das-seguintes-plantas-maranta-e-sa__48490.jpeg","width":1280,"height":720,"caption":"Plantas naturais ajudam a melhorar a qualidade do ar no quarto infantil"},{"@type":"BreadcrumbList","@id":"https:\/\/www.correiobraziliense.com.br\/cbradar\/as-plantas-seguras-que-deixam-o-quarto-infantil-mais-aconchegante-e-facil-de-cuidar\/#breadcrumb","itemListElement":[{"@type":"ListItem","position":1,"name":"In\u00edcio","item":"https:\/\/www.correiobraziliense.com.br\/cbradar\/"},{"@type":"ListItem","position":2,"name":"As plantas seguras que deixam o quarto infantil mais aconchegante e f\u00e1cil de cuidar"}]},{"@type":"WebSite","@id":"https:\/\/www.correiobraziliense.com.br\/cbradar\/#website","url":"https:\/\/www.correiobraziliense.com.br\/cbradar\/","name":"Correio Braziliense - Radar","description":"Acompanhe as \u00faltimas not\u00edcias e fique bem informado sobre tudo o que acontece no Brasil e no mundo.","potentialAction":[{"@type":"SearchAction","target":{"@type":"EntryPoint","urlTemplate":"https:\/\/www.correiobraziliense.com.br\/cbradar\/?s={search_term_string}"},"query-input":{"@type":"PropertyValueSpecification","valueRequired":true,"valueName":"search_term_string"}}],"inLanguage":"pt-BR"},{"@type":"Person","@id":"https:\/\/www.correiobraziliense.com.br\/cbradar\/#\/schema\/person\/7356666e12ec0ee53f348ee5db227032","name":"Daniely Cardoso","image":{"@type":"ImageObject","inLanguage":"pt-BR","@id":"https:\/\/www.correiobraziliense.com.br\/cbradar\/#\/schema\/person\/image\/","url":"https:\/\/secure.gravatar.com\/avatar\/4b80ddbd124d1f071b626d52d62e5dff?s=96&d=mm&r=g","contentUrl":"https:\/\/secure.gravatar.com\/avatar\/4b80ddbd124d1f071b626d52d62e5dff?s=96&d=mm&r=g","caption":"Daniely Cardoso"},"description":"Redatora nos portais CB Radar e EM Foco, formada pela Universidade Federal de Goi\u00e1s, em Goi\u00e2nia. Apaixonada por comunica\u00e7\u00e3o, arte, decora\u00e7\u00e3o e tend\u00eancias, atuo na produ\u00e7\u00e3o de conte\u00fados envolventes sobre curiosidades, moda, beleza e paisagismo, sempre com um olhar atento \u00e0s novidades do momento.","sameAs":["https:\/\/www.correiobraziliense.com.br\/cbradar"],"url":"https:\/\/www.correiobraziliense.com.br\/cbradar\/author\/danielymyth\/"}]}},"_links":{"self":[{"href":"https:\/\/www.correiobraziliense.com.br\/cbradar\/wp-json\/wp\/v2\/posts\/181802","targetHints":{"allow":["GET"]}}],"collection":[{"href":"https:\/\/www.correiobraziliense.com.br\/cbradar\/wp-json\/wp\/v2\/posts"}],"about":[{"href":"https:\/\/www.correiobraziliense.com.br\/cbradar\/wp-json\/wp\/v2\/types\/post"}],"author":[{"embeddable":true,"href":"https:\/\/www.correiobraziliense.com.br\/cbradar\/wp-json\/wp\/v2\/users\/9"}],"replies":[{"embeddable":true,"href":"https:\/\/www.correiobraziliense.com.br\/cbradar\/wp-json\/wp\/v2\/comments?post=181802"}],"version-history":[{"count":2,"href":"https:\/\/www.correiobraziliense.com.br\/cbradar\/wp-json\/wp\/v2\/posts\/181802\/revisions"}],"predecessor-version":[{"id":181816,"href":"https:\/\/www.correiobraziliense.com.br\/cbradar\/wp-json\/wp\/v2\/posts\/181802\/revisions\/181816"}],"wp:featuredmedia":[{"embeddable":true,"href":"https:\/\/www.correiobraziliense.com.br\/cbradar\/wp-json\/wp\/v2\/media\/182266"}],"wp:attachment":[{"href":"https:\/\/www.correiobraziliense.com.br\/cbradar\/wp-json\/wp\/v2\/media?parent=181802"}],"wp:term":[{"taxonomy":"category","embeddable":true,"href":"https:\/\/www.correiobraziliense.com.br\/cbradar\/wp-json\/wp\/v2\/categories?post=181802"},{"taxonomy":"post_tag","embeddable":true,"href":"https:\/\/www.correiobraziliense.com.br\/cbradar\/wp-json\/wp\/v2\/tags?post=181802"}],"curies":[{"name":"wp","href":"https:\/\/api.w.org\/{rel}","templated":true}]}}