{"id":181855,"date":"2026-01-26T11:25:00","date_gmt":"2026-01-26T14:25:00","guid":{"rendered":"https:\/\/www.correiobraziliense.com.br\/cbradar\/?p=181855"},"modified":"2026-01-26T03:07:38","modified_gmt":"2026-01-26T06:07:38","slug":"o-que-acontece-ao-sentir-dores-de-cabeca-todos-os-dias","status":"publish","type":"post","link":"https:\/\/www.correiobraziliense.com.br\/cbradar\/o-que-acontece-ao-sentir-dores-de-cabeca-todos-os-dias\/","title":{"rendered":"O que acontece ao sentir dores de cabe\u00e7a todos os dias?"},"content":{"rendered":"\n<p><strong>Ter dor de cabe\u00e7a ocasional \u00e9 comum, mas quando ela aparece todos os dias, o corpo est\u00e1 emitindo um sinal de alerta.<\/strong> Cefaleias di\u00e1rias afetam concentra\u00e7\u00e3o, humor e qualidade de vida e, na maioria das vezes, est\u00e3o relacionadas a fatores cont\u00ednuos como estresse, m\u00e1 qualidade do sono ou uso excessivo de medicamentos, embora tamb\u00e9m possam indicar condi\u00e7\u00f5es que exigem investiga\u00e7\u00e3o m\u00e9dica.<\/p>\n\n\n\n<h2 class=\"wp-block-heading\">Dor de cabe\u00e7a di\u00e1ria \u00e9 normal ou preocupante?<\/h2>\n\n\n\n<p><strong>Sentir dor de cabe\u00e7a todos os dias n\u00e3o \u00e9 considerado normal e merece aten\u00e7\u00e3o<\/strong>, <strong>segundo o<\/strong> <strong><a href=\"https:\/\/pmc.ncbi.nlm.nih.gov\/articles\/PMC3444216\/\" target=\"_blank\" rel=\"noreferrer noopener\">PubMed Central.<\/a><\/strong> A cefaleia di\u00e1ria pode surgir como consequ\u00eancia de est\u00edmulos repetidos ao sistema nervoso, fazendo com que o c\u00e9rebro se torne mais sens\u00edvel \u00e0 dor ao longo do tempo.<\/p>\n\n\n\n<p>Quando a dor passa a fazer parte da rotina, h\u00e1 risco de cronifica\u00e7\u00e3o, o que torna o tratamento mais dif\u00edcil. Identificar o padr\u00e3o, a intensidade e os gatilhos \u00e9 essencial para evitar que o quadro se agrave e impacte de forma permanente o bem-estar.<\/p>\n\n\n<div class=\"wp-block-image\">\n<figure class=\"aligncenter size-large\"><img decoding=\"async\" width=\"1024\" height=\"576\" src=\"https:\/\/www.correiobraziliense.com.br\/cbradar\/wp-content\/uploads\/2026\/01\/aaa-2026-01-26T025340.586-1024x576.png\" alt=\"O que acontece ao sentir dores de cabe\u00e7a todos os dias?\" class=\"wp-image-181872\" srcset=\"https:\/\/www.correiobraziliense.com.br\/cbradar\/wp-content\/uploads\/2026\/01\/aaa-2026-01-26T025340.586-1024x576.png 1024w, https:\/\/www.correiobraziliense.com.br\/cbradar\/wp-content\/uploads\/2026\/01\/aaa-2026-01-26T025340.586-300x169.png 300w, https:\/\/www.correiobraziliense.com.br\/cbradar\/wp-content\/uploads\/2026\/01\/aaa-2026-01-26T025340.586-768x432.png 768w, https:\/\/www.correiobraziliense.com.br\/cbradar\/wp-content\/uploads\/2026\/01\/aaa-2026-01-26T025340.586-750x422.png 750w, https:\/\/www.correiobraziliense.com.br\/cbradar\/wp-content\/uploads\/2026\/01\/aaa-2026-01-26T025340.586-1140x641.png 1140w, https:\/\/www.correiobraziliense.com.br\/cbradar\/wp-content\/uploads\/2026\/01\/aaa-2026-01-26T025340.586.png 1280w\" sizes=\"(max-width: 1024px) 100vw, 1024px\" \/><figcaption class=\"wp-element-caption\">Ajustes simples, como melhorar a hidrata\u00e7\u00e3o, regular o sono e reduzir o estresse, j\u00e1 podem diminuir significativamente a frequ\u00eancia das crises.<\/figcaption><\/figure><\/div>\n\n\n<h2 class=\"wp-block-heading\">Quais s\u00e3o as causas mais comuns de dor de cabe\u00e7a frequente?<\/h2>\n\n\n\n<p><strong>As dores de cabe\u00e7a di\u00e1rias costumam estar ligadas a h\u00e1bitos e fatores do cotidiano.<\/strong> Estresse constante, tens\u00e3o muscular no pesco\u00e7o e nos ombros, desidrata\u00e7\u00e3o e priva\u00e7\u00e3o de sono est\u00e3o entre as causas mais frequentes.<\/p>\n\n\n\n<p>Al\u00e9m disso, o uso excessivo de analg\u00e9sicos pode gerar o chamado efeito rebote, em que o pr\u00f3prio medicamento passa a provocar novas dores. Problemas visuais n\u00e3o corrigidos, m\u00e1 postura e alimenta\u00e7\u00e3o irregular tamb\u00e9m contribuem para o quadro.<\/p>\n\n\n\n<p>Antes de pensar em causas mais complexas, vale observar fatores comuns associados \u00e0 cefaleia di\u00e1ria:<\/p>\n\n\n\n<ul class=\"wp-block-list\">\n<li>Estresse e ansiedade constantes<\/li>\n\n\n\n<li>Pouca ingest\u00e3o de \u00e1gua ao longo do dia<\/li>\n\n\n\n<li>Uso frequente de analg\u00e9sicos<\/li>\n<\/ul>\n\n\n\n<p><strong>Entenda as causas por tr\u00e1s do desconforto persistente e como buscar al\u00edvio real.<\/strong> O v\u00eddeo \u00e9 do canal <strong>Dra. Adriana Moro<\/strong> <strong>\u2013 Neurologia<\/strong>, que conta com mais de <strong>100 mil inscritos<\/strong>, e detalha a cefaleia cr\u00f4nica di\u00e1ria e o perigo do uso excessivo de analg\u00e9sicos:<\/p>\n\n\n\n<figure class=\"wp-block-embed aligncenter is-type-video is-provider-youtube wp-block-embed-youtube wp-embed-aspect-16-9 wp-has-aspect-ratio\"><div class=\"wp-block-embed__wrapper\">\n<div class=\"jeg_video_container jeg_video_content\"><iframe loading=\"lazy\" title=\"Dor de cabe\u00e7a todo dia: o que pode ser?\" width=\"500\" height=\"281\" src=\"https:\/\/www.youtube.com\/embed\/zYCcXa2Gpfg?feature=oembed\" frameborder=\"0\" allow=\"accelerometer; autoplay; clipboard-write; encrypted-media; gyroscope; picture-in-picture; web-share\" referrerpolicy=\"strict-origin-when-cross-origin\" allowfullscreen><\/iframe><\/div>\n<\/div><\/figure>\n\n\n\n<p><strong>Leia tamb\u00e9m: <a href=\"https:\/\/www.correiobraziliense.com.br\/cbradar\/o-que-significa-ter-aranhas-dentro-de-casa-com-frequencia-segundo-especialistas\/\" target=\"_blank\" rel=\"noreferrer noopener\">O que significa ter aranhas dentro de casa com frequ\u00eancia, segundo especialistas.<\/a><\/strong><\/p>\n\n\n\n<h2 class=\"wp-block-heading\">Dor de cabe\u00e7a di\u00e1ria pode estar ligada a problemas de sa\u00fade?<\/h2>\n\n\n\n<p><strong>Sim, em alguns casos, a dor de cabe\u00e7a di\u00e1ria pode estar associada a condi\u00e7\u00f5es de sa\u00fade espec\u00edficas.<\/strong> Hipertens\u00e3o, sinusite cr\u00f4nica, dist\u00farbios hormonais e enxaqueca cr\u00f4nica s\u00e3o exemplos de quadros que podem provocar cefaleias recorrentes.<\/p>\n\n\n\n<p>Nessas situa\u00e7\u00f5es, a dor costuma vir acompanhada de outros sintomas, como n\u00e1usea, sensibilidade \u00e0 luz, tontura ou altera\u00e7\u00f5es visuais. Quando isso acontece, a investiga\u00e7\u00e3o m\u00e9dica \u00e9 fundamental para descartar causas mais s\u00e9rias.<\/p>\n\n\n\n<p>Para entender melhor a rela\u00e7\u00e3o entre causas e sinais, observe a compara\u00e7\u00e3o a seguir. Veja a tabela abaixo:<\/p>\n\n\n\n<figure class=\"wp-block-table\"><table class=\"has-fixed-layout\"><thead><tr><th>Poss\u00edvel causa<\/th><th>Sinais associados<\/th><\/tr><\/thead><tbody><tr><td>Tens\u00e3o muscular<\/td><td>Dor em faixa ou press\u00e3o<\/td><\/tr><tr><td>Enxaqueca cr\u00f4nica<\/td><td>N\u00e1usea e sensibilidade \u00e0 luz<\/td><\/tr><tr><td>Hipertens\u00e3o<\/td><td>Dor pulsante e mal-estar<\/td><\/tr><tr><td>Uso excessivo de rem\u00e9dios<\/td><td>Dor di\u00e1ria persistente<\/td><\/tr><\/tbody><\/table><\/figure>\n\n\n<div class=\"wp-block-image\">\n<figure class=\"aligncenter size-large\"><img decoding=\"async\" width=\"1024\" height=\"576\" src=\"https:\/\/www.correiobraziliense.com.br\/cbradar\/wp-content\/uploads\/2025\/09\/dor_1759035833846-1024x576.jpg\" alt=\"O que fazer quando a pessoa sente dor de cabe\u00e7a todos os dias?\" class=\"wp-image-110984\" srcset=\"https:\/\/www.correiobraziliense.com.br\/cbradar\/wp-content\/uploads\/2025\/09\/dor_1759035833846-1024x576.jpg 1024w, https:\/\/www.correiobraziliense.com.br\/cbradar\/wp-content\/uploads\/2025\/09\/dor_1759035833846-300x169.jpg 300w, https:\/\/www.correiobraziliense.com.br\/cbradar\/wp-content\/uploads\/2025\/09\/dor_1759035833846-768x432.jpg 768w, https:\/\/www.correiobraziliense.com.br\/cbradar\/wp-content\/uploads\/2025\/09\/dor_1759035833846-750x422.jpg 750w, https:\/\/www.correiobraziliense.com.br\/cbradar\/wp-content\/uploads\/2025\/09\/dor_1759035833846-1140x641.jpg 1140w, https:\/\/www.correiobraziliense.com.br\/cbradar\/wp-content\/uploads\/2025\/09\/dor_1759035833846.jpg 1280w\" sizes=\"(max-width: 1024px) 100vw, 1024px\" \/><figcaption class=\"wp-element-caption\">Dor de cabe\u00e7a frequente pode indicar condi\u00e7\u00f5es que necessitam de avalia\u00e7\u00e3o m\u00e9dica, como problemas neurol\u00f3gicos. \/\/ Cr\u00e9ditos: depositphotos.com \/ IgorVetushko<\/figcaption><\/figure><\/div>\n\n\n<h2 class=\"wp-block-heading\">O estresse emocional influencia as dores de cabe\u00e7a?<\/h2>\n\n\n\n<p><strong>O estresse emocional \u00e9 um dos principais gatilhos de dores de cabe\u00e7a frequentes.<\/strong> Situa\u00e7\u00f5es prolongadas de press\u00e3o mant\u00eam o corpo em estado de alerta, provocando contra\u00e7\u00e3o muscular e altera\u00e7\u00f5es qu\u00edmicas no c\u00e9rebro que facilitam a dor.<\/p>\n\n\n\n<p>Al\u00e9m disso, ansiedade e preocupa\u00e7\u00f5es constantes reduzem a qualidade do sono e aumentam a percep\u00e7\u00e3o da dor. Esse ciclo faz com que a cefaleia se repita diariamente, mesmo sem uma causa f\u00edsica evidente.<\/p>\n\n\n\n<h2 class=\"wp-block-heading\">O que fazer quando a dor de cabe\u00e7a acontece todos os dias?<\/h2>\n\n\n\n<p><strong>O primeiro passo \u00e9 n\u00e3o normalizar a dor e buscar identificar sua origem.<\/strong> Ajustes simples, como melhorar a hidrata\u00e7\u00e3o, regular o sono e reduzir o estresse, j\u00e1 podem diminuir significativamente a frequ\u00eancia das crises.<\/p>\n\n\n\n<p>Quando a dor persiste por semanas ou meses, a avalia\u00e7\u00e3o de um profissional de sa\u00fade \u00e9 essencial. O tratamento adequado evita a cronifica\u00e7\u00e3o e melhora a qualidade de vida de forma consistente.<\/p>\n\n\n\n<p>Algumas atitudes iniciais que ajudam a reduzir a frequ\u00eancia das dores incluem:<\/p>\n\n\n\n<ul class=\"wp-block-list\">\n<li>Manter hor\u00e1rios regulares de sono<\/li>\n\n\n\n<li>Reduzir o uso indiscriminado de analg\u00e9sicos<\/li>\n\n\n\n<li>Praticar t\u00e9cnicas de relaxamento e alongamento<\/li>\n<\/ul>\n\n\n\n<p>Sentir dores de cabe\u00e7a todos os dias n\u00e3o deve ser ignorado. <strong>Na maioria dos casos, o sintoma est\u00e1 ligado a h\u00e1bitos ajust\u00e1veis ou condi\u00e7\u00f5es trat\u00e1veis<\/strong>, e agir cedo \u00e9 a melhor forma de recuperar o bem-estar, a clareza mental e o equil\u00edbrio no dia a dia.<\/p>\n","protected":false},"excerpt":{"rendered":"<p>Ter dor de cabe\u00e7a ocasional \u00e9 comum, mas quando ela aparece todos os dias, o corpo est\u00e1 emitindo um sinal de alerta. Cefaleias di\u00e1rias afetam concentra\u00e7\u00e3o, humor e qualidade de vida e, na maioria das vezes, est\u00e3o relacionadas a fatores cont\u00ednuos como estresse, m\u00e1 qualidade do sono ou uso excessivo de medicamentos, embora tamb\u00e9m possam [&hellip;]<\/p>\n","protected":false},"author":8,"featured_media":181881,"comment_status":"open","ping_status":"open","sticky":false,"template":"","format":"standard","meta":{"_yoast_wpseo_focuskw":"dor de cabe\u00e7a","_yoast_wpseo_title":"","_yoast_wpseo_metadesc":"Sentir dor de cabe\u00e7a todos os dias pode estar ligado a h\u00e1bitos, estresse ou sinais do corpo. Veja o que especialistas explicam.","jnews-multi-image_gallery":[],"jnews_single_post":{"format":"standard"},"jnews_primary_category":[],"jnews_social_meta":[],"jnews_override_counter":[],"footnotes":""},"categories":[112],"tags":[3559,1619],"class_list":["post-181855","post","type-post","status-publish","format-standard","has-post-thumbnail","hentry","category-curiosidades","tag-corpo-humano","tag-dor-de-cabeca"],"yoast_head":"<!-- This site is optimized with the Yoast SEO plugin v24.6 - https:\/\/yoast.com\/wordpress\/plugins\/seo\/ -->\n<title>O que acontece ao sentir dores de cabe\u00e7a todos os dias? - Correio Braziliense - Radar<\/title>\n<meta name=\"description\" content=\"Sentir dor de cabe\u00e7a todos os dias pode estar ligado a h\u00e1bitos, estresse ou sinais do corpo. Veja o que especialistas explicam.\" \/>\n<meta name=\"robots\" content=\"index, follow, max-snippet:-1, max-image-preview:large, max-video-preview:-1\" \/>\n<link rel=\"canonical\" href=\"https:\/\/www.correiobraziliense.com.br\/cbradar\/o-que-acontece-ao-sentir-dores-de-cabeca-todos-os-dias\/\" \/>\n<meta property=\"og:locale\" content=\"pt_BR\" \/>\n<meta property=\"og:type\" content=\"article\" \/>\n<meta property=\"og:title\" content=\"O que acontece ao sentir dores de cabe\u00e7a todos os dias? - Correio Braziliense - Radar\" \/>\n<meta property=\"og:description\" content=\"Sentir dor de cabe\u00e7a todos os dias pode estar ligado a h\u00e1bitos, estresse ou sinais do corpo. Veja o que especialistas explicam.\" \/>\n<meta property=\"og:url\" content=\"https:\/\/www.correiobraziliense.com.br\/cbradar\/o-que-acontece-ao-sentir-dores-de-cabeca-todos-os-dias\/\" \/>\n<meta property=\"og:site_name\" content=\"Correio Braziliense - Radar\" \/>\n<meta property=\"article:published_time\" content=\"2026-01-26T14:25:00+00:00\" \/>\n<meta property=\"og:image\" content=\"https:\/\/www.correiobraziliense.com.br\/cbradar\/wp-content\/uploads\/2026\/01\/aaa-2026-01-26T030707.288.png\" \/>\n\t<meta property=\"og:image:width\" content=\"1280\" \/>\n\t<meta property=\"og:image:height\" content=\"720\" \/>\n\t<meta property=\"og:image:type\" content=\"image\/png\" \/>\n<meta name=\"author\" content=\"Maura Pereira\" \/>\n<meta name=\"twitter:card\" content=\"summary_large_image\" \/>\n<meta name=\"twitter:label1\" content=\"Escrito por\" \/>\n\t<meta name=\"twitter:data1\" content=\"Maura Pereira\" \/>\n\t<meta name=\"twitter:label2\" content=\"Est. tempo de leitura\" \/>\n\t<meta name=\"twitter:data2\" content=\"5 minutos\" \/>\n<!-- \/ Yoast SEO plugin. -->","yoast_head_json":{"title":"O que acontece ao sentir dores de cabe\u00e7a todos os dias? - Correio Braziliense - Radar","description":"Sentir dor de cabe\u00e7a todos os dias pode estar ligado a h\u00e1bitos, estresse ou sinais do corpo. Veja o que especialistas explicam.","robots":{"index":"index","follow":"follow","max-snippet":"max-snippet:-1","max-image-preview":"max-image-preview:large","max-video-preview":"max-video-preview:-1"},"canonical":"https:\/\/www.correiobraziliense.com.br\/cbradar\/o-que-acontece-ao-sentir-dores-de-cabeca-todos-os-dias\/","og_locale":"pt_BR","og_type":"article","og_title":"O que acontece ao sentir dores de cabe\u00e7a todos os dias? - Correio Braziliense - Radar","og_description":"Sentir dor de cabe\u00e7a todos os dias pode estar ligado a h\u00e1bitos, estresse ou sinais do corpo. Veja o que especialistas explicam.","og_url":"https:\/\/www.correiobraziliense.com.br\/cbradar\/o-que-acontece-ao-sentir-dores-de-cabeca-todos-os-dias\/","og_site_name":"Correio Braziliense - Radar","article_published_time":"2026-01-26T14:25:00+00:00","og_image":[{"width":1280,"height":720,"url":"https:\/\/www.correiobraziliense.com.br\/cbradar\/wp-content\/uploads\/2026\/01\/aaa-2026-01-26T030707.288.png","type":"image\/png"}],"author":"Maura Pereira","twitter_card":"summary_large_image","twitter_misc":{"Escrito por":"Maura Pereira","Est. tempo de leitura":"5 minutos"},"schema":{"@context":"https:\/\/schema.org","@graph":[{"@type":"WebPage","@id":"https:\/\/www.correiobraziliense.com.br\/cbradar\/o-que-acontece-ao-sentir-dores-de-cabeca-todos-os-dias\/","url":"https:\/\/www.correiobraziliense.com.br\/cbradar\/o-que-acontece-ao-sentir-dores-de-cabeca-todos-os-dias\/","name":"O que acontece ao sentir dores de cabe\u00e7a todos os dias? - Correio Braziliense - Radar","isPartOf":{"@id":"https:\/\/www.correiobraziliense.com.br\/cbradar\/#website"},"primaryImageOfPage":{"@id":"https:\/\/www.correiobraziliense.com.br\/cbradar\/o-que-acontece-ao-sentir-dores-de-cabeca-todos-os-dias\/#primaryimage"},"image":{"@id":"https:\/\/www.correiobraziliense.com.br\/cbradar\/o-que-acontece-ao-sentir-dores-de-cabeca-todos-os-dias\/#primaryimage"},"thumbnailUrl":"https:\/\/www.correiobraziliense.com.br\/cbradar\/wp-content\/uploads\/2026\/01\/aaa-2026-01-26T030707.288.png","datePublished":"2026-01-26T14:25:00+00:00","author":{"@id":"https:\/\/www.correiobraziliense.com.br\/cbradar\/#\/schema\/person\/4053c651a9bfc785afc6f4cbc9032fd3"},"description":"Sentir dor de cabe\u00e7a todos os dias pode estar ligado a h\u00e1bitos, estresse ou sinais do corpo. Veja o que especialistas explicam.","breadcrumb":{"@id":"https:\/\/www.correiobraziliense.com.br\/cbradar\/o-que-acontece-ao-sentir-dores-de-cabeca-todos-os-dias\/#breadcrumb"},"inLanguage":"pt-BR","potentialAction":[{"@type":"ReadAction","target":["https:\/\/www.correiobraziliense.com.br\/cbradar\/o-que-acontece-ao-sentir-dores-de-cabeca-todos-os-dias\/"]}]},{"@type":"ImageObject","inLanguage":"pt-BR","@id":"https:\/\/www.correiobraziliense.com.br\/cbradar\/o-que-acontece-ao-sentir-dores-de-cabeca-todos-os-dias\/#primaryimage","url":"https:\/\/www.correiobraziliense.com.br\/cbradar\/wp-content\/uploads\/2026\/01\/aaa-2026-01-26T030707.288.png","contentUrl":"https:\/\/www.correiobraziliense.com.br\/cbradar\/wp-content\/uploads\/2026\/01\/aaa-2026-01-26T030707.288.png","width":1280,"height":720,"caption":"Identificar o padr\u00e3o, a intensidade e os gatilhos \u00e9 essencial para evitar que o quadro se agrave e impacte de forma permanente o bem-estar."},{"@type":"BreadcrumbList","@id":"https:\/\/www.correiobraziliense.com.br\/cbradar\/o-que-acontece-ao-sentir-dores-de-cabeca-todos-os-dias\/#breadcrumb","itemListElement":[{"@type":"ListItem","position":1,"name":"In\u00edcio","item":"https:\/\/www.correiobraziliense.com.br\/cbradar\/"},{"@type":"ListItem","position":2,"name":"O que acontece ao sentir dores de cabe\u00e7a todos os dias?"}]},{"@type":"WebSite","@id":"https:\/\/www.correiobraziliense.com.br\/cbradar\/#website","url":"https:\/\/www.correiobraziliense.com.br\/cbradar\/","name":"Correio Braziliense - Radar","description":"Acompanhe as \u00faltimas not\u00edcias e fique bem informado sobre tudo o que acontece no Brasil e no mundo.","potentialAction":[{"@type":"SearchAction","target":{"@type":"EntryPoint","urlTemplate":"https:\/\/www.correiobraziliense.com.br\/cbradar\/?s={search_term_string}"},"query-input":{"@type":"PropertyValueSpecification","valueRequired":true,"valueName":"search_term_string"}}],"inLanguage":"pt-BR"},{"@type":"Person","@id":"https:\/\/www.correiobraziliense.com.br\/cbradar\/#\/schema\/person\/4053c651a9bfc785afc6f4cbc9032fd3","name":"Maura Pereira","image":{"@type":"ImageObject","inLanguage":"pt-BR","@id":"https:\/\/www.correiobraziliense.com.br\/cbradar\/#\/schema\/person\/image\/","url":"https:\/\/secure.gravatar.com\/avatar\/3effd6bdadfa447f15089c7f7144eaa6?s=96&d=mm&r=g","contentUrl":"https:\/\/secure.gravatar.com\/avatar\/3effd6bdadfa447f15089c7f7144eaa6?s=96&d=mm&r=g","caption":"Maura Pereira"},"sameAs":["https:\/\/www.correiobraziliense.com.br\/"],"url":"https:\/\/www.correiobraziliense.com.br\/cbradar\/author\/mauramyth\/"}]}},"_links":{"self":[{"href":"https:\/\/www.correiobraziliense.com.br\/cbradar\/wp-json\/wp\/v2\/posts\/181855","targetHints":{"allow":["GET"]}}],"collection":[{"href":"https:\/\/www.correiobraziliense.com.br\/cbradar\/wp-json\/wp\/v2\/posts"}],"about":[{"href":"https:\/\/www.correiobraziliense.com.br\/cbradar\/wp-json\/wp\/v2\/types\/post"}],"author":[{"embeddable":true,"href":"https:\/\/www.correiobraziliense.com.br\/cbradar\/wp-json\/wp\/v2\/users\/8"}],"replies":[{"embeddable":true,"href":"https:\/\/www.correiobraziliense.com.br\/cbradar\/wp-json\/wp\/v2\/comments?post=181855"}],"version-history":[{"count":14,"href":"https:\/\/www.correiobraziliense.com.br\/cbradar\/wp-json\/wp\/v2\/posts\/181855\/revisions"}],"predecessor-version":[{"id":181880,"href":"https:\/\/www.correiobraziliense.com.br\/cbradar\/wp-json\/wp\/v2\/posts\/181855\/revisions\/181880"}],"wp:featuredmedia":[{"embeddable":true,"href":"https:\/\/www.correiobraziliense.com.br\/cbradar\/wp-json\/wp\/v2\/media\/181881"}],"wp:attachment":[{"href":"https:\/\/www.correiobraziliense.com.br\/cbradar\/wp-json\/wp\/v2\/media?parent=181855"}],"wp:term":[{"taxonomy":"category","embeddable":true,"href":"https:\/\/www.correiobraziliense.com.br\/cbradar\/wp-json\/wp\/v2\/categories?post=181855"},{"taxonomy":"post_tag","embeddable":true,"href":"https:\/\/www.correiobraziliense.com.br\/cbradar\/wp-json\/wp\/v2\/tags?post=181855"}],"curies":[{"name":"wp","href":"https:\/\/api.w.org\/{rel}","templated":true}]}}