{"id":181932,"date":"2026-01-26T22:35:00","date_gmt":"2026-01-27T01:35:00","guid":{"rendered":"https:\/\/www.correiobraziliense.com.br\/cbradar\/?p=181932"},"modified":"2026-01-26T10:11:44","modified_gmt":"2026-01-26T13:11:44","slug":"o-que-significa-ter-o-costume-de-roer-as-unhas","status":"publish","type":"post","link":"https:\/\/www.correiobraziliense.com.br\/cbradar\/o-que-significa-ter-o-costume-de-roer-as-unhas\/","title":{"rendered":"O que significa ter o costume de roer as unhas?"},"content":{"rendered":"\n<p><strong>Roer as unhas \u00e9 um h\u00e1bito comum, muitas vezes autom\u00e1tico, que costuma aparecer em momentos de tens\u00e3o, t\u00e9dio ou concentra\u00e7\u00e3o.<\/strong> Embora seja frequentemente associado \u00e0 ansiedade, a ci\u00eancia mostra que o comportamento \u00e9 mais complexo: envolve mecanismos do c\u00e9rebro ligados \u00e0 regula\u00e7\u00e3o emocional, ao controle de impulsos e at\u00e9 \u00e0 busca por est\u00edmulo.<\/p>\n\n\n\n<h2 class=\"wp-block-heading\">Roer as unhas \u00e9 sinal de ansiedade?<\/h2>\n\n\n\n<p><strong>Nem sempre; a ci\u00eancia indica que roer as unhas est\u00e1 associado \u00e0 regula\u00e7\u00e3o emocional, n\u00e3o apenas \u00e0 ansiedade.<\/strong> Pesquisas em psicologia comportamental classificam o h\u00e1bito como um comportamento repetitivo focado no corpo, usado para aliviar estados internos desconfort\u00e1veis, como nervosismo, frustra\u00e7\u00e3o ou inquieta\u00e7\u00e3o.<\/p>\n\n\n\n<p>Isso explica por que muitas pessoas roem as unhas tamb\u00e9m em situa\u00e7\u00f5es neutras, como assistir a um filme ou pensar intensamente. O gesto ajuda a descarregar energia mental acumulada e pode trazer al\u00edvio moment\u00e2neo, mesmo sem a pessoa perceber.<\/p>\n\n\n<div class=\"wp-block-image\">\n<figure class=\"aligncenter size-large\"><img decoding=\"async\" width=\"1024\" height=\"576\" src=\"https:\/\/www.correiobraziliense.com.br\/cbradar\/wp-content\/uploads\/2025\/09\/roer-as-unhas_1758425517328-1024x576.jpg\" alt=\"\" class=\"wp-image-107258\" srcset=\"https:\/\/www.correiobraziliense.com.br\/cbradar\/wp-content\/uploads\/2025\/09\/roer-as-unhas_1758425517328-1024x576.jpg 1024w, https:\/\/www.correiobraziliense.com.br\/cbradar\/wp-content\/uploads\/2025\/09\/roer-as-unhas_1758425517328-300x169.jpg 300w, https:\/\/www.correiobraziliense.com.br\/cbradar\/wp-content\/uploads\/2025\/09\/roer-as-unhas_1758425517328-768x432.jpg 768w, https:\/\/www.correiobraziliense.com.br\/cbradar\/wp-content\/uploads\/2025\/09\/roer-as-unhas_1758425517328-750x422.jpg 750w, https:\/\/www.correiobraziliense.com.br\/cbradar\/wp-content\/uploads\/2025\/09\/roer-as-unhas_1758425517328-1140x641.jpg 1140w, https:\/\/www.correiobraziliense.com.br\/cbradar\/wp-content\/uploads\/2025\/09\/roer-as-unhas_1758425517328.jpg 1280w\" sizes=\"(max-width: 1024px) 100vw, 1024px\" \/><figcaption class=\"wp-element-caption\">A ci\u00eancia aponta desde microles\u00f5es na pele at\u00e9 maior exposi\u00e7\u00e3o a bact\u00e9rias e fungos, al\u00e9m de impactos nos dentes e na articula\u00e7\u00e3o da mand\u00edbula. \/\/ Cr\u00e9ditos: depositphotos.com \/ kholodovskaya_a<\/figcaption><\/figure><\/div>\n\n\n<h2 class=\"wp-block-heading\">O h\u00e1bito est\u00e1 ligado ao c\u00e9rebro e ao controle de impulsos?<\/h2>\n\n\n\n<p><strong>Sim, roer as unhas envolve circuitos cerebrais ligados ao impulso e \u00e0 recompensa.<\/strong> Estudos em neuroci\u00eancia apontam que o comportamento ativa sistemas de al\u00edvio r\u00e1pido, semelhantes aos envolvidos em outros h\u00e1bitos repetitivos, como mexer no cabelo ou estalar os dedos.<\/p>\n\n\n\n<p>Quando o controle inibit\u00f3rio est\u00e1 reduzido \u2014 por estresse, cansa\u00e7o ou sobrecarga cognitiva \u2014 o c\u00e9rebro tende a recorrer a comportamentos autom\u00e1ticos que j\u00e1 foram \u201caprendidos\u201d como calmantes. Por isso, o h\u00e1bito pode surgir com mais frequ\u00eancia em per\u00edodos exigentes.<\/p>\n\n\n\n<p>Antes de avan\u00e7ar, vale observar fatores que costumam intensificar o comportamento:<\/p>\n\n\n\n<ul class=\"wp-block-list\">\n<li>Situa\u00e7\u00f5es de estresse, expectativa ou press\u00e3o<\/li>\n\n\n\n<li>Estados de t\u00e9dio prolongado ou falta de est\u00edmulo<\/li>\n\n\n\n<li>Cansa\u00e7o mental e sobrecarga de tarefas<\/li>\n<\/ul>\n\n\n\n<h2 class=\"wp-block-heading\">Roer as unhas pode estar relacionado ao perfeccionismo?<\/h2>\n\n\n\n<p><strong>Sim, a ci\u00eancia associa o h\u00e1bito a tra\u00e7os de perfeccionismo e insatisfa\u00e7\u00e3o.<\/strong> Estudos mostram que pessoas com altos padr\u00f5es internos podem recorrer a comportamentos repetitivos quando sentem que algo est\u00e1 \u201cfora do lugar\u201d \u2014 seja uma tarefa inacabada, seja uma sensa\u00e7\u00e3o interna dif\u00edcil de nomear.<\/p>\n\n\n\n<p>Nesses casos, roer as unhas funciona como v\u00e1lvula de escape para a frustra\u00e7\u00e3o. O gesto n\u00e3o resolve a causa, mas reduz temporariamente a tens\u00e3o, o que refor\u00e7a o ciclo e torna o h\u00e1bito persistente ao longo do tempo.<\/p>\n\n\n\n<p><strong>Leia tamb\u00e9m: <a href=\"https:\/\/www.correiobraziliense.com.br\/cbradar\/o-que-significa-ter-aranhas-dentro-de-casa-com-frequencia-segundo-especialistas\/\" target=\"_blank\" rel=\"noreferrer noopener\">O que significa ter aranhas dentro de casa com frequ\u00eancia, segundo especialistas.<\/a><\/strong><\/p>\n\n\n\n<h2 class=\"wp-block-heading\">H\u00e1 riscos f\u00edsicos e impactos para a sa\u00fade?<\/h2>\n\n\n\n<p><strong>Sim, roer as unhas pode trazer riscos f\u00edsicos quando o h\u00e1bito \u00e9 frequente.<\/strong> A ci\u00eancia aponta desde microles\u00f5es na pele at\u00e9 maior exposi\u00e7\u00e3o a bact\u00e9rias e fungos, al\u00e9m de impactos nos dentes e na articula\u00e7\u00e3o da mand\u00edbula.<\/p>\n\n\n\n<p>Tamb\u00e9m h\u00e1 consequ\u00eancias indiretas: dor, inflama\u00e7\u00e3o e vergonha social podem aumentar o estresse \u2014 o que, paradoxalmente, intensifica o pr\u00f3prio h\u00e1bito. Por isso, compreender a fun\u00e7\u00e3o psicol\u00f3gica do gesto \u00e9 essencial para interromper o ciclo.<\/p>\n\n\n\n<p>Veja a tabela abaixo com um resumo dos principais impactos observados:<\/p>\n\n\n\n<figure class=\"wp-block-table\"><table class=\"has-fixed-layout\"><thead><tr><th>Aspecto afetado<\/th><th>Poss\u00edvel consequ\u00eancia<\/th><\/tr><\/thead><tbody><tr><td>Pele e unhas<\/td><td>Feridas, inflama\u00e7\u00f5es, infec\u00e7\u00f5es<\/td><\/tr><tr><td>Boca e dentes<\/td><td>Desgaste dent\u00e1rio<\/td><\/tr><tr><td>Sa\u00fade emocional<\/td><td>Refor\u00e7o do ciclo de estresse<\/td><\/tr><tr><td>Vida social<\/td><td>Constrangimento ou evita\u00e7\u00e3o<\/td><\/tr><\/tbody><\/table><\/figure>\n\n\n<div class=\"wp-block-image\">\n<figure class=\"aligncenter size-large\"><img decoding=\"async\" width=\"1024\" height=\"576\" src=\"https:\/\/www.correiobraziliense.com.br\/cbradar\/wp-content\/uploads\/2025\/09\/roer-as-unhas_1758425503186-1024x576.jpg\" alt=\"O que significa roer as unhas todos os dias?\" class=\"wp-image-107259\" srcset=\"https:\/\/www.correiobraziliense.com.br\/cbradar\/wp-content\/uploads\/2025\/09\/roer-as-unhas_1758425503186-1024x576.jpg 1024w, https:\/\/www.correiobraziliense.com.br\/cbradar\/wp-content\/uploads\/2025\/09\/roer-as-unhas_1758425503186-300x169.jpg 300w, https:\/\/www.correiobraziliense.com.br\/cbradar\/wp-content\/uploads\/2025\/09\/roer-as-unhas_1758425503186-768x432.jpg 768w, https:\/\/www.correiobraziliense.com.br\/cbradar\/wp-content\/uploads\/2025\/09\/roer-as-unhas_1758425503186-750x422.jpg 750w, https:\/\/www.correiobraziliense.com.br\/cbradar\/wp-content\/uploads\/2025\/09\/roer-as-unhas_1758425503186-1140x641.jpg 1140w, https:\/\/www.correiobraziliense.com.br\/cbradar\/wp-content\/uploads\/2025\/09\/roer-as-unhas_1758425503186.jpg 1280w\" sizes=\"(max-width: 1024px) 100vw, 1024px\" \/><figcaption class=\"wp-element-caption\"> O gesto n\u00e3o resolve a causa, mas reduz temporariamente a tens\u00e3o, o que refor\u00e7a o ciclo e torna o h\u00e1bito persistente ao longo do tempo. \/\/ Cr\u00e9ditos: depositphotos.com \/ VGeorgiev<\/figcaption><\/figure><\/div>\n\n\n<h2 class=\"wp-block-heading\">Como a ci\u00eancia recomenda lidar com o h\u00e1bito?<\/h2>\n\n\n\n<p><strong>A ci\u00eancia recomenda substituir o comportamento por estrat\u00e9gias de regula\u00e7\u00e3o mais eficazes.<\/strong> Em vez de focar apenas em \u201cparar\u201d, abordagens comportamentais sugerem identificar gatilhos e oferecer alternativas que cumpram a mesma fun\u00e7\u00e3o de al\u00edvio.<\/p>\n\n\n\n<p>Estrat\u00e9gias eficazes incluem manter as m\u00e3os ocupadas, usar est\u00edmulos t\u00e1teis alternativos e trabalhar t\u00e9cnicas de redu\u00e7\u00e3o do estresse. Em casos persistentes, a terapia cognitivo-comportamental tem bons resultados ao atuar sobre impulsos e padr\u00f5es autom\u00e1ticos.<\/p>\n\n\n\n<p>Em resumo, <strong>roer as unhas n\u00e3o \u00e9 falta de for\u00e7a de vontade, mas uma tentativa do c\u00e9rebro de se autorregular<\/strong>. Ao entender o que o h\u00e1bito sinaliza \u2014 ansiedade, t\u00e9dio, perfeccionismo ou sobrecarga \u2014 fica mais f\u00e1cil escolher caminhos que tragam al\u00edvio real e duradouro, sem preju\u00edzos \u00e0 sa\u00fade.<\/p>\n","protected":false},"excerpt":{"rendered":"<p>Roer as unhas \u00e9 um h\u00e1bito comum, muitas vezes autom\u00e1tico, que costuma aparecer em momentos de tens\u00e3o, t\u00e9dio ou concentra\u00e7\u00e3o. Embora seja frequentemente associado \u00e0 ansiedade, a ci\u00eancia mostra que o comportamento \u00e9 mais complexo: envolve mecanismos do c\u00e9rebro ligados \u00e0 regula\u00e7\u00e3o emocional, ao controle de impulsos e at\u00e9 \u00e0 busca por est\u00edmulo. Roer as [&hellip;]<\/p>\n","protected":false},"author":8,"featured_media":182093,"comment_status":"open","ping_status":"open","sticky":false,"template":"","format":"standard","meta":{"_yoast_wpseo_focuskw":"roer as unhas","_yoast_wpseo_title":"","_yoast_wpseo_metadesc":"Especialistas analisam o que significa ter o costume de roer as unhas e como isso se relaciona ao comportamento.","jnews-multi-image_gallery":[],"jnews_single_post":{"format":"standard"},"jnews_primary_category":[],"jnews_social_meta":[],"jnews_override_counter":[],"footnotes":""},"categories":[112],"tags":[812,9062,4173],"class_list":["post-181932","post","type-post","status-publish","format-standard","has-post-thumbnail","hentry","category-curiosidades","tag-ansiedade","tag-roer","tag-roer-unhas"],"yoast_head":"<!-- This site is optimized with the Yoast SEO plugin v24.6 - https:\/\/yoast.com\/wordpress\/plugins\/seo\/ -->\n<title>O que significa ter o costume de roer as unhas? - Correio Braziliense - Radar<\/title>\n<meta name=\"description\" content=\"Especialistas analisam o que significa ter o costume de roer as unhas e como isso se relaciona ao comportamento.\" \/>\n<meta name=\"robots\" content=\"index, follow, max-snippet:-1, max-image-preview:large, max-video-preview:-1\" \/>\n<link rel=\"canonical\" href=\"https:\/\/www.correiobraziliense.com.br\/cbradar\/o-que-significa-ter-o-costume-de-roer-as-unhas\/\" \/>\n<meta property=\"og:locale\" content=\"pt_BR\" \/>\n<meta property=\"og:type\" content=\"article\" \/>\n<meta property=\"og:title\" content=\"O que significa ter o costume de roer as unhas? - Correio Braziliense - Radar\" \/>\n<meta property=\"og:description\" content=\"Especialistas analisam o que significa ter o costume de roer as unhas e como isso se relaciona ao comportamento.\" \/>\n<meta property=\"og:url\" content=\"https:\/\/www.correiobraziliense.com.br\/cbradar\/o-que-significa-ter-o-costume-de-roer-as-unhas\/\" \/>\n<meta property=\"og:site_name\" content=\"Correio Braziliense - Radar\" \/>\n<meta property=\"article:published_time\" content=\"2026-01-27T01:35:00+00:00\" \/>\n<meta property=\"og:image\" content=\"https:\/\/www.correiobraziliense.com.br\/cbradar\/wp-content\/uploads\/2026\/01\/aaa-2026-01-26T082536.479.png\" \/>\n\t<meta property=\"og:image:width\" content=\"1280\" \/>\n\t<meta property=\"og:image:height\" content=\"720\" \/>\n\t<meta property=\"og:image:type\" content=\"image\/png\" \/>\n<meta name=\"author\" content=\"Maura Pereira\" \/>\n<meta name=\"twitter:card\" content=\"summary_large_image\" \/>\n<meta name=\"twitter:label1\" content=\"Escrito por\" \/>\n\t<meta name=\"twitter:data1\" content=\"Maura Pereira\" \/>\n\t<meta name=\"twitter:label2\" content=\"Est. tempo de leitura\" \/>\n\t<meta name=\"twitter:data2\" content=\"5 minutos\" \/>\n<!-- \/ Yoast SEO plugin. -->","yoast_head_json":{"title":"O que significa ter o costume de roer as unhas? - Correio Braziliense - Radar","description":"Especialistas analisam o que significa ter o costume de roer as unhas e como isso se relaciona ao comportamento.","robots":{"index":"index","follow":"follow","max-snippet":"max-snippet:-1","max-image-preview":"max-image-preview:large","max-video-preview":"max-video-preview:-1"},"canonical":"https:\/\/www.correiobraziliense.com.br\/cbradar\/o-que-significa-ter-o-costume-de-roer-as-unhas\/","og_locale":"pt_BR","og_type":"article","og_title":"O que significa ter o costume de roer as unhas? - Correio Braziliense - Radar","og_description":"Especialistas analisam o que significa ter o costume de roer as unhas e como isso se relaciona ao comportamento.","og_url":"https:\/\/www.correiobraziliense.com.br\/cbradar\/o-que-significa-ter-o-costume-de-roer-as-unhas\/","og_site_name":"Correio Braziliense - Radar","article_published_time":"2026-01-27T01:35:00+00:00","og_image":[{"width":1280,"height":720,"url":"https:\/\/www.correiobraziliense.com.br\/cbradar\/wp-content\/uploads\/2026\/01\/aaa-2026-01-26T082536.479.png","type":"image\/png"}],"author":"Maura Pereira","twitter_card":"summary_large_image","twitter_misc":{"Escrito por":"Maura Pereira","Est. tempo de leitura":"5 minutos"},"schema":{"@context":"https:\/\/schema.org","@graph":[{"@type":"WebPage","@id":"https:\/\/www.correiobraziliense.com.br\/cbradar\/o-que-significa-ter-o-costume-de-roer-as-unhas\/","url":"https:\/\/www.correiobraziliense.com.br\/cbradar\/o-que-significa-ter-o-costume-de-roer-as-unhas\/","name":"O que significa ter o costume de roer as unhas? - Correio Braziliense - Radar","isPartOf":{"@id":"https:\/\/www.correiobraziliense.com.br\/cbradar\/#website"},"primaryImageOfPage":{"@id":"https:\/\/www.correiobraziliense.com.br\/cbradar\/o-que-significa-ter-o-costume-de-roer-as-unhas\/#primaryimage"},"image":{"@id":"https:\/\/www.correiobraziliense.com.br\/cbradar\/o-que-significa-ter-o-costume-de-roer-as-unhas\/#primaryimage"},"thumbnailUrl":"https:\/\/www.correiobraziliense.com.br\/cbradar\/wp-content\/uploads\/2026\/01\/aaa-2026-01-26T082536.479.png","datePublished":"2026-01-27T01:35:00+00:00","author":{"@id":"https:\/\/www.correiobraziliense.com.br\/cbradar\/#\/schema\/person\/4053c651a9bfc785afc6f4cbc9032fd3"},"description":"Especialistas analisam o que significa ter o costume de roer as unhas e como isso se relaciona ao comportamento.","breadcrumb":{"@id":"https:\/\/www.correiobraziliense.com.br\/cbradar\/o-que-significa-ter-o-costume-de-roer-as-unhas\/#breadcrumb"},"inLanguage":"pt-BR","potentialAction":[{"@type":"ReadAction","target":["https:\/\/www.correiobraziliense.com.br\/cbradar\/o-que-significa-ter-o-costume-de-roer-as-unhas\/"]}]},{"@type":"ImageObject","inLanguage":"pt-BR","@id":"https:\/\/www.correiobraziliense.com.br\/cbradar\/o-que-significa-ter-o-costume-de-roer-as-unhas\/#primaryimage","url":"https:\/\/www.correiobraziliense.com.br\/cbradar\/wp-content\/uploads\/2026\/01\/aaa-2026-01-26T082536.479.png","contentUrl":"https:\/\/www.correiobraziliense.com.br\/cbradar\/wp-content\/uploads\/2026\/01\/aaa-2026-01-26T082536.479.png","width":1280,"height":720,"caption":"Isso explica por que muitas pessoas roem as unhas tamb\u00e9m em situa\u00e7\u00f5es neutras, como assistir a um filme ou pensar intensamente"},{"@type":"BreadcrumbList","@id":"https:\/\/www.correiobraziliense.com.br\/cbradar\/o-que-significa-ter-o-costume-de-roer-as-unhas\/#breadcrumb","itemListElement":[{"@type":"ListItem","position":1,"name":"In\u00edcio","item":"https:\/\/www.correiobraziliense.com.br\/cbradar\/"},{"@type":"ListItem","position":2,"name":"O que significa ter o costume de roer as unhas?"}]},{"@type":"WebSite","@id":"https:\/\/www.correiobraziliense.com.br\/cbradar\/#website","url":"https:\/\/www.correiobraziliense.com.br\/cbradar\/","name":"Correio Braziliense - Radar","description":"Acompanhe as \u00faltimas not\u00edcias e fique bem informado sobre tudo o que acontece no Brasil e no mundo.","potentialAction":[{"@type":"SearchAction","target":{"@type":"EntryPoint","urlTemplate":"https:\/\/www.correiobraziliense.com.br\/cbradar\/?s={search_term_string}"},"query-input":{"@type":"PropertyValueSpecification","valueRequired":true,"valueName":"search_term_string"}}],"inLanguage":"pt-BR"},{"@type":"Person","@id":"https:\/\/www.correiobraziliense.com.br\/cbradar\/#\/schema\/person\/4053c651a9bfc785afc6f4cbc9032fd3","name":"Maura Pereira","image":{"@type":"ImageObject","inLanguage":"pt-BR","@id":"https:\/\/www.correiobraziliense.com.br\/cbradar\/#\/schema\/person\/image\/","url":"https:\/\/secure.gravatar.com\/avatar\/3effd6bdadfa447f15089c7f7144eaa6?s=96&d=mm&r=g","contentUrl":"https:\/\/secure.gravatar.com\/avatar\/3effd6bdadfa447f15089c7f7144eaa6?s=96&d=mm&r=g","caption":"Maura Pereira"},"sameAs":["https:\/\/www.correiobraziliense.com.br\/"],"url":"https:\/\/www.correiobraziliense.com.br\/cbradar\/author\/mauramyth\/"}]}},"_links":{"self":[{"href":"https:\/\/www.correiobraziliense.com.br\/cbradar\/wp-json\/wp\/v2\/posts\/181932","targetHints":{"allow":["GET"]}}],"collection":[{"href":"https:\/\/www.correiobraziliense.com.br\/cbradar\/wp-json\/wp\/v2\/posts"}],"about":[{"href":"https:\/\/www.correiobraziliense.com.br\/cbradar\/wp-json\/wp\/v2\/types\/post"}],"author":[{"embeddable":true,"href":"https:\/\/www.correiobraziliense.com.br\/cbradar\/wp-json\/wp\/v2\/users\/8"}],"replies":[{"embeddable":true,"href":"https:\/\/www.correiobraziliense.com.br\/cbradar\/wp-json\/wp\/v2\/comments?post=181932"}],"version-history":[{"count":5,"href":"https:\/\/www.correiobraziliense.com.br\/cbradar\/wp-json\/wp\/v2\/posts\/181932\/revisions"}],"predecessor-version":[{"id":182092,"href":"https:\/\/www.correiobraziliense.com.br\/cbradar\/wp-json\/wp\/v2\/posts\/181932\/revisions\/182092"}],"wp:featuredmedia":[{"embeddable":true,"href":"https:\/\/www.correiobraziliense.com.br\/cbradar\/wp-json\/wp\/v2\/media\/182093"}],"wp:attachment":[{"href":"https:\/\/www.correiobraziliense.com.br\/cbradar\/wp-json\/wp\/v2\/media?parent=181932"}],"wp:term":[{"taxonomy":"category","embeddable":true,"href":"https:\/\/www.correiobraziliense.com.br\/cbradar\/wp-json\/wp\/v2\/categories?post=181932"},{"taxonomy":"post_tag","embeddable":true,"href":"https:\/\/www.correiobraziliense.com.br\/cbradar\/wp-json\/wp\/v2\/tags?post=181932"}],"curies":[{"name":"wp","href":"https:\/\/api.w.org\/{rel}","templated":true}]}}