{"id":182128,"date":"2026-01-26T22:25:00","date_gmt":"2026-01-27T01:25:00","guid":{"rendered":"https:\/\/www.correiobraziliense.com.br\/cbradar\/?p=182128"},"modified":"2026-01-26T09:31:48","modified_gmt":"2026-01-26T12:31:48","slug":"como-uma-air-fryer-prepara-realmente-os-alimentos-sem-precisar-de-oleo","status":"publish","type":"post","link":"https:\/\/www.correiobraziliense.com.br\/cbradar\/como-uma-air-fryer-prepara-realmente-os-alimentos-sem-precisar-de-oleo\/","title":{"rendered":"Como uma Air Fryer prepara realmente os alimentos sem precisar de \u00f3leo?"},"content":{"rendered":"\n<p><strong>A Air fryer virou presen\u00e7a fixa em muitas cozinhas por prometer praticidade e refei\u00e7\u00f5es mais leves. <\/strong>Mas apesar da popularidade, pouca gente entende de fato o que acontece dentro do aparelho quando os alimentos ficam dourados e crocantes sem imers\u00e3o em \u00f3leo. Segundo especialistas em tecnologia de alimentos, o funcionamento \u00e9 mais simples \u2014 e mais interessante \u2014 do que parece.<\/p>\n\n\n\n<h2 class=\"wp-block-heading\">Como a air fryer funciona por dentro?<\/h2>\n\n\n\n<p><strong>A air fryer prepara os alimentos por meio da circula\u00e7\u00e3o r\u00e1pida de ar quente.<\/strong> Diferente de uma fritura tradicional, ela n\u00e3o usa \u00f3leo em abund\u00e2ncia, mas sim uma resist\u00eancia el\u00e9trica potente combinada com um ventilador interno que distribui o calor de forma uniforme.<\/p>\n\n\n\n<p>Esse fluxo constante de ar quente envolve o alimento por todos os lados, criando uma coc\u00e7\u00e3o r\u00e1pida e homog\u00eanea. \u00c9 esse processo que permite assar, grelhar e \u201cfritar\u201d alimentos usando apenas uma fina camada de gordura natural ou algumas gotas de \u00f3leo.<\/p>\n\n\n<div class=\"wp-block-image\">\n<figure class=\"aligncenter size-large\"><img decoding=\"async\" width=\"1024\" height=\"576\" src=\"https:\/\/www.correiobraziliense.com.br\/cbradar\/wp-content\/uploads\/2025\/04\/AIR-FRYER_1744523791639-1024x576.jpg\" alt=\"O que n\u00e3o pode usar na Air Fryer? Veja 6 itens proibidos\" class=\"wp-image-22707\" srcset=\"https:\/\/www.correiobraziliense.com.br\/cbradar\/wp-content\/uploads\/2025\/04\/AIR-FRYER_1744523791639-1024x576.jpg 1024w, https:\/\/www.correiobraziliense.com.br\/cbradar\/wp-content\/uploads\/2025\/04\/AIR-FRYER_1744523791639-300x169.jpg 300w, https:\/\/www.correiobraziliense.com.br\/cbradar\/wp-content\/uploads\/2025\/04\/AIR-FRYER_1744523791639-768x432.jpg 768w, https:\/\/www.correiobraziliense.com.br\/cbradar\/wp-content\/uploads\/2025\/04\/AIR-FRYER_1744523791639-750x422.jpg 750w, https:\/\/www.correiobraziliense.com.br\/cbradar\/wp-content\/uploads\/2025\/04\/AIR-FRYER_1744523791639-1140x641.jpg 1140w, https:\/\/www.correiobraziliense.com.br\/cbradar\/wp-content\/uploads\/2025\/04\/AIR-FRYER_1744523791639.jpg 1280w\" sizes=\"(max-width: 1024px) 100vw, 1024px\" \/><figcaption class=\"wp-element-caption\">Na Air Fryer, fa\u00e7a chips de batata-doce, coxinha sequinha ou pizza crocante em minutos, com pouco \u00f3leo e limpeza f\u00e1cil no dia a dia! \/\/ Cr\u00e9ditos: depositphotos.com \/ Bubbers<\/figcaption><\/figure><\/div>\n\n\n<h2 class=\"wp-block-heading\">Por que os alimentos ficam crocantes sem \u00f3leo?<\/h2>\n\n\n\n<p><strong>A croc\u00e2ncia acontece por causa da rea\u00e7\u00e3o de Maillard, estimulada pelo calor intenso.<\/strong> Essa rea\u00e7\u00e3o qu\u00edmica ocorre quando prote\u00ednas e a\u00e7\u00facares dos alimentos s\u00e3o expostos a altas temperaturas, formando a cor dourada e o sabor caracter\u00edstico de comida \u201cfrita\u201d.<\/p>\n\n\n\n<p>Na air fryer, o ar quente atinge temperaturas elevadas e remove rapidamente a umidade superficial dos alimentos. Com menos \u00e1gua na superf\u00edcie, a textura fica mais firme e crocante, mesmo sem submergir o alimento em \u00f3leo.<\/p>\n\n\n\n<p>Antes de seguir, vale entender os fatores que contribuem para esse efeito:<\/p>\n\n\n\n<ul class=\"wp-block-list\">\n<li>Alta temperatura constante<\/li>\n\n\n\n<li>Circula\u00e7\u00e3o intensa de ar quente<\/li>\n\n\n\n<li>Redu\u00e7\u00e3o r\u00e1pida da umidade superficial<\/li>\n<\/ul>\n\n\n\n<p><strong>Descubra a ci\u00eancia por tr\u00e1s de um dos eletrodom\u00e9sticos mais pr\u00e1ticos da cozinha moderna.<\/strong> O v\u00eddeo \u00e9 do canal <strong>F\u00edsico Radioativo,<\/strong> que foca no ensino de f\u00edsica, e explica como a circula\u00e7\u00e3o de ar em alta temperatura e a rea\u00e7\u00e3o de Maillard permitem fritar alimentos sem o uso de \u00f3leo externo:<\/p>\n\n\n\n<figure class=\"wp-block-embed aligncenter is-type-video is-provider-youtube wp-block-embed-youtube wp-embed-aspect-16-9 wp-has-aspect-ratio\"><div class=\"wp-block-embed__wrapper\">\n<div class=\"jeg_video_container jeg_video_content\"><iframe loading=\"lazy\" title=\"COMO FUNCIONA A AIRFRYER\" width=\"500\" height=\"281\" src=\"https:\/\/www.youtube.com\/embed\/0UXoRrntDcY?feature=oembed\" frameborder=\"0\" allow=\"accelerometer; autoplay; clipboard-write; encrypted-media; gyroscope; picture-in-picture; web-share\" referrerpolicy=\"strict-origin-when-cross-origin\" allowfullscreen><\/iframe><\/div>\n<\/div><\/figure>\n\n\n\n<h2 class=\"wp-block-heading\">A air fryer frita ou assa os alimentos?<\/h2>\n\n\n\n<p><strong>Tecnicamente, a air fryer assa os alimentos, n\u00e3o frita.<\/strong> A fritura cl\u00e1ssica exige \u00f3leo quente como meio de transfer\u00eancia de calor, o que n\u00e3o acontece nesse aparelho. O que a air fryer faz \u00e9 uma coc\u00e7\u00e3o por convec\u00e7\u00e3o for\u00e7ada, semelhante a um forno, por\u00e9m muito mais eficiente.<\/p>\n\n\n\n<p>A diferen\u00e7a est\u00e1 na velocidade e na intensidade. Enquanto um forno convencional leva mais tempo para aquecer e distribuir o calor, a air fryer atua de forma concentrada, acelerando o processo e criando textura semelhante \u00e0 fritura.<\/p>\n\n\n\n<p>Para visualizar melhor essa compara\u00e7\u00e3o, veja a tabela abaixo:<\/p>\n\n\n\n<figure class=\"wp-block-table\"><table class=\"has-fixed-layout\"><thead><tr><th>M\u00e9todo de preparo<\/th><th>Meio principal de calor<\/th><th>Uso de \u00f3leo<\/th><\/tr><\/thead><tbody><tr><td>Fritura tradicional<\/td><td>\u00d3leo quente<\/td><td>Alto<\/td><\/tr><tr><td>Forno convencional<\/td><td>Ar quente<\/td><td>Baixo<\/td><\/tr><tr><td>Air fryer<\/td><td>Ar quente circulante<\/td><td>Muito baixo<\/td><\/tr><\/tbody><\/table><\/figure>\n\n\n<div class=\"wp-block-image\">\n<figure class=\"aligncenter size-large\"><img decoding=\"async\" width=\"1024\" height=\"576\" src=\"https:\/\/www.correiobraziliense.com.br\/cbradar\/wp-content\/uploads\/2025\/04\/AIR-FRYER_1744523805704-1024x576.jpg\" alt=\"\" class=\"wp-image-22708\" srcset=\"https:\/\/www.correiobraziliense.com.br\/cbradar\/wp-content\/uploads\/2025\/04\/AIR-FRYER_1744523805704-1024x576.jpg 1024w, https:\/\/www.correiobraziliense.com.br\/cbradar\/wp-content\/uploads\/2025\/04\/AIR-FRYER_1744523805704-300x169.jpg 300w, https:\/\/www.correiobraziliense.com.br\/cbradar\/wp-content\/uploads\/2025\/04\/AIR-FRYER_1744523805704-768x432.jpg 768w, https:\/\/www.correiobraziliense.com.br\/cbradar\/wp-content\/uploads\/2025\/04\/AIR-FRYER_1744523805704-750x422.jpg 750w, https:\/\/www.correiobraziliense.com.br\/cbradar\/wp-content\/uploads\/2025\/04\/AIR-FRYER_1744523805704-1140x641.jpg 1140w, https:\/\/www.correiobraziliense.com.br\/cbradar\/wp-content\/uploads\/2025\/04\/AIR-FRYER_1744523805704.jpg 1280w\" sizes=\"(max-width: 1024px) 100vw, 1024px\" \/><figcaption class=\"wp-element-caption\">Air Fryer frita com ar quente circulante, reduz 80% \u00f3leo vs fritura tradicional, ideal para carnes crocantes, legumes assados e sobremesas r\u00e1pidas. \/\/ Cr\u00e9ditos: depositphotos.com \/ halocraft<\/figcaption><\/figure><\/div>\n\n\n<h2 class=\"wp-block-heading\">Todos os alimentos funcionam bem na Air fryer?<\/h2>\n\n\n\n<p><strong>N\u00e3o, alguns alimentos se adaptam melhor do que outros.<\/strong> Itens que j\u00e1 possuem gordura natural, como carnes, frango e certos legumes, costumam ter melhores resultados, pois a pr\u00f3pria gordura ajuda na textura final.<\/p>\n\n\n\n<p>Alimentos muito \u00famidos ou com massas l\u00edquidas podem n\u00e3o funcionar bem sem adapta\u00e7\u00f5es. Nesses casos, especialistas recomendam empanar, secar levemente ou usar recipientes pr\u00f3prios para evitar que o alimento fique murcho ou cozinhe de forma irregular.]<\/p>\n\n\n\n<p><strong>Leia tamb\u00e9m: <a href=\"https:\/\/www.correiobraziliense.com.br\/cbradar\/o-que-significa-ter-aranhas-dentro-de-casa-com-frequencia-segundo-especialistas\/\" target=\"_blank\" rel=\"noreferrer noopener\">O que significa ter aranhas dentro de casa com frequ\u00eancia, segundo especialistas.<\/a><\/strong><\/p>\n\n\n\n<h2 class=\"wp-block-heading\">A Air fryer \u00e9 realmente mais saud\u00e1vel?<\/h2>\n\n\n\n<p><strong>Ela pode ser mais saud\u00e1vel quando usada corretamente.<\/strong> Ao reduzir drasticamente a quantidade de \u00f3leo, a Air fryer diminui o teor cal\u00f3rico e de gorduras adicionadas das refei\u00e7\u00f5es, o que pode beneficiar a sa\u00fade cardiovascular e o controle de peso.<\/p>\n\n\n\n<p>No entanto, especialistas alertam que o resultado final depende do alimento escolhido e da frequ\u00eancia de consumo. Preparar legumes, prote\u00ednas magras e alimentos in natura tende a ser mais vantajoso do que aquecer ultraprocessados, mesmo na air fryer.<\/p>\n\n\n\n<p>No fim, <strong>o segredo da air fryer est\u00e1 na combina\u00e7\u00e3o de calor intenso e circula\u00e7\u00e3o de ar<\/strong>, n\u00e3o em m\u00e1gica tecnol\u00f3gica. Entender como ela funciona ajuda a usar melhor o aparelho, escolher os alimentos certos e aproveitar o que ele tem de melhor: praticidade, sabor e menos \u00f3leo no dia a dia.<\/p>\n","protected":false},"excerpt":{"rendered":"<p>A Air fryer virou presen\u00e7a fixa em muitas cozinhas por prometer praticidade e refei\u00e7\u00f5es mais leves. Mas apesar da popularidade, pouca gente entende de fato o que acontece dentro do aparelho quando os alimentos ficam dourados e crocantes sem imers\u00e3o em \u00f3leo. Segundo especialistas em tecnologia de alimentos, o funcionamento \u00e9 mais simples \u2014 e [&hellip;]<\/p>\n","protected":false},"author":8,"featured_media":5421,"comment_status":"open","ping_status":"open","sticky":false,"template":"","format":"standard","meta":{"_yoast_wpseo_focuskw":"Air Fryer","_yoast_wpseo_title":"","_yoast_wpseo_metadesc":"Entenda como a Air Fryer funciona e por que ela consegue preparar alimentos sem \u00f3leo usando circula\u00e7\u00e3o de ar quente.","jnews-multi-image_gallery":[],"jnews_single_post":{"format":"standard"},"jnews_primary_category":[],"jnews_social_meta":[],"jnews_override_counter":[],"footnotes":""},"categories":[112],"tags":[212,14450,5905],"class_list":["post-182128","post","type-post","status-publish","format-standard","has-post-thumbnail","hentry","category-curiosidades","tag-air-fryer","tag-como-funciona","tag-fritura"],"yoast_head":"<!-- This site is optimized with the Yoast SEO plugin v24.6 - https:\/\/yoast.com\/wordpress\/plugins\/seo\/ -->\n<title>Como uma Air Fryer prepara realmente os alimentos sem precisar de \u00f3leo? - Correio Braziliense - Radar<\/title>\n<meta name=\"description\" content=\"Entenda como a Air Fryer funciona e por que ela consegue preparar alimentos sem \u00f3leo usando circula\u00e7\u00e3o de ar quente.\" \/>\n<meta name=\"robots\" content=\"index, follow, max-snippet:-1, max-image-preview:large, max-video-preview:-1\" \/>\n<link rel=\"canonical\" href=\"https:\/\/www.correiobraziliense.com.br\/cbradar\/como-uma-air-fryer-prepara-realmente-os-alimentos-sem-precisar-de-oleo\/\" \/>\n<meta property=\"og:locale\" content=\"pt_BR\" \/>\n<meta property=\"og:type\" content=\"article\" \/>\n<meta property=\"og:title\" content=\"Como uma Air Fryer prepara realmente os alimentos sem precisar de \u00f3leo? - Correio Braziliense - Radar\" \/>\n<meta property=\"og:description\" content=\"Entenda como a Air Fryer funciona e por que ela consegue preparar alimentos sem \u00f3leo usando circula\u00e7\u00e3o de ar quente.\" \/>\n<meta property=\"og:url\" content=\"https:\/\/www.correiobraziliense.com.br\/cbradar\/como-uma-air-fryer-prepara-realmente-os-alimentos-sem-precisar-de-oleo\/\" \/>\n<meta property=\"og:site_name\" content=\"Correio Braziliense - Radar\" \/>\n<meta property=\"article:published_time\" content=\"2026-01-27T01:25:00+00:00\" \/>\n<meta property=\"og:image\" content=\"https:\/\/www.correiobraziliense.com.br\/cbradar\/wp-content\/uploads\/2025\/02\/air-fryer_1740292619975.jpg\" \/>\n\t<meta property=\"og:image:width\" content=\"1280\" \/>\n\t<meta property=\"og:image:height\" content=\"720\" \/>\n\t<meta property=\"og:image:type\" content=\"image\/jpeg\" \/>\n<meta name=\"author\" content=\"Maura Pereira\" \/>\n<meta name=\"twitter:card\" content=\"summary_large_image\" \/>\n<meta name=\"twitter:label1\" content=\"Escrito por\" \/>\n\t<meta name=\"twitter:data1\" content=\"Maura Pereira\" \/>\n\t<meta name=\"twitter:label2\" content=\"Est. tempo de leitura\" \/>\n\t<meta name=\"twitter:data2\" content=\"5 minutos\" \/>\n<!-- \/ Yoast SEO plugin. -->","yoast_head_json":{"title":"Como uma Air Fryer prepara realmente os alimentos sem precisar de \u00f3leo? - Correio Braziliense - Radar","description":"Entenda como a Air Fryer funciona e por que ela consegue preparar alimentos sem \u00f3leo usando circula\u00e7\u00e3o de ar quente.","robots":{"index":"index","follow":"follow","max-snippet":"max-snippet:-1","max-image-preview":"max-image-preview:large","max-video-preview":"max-video-preview:-1"},"canonical":"https:\/\/www.correiobraziliense.com.br\/cbradar\/como-uma-air-fryer-prepara-realmente-os-alimentos-sem-precisar-de-oleo\/","og_locale":"pt_BR","og_type":"article","og_title":"Como uma Air Fryer prepara realmente os alimentos sem precisar de \u00f3leo? - Correio Braziliense - Radar","og_description":"Entenda como a Air Fryer funciona e por que ela consegue preparar alimentos sem \u00f3leo usando circula\u00e7\u00e3o de ar quente.","og_url":"https:\/\/www.correiobraziliense.com.br\/cbradar\/como-uma-air-fryer-prepara-realmente-os-alimentos-sem-precisar-de-oleo\/","og_site_name":"Correio Braziliense - Radar","article_published_time":"2026-01-27T01:25:00+00:00","og_image":[{"width":1280,"height":720,"url":"https:\/\/www.correiobraziliense.com.br\/cbradar\/wp-content\/uploads\/2025\/02\/air-fryer_1740292619975.jpg","type":"image\/jpeg"}],"author":"Maura Pereira","twitter_card":"summary_large_image","twitter_misc":{"Escrito por":"Maura Pereira","Est. tempo de leitura":"5 minutos"},"schema":{"@context":"https:\/\/schema.org","@graph":[{"@type":"WebPage","@id":"https:\/\/www.correiobraziliense.com.br\/cbradar\/como-uma-air-fryer-prepara-realmente-os-alimentos-sem-precisar-de-oleo\/","url":"https:\/\/www.correiobraziliense.com.br\/cbradar\/como-uma-air-fryer-prepara-realmente-os-alimentos-sem-precisar-de-oleo\/","name":"Como uma Air Fryer prepara realmente os alimentos sem precisar de \u00f3leo? - Correio Braziliense - Radar","isPartOf":{"@id":"https:\/\/www.correiobraziliense.com.br\/cbradar\/#website"},"primaryImageOfPage":{"@id":"https:\/\/www.correiobraziliense.com.br\/cbradar\/como-uma-air-fryer-prepara-realmente-os-alimentos-sem-precisar-de-oleo\/#primaryimage"},"image":{"@id":"https:\/\/www.correiobraziliense.com.br\/cbradar\/como-uma-air-fryer-prepara-realmente-os-alimentos-sem-precisar-de-oleo\/#primaryimage"},"thumbnailUrl":"https:\/\/www.correiobraziliense.com.br\/cbradar\/wp-content\/uploads\/2025\/02\/air-fryer_1740292619975.jpg","datePublished":"2026-01-27T01:25:00+00:00","author":{"@id":"https:\/\/www.correiobraziliense.com.br\/cbradar\/#\/schema\/person\/4053c651a9bfc785afc6f4cbc9032fd3"},"description":"Entenda como a Air Fryer funciona e por que ela consegue preparar alimentos sem \u00f3leo usando circula\u00e7\u00e3o de ar quente.","breadcrumb":{"@id":"https:\/\/www.correiobraziliense.com.br\/cbradar\/como-uma-air-fryer-prepara-realmente-os-alimentos-sem-precisar-de-oleo\/#breadcrumb"},"inLanguage":"pt-BR","potentialAction":[{"@type":"ReadAction","target":["https:\/\/www.correiobraziliense.com.br\/cbradar\/como-uma-air-fryer-prepara-realmente-os-alimentos-sem-precisar-de-oleo\/"]}]},{"@type":"ImageObject","inLanguage":"pt-BR","@id":"https:\/\/www.correiobraziliense.com.br\/cbradar\/como-uma-air-fryer-prepara-realmente-os-alimentos-sem-precisar-de-oleo\/#primaryimage","url":"https:\/\/www.correiobraziliense.com.br\/cbradar\/wp-content\/uploads\/2025\/02\/air-fryer_1740292619975.jpg","contentUrl":"https:\/\/www.correiobraziliense.com.br\/cbradar\/wp-content\/uploads\/2025\/02\/air-fryer_1740292619975.jpg","width":1280,"height":720,"caption":"\u00c9 esse processo que permite assar, grelhar e \u201cfritar\u201d alimentos usando apenas uma fina camada de gordura natural ou algumas gotas de \u00f3leo. \/\/ Cr\u00e9ditos: depositphotos.com \/ escapejaja"},{"@type":"BreadcrumbList","@id":"https:\/\/www.correiobraziliense.com.br\/cbradar\/como-uma-air-fryer-prepara-realmente-os-alimentos-sem-precisar-de-oleo\/#breadcrumb","itemListElement":[{"@type":"ListItem","position":1,"name":"In\u00edcio","item":"https:\/\/www.correiobraziliense.com.br\/cbradar\/"},{"@type":"ListItem","position":2,"name":"Como uma Air Fryer prepara realmente os alimentos sem precisar de \u00f3leo?"}]},{"@type":"WebSite","@id":"https:\/\/www.correiobraziliense.com.br\/cbradar\/#website","url":"https:\/\/www.correiobraziliense.com.br\/cbradar\/","name":"Correio Braziliense - Radar","description":"Acompanhe as \u00faltimas not\u00edcias e fique bem informado sobre tudo o que acontece no Brasil e no mundo.","potentialAction":[{"@type":"SearchAction","target":{"@type":"EntryPoint","urlTemplate":"https:\/\/www.correiobraziliense.com.br\/cbradar\/?s={search_term_string}"},"query-input":{"@type":"PropertyValueSpecification","valueRequired":true,"valueName":"search_term_string"}}],"inLanguage":"pt-BR"},{"@type":"Person","@id":"https:\/\/www.correiobraziliense.com.br\/cbradar\/#\/schema\/person\/4053c651a9bfc785afc6f4cbc9032fd3","name":"Maura Pereira","image":{"@type":"ImageObject","inLanguage":"pt-BR","@id":"https:\/\/www.correiobraziliense.com.br\/cbradar\/#\/schema\/person\/image\/","url":"https:\/\/secure.gravatar.com\/avatar\/3effd6bdadfa447f15089c7f7144eaa6?s=96&d=mm&r=g","contentUrl":"https:\/\/secure.gravatar.com\/avatar\/3effd6bdadfa447f15089c7f7144eaa6?s=96&d=mm&r=g","caption":"Maura Pereira"},"sameAs":["https:\/\/www.correiobraziliense.com.br\/"],"url":"https:\/\/www.correiobraziliense.com.br\/cbradar\/author\/mauramyth\/"}]}},"_links":{"self":[{"href":"https:\/\/www.correiobraziliense.com.br\/cbradar\/wp-json\/wp\/v2\/posts\/182128","targetHints":{"allow":["GET"]}}],"collection":[{"href":"https:\/\/www.correiobraziliense.com.br\/cbradar\/wp-json\/wp\/v2\/posts"}],"about":[{"href":"https:\/\/www.correiobraziliense.com.br\/cbradar\/wp-json\/wp\/v2\/types\/post"}],"author":[{"embeddable":true,"href":"https:\/\/www.correiobraziliense.com.br\/cbradar\/wp-json\/wp\/v2\/users\/8"}],"replies":[{"embeddable":true,"href":"https:\/\/www.correiobraziliense.com.br\/cbradar\/wp-json\/wp\/v2\/comments?post=182128"}],"version-history":[{"count":8,"href":"https:\/\/www.correiobraziliense.com.br\/cbradar\/wp-json\/wp\/v2\/posts\/182128\/revisions"}],"predecessor-version":[{"id":182161,"href":"https:\/\/www.correiobraziliense.com.br\/cbradar\/wp-json\/wp\/v2\/posts\/182128\/revisions\/182161"}],"wp:featuredmedia":[{"embeddable":true,"href":"https:\/\/www.correiobraziliense.com.br\/cbradar\/wp-json\/wp\/v2\/media\/5421"}],"wp:attachment":[{"href":"https:\/\/www.correiobraziliense.com.br\/cbradar\/wp-json\/wp\/v2\/media?parent=182128"}],"wp:term":[{"taxonomy":"category","embeddable":true,"href":"https:\/\/www.correiobraziliense.com.br\/cbradar\/wp-json\/wp\/v2\/categories?post=182128"},{"taxonomy":"post_tag","embeddable":true,"href":"https:\/\/www.correiobraziliense.com.br\/cbradar\/wp-json\/wp\/v2\/tags?post=182128"}],"curies":[{"name":"wp","href":"https:\/\/api.w.org\/{rel}","templated":true}]}}