{"id":18223,"date":"2025-04-03T17:10:00","date_gmt":"2025-04-03T20:10:00","guid":{"rendered":"https:\/\/www.correiobraziliense.com.br\/cbradar\/?p=18223"},"modified":"2025-06-28T01:53:23","modified_gmt":"2025-06-28T04:53:23","slug":"meryl-streep-pode-ser-a-nova-estrela-de-as-cronicas-de-narnia-na-netflix","status":"publish","type":"post","link":"https:\/\/www.correiobraziliense.com.br\/cbradar\/meryl-streep-pode-ser-a-nova-estrela-de-as-cronicas-de-narnia-na-netflix\/","title":{"rendered":"Meryl Streep pode ser a nova estrela de &#8220;As Cr\u00f4nicas de N\u00e1rnia&#8221; na Netflix"},"content":{"rendered":"\n<p>A <strong>Netflix<\/strong> quebrou tradi\u00e7\u00f5es e estabeleceu precedente in\u00e9dito ao firmar acordo com <strong>Greta Gerwig<\/strong> para o lan\u00e7amento cinematogr\u00e1fico de <strong>&#8220;As Cr\u00f4nicas de N\u00e1rnia&#8221;<\/strong> antes da estreia no streaming. O filme da diretora de <strong>&#8220;Barbie&#8221;<\/strong> ser\u00e1 exibido nas salas de cinema <strong>IMAX<\/strong> em 90 pa\u00edses por duas semanas, a partir de 26 de novembro de 2026, antes de chegar \u00e0 plataforma no Natal do mesmo ano.<\/p>\n\n\n\n<p>Esta concess\u00e3o excepcional marca uma mudan\u00e7a estrat\u00e9gica significativa para a gigante do streaming, que tradicionalmente lan\u00e7a suas produ\u00e7\u00f5es originais diretamente no servi\u00e7o. O acordo representa vit\u00f3ria criativa para <strong>Gerwig<\/strong>, que negociou intensamente para garantir experi\u00eancia cinematogr\u00e1fica completa para sua adapta\u00e7\u00e3o da obra cl\u00e1ssica de <strong>C.S. Lewis<\/strong>. A <strong>Netflix<\/strong> tamb\u00e9m comprometeu-se com campanha de marketing robusta para o lan\u00e7amento nos cinemas, diferente dos lan\u00e7amentos limitados habituais para elegibilidade ao <strong>Oscar<\/strong>.<\/p>\n\n\n\n<h2 class=\"wp-block-heading\"><strong>Qual livro ser\u00e1 adaptado no primeiro filme de Greta Gerwig?<\/strong><\/h2>\n\n\n\n<p>O primeiro filme adaptar\u00e1 <strong>&#8220;O Sobrinho do Mago&#8221;<\/strong>, que explora as origens do mundo de <strong>N\u00e1rnia<\/strong> antes dos eventos protagonizados pelos irm\u00e3os <strong>Pevensie<\/strong>. A narrativa acompanha <strong>Greg\u00f3rio<\/strong> e sua vizinha <strong>Polly<\/strong> descobrindo um bosque m\u00e1gico com portais para diferentes mundos, incluindo o universo de <strong>N\u00e1rnia<\/strong>. Esta escolha representa abordagem cronol\u00f3gica da saga, diferente das adapta\u00e7\u00f5es anteriores da <strong>Disney<\/strong> que iniciaram com <strong>&#8220;O Le\u00e3o, a Feiticeira e o Guarda-Roupa&#8221;<\/strong>.<\/p>\n\n\n\n<p>Informa\u00e7\u00f5es de bastidores indicam que as filmagens durar\u00e3o mais de sete meses, come\u00e7ando em julho de 2025, sugerindo produ\u00e7\u00e3o simult\u00e2nea de dois filmes. O segundo projeto possivelmente adaptar\u00e1 <strong>&#8220;O Le\u00e3o, a Feiticeira e o Guarda-Roupa&#8221;<\/strong>, estabelecendo base s\u00f3lida para continuidade da franquia. <strong>Gerwig<\/strong> assinou contrato para dirigir apenas dois dos potenciais sete filmes que poder\u00e3o ser desenvolvidos, caso a adapta\u00e7\u00e3o alcance o sucesso esperado pela plataforma.<\/p>\n\n\n\n<figure class=\"wp-block-image size-large\"><img decoding=\"async\" width=\"1024\" height=\"576\" src=\"https:\/\/www.correiobraziliense.com.br\/cbradar\/wp-content\/uploads\/2025\/04\/Meryl-Streep_1743585624454-1024x576.jpg\" alt=\"Meryl Streep pode ser a nova estrela de &quot;As Cr\u00f4nicas de N\u00e1rnia&quot; na Netflix\" class=\"wp-image-18225\" srcset=\"https:\/\/www.correiobraziliense.com.br\/cbradar\/wp-content\/uploads\/2025\/04\/Meryl-Streep_1743585624454-1024x576.jpg 1024w, https:\/\/www.correiobraziliense.com.br\/cbradar\/wp-content\/uploads\/2025\/04\/Meryl-Streep_1743585624454-300x169.jpg 300w, https:\/\/www.correiobraziliense.com.br\/cbradar\/wp-content\/uploads\/2025\/04\/Meryl-Streep_1743585624454-768x432.jpg 768w, https:\/\/www.correiobraziliense.com.br\/cbradar\/wp-content\/uploads\/2025\/04\/Meryl-Streep_1743585624454-750x422.jpg 750w, https:\/\/www.correiobraziliense.com.br\/cbradar\/wp-content\/uploads\/2025\/04\/Meryl-Streep_1743585624454-1140x641.jpg 1140w, https:\/\/www.correiobraziliense.com.br\/cbradar\/wp-content\/uploads\/2025\/04\/Meryl-Streep_1743585624454.jpg 1280w\" sizes=\"(max-width: 1024px) 100vw, 1024px\" \/><figcaption class=\"wp-element-caption\">Meryl Streep\nCr\u00e9ditos: depositphotos.com \/ arp<\/figcaption><\/figure>\n\n\n\n<h2 class=\"wp-block-heading\"><strong>Como est\u00e1 sendo formado o elenco da nova adapta\u00e7\u00e3o?<\/strong><\/h2>\n\n\n\n<p><strong>Louis Partridge<\/strong>, conhecido pelos <strong><a href=\"https:\/\/www.correiobraziliense.com.br\/cbradar\/os-melhores-filmes-de-ficcao-cientifica-que-sao-totalmente-desconhecidos\/\" target=\"_blank\" rel=\"noreferrer noopener\">filmes <\/a>&#8220;Enola Holmes&#8221;<\/strong>, foi confirmado como primeiro ator escalado por <strong>Greta Gerwig<\/strong> para o projeto. Embora seu papel espec\u00edfico permane\u00e7a em sigilo, especula\u00e7\u00f5es sugerem que o ator de 21 anos possa interpretar <strong>Pedro Pevensie<\/strong>, devido \u00e0 faixa et\u00e1ria compat\u00edvel. O processo de sele\u00e7\u00e3o busca dois atores mirins nos pap\u00e9is principais, um menino e uma menina de 10 ou 11 anos.<\/p>\n\n\n\n<p>As filmagens e ensaios est\u00e3o programados para o <strong>Reino Unido<\/strong>, entre junho e dezembro de 2025, com grava\u00e7\u00f5es preferencialmente iniciando em setembro. <strong>Daniel Craig<\/strong> foi mencionado em negocia\u00e7\u00f5es para participa\u00e7\u00e3o no projeto, embora seu papel n\u00e3o tenha sido revelado. <strong>Saoirse Ronan<\/strong> comentou publicamente sobre rumores de sua participa\u00e7\u00e3o, declarando interesse em integrar o elenco caso seja convidada, mas confirmando que ainda n\u00e3o recebeu proposta oficial.<\/p>\n\n\n\n<h2 class=\"wp-block-heading\"><strong>Por que este projeto representa um marco para a Netflix?<\/strong><\/h2>\n\n\n\n<p>O acordo com <strong>Greta Gerwig<\/strong> estabelece precedente importante para a estrat\u00e9gia futura da <strong>Netflix<\/strong> com grandes produ\u00e7\u00f5es. A concess\u00e3o de lan\u00e7amento cinematogr\u00e1fico demonstra reconhecimento da plataforma sobre valor agregado da experi\u00eancia nos cinemas para determinados projetos. <strong>Ted Sarandos<\/strong>, CEO da empresa, enfrentou o desafio de explicar esta decis\u00e3o excepcional para outros cineastas sem criar expectativa de tratamento similar para futuras produ\u00e7\u00f5es.<\/p>\n\n\n\n<p>A produ\u00e7\u00e3o representa investimento significativo em propriedade intelectual estabelecida, considerando que a saga de <strong>C.S. Lewis<\/strong> j\u00e1 vendeu mais de 100 milh\u00f5es de c\u00f3pias mundialmente e foi traduzida para 47 idiomas. A <strong>Netflix<\/strong> adquiriu os direitos em 2018, mas o projeto permaneceu em desenvolvimento at\u00e9 a contrata\u00e7\u00e3o de <strong>Gerwig<\/strong>. A diretora confessou estar &#8220;apavorada&#8221; com a responsabilidade, interpretando o medo como sinal positivo para o desafio criativo.<\/p>\n\n\n\n<h2 class=\"wp-block-heading\"><strong>Qual \u00e9 a expectativa para o futuro da franquia?<\/strong><\/h2>\n\n\n\n<p>A estrat\u00e9gia da <strong>Netflix<\/strong> visa estabelecer <strong>&#8220;As Cr\u00f4nicas de N\u00e1rnia&#8221;<\/strong> como franquia cinematogr\u00e1fica duradoura, potencialmente explorando todos os sete livros da saga. <strong>Gerwig<\/strong> demonstrou compreens\u00e3o profunda do material original, tendo escrito o roteiro antes mesmo de filmar <strong>&#8220;Barbie&#8221;<\/strong>. A abordagem respeitosa ao legado liter\u00e1rio combina-se com a vis\u00e3o cinematogr\u00e1fica contempor\u00e2nea da diretora, prometendo atualiza\u00e7\u00e3o relevante para nova gera\u00e7\u00e3o de espectadores.<\/p>\n\n\n\n<p>O sucesso do projeto determinar\u00e1 expans\u00e3o futura do universo de <strong>N\u00e1rnia<\/strong> na plataforma, incluindo poss\u00edveis s\u00e9ries derivadas e adapta\u00e7\u00f5es adicionais. A parceria entre <strong>Netflix<\/strong> e <strong>Gerwig<\/strong> representa aposta estrat\u00e9gica em conte\u00fado de qualidade premium, capaz de competir com grandes produ\u00e7\u00f5es cinematogr\u00e1ficas tradicionais. O lan\u00e7amento em dezembro de 2026 posicionar\u00e1 o filme estrategicamente para temporada de premia\u00e7\u00f5es e feriados, maximizando o impacto cultural e comercial da produ\u00e7\u00e3o.<\/p>\n","protected":false},"excerpt":{"rendered":"<p>O universo m\u00e1gico de N\u00e1rnia volta \u00e0s telas! Com dire\u00e7\u00e3o de Greta Gerwig e poss\u00edveis participa\u00e7\u00f5es de Meryl Streep e Daniel Craig<\/p>\n","protected":false},"author":3,"featured_media":18224,"comment_status":"open","ping_status":"open","sticky":false,"template":"","format":"standard","meta":{"_yoast_wpseo_focuskw":"As Cr\u00f4nicas de N\u00e1rnia","_yoast_wpseo_title":"%%title%%","_yoast_wpseo_metadesc":"O universo m\u00e1gico de N\u00e1rnia volta \u00e0s telas! Com dire\u00e7\u00e3o de Greta Gerwig e poss\u00edveis participa\u00e7\u00f5es de Meryl Streep e Daniel Craig","jnews-multi-image_gallery":[],"jnews_single_post":{"format":"standard"},"jnews_primary_category":[],"jnews_social_meta":[],"jnews_override_counter":[],"footnotes":""},"categories":[140],"post_tag":[2764,2465,141,568],"class_list":["post-18223","post","type-post","status-publish","format-standard","has-post-thumbnail","hentry","category-entretenimento","tag-as-cronicas-de-narnia","tag-meryl-streep","tag-netflix","tag-series-e-filmes"],"yoast_head":"<!-- This site is optimized with the Yoast SEO plugin v24.6 - https:\/\/yoast.com\/wordpress\/plugins\/seo\/ -->\n<title>Meryl Streep pode ser a nova estrela de &quot;As Cr\u00f4nicas de N\u00e1rnia&quot; na Netflix<\/title>\n<meta name=\"description\" content=\"O universo m\u00e1gico de N\u00e1rnia volta \u00e0s telas! Com dire\u00e7\u00e3o de Greta Gerwig e poss\u00edveis participa\u00e7\u00f5es de Meryl Streep e Daniel Craig\" \/>\n<meta name=\"robots\" content=\"index, follow, max-snippet:-1, max-image-preview:large, max-video-preview:-1\" \/>\n<link rel=\"canonical\" href=\"https:\/\/www.correiobraziliense.com.br\/cbradar\/meryl-streep-pode-ser-a-nova-estrela-de-as-cronicas-de-narnia-na-netflix\/\" \/>\n<meta property=\"og:locale\" content=\"pt_BR\" \/>\n<meta property=\"og:type\" content=\"article\" \/>\n<meta property=\"og:title\" content=\"Meryl Streep pode ser a nova estrela de &quot;As Cr\u00f4nicas de N\u00e1rnia&quot; na Netflix\" \/>\n<meta property=\"og:description\" content=\"O universo m\u00e1gico de N\u00e1rnia volta \u00e0s telas! Com dire\u00e7\u00e3o de Greta Gerwig e poss\u00edveis participa\u00e7\u00f5es de Meryl Streep e Daniel Craig\" \/>\n<meta property=\"og:url\" content=\"https:\/\/www.correiobraziliense.com.br\/cbradar\/meryl-streep-pode-ser-a-nova-estrela-de-as-cronicas-de-narnia-na-netflix\/\" \/>\n<meta property=\"og:site_name\" content=\"Correio Braziliense - Radar\" \/>\n<meta property=\"article:published_time\" content=\"2025-04-03T20:10:00+00:00\" \/>\n<meta property=\"article:modified_time\" content=\"2025-06-28T04:53:23+00:00\" \/>\n<meta property=\"og:image\" content=\"https:\/\/www.correiobraziliense.com.br\/cbradar\/wp-content\/uploads\/2025\/04\/as-cronicas-de-narnia-e1743613540172.jpg\" \/>\n\t<meta property=\"og:image:width\" content=\"1280\" \/>\n\t<meta property=\"og:image:height\" content=\"720\" \/>\n\t<meta property=\"og:image:type\" content=\"image\/jpeg\" \/>\n<meta name=\"author\" content=\"Larissa Carvalho\" \/>\n<meta name=\"twitter:card\" content=\"summary_large_image\" \/>\n<meta name=\"twitter:label1\" content=\"Escrito por\" \/>\n\t<meta name=\"twitter:data1\" content=\"Larissa Carvalho\" \/>\n\t<meta name=\"twitter:label2\" content=\"Est. tempo de leitura\" \/>\n\t<meta name=\"twitter:data2\" content=\"5 minutos\" \/>\n<!-- \/ Yoast SEO plugin. -->","yoast_head_json":{"title":"Meryl Streep pode ser a nova estrela de \"As Cr\u00f4nicas de N\u00e1rnia\" na Netflix","description":"O universo m\u00e1gico de N\u00e1rnia volta \u00e0s telas! Com dire\u00e7\u00e3o de Greta Gerwig e poss\u00edveis participa\u00e7\u00f5es de Meryl Streep e Daniel Craig","robots":{"index":"index","follow":"follow","max-snippet":"max-snippet:-1","max-image-preview":"max-image-preview:large","max-video-preview":"max-video-preview:-1"},"canonical":"https:\/\/www.correiobraziliense.com.br\/cbradar\/meryl-streep-pode-ser-a-nova-estrela-de-as-cronicas-de-narnia-na-netflix\/","og_locale":"pt_BR","og_type":"article","og_title":"Meryl Streep pode ser a nova estrela de \"As Cr\u00f4nicas de N\u00e1rnia\" na Netflix","og_description":"O universo m\u00e1gico de N\u00e1rnia volta \u00e0s telas! Com dire\u00e7\u00e3o de Greta Gerwig e poss\u00edveis participa\u00e7\u00f5es de Meryl Streep e Daniel Craig","og_url":"https:\/\/www.correiobraziliense.com.br\/cbradar\/meryl-streep-pode-ser-a-nova-estrela-de-as-cronicas-de-narnia-na-netflix\/","og_site_name":"Correio Braziliense - Radar","article_published_time":"2025-04-03T20:10:00+00:00","article_modified_time":"2025-06-28T04:53:23+00:00","og_image":[{"width":1280,"height":720,"url":"https:\/\/www.correiobraziliense.com.br\/cbradar\/wp-content\/uploads\/2025\/04\/as-cronicas-de-narnia-e1743613540172.jpg","type":"image\/jpeg"}],"author":"Larissa Carvalho","twitter_card":"summary_large_image","twitter_misc":{"Escrito por":"Larissa Carvalho","Est. tempo de leitura":"5 minutos"},"schema":{"@context":"https:\/\/schema.org","@graph":[{"@type":"WebPage","@id":"https:\/\/www.correiobraziliense.com.br\/cbradar\/meryl-streep-pode-ser-a-nova-estrela-de-as-cronicas-de-narnia-na-netflix\/","url":"https:\/\/www.correiobraziliense.com.br\/cbradar\/meryl-streep-pode-ser-a-nova-estrela-de-as-cronicas-de-narnia-na-netflix\/","name":"Meryl Streep pode ser a nova estrela de \"As Cr\u00f4nicas de N\u00e1rnia\" na Netflix","isPartOf":{"@id":"https:\/\/www.correiobraziliense.com.br\/cbradar\/#website"},"primaryImageOfPage":{"@id":"https:\/\/www.correiobraziliense.com.br\/cbradar\/meryl-streep-pode-ser-a-nova-estrela-de-as-cronicas-de-narnia-na-netflix\/#primaryimage"},"image":{"@id":"https:\/\/www.correiobraziliense.com.br\/cbradar\/meryl-streep-pode-ser-a-nova-estrela-de-as-cronicas-de-narnia-na-netflix\/#primaryimage"},"thumbnailUrl":"https:\/\/www.correiobraziliense.com.br\/cbradar\/wp-content\/uploads\/2025\/04\/as-cronicas-de-narnia-e1743613540172.jpg","datePublished":"2025-04-03T20:10:00+00:00","dateModified":"2025-06-28T04:53:23+00:00","author":{"@id":"https:\/\/www.correiobraziliense.com.br\/cbradar\/#\/schema\/person\/58422787644df994b53a19d3e56c1513"},"description":"O universo m\u00e1gico de N\u00e1rnia volta \u00e0s telas! Com dire\u00e7\u00e3o de Greta Gerwig e poss\u00edveis participa\u00e7\u00f5es de Meryl Streep e Daniel Craig","breadcrumb":{"@id":"https:\/\/www.correiobraziliense.com.br\/cbradar\/meryl-streep-pode-ser-a-nova-estrela-de-as-cronicas-de-narnia-na-netflix\/#breadcrumb"},"inLanguage":"pt-BR","potentialAction":[{"@type":"ReadAction","target":["https:\/\/www.correiobraziliense.com.br\/cbradar\/meryl-streep-pode-ser-a-nova-estrela-de-as-cronicas-de-narnia-na-netflix\/"]}]},{"@type":"ImageObject","inLanguage":"pt-BR","@id":"https:\/\/www.correiobraziliense.com.br\/cbradar\/meryl-streep-pode-ser-a-nova-estrela-de-as-cronicas-de-narnia-na-netflix\/#primaryimage","url":"https:\/\/www.correiobraziliense.com.br\/cbradar\/wp-content\/uploads\/2025\/04\/as-cronicas-de-narnia-e1743613540172.jpg","contentUrl":"https:\/\/www.correiobraziliense.com.br\/cbradar\/wp-content\/uploads\/2025\/04\/as-cronicas-de-narnia-e1743613540172.jpg","width":1280,"height":720,"caption":"As Cr\u00f4nicas de N\u00e1rnia: O Le\u00e3o, A Feiticeira e o Guarda-Roupa. Fonte: divulga\u00e7\u00e3o \/ Walt Disney Pictures"},{"@type":"BreadcrumbList","@id":"https:\/\/www.correiobraziliense.com.br\/cbradar\/meryl-streep-pode-ser-a-nova-estrela-de-as-cronicas-de-narnia-na-netflix\/#breadcrumb","itemListElement":[{"@type":"ListItem","position":1,"name":"In\u00edcio","item":"https:\/\/www.correiobraziliense.com.br\/cbradar\/"},{"@type":"ListItem","position":2,"name":"Meryl Streep pode ser a nova estrela de &#8220;As Cr\u00f4nicas de N\u00e1rnia&#8221; na Netflix"}]},{"@type":"WebSite","@id":"https:\/\/www.correiobraziliense.com.br\/cbradar\/#website","url":"https:\/\/www.correiobraziliense.com.br\/cbradar\/","name":"Correio Braziliense - Radar","description":"Acompanhe as \u00faltimas not\u00edcias e fique bem informado sobre tudo o que acontece no Brasil e no mundo.","potentialAction":[{"@type":"SearchAction","target":{"@type":"EntryPoint","urlTemplate":"https:\/\/www.correiobraziliense.com.br\/cbradar\/?s={search_term_string}"},"query-input":{"@type":"PropertyValueSpecification","valueRequired":true,"valueName":"search_term_string"}}],"inLanguage":"pt-BR"},{"@type":"Person","@id":"https:\/\/www.correiobraziliense.com.br\/cbradar\/#\/schema\/person\/58422787644df994b53a19d3e56c1513","name":"Larissa Carvalho","image":{"@type":"ImageObject","inLanguage":"pt-BR","@id":"https:\/\/www.correiobraziliense.com.br\/cbradar\/#\/schema\/person\/image\/","url":"https:\/\/secure.gravatar.com\/avatar\/fe4f91a0de32b52a838d0d612abdc1aa?s=96&d=mm&r=g","contentUrl":"https:\/\/secure.gravatar.com\/avatar\/fe4f91a0de32b52a838d0d612abdc1aa?s=96&d=mm&r=g","caption":"Larissa Carvalho"},"url":"https:\/\/www.correiobraziliense.com.br\/cbradar\/author\/larissamyth\/"}]}},"_links":{"self":[{"href":"https:\/\/www.correiobraziliense.com.br\/cbradar\/wp-json\/wp\/v2\/posts\/18223","targetHints":{"allow":["GET"]}}],"collection":[{"href":"https:\/\/www.correiobraziliense.com.br\/cbradar\/wp-json\/wp\/v2\/posts"}],"about":[{"href":"https:\/\/www.correiobraziliense.com.br\/cbradar\/wp-json\/wp\/v2\/types\/post"}],"author":[{"embeddable":true,"href":"https:\/\/www.correiobraziliense.com.br\/cbradar\/wp-json\/wp\/v2\/users\/3"}],"replies":[{"embeddable":true,"href":"https:\/\/www.correiobraziliense.com.br\/cbradar\/wp-json\/wp\/v2\/comments?post=18223"}],"version-history":[{"count":4,"href":"https:\/\/www.correiobraziliense.com.br\/cbradar\/wp-json\/wp\/v2\/posts\/18223\/revisions"}],"predecessor-version":[{"id":60684,"href":"https:\/\/www.correiobraziliense.com.br\/cbradar\/wp-json\/wp\/v2\/posts\/18223\/revisions\/60684"}],"wp:featuredmedia":[{"embeddable":true,"href":"https:\/\/www.correiobraziliense.com.br\/cbradar\/wp-json\/wp\/v2\/media\/18224"}],"wp:attachment":[{"href":"https:\/\/www.correiobraziliense.com.br\/cbradar\/wp-json\/wp\/v2\/media?parent=18223"}],"wp:term":[{"taxonomy":"category","embeddable":true,"href":"https:\/\/www.correiobraziliense.com.br\/cbradar\/wp-json\/wp\/v2\/categories?post=18223"},{"taxonomy":"post_tag","embeddable":true,"href":"https:\/\/www.correiobraziliense.com.br\/cbradar\/wp-json\/wp\/v2\/post_tag?post=18223"}],"curies":[{"name":"wp","href":"https:\/\/api.w.org\/{rel}","templated":true}]}}