{"id":182245,"date":"2026-01-27T07:59:40","date_gmt":"2026-01-27T10:59:40","guid":{"rendered":"https:\/\/www.correiobraziliense.com.br\/cbradar\/?p=182245"},"modified":"2026-01-27T07:59:43","modified_gmt":"2026-01-27T10:59:43","slug":"os-5-perfumes-da-natura-que-sao-sucesso-absoluto-pela-sua-longa-duracao","status":"publish","type":"post","link":"https:\/\/www.correiobraziliense.com.br\/cbradar\/os-5-perfumes-da-natura-que-sao-sucesso-absoluto-pela-sua-longa-duracao\/","title":{"rendered":"Os 5 perfumes da Natura que s\u00e3o sucesso absoluto pela sua longa dura\u00e7\u00e3o"},"content":{"rendered":"\n<p>A perfumaria da <strong>Natura<\/strong> consolidou-se como refer\u00eancia global ao utilizar ingredientes exclusivos da biodiversidade brasileira em suas formula\u00e7\u00f5es de alta performance. Encontrar fragr\u00e2ncias que apresentam uma fixa\u00e7\u00e3o extraordin\u00e1ria exige compreender a tecnologia por tr\u00e1s dos \u00f3leos essenciais amaz\u00f4nicos. Esses produtos garantem uma experi\u00eancia sensorial prolongada, muito marcante e extremamente sofisticada para o seu dia.<\/p>\n\n\n\n<h2 class=\"wp-block-heading\">Quais s\u00e3o os segredos t\u00e9cnicos da Natura para garantir fixa\u00e7\u00e3o extrema?<\/h2>\n\n\n\n<p>A marca investe em processos de macera\u00e7\u00e3o exclusivos que preservam a integridade das mol\u00e9culas arom\u00e1ticas por muito mais tempo. Segundo normas da <a href=\"https:\/\/www.gov.br\/anvisa\" target=\"_blank\" rel=\"noreferrer noopener\"><strong>Anvisa<\/strong><\/a>, o controle de qualidade rigoroso garante que os cosm\u00e9ticos sejam seguros e apresentem o desempenho esperado pelos consumidores brasileiros.<\/p>\n\n\n\n<p>A utiliza\u00e7\u00e3o de \u00e1lcool org\u00e2nico e a extra\u00e7\u00e3o sustent\u00e1vel de ativos como o <strong>Priprioca<\/strong> potencializam a ader\u00eancia do <strong><a href=\"https:\/\/www.correiobraziliense.com.br\/cbradar\/perfumes-femininos-que-rendem-elogios-ate-no-fim-do-dia-segundo-avaliacoes-reais\/\" target=\"_blank\" rel=\"noreferrer noopener\">perfume <\/a><\/strong>na derme. Essa combina\u00e7\u00e3o qu\u00edmica resulta em fragr\u00e2ncias que resistem ao calor tropical, mantendo a proje\u00e7\u00e3o e o rastro de forma muito consistente e elegante.<\/p>\n\n\n<div class=\"wp-block-image\">\n<figure class=\"aligncenter size-large\"><img decoding=\"async\" width=\"1024\" height=\"576\" src=\"https:\/\/www.correiobraziliense.com.br\/cbradar\/wp-content\/uploads\/2026\/01\/freepik__35mm-film-photography-crie-uma-mulher-usando-perfu__845-1-1-1024x576.png\" alt=\"Os 5 perfumes da Natura que s\u00e3o sucesso absoluto pela sua longa dura\u00e7\u00e3o\" class=\"wp-image-170619\" srcset=\"https:\/\/www.correiobraziliense.com.br\/cbradar\/wp-content\/uploads\/2026\/01\/freepik__35mm-film-photography-crie-uma-mulher-usando-perfu__845-1-1-1024x576.png 1024w, https:\/\/www.correiobraziliense.com.br\/cbradar\/wp-content\/uploads\/2026\/01\/freepik__35mm-film-photography-crie-uma-mulher-usando-perfu__845-1-1-300x169.png 300w, https:\/\/www.correiobraziliense.com.br\/cbradar\/wp-content\/uploads\/2026\/01\/freepik__35mm-film-photography-crie-uma-mulher-usando-perfu__845-1-1-768x432.png 768w, https:\/\/www.correiobraziliense.com.br\/cbradar\/wp-content\/uploads\/2026\/01\/freepik__35mm-film-photography-crie-uma-mulher-usando-perfu__845-1-1-750x422.png 750w, https:\/\/www.correiobraziliense.com.br\/cbradar\/wp-content\/uploads\/2026\/01\/freepik__35mm-film-photography-crie-uma-mulher-usando-perfu__845-1-1-1140x641.png 1140w, https:\/\/www.correiobraziliense.com.br\/cbradar\/wp-content\/uploads\/2026\/01\/freepik__35mm-film-photography-crie-uma-mulher-usando-perfu__845-1-1.png 1280w\" sizes=\"(max-width: 1024px) 100vw, 1024px\" \/><figcaption class=\"wp-element-caption\">Fragr\u00e2ncias nacionais que se destacam pela durabilidade e pela presen\u00e7a prolongada na pele.<\/figcaption><\/figure><\/div>\n\n\n<h2 class=\"wp-block-heading\">Como identificar as linhas da Natura que mais grudam na pele?<\/h2>\n\n\n\n<p>As cole\u00e7\u00f5es classificadas como <strong>Deo Parfum<\/strong> possuem uma concentra\u00e7\u00e3o maior de \u00f3leos essenciais, o que favorece a durabilidade em diferentes tipos de pele. Optar por notas amadeiradas ou orientais intensas assegura que o aroma permane\u00e7a percept\u00edvel durante toda a jornada de trabalho.<\/p>\n\n\n\n<p>Veja a tabela abaixo:<\/p>\n\n\n\n<figure class=\"wp-block-table\"><table class=\"has-fixed-layout\"><thead><tr><td><strong>Perfume Natura<\/strong><\/td><td><strong>Fam\u00edlia Olfativa<\/strong><\/td><td><strong>Tempo de Fixa\u00e7\u00e3o<\/strong><\/td><\/tr><\/thead><tbody><tr><td><strong>Essencial Oud<\/strong><\/td><td>Amadeirado Intenso<\/td><td>Acima de 10h<\/td><\/tr><tr><td><strong>Il\u00eda Secreto<\/strong><\/td><td>Floral Intenso<\/td><td>At\u00e9 10h<\/td><\/tr><tr><td><strong>Una Instinct<\/strong><\/td><td>Adocicado Intenso<\/td><td>At\u00e9 9h<\/td><\/tr><\/tbody><\/table><\/figure>\n\n\n\n<h2 class=\"wp-block-heading\">Quais s\u00e3o os cinco perfumes mais poderosos da Natura atualmente?<\/h2>\n\n\n\n<p>Selecionamos os exemplares que dominam o ranking de satisfa\u00e7\u00e3o quando o assunto \u00e9 proje\u00e7\u00e3o marcante e fixa\u00e7\u00e3o inabal\u00e1vel em climas \u00famidos. Essas escolhas refletem o \u00e1pice da sofistica\u00e7\u00e3o olfativa nacional, utilizando ingredientes que exalam luxo e uma personalidade muito forte e \u00fanica.<\/p>\n\n\n\n<p>Confira a lista abaixo:<\/p>\n\n\n\n<ul class=\"wp-block-list\">\n<li><strong>Essencial \u00danico<\/strong>: O topo da sofistica\u00e7\u00e3o amadeirada.<\/li>\n\n\n\n<li><strong>Il\u00eda Secreto<\/strong>: Notas de uva e caf\u00e9 muito intensas.<\/li>\n\n\n\n<li><strong>Una Artisan<\/strong>: Eleg\u00e2ncia floral com alta durabilidade.<\/li>\n\n\n\n<li><strong>Homem Dom<\/strong>: Pot\u00eancia oriental para o p\u00fablico masculino.<\/li>\n\n\n\n<li><strong>Luna Valentia<\/strong>: Chipre brasileiro com fixa\u00e7\u00e3o memor\u00e1vel.<\/li>\n<\/ul>\n\n\n\n<p>Para quem procura um perfume marcante para a noite, este conte\u00fado destaca fragr\u00e2ncia intensa, sofisticada e muito elogiada. O criador <strong>marinadealcantara_<\/strong>, refer\u00eancia em recomenda\u00e7\u00f5es olfativas, compartilha impress\u00f5es reais e dicas de uso, reunindo <strong>655,2K seguidores<\/strong>, ajudando seguidores a escolher aromas certos para ocasi\u00f5es noturnas especiais e encontros importantes memor\u00e1veis \u00fanicos:<\/p>\n\n\n\n<blockquote class=\"tiktok-embed\" cite=\"https:\/\/www.tiktok.com\/@marinadealcantara_\/video\/7249467645030944005\" data-video-id=\"7249467645030944005\" style=\"max-width: 605px;min-width: 325px;\" > <section> <a target=\"_blank\" title=\"@marinadealcantara_\" href=\"https:\/\/www.tiktok.com\/@marinadealcantara_?refer=embed\">@marinadealcantara_<\/a> Ele e perfeitoooooo pra usar de noite, mtooo cheiroso <a title=\"iliasecretonatura\" target=\"_blank\" href=\"https:\/\/www.tiktok.com\/tag\/iliasecretonatura?refer=embed\">#iliasecretonatura<\/a> <a title=\"perfumesnatura\" target=\"_blank\" href=\"https:\/\/www.tiktok.com\/tag\/perfumesnatura?refer=embed\">#perfumesnatura<\/a> <a title=\"mariperfumetok\" target=\"_blank\" href=\"https:\/\/www.tiktok.com\/tag\/mariperfumetok?refer=embed\">#mariperfumetok<\/a> <a target=\"_blank\" title=\"\u266c som original - marinadealcantara_\" href=\"https:\/\/www.tiktok.com\/music\/som-original-7249467633682451206?refer=embed\">\u266c som original &#8211; marinadealcantara_<\/a> <\/section> <\/blockquote> <script async src=\"https:\/\/www.tiktok.com\/embed.js\"><\/script>\n\n\n\n<h2 class=\"wp-block-heading\">Por que o Essencial Oud \u00e9 considerado um fen\u00f4meno de fixa\u00e7\u00e3o?<\/h2>\n\n\n\n<p>A combina\u00e7\u00e3o do \u00f3leo de <strong>Oud<\/strong> com a <strong>Copa\u00edba<\/strong> brasileira cria uma assinatura olfativa densa que se fixa profundamente nas fibras da pele. Esse perfume \u00e9 ideal para ocasi\u00f5es noturnas onde a presen\u00e7a deve ser marcante, garantindo elogios constantes e muita sofistica\u00e7\u00e3o.<\/p>\n\n\n\n<p>Sua estrutura molecular pesada impede a evapora\u00e7\u00e3o r\u00e1pida das notas de cora\u00e7\u00e3o, permitindo que a evolu\u00e7\u00e3o do aroma seja lenta e envolvente. \u00c9 um investimento certeiro para quem busca uma fragr\u00e2ncia que realmente n\u00e3o sai da pele nem ap\u00f3s muitas horas.<\/p>\n\n\n<div class=\"wp-block-image\">\n<figure class=\"aligncenter size-large\"><img decoding=\"async\" width=\"1024\" height=\"576\" src=\"https:\/\/www.correiobraziliense.com.br\/cbradar\/wp-content\/uploads\/2026\/01\/Gemini_Generated_Image_nvpch6nvpch6nvpc-1-1-1024x576.png\" alt=\"Os 5 perfumes da Natura que s\u00e3o sucesso absoluto pela sua longa dura\u00e7\u00e3o\" class=\"wp-image-170634\" srcset=\"https:\/\/www.correiobraziliense.com.br\/cbradar\/wp-content\/uploads\/2026\/01\/Gemini_Generated_Image_nvpch6nvpch6nvpc-1-1-1024x576.png 1024w, https:\/\/www.correiobraziliense.com.br\/cbradar\/wp-content\/uploads\/2026\/01\/Gemini_Generated_Image_nvpch6nvpch6nvpc-1-1-300x169.png 300w, https:\/\/www.correiobraziliense.com.br\/cbradar\/wp-content\/uploads\/2026\/01\/Gemini_Generated_Image_nvpch6nvpch6nvpc-1-1-768x432.png 768w, https:\/\/www.correiobraziliense.com.br\/cbradar\/wp-content\/uploads\/2026\/01\/Gemini_Generated_Image_nvpch6nvpch6nvpc-1-1-750x422.png 750w, https:\/\/www.correiobraziliense.com.br\/cbradar\/wp-content\/uploads\/2026\/01\/Gemini_Generated_Image_nvpch6nvpch6nvpc-1-1-1140x641.png 1140w, https:\/\/www.correiobraziliense.com.br\/cbradar\/wp-content\/uploads\/2026\/01\/Gemini_Generated_Image_nvpch6nvpch6nvpc-1-1.png 1280w\" sizes=\"(max-width: 1024px) 100vw, 1024px\" \/><figcaption class=\"wp-element-caption\">Fragr\u00e2ncias nacionais que se destacam pela durabilidade e pela presen\u00e7a prolongada na pele.<\/figcaption><\/figure><\/div>\n\n\n<h2 class=\"wp-block-heading\">Como maximizar a performance do seu perfume Natura favorito?<\/h2>\n\n\n\n<p>Aplicar a fragr\u00e2ncia ap\u00f3s a hidrata\u00e7\u00e3o corporal com cremes neutros cria uma barreira que impede a absor\u00e7\u00e3o excessiva do \u00e1lcool pela pele. Focar nos pontos de pulsa\u00e7\u00e3o ajuda na difus\u00e3o constante das notas, elevando a experi\u00eancia de uso para um patamar superior.<\/p>\n\n\n\n<p>Evitar esfregar os pulsos ap\u00f3s a aplica\u00e7\u00e3o preserva a estrutura das notas de sa\u00edda, garantindo que o perfume evolua conforme planejado pelos perfumistas. Pequenos gestos de cuidado transformam o uso di\u00e1rio em um ritual de bem-estar e muito poder pessoal constante.<\/p>\n","protected":false},"excerpt":{"rendered":"<p>A perfumaria da Natura consolidou-se como refer\u00eancia global ao utilizar ingredientes exclusivos da biodiversidade brasileira em suas formula\u00e7\u00f5es de alta performance. Encontrar fragr\u00e2ncias que apresentam uma fixa\u00e7\u00e3o extraordin\u00e1ria exige compreender a tecnologia por tr\u00e1s dos \u00f3leos essenciais amaz\u00f4nicos. Esses produtos garantem uma experi\u00eancia sensorial prolongada, muito marcante e extremamente sofisticada para o seu dia. Quais [&hellip;]<\/p>\n","protected":false},"author":21,"featured_media":175359,"comment_status":"open","ping_status":"open","sticky":false,"template":"","format":"standard","meta":{"_yoast_wpseo_focuskw":"Perfume Natura","_yoast_wpseo_title":"","_yoast_wpseo_metadesc":"Perfumes nacionais com alta concentra\u00e7\u00e3o e notas amadeiradas se destacam pela longa dura\u00e7\u00e3o, mesmo em climas quentes.","jnews-multi-image_gallery":[],"jnews_single_post":{"format":"standard"},"jnews_primary_category":[],"jnews_social_meta":[],"jnews_override_counter":[],"footnotes":""},"categories":[124],"tags":[13547,13548,5102],"class_list":["post-182245","post","type-post","status-publish","format-standard","has-post-thumbnail","hentry","category-beleza","tag-fixacao","tag-natura","tag-perfume"],"yoast_head":"<!-- This site is optimized with the Yoast SEO plugin v24.6 - https:\/\/yoast.com\/wordpress\/plugins\/seo\/ -->\n<title>Os 5 perfumes da Natura que s\u00e3o sucesso absoluto pela sua longa dura\u00e7\u00e3o - Correio Braziliense - Radar<\/title>\n<meta name=\"description\" content=\"Perfumes nacionais com alta concentra\u00e7\u00e3o e notas amadeiradas se destacam pela longa dura\u00e7\u00e3o, mesmo em climas quentes.\" \/>\n<meta name=\"robots\" content=\"index, follow, max-snippet:-1, max-image-preview:large, max-video-preview:-1\" \/>\n<link rel=\"canonical\" href=\"https:\/\/www.correiobraziliense.com.br\/cbradar\/os-5-perfumes-da-natura-que-sao-sucesso-absoluto-pela-sua-longa-duracao\/\" \/>\n<meta property=\"og:locale\" content=\"pt_BR\" \/>\n<meta property=\"og:type\" content=\"article\" \/>\n<meta property=\"og:title\" content=\"Os 5 perfumes da Natura que s\u00e3o sucesso absoluto pela sua longa dura\u00e7\u00e3o - Correio Braziliense - Radar\" \/>\n<meta property=\"og:description\" content=\"Perfumes nacionais com alta concentra\u00e7\u00e3o e notas amadeiradas se destacam pela longa dura\u00e7\u00e3o, mesmo em climas quentes.\" \/>\n<meta property=\"og:url\" content=\"https:\/\/www.correiobraziliense.com.br\/cbradar\/os-5-perfumes-da-natura-que-sao-sucesso-absoluto-pela-sua-longa-duracao\/\" \/>\n<meta property=\"og:site_name\" content=\"Correio Braziliense - Radar\" \/>\n<meta property=\"article:published_time\" content=\"2026-01-27T10:59:40+00:00\" \/>\n<meta property=\"article:modified_time\" content=\"2026-01-27T10:59:43+00:00\" \/>\n<meta property=\"og:image\" content=\"https:\/\/www.correiobraziliense.com.br\/cbradar\/wp-content\/uploads\/2026\/01\/freepik__crie-uma-mulher-sofisticada-borrifando-perfume-eud__8081-1-1.png\" \/>\n\t<meta property=\"og:image:width\" content=\"1280\" \/>\n\t<meta property=\"og:image:height\" content=\"720\" \/>\n\t<meta property=\"og:image:type\" content=\"image\/png\" \/>\n<meta name=\"author\" content=\"Patrick Silva\" \/>\n<meta name=\"twitter:card\" content=\"summary_large_image\" \/>\n<meta name=\"twitter:label1\" content=\"Escrito por\" \/>\n\t<meta name=\"twitter:data1\" content=\"Patrick Silva\" \/>\n\t<meta name=\"twitter:label2\" content=\"Est. tempo de leitura\" \/>\n\t<meta name=\"twitter:data2\" content=\"4 minutos\" \/>\n<!-- \/ Yoast SEO plugin. -->","yoast_head_json":{"title":"Os 5 perfumes da Natura que s\u00e3o sucesso absoluto pela sua longa dura\u00e7\u00e3o - Correio Braziliense - Radar","description":"Perfumes nacionais com alta concentra\u00e7\u00e3o e notas amadeiradas se destacam pela longa dura\u00e7\u00e3o, mesmo em climas quentes.","robots":{"index":"index","follow":"follow","max-snippet":"max-snippet:-1","max-image-preview":"max-image-preview:large","max-video-preview":"max-video-preview:-1"},"canonical":"https:\/\/www.correiobraziliense.com.br\/cbradar\/os-5-perfumes-da-natura-que-sao-sucesso-absoluto-pela-sua-longa-duracao\/","og_locale":"pt_BR","og_type":"article","og_title":"Os 5 perfumes da Natura que s\u00e3o sucesso absoluto pela sua longa dura\u00e7\u00e3o - Correio Braziliense - Radar","og_description":"Perfumes nacionais com alta concentra\u00e7\u00e3o e notas amadeiradas se destacam pela longa dura\u00e7\u00e3o, mesmo em climas quentes.","og_url":"https:\/\/www.correiobraziliense.com.br\/cbradar\/os-5-perfumes-da-natura-que-sao-sucesso-absoluto-pela-sua-longa-duracao\/","og_site_name":"Correio Braziliense - Radar","article_published_time":"2026-01-27T10:59:40+00:00","article_modified_time":"2026-01-27T10:59:43+00:00","og_image":[{"width":1280,"height":720,"url":"https:\/\/www.correiobraziliense.com.br\/cbradar\/wp-content\/uploads\/2026\/01\/freepik__crie-uma-mulher-sofisticada-borrifando-perfume-eud__8081-1-1.png","type":"image\/png"}],"author":"Patrick Silva","twitter_card":"summary_large_image","twitter_misc":{"Escrito por":"Patrick Silva","Est. tempo de leitura":"4 minutos"},"schema":{"@context":"https:\/\/schema.org","@graph":[{"@type":"WebPage","@id":"https:\/\/www.correiobraziliense.com.br\/cbradar\/os-5-perfumes-da-natura-que-sao-sucesso-absoluto-pela-sua-longa-duracao\/","url":"https:\/\/www.correiobraziliense.com.br\/cbradar\/os-5-perfumes-da-natura-que-sao-sucesso-absoluto-pela-sua-longa-duracao\/","name":"Os 5 perfumes da Natura que s\u00e3o sucesso absoluto pela sua longa dura\u00e7\u00e3o - Correio Braziliense - Radar","isPartOf":{"@id":"https:\/\/www.correiobraziliense.com.br\/cbradar\/#website"},"primaryImageOfPage":{"@id":"https:\/\/www.correiobraziliense.com.br\/cbradar\/os-5-perfumes-da-natura-que-sao-sucesso-absoluto-pela-sua-longa-duracao\/#primaryimage"},"image":{"@id":"https:\/\/www.correiobraziliense.com.br\/cbradar\/os-5-perfumes-da-natura-que-sao-sucesso-absoluto-pela-sua-longa-duracao\/#primaryimage"},"thumbnailUrl":"https:\/\/www.correiobraziliense.com.br\/cbradar\/wp-content\/uploads\/2026\/01\/freepik__crie-uma-mulher-sofisticada-borrifando-perfume-eud__8081-1-1.png","datePublished":"2026-01-27T10:59:40+00:00","dateModified":"2026-01-27T10:59:43+00:00","author":{"@id":"https:\/\/www.correiobraziliense.com.br\/cbradar\/#\/schema\/person\/5440b72be9c7eb74f446c846479dc4da"},"description":"Perfumes nacionais com alta concentra\u00e7\u00e3o e notas amadeiradas se destacam pela longa dura\u00e7\u00e3o, mesmo em climas quentes.","breadcrumb":{"@id":"https:\/\/www.correiobraziliense.com.br\/cbradar\/os-5-perfumes-da-natura-que-sao-sucesso-absoluto-pela-sua-longa-duracao\/#breadcrumb"},"inLanguage":"pt-BR","potentialAction":[{"@type":"ReadAction","target":["https:\/\/www.correiobraziliense.com.br\/cbradar\/os-5-perfumes-da-natura-que-sao-sucesso-absoluto-pela-sua-longa-duracao\/"]}]},{"@type":"ImageObject","inLanguage":"pt-BR","@id":"https:\/\/www.correiobraziliense.com.br\/cbradar\/os-5-perfumes-da-natura-que-sao-sucesso-absoluto-pela-sua-longa-duracao\/#primaryimage","url":"https:\/\/www.correiobraziliense.com.br\/cbradar\/wp-content\/uploads\/2026\/01\/freepik__crie-uma-mulher-sofisticada-borrifando-perfume-eud__8081-1-1.png","contentUrl":"https:\/\/www.correiobraziliense.com.br\/cbradar\/wp-content\/uploads\/2026\/01\/freepik__crie-uma-mulher-sofisticada-borrifando-perfume-eud__8081-1-1.png","width":1280,"height":720,"caption":"Fragr\u00e2ncias nacionais que se destacam pela durabilidade e pela presen\u00e7a prolongada na pele."},{"@type":"BreadcrumbList","@id":"https:\/\/www.correiobraziliense.com.br\/cbradar\/os-5-perfumes-da-natura-que-sao-sucesso-absoluto-pela-sua-longa-duracao\/#breadcrumb","itemListElement":[{"@type":"ListItem","position":1,"name":"In\u00edcio","item":"https:\/\/www.correiobraziliense.com.br\/cbradar\/"},{"@type":"ListItem","position":2,"name":"Os 5 perfumes da Natura que s\u00e3o sucesso absoluto pela sua longa dura\u00e7\u00e3o"}]},{"@type":"WebSite","@id":"https:\/\/www.correiobraziliense.com.br\/cbradar\/#website","url":"https:\/\/www.correiobraziliense.com.br\/cbradar\/","name":"Correio Braziliense - Radar","description":"Acompanhe as \u00faltimas not\u00edcias e fique bem informado sobre tudo o que acontece no Brasil e no mundo.","potentialAction":[{"@type":"SearchAction","target":{"@type":"EntryPoint","urlTemplate":"https:\/\/www.correiobraziliense.com.br\/cbradar\/?s={search_term_string}"},"query-input":{"@type":"PropertyValueSpecification","valueRequired":true,"valueName":"search_term_string"}}],"inLanguage":"pt-BR"},{"@type":"Person","@id":"https:\/\/www.correiobraziliense.com.br\/cbradar\/#\/schema\/person\/5440b72be9c7eb74f446c846479dc4da","name":"Patrick Silva","image":{"@type":"ImageObject","inLanguage":"pt-BR","@id":"https:\/\/www.correiobraziliense.com.br\/cbradar\/#\/schema\/person\/image\/","url":"https:\/\/secure.gravatar.com\/avatar\/944109df296fc087785c9715fd5f80b2?s=96&d=mm&r=g","contentUrl":"https:\/\/secure.gravatar.com\/avatar\/944109df296fc087785c9715fd5f80b2?s=96&d=mm&r=g","caption":"Patrick Silva"},"sameAs":["https:\/\/www.correiobraziliense.com.br\/cbradar\/"],"url":"https:\/\/www.correiobraziliense.com.br\/cbradar\/author\/patrick-silva\/"}]}},"_links":{"self":[{"href":"https:\/\/www.correiobraziliense.com.br\/cbradar\/wp-json\/wp\/v2\/posts\/182245","targetHints":{"allow":["GET"]}}],"collection":[{"href":"https:\/\/www.correiobraziliense.com.br\/cbradar\/wp-json\/wp\/v2\/posts"}],"about":[{"href":"https:\/\/www.correiobraziliense.com.br\/cbradar\/wp-json\/wp\/v2\/types\/post"}],"author":[{"embeddable":true,"href":"https:\/\/www.correiobraziliense.com.br\/cbradar\/wp-json\/wp\/v2\/users\/21"}],"replies":[{"embeddable":true,"href":"https:\/\/www.correiobraziliense.com.br\/cbradar\/wp-json\/wp\/v2\/comments?post=182245"}],"version-history":[{"count":2,"href":"https:\/\/www.correiobraziliense.com.br\/cbradar\/wp-json\/wp\/v2\/posts\/182245\/revisions"}],"predecessor-version":[{"id":182268,"href":"https:\/\/www.correiobraziliense.com.br\/cbradar\/wp-json\/wp\/v2\/posts\/182245\/revisions\/182268"}],"wp:featuredmedia":[{"embeddable":true,"href":"https:\/\/www.correiobraziliense.com.br\/cbradar\/wp-json\/wp\/v2\/media\/175359"}],"wp:attachment":[{"href":"https:\/\/www.correiobraziliense.com.br\/cbradar\/wp-json\/wp\/v2\/media?parent=182245"}],"wp:term":[{"taxonomy":"category","embeddable":true,"href":"https:\/\/www.correiobraziliense.com.br\/cbradar\/wp-json\/wp\/v2\/categories?post=182245"},{"taxonomy":"post_tag","embeddable":true,"href":"https:\/\/www.correiobraziliense.com.br\/cbradar\/wp-json\/wp\/v2\/tags?post=182245"}],"curies":[{"name":"wp","href":"https:\/\/api.w.org\/{rel}","templated":true}]}}