{"id":182301,"date":"2026-01-26T16:27:00","date_gmt":"2026-01-26T19:27:00","guid":{"rendered":"https:\/\/www.correiobraziliense.com.br\/cbradar\/?p=182301"},"modified":"2026-01-26T16:17:36","modified_gmt":"2026-01-26T19:17:36","slug":"de-acordo-com-o-seu-mes-de-nascimento-este-e-o-ponto-da-vida-que-mais-vai-testar-seus-sentimentos","status":"publish","type":"post","link":"https:\/\/www.correiobraziliense.com.br\/cbradar\/de-acordo-com-o-seu-mes-de-nascimento-este-e-o-ponto-da-vida-que-mais-vai-testar-seus-sentimentos\/","title":{"rendered":"De acordo com o seu m\u00eas de nascimento, este \u00e9 o ponto da vida que mais vai testar seus sentimentos"},"content":{"rendered":"\n<p>O m\u00eas de nascimento pode indicar padr\u00f5es emocionais que se manifestam como desafios recorrentes ao longo da vida. Essas tend\u00eancias n\u00e3o determinam destino, mas apontam \u00e1reas onde a resili\u00eancia emocional ser\u00e1 mais testada, desde inseguran\u00e7as profundas at\u00e9 necessidade excessiva de controle ou medo paralisante de cometer erros.<\/p>\n\n\n\n<h2 class=\"wp-block-heading\">Como diferentes meses de nascimento se relacionam com desafios emocionais espec\u00edficos?<\/h2>\n\n\n\n<p><a href=\"https:\/\/www.correiobraziliense.com.br\/cbradar\/o-mes-do-seu-nascimento-explica-como-voce-lida-com-a-rotina\/\" target=\"_blank\" rel=\"noreferrer noopener\">Cada per\u00edodo do ano<\/a> carrega caracter\u00edsticas energ\u00e9ticas que influenciam tra\u00e7os de personalidade e padr\u00f5es de resposta emocional. Pessoas nascidas em <strong>janeiro<\/strong> frequentemente enfrentam excesso de responsabilidade e cobran\u00e7a interna, sentindo-se obrigadas a resolver problemas alheios enquanto negligenciam suas pr\u00f3prias necessidades.<\/p>\n\n\n\n<p>Fevereiro traz sensibilidade agu\u00e7ada que pode se transformar em vulnerabilidade excessiva, fazendo com que essas pessoas absorvam emo\u00e7\u00f5es do ambiente e tenham dificuldade em estabelecer limites saud\u00e1veis. Mar\u00e7o desafia com impulsividade e frustra\u00e7\u00e3o quando resultados n\u00e3o aparecem no ritmo desejado, testando a paci\u00eancia e capacidade de lidar com processos lentos.<\/p>\n\n\n<div class=\"wp-block-image\">\n<figure class=\"aligncenter size-large\"><img decoding=\"async\" width=\"1024\" height=\"585\" src=\"https:\/\/www.correiobraziliense.com.br\/cbradar\/wp-content\/uploads\/2026\/01\/freepik__35mm-film-photography-pessoa-nica-sentada-em-ambie__75258-1024x585.jpeg\" alt=\"De acordo com o seu m\u00eas de nascimento, este \u00e9 o ponto da vida que mais vai testar seus sentimentos\" class=\"wp-image-182304\"\/><figcaption class=\"wp-element-caption\">Os meses intermedi\u00e1rios do ano apresentam desafios emocionais distintos<\/figcaption><\/figure><\/div>\n\n\n<h2 class=\"wp-block-heading\">Quais padr\u00f5es emocionais caracterizam nascidos entre abril e agosto?<\/h2>\n\n\n\n<p>Os meses intermedi\u00e1rios do ano apresentam desafios emocionais distintos que testam diferentes aspectos da for\u00e7a interior. Veja as principais tend\u00eancias desse per\u00edodo:<\/p>\n\n\n\n<ul class=\"wp-block-list\">\n<li><strong>Abril<\/strong>: medo de conflito e necessidade de agradar que gera ac\u00famulo de ressentimento n\u00e3o expresso.<\/li>\n\n\n\n<li><strong>Maio<\/strong>: resist\u00eancia a mudan\u00e7as e apego excessivo a seguran\u00e7a material que limita crescimento pessoal.<\/li>\n\n\n\n<li><strong>Junho<\/strong>: dispers\u00e3o mental e dificuldade em focar emocionalmente em uma dire\u00e7\u00e3o consistente.<\/li>\n\n\n\n<li><strong>Julho<\/strong>: sensibilidade familiar extrema que pode gerar depend\u00eancia emocional e dificuldade em se separar.<\/li>\n\n\n\n<li><strong>Agosto<\/strong>: necessidade de reconhecimento que, quando n\u00e3o satisfeita, provoca feridas profundas no ego.<\/li>\n<\/ul>\n\n\n\n<h2 class=\"wp-block-heading\">Quais s\u00e3o os principais testes emocionais de quem nasce entre setembro e dezembro?<\/h2>\n\n\n\n<p>Os \u00faltimos meses do ano carregam desafios relacionados a perfeccionismo, superficialidade, intensidade e pessimismo. <a href=\"https:\/\/pt.wikipedia.org\/wiki\/Setembro\" target=\"_blank\" rel=\"noreferrer noopener\">Setembro <\/a>testa com <strong>autocr\u00edtica implac\u00e1vel<\/strong> e medo paralisante de errar, fazendo com que essas pessoas evitem riscos por medo de imperfei\u00e7\u00e3o.<\/p>\n\n\n\n<p>Outubro enfrenta dificuldade em tomar decis\u00f5es sozinho, buscando constantemente valida\u00e7\u00e3o externa e evitando conflitos a qualquer custo. Novembro traz intensidade emocional avassaladora, com tend\u00eancia a experimentar sentimentos extremos que oscilam entre paix\u00e3o consumidora e desconfian\u00e7a profunda. Dezembro fecha o ciclo com tend\u00eancia ao pessimismo e necessidade de encontrar significado filos\u00f3fico para sofrimentos, \u00e0s vezes transformando dor em sabedoria, outras vezes perpetuando vis\u00f5es negativas da realidade.<\/p>\n\n\n<div class=\"wp-block-image\">\n<figure class=\"aligncenter size-large\"><img decoding=\"async\" width=\"1024\" height=\"585\" src=\"https:\/\/www.correiobraziliense.com.br\/cbradar\/wp-content\/uploads\/2026\/01\/freepik__35mm-film-photography-pessoa-sozinha-caminhando-em__75257-1024x585.jpeg\" alt=\"De acordo com o seu m\u00eas de nascimento, este \u00e9 o ponto da vida que mais vai testar seus sentimentos\" class=\"wp-image-182305\"\/><figcaption class=\"wp-element-caption\">Os meses intermedi\u00e1rios do ano apresentam desafios emocionais distintos<\/figcaption><\/figure><\/div>\n\n\n<h2 class=\"wp-block-heading\">Como desenvolver resili\u00eancia emocional independente do m\u00eas de nascimento?<\/h2>\n\n\n\n<p>Reconhecer padr\u00f5es emocionais \u00e9 apenas o primeiro passo para desenvolver for\u00e7a interior genu\u00edna. O trabalho de <strong>autoconhecimento profundo<\/strong> permite identificar gatilhos espec\u00edficos que ativam respostas emocionais autom\u00e1ticas, criando espa\u00e7o entre est\u00edmulo e rea\u00e7\u00e3o onde escolhas conscientes podem acontecer.<\/p>\n\n\n\n<p>Pr\u00e1ticas de mindfulness ajudam a observar emo\u00e7\u00f5es sem se identificar completamente com elas, reduzindo a intensidade de rea\u00e7\u00f5es impulsivas. Terapia oferece espa\u00e7o seguro para explorar feridas emocionais antigas que continuam influenciando comportamentos presentes. Estabelecer limites saud\u00e1veis protege energia emocional e evita sobrecarga causada por demandas externas excessivas. Desenvolver autocuidado consistente, que inclui sono adequado, alimenta\u00e7\u00e3o equilibrada e momentos de pausa, fortalece resili\u00eancia b\u00e1sica necess\u00e1ria para enfrentar desafios maiores. A combina\u00e7\u00e3o dessas pr\u00e1ticas transforma tend\u00eancias emocionais de fraquezas em \u00e1reas de crescimento consciente, permitindo que cada pessoa desenvolva sua pr\u00f3pria vers\u00e3o de for\u00e7a emocional independente de padr\u00f5es de nascimento.<\/p>\n","protected":false},"excerpt":{"rendered":"<p>O m\u00eas de nascimento pode indicar padr\u00f5es emocionais que se manifestam como desafios recorrentes ao longo da vida. Essas tend\u00eancias n\u00e3o determinam destino, mas apontam \u00e1reas onde a resili\u00eancia emocional ser\u00e1 mais testada, desde inseguran\u00e7as profundas at\u00e9 necessidade excessiva de controle ou medo paralisante de cometer erros. Como diferentes meses de nascimento se relacionam com [&hellip;]<\/p>\n","protected":false},"author":16,"featured_media":182306,"comment_status":"open","ping_status":"open","sticky":false,"template":"","format":"standard","meta":{"_yoast_wpseo_focuskw":"m\u00eas de nascimento","_yoast_wpseo_title":"","_yoast_wpseo_metadesc":"Seu m\u00eas de nascimento pode revelar padr\u00f5es emocionais como medo, inseguran\u00e7a ou necessidade de controle. Veja como transformar isso em for\u00e7a interior.","jnews-multi-image_gallery":[],"jnews_single_post":{"format":"standard"},"jnews_primary_category":[],"jnews_social_meta":[],"jnews_override_counter":[],"footnotes":""},"categories":[112],"tags":[10910,5000,10437,1678],"class_list":["post-182301","post","type-post","status-publish","format-standard","has-post-thumbnail","hentry","category-curiosidades","tag-mes-de-nascimento","tag-relacionamentos","tag-sentimentos","tag-vida"],"yoast_head":"<!-- This site is optimized with the Yoast SEO plugin v24.6 - https:\/\/yoast.com\/wordpress\/plugins\/seo\/ -->\n<title>De acordo com o seu m\u00eas de nascimento, este \u00e9 o ponto da vida que mais vai testar seus sentimentos - Correio Braziliense - Radar<\/title>\n<meta name=\"description\" content=\"Seu m\u00eas de nascimento pode revelar padr\u00f5es emocionais como medo, inseguran\u00e7a ou necessidade de controle. Veja como transformar isso em for\u00e7a interior.\" \/>\n<meta name=\"robots\" content=\"index, follow, max-snippet:-1, max-image-preview:large, max-video-preview:-1\" \/>\n<link rel=\"canonical\" href=\"https:\/\/www.correiobraziliense.com.br\/cbradar\/de-acordo-com-o-seu-mes-de-nascimento-este-e-o-ponto-da-vida-que-mais-vai-testar-seus-sentimentos\/\" \/>\n<meta property=\"og:locale\" content=\"pt_BR\" \/>\n<meta property=\"og:type\" content=\"article\" \/>\n<meta property=\"og:title\" content=\"De acordo com o seu m\u00eas de nascimento, este \u00e9 o ponto da vida que mais vai testar seus sentimentos - Correio Braziliense - Radar\" \/>\n<meta property=\"og:description\" content=\"Seu m\u00eas de nascimento pode revelar padr\u00f5es emocionais como medo, inseguran\u00e7a ou necessidade de controle. Veja como transformar isso em for\u00e7a interior.\" \/>\n<meta property=\"og:url\" content=\"https:\/\/www.correiobraziliense.com.br\/cbradar\/de-acordo-com-o-seu-mes-de-nascimento-este-e-o-ponto-da-vida-que-mais-vai-testar-seus-sentimentos\/\" \/>\n<meta property=\"og:site_name\" content=\"Correio Braziliense - Radar\" \/>\n<meta property=\"article:published_time\" content=\"2026-01-26T19:27:00+00:00\" \/>\n<meta property=\"og:image\" content=\"https:\/\/www.correiobraziliense.com.br\/cbradar\/wp-content\/uploads\/2026\/01\/freepik__35mm-film-photography-pessoa-sozinha-caminhando-em__75256-scaled-e1769454783666.jpeg\" \/>\n\t<meta property=\"og:image:width\" content=\"1280\" \/>\n\t<meta property=\"og:image:height\" content=\"732\" \/>\n\t<meta property=\"og:image:type\" content=\"image\/jpeg\" \/>\n<meta name=\"author\" content=\"Carlos Emanoel\" \/>\n<meta name=\"twitter:card\" content=\"summary_large_image\" \/>\n<meta name=\"twitter:label1\" content=\"Escrito por\" \/>\n\t<meta name=\"twitter:data1\" content=\"Carlos Emanoel\" \/>\n\t<meta name=\"twitter:label2\" content=\"Est. tempo de leitura\" \/>\n\t<meta name=\"twitter:data2\" content=\"4 minutos\" \/>\n<!-- \/ Yoast SEO plugin. -->","yoast_head_json":{"title":"De acordo com o seu m\u00eas de nascimento, este \u00e9 o ponto da vida que mais vai testar seus sentimentos - Correio Braziliense - Radar","description":"Seu m\u00eas de nascimento pode revelar padr\u00f5es emocionais como medo, inseguran\u00e7a ou necessidade de controle. Veja como transformar isso em for\u00e7a interior.","robots":{"index":"index","follow":"follow","max-snippet":"max-snippet:-1","max-image-preview":"max-image-preview:large","max-video-preview":"max-video-preview:-1"},"canonical":"https:\/\/www.correiobraziliense.com.br\/cbradar\/de-acordo-com-o-seu-mes-de-nascimento-este-e-o-ponto-da-vida-que-mais-vai-testar-seus-sentimentos\/","og_locale":"pt_BR","og_type":"article","og_title":"De acordo com o seu m\u00eas de nascimento, este \u00e9 o ponto da vida que mais vai testar seus sentimentos - Correio Braziliense - Radar","og_description":"Seu m\u00eas de nascimento pode revelar padr\u00f5es emocionais como medo, inseguran\u00e7a ou necessidade de controle. Veja como transformar isso em for\u00e7a interior.","og_url":"https:\/\/www.correiobraziliense.com.br\/cbradar\/de-acordo-com-o-seu-mes-de-nascimento-este-e-o-ponto-da-vida-que-mais-vai-testar-seus-sentimentos\/","og_site_name":"Correio Braziliense - Radar","article_published_time":"2026-01-26T19:27:00+00:00","og_image":[{"width":1280,"height":732,"url":"https:\/\/www.correiobraziliense.com.br\/cbradar\/wp-content\/uploads\/2026\/01\/freepik__35mm-film-photography-pessoa-sozinha-caminhando-em__75256-scaled-e1769454783666.jpeg","type":"image\/jpeg"}],"author":"Carlos Emanoel","twitter_card":"summary_large_image","twitter_misc":{"Escrito por":"Carlos Emanoel","Est. tempo de leitura":"4 minutos"},"schema":{"@context":"https:\/\/schema.org","@graph":[{"@type":"WebPage","@id":"https:\/\/www.correiobraziliense.com.br\/cbradar\/de-acordo-com-o-seu-mes-de-nascimento-este-e-o-ponto-da-vida-que-mais-vai-testar-seus-sentimentos\/","url":"https:\/\/www.correiobraziliense.com.br\/cbradar\/de-acordo-com-o-seu-mes-de-nascimento-este-e-o-ponto-da-vida-que-mais-vai-testar-seus-sentimentos\/","name":"De acordo com o seu m\u00eas de nascimento, este \u00e9 o ponto da vida que mais vai testar seus sentimentos - Correio Braziliense - Radar","isPartOf":{"@id":"https:\/\/www.correiobraziliense.com.br\/cbradar\/#website"},"primaryImageOfPage":{"@id":"https:\/\/www.correiobraziliense.com.br\/cbradar\/de-acordo-com-o-seu-mes-de-nascimento-este-e-o-ponto-da-vida-que-mais-vai-testar-seus-sentimentos\/#primaryimage"},"image":{"@id":"https:\/\/www.correiobraziliense.com.br\/cbradar\/de-acordo-com-o-seu-mes-de-nascimento-este-e-o-ponto-da-vida-que-mais-vai-testar-seus-sentimentos\/#primaryimage"},"thumbnailUrl":"https:\/\/www.correiobraziliense.com.br\/cbradar\/wp-content\/uploads\/2026\/01\/freepik__35mm-film-photography-pessoa-sozinha-caminhando-em__75256-scaled-e1769454783666.jpeg","datePublished":"2026-01-26T19:27:00+00:00","author":{"@id":"https:\/\/www.correiobraziliense.com.br\/cbradar\/#\/schema\/person\/7cb69f5de3b2da2c5cca754a43470cf6"},"description":"Seu m\u00eas de nascimento pode revelar padr\u00f5es emocionais como medo, inseguran\u00e7a ou necessidade de controle. Veja como transformar isso em for\u00e7a interior.","breadcrumb":{"@id":"https:\/\/www.correiobraziliense.com.br\/cbradar\/de-acordo-com-o-seu-mes-de-nascimento-este-e-o-ponto-da-vida-que-mais-vai-testar-seus-sentimentos\/#breadcrumb"},"inLanguage":"pt-BR","potentialAction":[{"@type":"ReadAction","target":["https:\/\/www.correiobraziliense.com.br\/cbradar\/de-acordo-com-o-seu-mes-de-nascimento-este-e-o-ponto-da-vida-que-mais-vai-testar-seus-sentimentos\/"]}]},{"@type":"ImageObject","inLanguage":"pt-BR","@id":"https:\/\/www.correiobraziliense.com.br\/cbradar\/de-acordo-com-o-seu-mes-de-nascimento-este-e-o-ponto-da-vida-que-mais-vai-testar-seus-sentimentos\/#primaryimage","url":"https:\/\/www.correiobraziliense.com.br\/cbradar\/wp-content\/uploads\/2026\/01\/freepik__35mm-film-photography-pessoa-sozinha-caminhando-em__75256-scaled-e1769454783666.jpeg","contentUrl":"https:\/\/www.correiobraziliense.com.br\/cbradar\/wp-content\/uploads\/2026\/01\/freepik__35mm-film-photography-pessoa-sozinha-caminhando-em__75256-scaled-e1769454783666.jpeg","width":1280,"height":732,"caption":"Os meses intermedi\u00e1rios do ano apresentam desafios emocionais distintos"},{"@type":"BreadcrumbList","@id":"https:\/\/www.correiobraziliense.com.br\/cbradar\/de-acordo-com-o-seu-mes-de-nascimento-este-e-o-ponto-da-vida-que-mais-vai-testar-seus-sentimentos\/#breadcrumb","itemListElement":[{"@type":"ListItem","position":1,"name":"In\u00edcio","item":"https:\/\/www.correiobraziliense.com.br\/cbradar\/"},{"@type":"ListItem","position":2,"name":"De acordo com o seu m\u00eas de nascimento, este \u00e9 o ponto da vida que mais vai testar seus sentimentos"}]},{"@type":"WebSite","@id":"https:\/\/www.correiobraziliense.com.br\/cbradar\/#website","url":"https:\/\/www.correiobraziliense.com.br\/cbradar\/","name":"Correio Braziliense - Radar","description":"Acompanhe as \u00faltimas not\u00edcias e fique bem informado sobre tudo o que acontece no Brasil e no mundo.","potentialAction":[{"@type":"SearchAction","target":{"@type":"EntryPoint","urlTemplate":"https:\/\/www.correiobraziliense.com.br\/cbradar\/?s={search_term_string}"},"query-input":{"@type":"PropertyValueSpecification","valueRequired":true,"valueName":"search_term_string"}}],"inLanguage":"pt-BR"},{"@type":"Person","@id":"https:\/\/www.correiobraziliense.com.br\/cbradar\/#\/schema\/person\/7cb69f5de3b2da2c5cca754a43470cf6","name":"Carlos Emanoel","image":{"@type":"ImageObject","inLanguage":"pt-BR","@id":"https:\/\/www.correiobraziliense.com.br\/cbradar\/#\/schema\/person\/image\/","url":"https:\/\/secure.gravatar.com\/avatar\/4b33ca1112d9795a0a9ea460c383b721?s=96&d=mm&r=g","contentUrl":"https:\/\/secure.gravatar.com\/avatar\/4b33ca1112d9795a0a9ea460c383b721?s=96&d=mm&r=g","caption":"Carlos Emanoel"},"sameAs":["https:\/\/www.correiobraziliense.com.br\/cbradar\/"],"url":"https:\/\/www.correiobraziliense.com.br\/cbradar\/author\/carlos\/"}]}},"_links":{"self":[{"href":"https:\/\/www.correiobraziliense.com.br\/cbradar\/wp-json\/wp\/v2\/posts\/182301","targetHints":{"allow":["GET"]}}],"collection":[{"href":"https:\/\/www.correiobraziliense.com.br\/cbradar\/wp-json\/wp\/v2\/posts"}],"about":[{"href":"https:\/\/www.correiobraziliense.com.br\/cbradar\/wp-json\/wp\/v2\/types\/post"}],"author":[{"embeddable":true,"href":"https:\/\/www.correiobraziliense.com.br\/cbradar\/wp-json\/wp\/v2\/users\/16"}],"replies":[{"embeddable":true,"href":"https:\/\/www.correiobraziliense.com.br\/cbradar\/wp-json\/wp\/v2\/comments?post=182301"}],"version-history":[{"count":1,"href":"https:\/\/www.correiobraziliense.com.br\/cbradar\/wp-json\/wp\/v2\/posts\/182301\/revisions"}],"predecessor-version":[{"id":182309,"href":"https:\/\/www.correiobraziliense.com.br\/cbradar\/wp-json\/wp\/v2\/posts\/182301\/revisions\/182309"}],"wp:featuredmedia":[{"embeddable":true,"href":"https:\/\/www.correiobraziliense.com.br\/cbradar\/wp-json\/wp\/v2\/media\/182306"}],"wp:attachment":[{"href":"https:\/\/www.correiobraziliense.com.br\/cbradar\/wp-json\/wp\/v2\/media?parent=182301"}],"wp:term":[{"taxonomy":"category","embeddable":true,"href":"https:\/\/www.correiobraziliense.com.br\/cbradar\/wp-json\/wp\/v2\/categories?post=182301"},{"taxonomy":"post_tag","embeddable":true,"href":"https:\/\/www.correiobraziliense.com.br\/cbradar\/wp-json\/wp\/v2\/tags?post=182301"}],"curies":[{"name":"wp","href":"https:\/\/api.w.org\/{rel}","templated":true}]}}