{"id":18235,"date":"2025-04-03T07:30:00","date_gmt":"2025-04-03T10:30:00","guid":{"rendered":"https:\/\/www.correiobraziliense.com.br\/cbradar\/?p=18235"},"modified":"2025-04-03T04:08:46","modified_gmt":"2025-04-03T07:08:46","slug":"conheca-a-cidade-onde-onibus-param-apenas-com-sinal-de-lanterna","status":"publish","type":"post","link":"https:\/\/www.correiobraziliense.com.br\/cbradar\/conheca-a-cidade-onde-onibus-param-apenas-com-sinal-de-lanterna\/","title":{"rendered":"Conhe\u00e7a a cidade onde \u00f4nibus param apenas com sinal de lanterna"},"content":{"rendered":"\n<p>Na gelada e isolada <strong>Nuuk<\/strong>, capital da <strong>Groenl\u00e2ndia<\/strong>, o transporte p\u00fablico funciona de forma t\u00e3o adaptada ao ambiente extremo quanto criativa. Por l\u00e1, <strong>\u00f4nibus s\u00f3 param se o passageiro sinalizar com uma lanterna \u00e0 noite ou em condi\u00e7\u00f5es de baixa visibilidade<\/strong>, o que \u00e9 bastante comum em uma regi\u00e3o onde o inverno traz <strong>escurid\u00e3o intensa e temperaturas negativas<\/strong> por longos per\u00edodos.<\/p>\n\n\n\n<p>Essa pr\u00e1tica virou s\u00edmbolo de como <strong>a vida no \u00c1rtico exige solu\u00e7\u00f5es simples, mas extremamente eficazes<\/strong>, moldadas pelo clima e pela cultura local.<\/p>\n\n\n\n<h2 class=\"wp-block-heading\"><strong>Como funciona o transporte com sinal de lanterna em Nuuk?<\/strong><\/h2>\n\n\n\n<p>Durante os longos meses de inverno, o sol pode <strong>nascer por volta das 11h e se p\u00f4r \u00e0s 14h<\/strong>, ou <strong>n\u00e3o aparecer por dias inteiros<\/strong>. Para garantir seguran\u00e7a e efici\u00eancia no transporte:<\/p>\n\n\n\n<ul class=\"wp-block-list\">\n<li><strong>Os pontos de \u00f4nibus n\u00e3o s\u00e3o todos iluminados<\/strong>, por quest\u00f5es de economia e infraestrutura<\/li>\n\n\n\n<li>Os passageiros <strong>usam lanternas ou a lanterna do celular<\/strong> para sinalizar sua presen\u00e7a ao motorista<\/li>\n\n\n\n<li>Isso evita que os \u00f4nibus passem direto sem perceber quem est\u00e1 no ponto<\/li>\n\n\n\n<li>\u00c9 uma <strong>regra n\u00e3o oficial, mas amplamente conhecida e respeitada<\/strong> por todos na cidade<\/li>\n<\/ul>\n\n\n\n<p>A pr\u00e1tica virou parte da identidade local, refor\u00e7ando o esp\u00edrito de <strong>autonomia e adapta\u00e7\u00e3o dos moradores da Groenl\u00e2ndia<\/strong>.<\/p>\n\n\n\n<figure class=\"wp-block-image size-large\"><img decoding=\"async\" width=\"1024\" height=\"576\" src=\"https:\/\/www.correiobraziliense.com.br\/cbradar\/wp-content\/uploads\/2025\/04\/Nuuk_1743594398612-1024x576.jpg\" alt=\"Conhe\u00e7a a cidade onde \u00f4nibus param apenas com sinal de lanterna\" class=\"wp-image-18238\" srcset=\"https:\/\/www.correiobraziliense.com.br\/cbradar\/wp-content\/uploads\/2025\/04\/Nuuk_1743594398612-1024x576.jpg 1024w, https:\/\/www.correiobraziliense.com.br\/cbradar\/wp-content\/uploads\/2025\/04\/Nuuk_1743594398612-300x169.jpg 300w, https:\/\/www.correiobraziliense.com.br\/cbradar\/wp-content\/uploads\/2025\/04\/Nuuk_1743594398612-768x432.jpg 768w, https:\/\/www.correiobraziliense.com.br\/cbradar\/wp-content\/uploads\/2025\/04\/Nuuk_1743594398612-750x422.jpg 750w, https:\/\/www.correiobraziliense.com.br\/cbradar\/wp-content\/uploads\/2025\/04\/Nuuk_1743594398612-1140x641.jpg 1140w, https:\/\/www.correiobraziliense.com.br\/cbradar\/wp-content\/uploads\/2025\/04\/Nuuk_1743594398612.jpg 1280w\" sizes=\"(max-width: 1024px) 100vw, 1024px\" \/><figcaption class=\"wp-element-caption\">Nuuk. Cr\u00e9ditos: depositphotos.com \/ ruramos<\/figcaption><\/figure>\n\n\n\n<h2 class=\"wp-block-heading\"><strong>Por que essa pr\u00e1tica funciona t\u00e3o bem?<\/strong><\/h2>\n\n\n\n<p>Nuuk tem uma popula\u00e7\u00e3o pequena, de cerca de <strong>19 mil habitantes<\/strong>, e o sistema de \u00f4nibus \u00e9:<\/p>\n\n\n\n<ul class=\"wp-block-list\">\n<li>Operado em rotas fixas, com poucos desvios<\/li>\n\n\n\n<li>Baseado em <strong>respeito e comunica\u00e7\u00e3o direta entre motoristas e passageiros<\/strong><\/li>\n\n\n\n<li><strong>Adaptado \u00e0 realidade do \u00c1rtico<\/strong>, onde solu\u00e7\u00f5es padronizadas muitas vezes n\u00e3o funcionam<\/li>\n<\/ul>\n\n\n\n<p>Al\u00e9m disso, os moradores t\u00eam forte senso comunit\u00e1rio, o que facilita a ado\u00e7\u00e3o de pr\u00e1ticas coletivas como essa.<\/p>\n\n\n\n<h2 class=\"wp-block-heading\"><strong>Curiosidades sobre Nuuk e seu sistema de \u00f4nibus<\/strong><\/h2>\n\n\n\n<ul class=\"wp-block-list\">\n<li><strong>Alguns passageiros tamb\u00e9m usam coletes reflexivos ou luzes piscantes no inverno<\/strong><\/li>\n\n\n\n<li><strong>A pr\u00e1tica \u00e9 comum desde os anos 1990<\/strong>, mesmo antes dos celulares com lanterna<\/li>\n\n\n\n<li><strong>Durante tempestades de neve, os \u00f4nibus reduzem a velocidade e dobram a aten\u00e7\u00e3o nos pontos<\/strong><\/li>\n\n\n\n<li><strong>O governo local incentiva o uso de transporte p\u00fablico com tarifas acess\u00edveis<\/strong><\/li>\n\n\n\n<li><strong>Nuuk j\u00e1 foi considerada uma das cidades com melhor adapta\u00e7\u00e3o urbana ao clima polar<\/strong><\/li>\n<\/ul>\n\n\n\n<p>Nuuk mostra que <strong>o urbanismo tamb\u00e9m pode ser moldado por lanternas e pela confian\u00e7a entre as pessoas<\/strong>, provando que <strong>solu\u00e7\u00f5es humanas, por mais simples que pare\u00e7am, funcionam at\u00e9 nos ambientes mais desafiadores do planeta<\/strong>.<\/p>\n","protected":false},"excerpt":{"rendered":"<p>Em Nuuk, \u00f4nibus s\u00f3 param com sinal de lanterna. Conhe\u00e7a a cidade onde o transporte se adapta ao escuro \u00e1rtico com solu\u00e7\u00f5es simples.<\/p>\n","protected":false},"author":3,"featured_media":18237,"comment_status":"open","ping_status":"open","sticky":false,"template":"","format":"standard","meta":{"_yoast_wpseo_focuskw":"\u00f4nibus","_yoast_wpseo_title":"%%title%%","_yoast_wpseo_metadesc":"Em Nuuk, \u00f4nibus s\u00f3 param com sinal de lanterna. Conhe\u00e7a a cidade onde o transporte se adapta ao escuro \u00e1rtico com solu\u00e7\u00f5es simples.","jnews-multi-image_gallery":[],"jnews_single_post":{"format":"standard"},"jnews_primary_category":[],"jnews_social_meta":[],"jnews_override_counter":[],"footnotes":""},"categories":[108],"tags":[109],"class_list":["post-18235","post","type-post","status-publish","format-standard","has-post-thumbnail","hentry","category-cidades","tag-cidades"],"yoast_head":"<!-- This site is optimized with the Yoast SEO plugin v24.6 - https:\/\/yoast.com\/wordpress\/plugins\/seo\/ -->\n<title>Conhe\u00e7a a cidade onde \u00f4nibus param apenas com sinal de lanterna<\/title>\n<meta name=\"description\" content=\"Em Nuuk, \u00f4nibus s\u00f3 param com sinal de lanterna. Conhe\u00e7a a cidade onde o transporte se adapta ao escuro \u00e1rtico com solu\u00e7\u00f5es simples.\" \/>\n<meta name=\"robots\" content=\"index, follow, max-snippet:-1, max-image-preview:large, max-video-preview:-1\" \/>\n<link rel=\"canonical\" href=\"https:\/\/www.correiobraziliense.com.br\/cbradar\/conheca-a-cidade-onde-onibus-param-apenas-com-sinal-de-lanterna\/\" \/>\n<meta property=\"og:locale\" content=\"pt_BR\" \/>\n<meta property=\"og:type\" content=\"article\" \/>\n<meta property=\"og:title\" content=\"Conhe\u00e7a a cidade onde \u00f4nibus param apenas com sinal de lanterna\" \/>\n<meta property=\"og:description\" content=\"Em Nuuk, \u00f4nibus s\u00f3 param com sinal de lanterna. Conhe\u00e7a a cidade onde o transporte se adapta ao escuro \u00e1rtico com solu\u00e7\u00f5es simples.\" \/>\n<meta property=\"og:url\" content=\"https:\/\/www.correiobraziliense.com.br\/cbradar\/conheca-a-cidade-onde-onibus-param-apenas-com-sinal-de-lanterna\/\" \/>\n<meta property=\"og:site_name\" content=\"Correio Braziliense - Radar\" \/>\n<meta property=\"article:published_time\" content=\"2025-04-03T10:30:00+00:00\" \/>\n<meta property=\"og:image\" content=\"https:\/\/www.correiobraziliense.com.br\/cbradar\/wp-content\/uploads\/2025\/04\/Nuuk_1743594297598.jpg\" \/>\n\t<meta property=\"og:image:width\" content=\"1280\" \/>\n\t<meta property=\"og:image:height\" content=\"720\" \/>\n\t<meta property=\"og:image:type\" content=\"image\/jpeg\" \/>\n<meta name=\"author\" content=\"Larissa Carvalho\" \/>\n<meta name=\"twitter:card\" content=\"summary_large_image\" \/>\n<meta name=\"twitter:label1\" content=\"Escrito por\" \/>\n\t<meta name=\"twitter:data1\" content=\"Larissa Carvalho\" \/>\n\t<meta name=\"twitter:label2\" content=\"Est. tempo de leitura\" \/>\n\t<meta name=\"twitter:data2\" content=\"3 minutos\" \/>\n<!-- \/ Yoast SEO plugin. -->","yoast_head_json":{"title":"Conhe\u00e7a a cidade onde \u00f4nibus param apenas com sinal de lanterna","description":"Em Nuuk, \u00f4nibus s\u00f3 param com sinal de lanterna. Conhe\u00e7a a cidade onde o transporte se adapta ao escuro \u00e1rtico com solu\u00e7\u00f5es simples.","robots":{"index":"index","follow":"follow","max-snippet":"max-snippet:-1","max-image-preview":"max-image-preview:large","max-video-preview":"max-video-preview:-1"},"canonical":"https:\/\/www.correiobraziliense.com.br\/cbradar\/conheca-a-cidade-onde-onibus-param-apenas-com-sinal-de-lanterna\/","og_locale":"pt_BR","og_type":"article","og_title":"Conhe\u00e7a a cidade onde \u00f4nibus param apenas com sinal de lanterna","og_description":"Em Nuuk, \u00f4nibus s\u00f3 param com sinal de lanterna. Conhe\u00e7a a cidade onde o transporte se adapta ao escuro \u00e1rtico com solu\u00e7\u00f5es simples.","og_url":"https:\/\/www.correiobraziliense.com.br\/cbradar\/conheca-a-cidade-onde-onibus-param-apenas-com-sinal-de-lanterna\/","og_site_name":"Correio Braziliense - Radar","article_published_time":"2025-04-03T10:30:00+00:00","og_image":[{"width":1280,"height":720,"url":"https:\/\/www.correiobraziliense.com.br\/cbradar\/wp-content\/uploads\/2025\/04\/Nuuk_1743594297598.jpg","type":"image\/jpeg"}],"author":"Larissa Carvalho","twitter_card":"summary_large_image","twitter_misc":{"Escrito por":"Larissa Carvalho","Est. tempo de leitura":"3 minutos"},"schema":{"@context":"https:\/\/schema.org","@graph":[{"@type":"WebPage","@id":"https:\/\/www.correiobraziliense.com.br\/cbradar\/conheca-a-cidade-onde-onibus-param-apenas-com-sinal-de-lanterna\/","url":"https:\/\/www.correiobraziliense.com.br\/cbradar\/conheca-a-cidade-onde-onibus-param-apenas-com-sinal-de-lanterna\/","name":"Conhe\u00e7a a cidade onde \u00f4nibus param apenas com sinal de lanterna","isPartOf":{"@id":"https:\/\/www.correiobraziliense.com.br\/cbradar\/#website"},"primaryImageOfPage":{"@id":"https:\/\/www.correiobraziliense.com.br\/cbradar\/conheca-a-cidade-onde-onibus-param-apenas-com-sinal-de-lanterna\/#primaryimage"},"image":{"@id":"https:\/\/www.correiobraziliense.com.br\/cbradar\/conheca-a-cidade-onde-onibus-param-apenas-com-sinal-de-lanterna\/#primaryimage"},"thumbnailUrl":"https:\/\/www.correiobraziliense.com.br\/cbradar\/wp-content\/uploads\/2025\/04\/Nuuk_1743594297598.jpg","datePublished":"2025-04-03T10:30:00+00:00","author":{"@id":"https:\/\/www.correiobraziliense.com.br\/cbradar\/#\/schema\/person\/58422787644df994b53a19d3e56c1513"},"description":"Em Nuuk, \u00f4nibus s\u00f3 param com sinal de lanterna. Conhe\u00e7a a cidade onde o transporte se adapta ao escuro \u00e1rtico com solu\u00e7\u00f5es simples.","breadcrumb":{"@id":"https:\/\/www.correiobraziliense.com.br\/cbradar\/conheca-a-cidade-onde-onibus-param-apenas-com-sinal-de-lanterna\/#breadcrumb"},"inLanguage":"pt-BR","potentialAction":[{"@type":"ReadAction","target":["https:\/\/www.correiobraziliense.com.br\/cbradar\/conheca-a-cidade-onde-onibus-param-apenas-com-sinal-de-lanterna\/"]}]},{"@type":"ImageObject","inLanguage":"pt-BR","@id":"https:\/\/www.correiobraziliense.com.br\/cbradar\/conheca-a-cidade-onde-onibus-param-apenas-com-sinal-de-lanterna\/#primaryimage","url":"https:\/\/www.correiobraziliense.com.br\/cbradar\/wp-content\/uploads\/2025\/04\/Nuuk_1743594297598.jpg","contentUrl":"https:\/\/www.correiobraziliense.com.br\/cbradar\/wp-content\/uploads\/2025\/04\/Nuuk_1743594297598.jpg","width":1280,"height":720,"caption":"Nuuk. Cr\u00e9ditos: depositphotos.com \/ PTHamilton"},{"@type":"BreadcrumbList","@id":"https:\/\/www.correiobraziliense.com.br\/cbradar\/conheca-a-cidade-onde-onibus-param-apenas-com-sinal-de-lanterna\/#breadcrumb","itemListElement":[{"@type":"ListItem","position":1,"name":"In\u00edcio","item":"https:\/\/www.correiobraziliense.com.br\/cbradar\/"},{"@type":"ListItem","position":2,"name":"Conhe\u00e7a a cidade onde \u00f4nibus param apenas com sinal de lanterna"}]},{"@type":"WebSite","@id":"https:\/\/www.correiobraziliense.com.br\/cbradar\/#website","url":"https:\/\/www.correiobraziliense.com.br\/cbradar\/","name":"Correio Braziliense - Radar","description":"Acompanhe as \u00faltimas not\u00edcias e fique bem informado sobre tudo o que acontece no Brasil e no mundo.","potentialAction":[{"@type":"SearchAction","target":{"@type":"EntryPoint","urlTemplate":"https:\/\/www.correiobraziliense.com.br\/cbradar\/?s={search_term_string}"},"query-input":{"@type":"PropertyValueSpecification","valueRequired":true,"valueName":"search_term_string"}}],"inLanguage":"pt-BR"},{"@type":"Person","@id":"https:\/\/www.correiobraziliense.com.br\/cbradar\/#\/schema\/person\/58422787644df994b53a19d3e56c1513","name":"Larissa Carvalho","image":{"@type":"ImageObject","inLanguage":"pt-BR","@id":"https:\/\/www.correiobraziliense.com.br\/cbradar\/#\/schema\/person\/image\/","url":"https:\/\/secure.gravatar.com\/avatar\/fe4f91a0de32b52a838d0d612abdc1aa?s=96&d=mm&r=g","contentUrl":"https:\/\/secure.gravatar.com\/avatar\/fe4f91a0de32b52a838d0d612abdc1aa?s=96&d=mm&r=g","caption":"Larissa Carvalho"},"url":"https:\/\/www.correiobraziliense.com.br\/cbradar\/author\/larissamyth\/"}]}},"_links":{"self":[{"href":"https:\/\/www.correiobraziliense.com.br\/cbradar\/wp-json\/wp\/v2\/posts\/18235","targetHints":{"allow":["GET"]}}],"collection":[{"href":"https:\/\/www.correiobraziliense.com.br\/cbradar\/wp-json\/wp\/v2\/posts"}],"about":[{"href":"https:\/\/www.correiobraziliense.com.br\/cbradar\/wp-json\/wp\/v2\/types\/post"}],"author":[{"embeddable":true,"href":"https:\/\/www.correiobraziliense.com.br\/cbradar\/wp-json\/wp\/v2\/users\/3"}],"replies":[{"embeddable":true,"href":"https:\/\/www.correiobraziliense.com.br\/cbradar\/wp-json\/wp\/v2\/comments?post=18235"}],"version-history":[{"count":1,"href":"https:\/\/www.correiobraziliense.com.br\/cbradar\/wp-json\/wp\/v2\/posts\/18235\/revisions"}],"predecessor-version":[{"id":18239,"href":"https:\/\/www.correiobraziliense.com.br\/cbradar\/wp-json\/wp\/v2\/posts\/18235\/revisions\/18239"}],"wp:featuredmedia":[{"embeddable":true,"href":"https:\/\/www.correiobraziliense.com.br\/cbradar\/wp-json\/wp\/v2\/media\/18237"}],"wp:attachment":[{"href":"https:\/\/www.correiobraziliense.com.br\/cbradar\/wp-json\/wp\/v2\/media?parent=18235"}],"wp:term":[{"taxonomy":"category","embeddable":true,"href":"https:\/\/www.correiobraziliense.com.br\/cbradar\/wp-json\/wp\/v2\/categories?post=18235"},{"taxonomy":"post_tag","embeddable":true,"href":"https:\/\/www.correiobraziliense.com.br\/cbradar\/wp-json\/wp\/v2\/tags?post=18235"}],"curies":[{"name":"wp","href":"https:\/\/api.w.org\/{rel}","templated":true}]}}