{"id":18236,"date":"2025-04-03T08:30:00","date_gmt":"2025-04-03T11:30:00","guid":{"rendered":"https:\/\/www.correiobraziliense.com.br\/cbradar\/?p=18236"},"modified":"2025-04-02T14:16:09","modified_gmt":"2025-04-02T17:16:09","slug":"apple-revoluciona-escrita-com-ia-no-iphone-veja-lancamento-em-portugues","status":"publish","type":"post","link":"https:\/\/www.correiobraziliense.com.br\/cbradar\/apple-revoluciona-escrita-com-ia-no-iphone-veja-lancamento-em-portugues\/","title":{"rendered":"Apple revoluciona escrita com IA no iPhone, veja lan\u00e7amento em Portugu\u00eas"},"content":{"rendered":"\n<p>A <strong><a href=\"https:\/\/www.correiobraziliense.com.br\/cbradar\/apple-encontra-novo-motivo-para-vender-mais-um-modelo-de-iphone\/\" target=\"_blank\" rel=\"noreferrer noopener\">Apple<\/a> <\/strong>continua a inovar no campo da intelig\u00eancia artificial com suas\u00a0Ferramentas de Escrita, que prometem revolucionar a forma como os usu\u00e1rios interagem com textos em seus dispositivos. Integradas a aplicativos como <strong>Mail<\/strong>, <strong>Mensagens <\/strong>e <strong>Notas<\/strong>, essas ferramentas oferecem funcionalidades que v\u00e3o desde a revis\u00e3o gramatical at\u00e9 a reescrita e resumo de textos. A empresa afirma que, com a ajuda da IA, \u00e9 poss\u00edvel ajustar o tom de um texto e criar resumos em diferentes formatos, como par\u00e1grafos curtos ou listas.<\/p>\n\n\n\n<p>Essas ferramentas s\u00e3o parte de um ecossistema maior, onde a&nbsp;<em>assistente de voz <\/em><strong><em>Siri<\/em>&nbsp;<\/strong>tamb\u00e9m desempenha um papel crucial. A Siri agora pode sugerir ao usu\u00e1rio que acesse o <strong>ChatGPT <\/strong>para determinadas solicita\u00e7\u00f5es, oferecendo respostas diretamente. Essa integra\u00e7\u00e3o com o ChatGPT pode ser facilmente ativada ou desativada conforme a prefer\u00eancia do usu\u00e1rio, proporcionando flexibilidade e controle sobre a experi\u00eancia de uso.<\/p>\n\n\n\n<h2 class=\"wp-block-heading\"><strong>Como as ferramentas de escrita funcionam?<\/strong><\/h2>\n\n\n\n<p>As Ferramentas de Escrita da Apple utilizam algoritmos avan\u00e7ados de intelig\u00eancia artificial para oferecer uma experi\u00eancia de escrita mais eficiente e personalizada. Quando um usu\u00e1rio escreve um texto, a IA analisa o conte\u00fado em tempo real, sugerindo melhorias gramaticais e estil\u00edsticas. Al\u00e9m disso, a ferramenta pode reescrever trechos para ajustar o tom, tornando-o mais formal ou informal, conforme necess\u00e1rio.<\/p>\n\n\n\n<p>Outro recurso interessante \u00e9 a capacidade de resumir textos longos em formatos mais concisos. Isso \u00e9 especialmente \u00fatil para usu\u00e1rios que precisam extrair informa\u00e7\u00f5es rapidamente, seja em forma de par\u00e1grafos curtos ou listas de marcadores. A tecnologia por tr\u00e1s dessas funcionalidades \u00e9 robusta, garantindo que as sugest\u00f5es sejam precisas e relevantes.<\/p>\n\n\n\n<figure class=\"wp-block-image size-large\"><img decoding=\"async\" width=\"1024\" height=\"576\" src=\"https:\/\/www.correiobraziliense.com.br\/cbradar\/wp-content\/uploads\/2025\/04\/chatGPT_1743594541559-1024x576.jpg\" alt=\"Apple revoluciona escrita com IA no iPhone, veja lan\u00e7amento em Portugu\u00eas\" class=\"wp-image-18243\" srcset=\"https:\/\/www.correiobraziliense.com.br\/cbradar\/wp-content\/uploads\/2025\/04\/chatGPT_1743594541559-1024x576.jpg 1024w, https:\/\/www.correiobraziliense.com.br\/cbradar\/wp-content\/uploads\/2025\/04\/chatGPT_1743594541559-300x169.jpg 300w, https:\/\/www.correiobraziliense.com.br\/cbradar\/wp-content\/uploads\/2025\/04\/chatGPT_1743594541559-768x432.jpg 768w, https:\/\/www.correiobraziliense.com.br\/cbradar\/wp-content\/uploads\/2025\/04\/chatGPT_1743594541559-750x422.jpg 750w, https:\/\/www.correiobraziliense.com.br\/cbradar\/wp-content\/uploads\/2025\/04\/chatGPT_1743594541559-1140x641.jpg 1140w, https:\/\/www.correiobraziliense.com.br\/cbradar\/wp-content\/uploads\/2025\/04\/chatGPT_1743594541559.jpg 1280w\" sizes=\"(max-width: 1024px) 100vw, 1024px\" \/><figcaption class=\"wp-element-caption\">ChatGPT\nCr\u00e9ditos: depositphotos.com \/ Primakov<\/figcaption><\/figure>\n\n\n\n<h2 class=\"wp-block-heading\"><strong>Quais s\u00e3o as novidades no aplicativo fotos?<\/strong><\/h2>\n\n\n\n<p>O aplicativo <strong>Fotos <\/strong>da Apple tamb\u00e9m recebeu atualiza\u00e7\u00f5es significativas com a ajuda da intelig\u00eancia artificial. Agora, os usu\u00e1rios podem remover elementos indesejados de suas fotografias com facilidade. Essa funcionalidade \u00e9 particularmente \u00fatil para melhorar a qualidade das imagens, eliminando distra\u00e7\u00f5es e focando no que realmente importa.<\/p>\n\n\n\n<p>Al\u00e9m disso, a busca por fotos e v\u00eddeos foi aprimorada, permitindo que os usu\u00e1rios encontrem o que procuram usando descri\u00e7\u00f5es mais naturais. Isso torna a navega\u00e7\u00e3o pela galeria de imagens mais intuitiva e eficiente, economizando tempo e esfor\u00e7o.<\/p>\n\n\n\n<h2 class=\"wp-block-heading\"><strong>Como funciona o recurso mem\u00f3rias?<\/strong><\/h2>\n\n\n\n<p>Uma das adi\u00e7\u00f5es mais criativas ao aplicativo Fotos \u00e9 o recurso&nbsp;<strong>Mem\u00f3rias<\/strong>. Com ele, a IA pode criar v\u00eddeos a partir de fotos e v\u00eddeos existentes, baseando-se em uma descri\u00e7\u00e3o fornecida pelo usu\u00e1rio. O sistema compreende a solicita\u00e7\u00e3o e seleciona o conte\u00fado mais adequado para criar uma narrativa coesa, com cap\u00edtulos e um arco narrativo pr\u00f3prio.<\/p>\n\n\n\n<p>Esse recurso transforma a maneira como os usu\u00e1rios interagem com suas mem\u00f3rias digitais, permitindo que revivam momentos especiais de forma din\u00e2mica e envolvente. A cria\u00e7\u00e3o de hist\u00f3rias personalizadas \u00e9 um exemplo claro de como a intelig\u00eancia artificial pode enriquecer a experi\u00eancia do usu\u00e1rio.<\/p>\n\n\n\n<h2 class=\"wp-block-heading\"><strong>O que \u00e9 o Image Playground?<\/strong><\/h2>\n\n\n\n<p>O&nbsp;<strong>Image Playground<\/strong>&nbsp;\u00e9 outra inova\u00e7\u00e3o da Apple que utiliza intelig\u00eancia artificial para gerar imagens. Integrado a aplicativos como Mensagens e <strong>Keynote<\/strong>, esse recurso permite a cria\u00e7\u00e3o de imagens &#8220;\u00fanicas e divertidas&#8221;. Os usu\u00e1rios podem explorar sua criatividade e gerar conte\u00fado visual que complementa suas comunica\u00e7\u00f5es e apresenta\u00e7\u00f5es.<\/p>\n\n\n\n<p>Com essas ferramentas, a Apple demonstra seu compromisso em integrar a intelig\u00eancia artificial de forma pr\u00e1tica e acess\u00edvel, melhorando a produtividade e a criatividade dos usu\u00e1rios. As inova\u00e7\u00f5es apresentadas n\u00e3o apenas facilitam tarefas cotidianas, mas tamb\u00e9m abrem novas possibilidades para a express\u00e3o pessoal e profissional.<\/p>\n","protected":false},"excerpt":{"rendered":"<p>A Apple inova com Ferramentas de Escrita baseadas em IA, melhorando a experi\u00eancia de escrita em dispositivos Apple.<\/p>\n","protected":false},"author":3,"featured_media":18241,"comment_status":"open","ping_status":"open","sticky":false,"template":"","format":"standard","meta":{"_yoast_wpseo_focuskw":"Apple inteligence","_yoast_wpseo_title":"%%title%%","_yoast_wpseo_metadesc":"A Apple inova com Ferramentas de Escrita baseadas em IA, melhorando a experi\u00eancia de escrita em dispositivos Apple.","jnews-multi-image_gallery":[],"jnews_single_post":{"format":"standard"},"jnews_primary_category":[],"jnews_social_meta":[],"jnews_override_counter":[],"footnotes":""},"categories":[115],"tags":[158,2768],"class_list":["post-18236","post","type-post","status-publish","format-standard","has-post-thumbnail","hentry","category-tecnologia","tag-apple","tag-apple-inteligence"],"yoast_head":"<!-- This site is optimized with the Yoast SEO plugin v24.6 - https:\/\/yoast.com\/wordpress\/plugins\/seo\/ -->\n<title>Apple revoluciona escrita com IA no iPhone, veja lan\u00e7amento em Portugu\u00eas<\/title>\n<meta name=\"description\" content=\"A Apple inova com Ferramentas de Escrita baseadas em IA, melhorando a experi\u00eancia de escrita em dispositivos Apple.\" \/>\n<meta name=\"robots\" content=\"index, follow, max-snippet:-1, max-image-preview:large, max-video-preview:-1\" \/>\n<link rel=\"canonical\" href=\"https:\/\/www.correiobraziliense.com.br\/cbradar\/apple-revoluciona-escrita-com-ia-no-iphone-veja-lancamento-em-portugues\/\" \/>\n<meta property=\"og:locale\" content=\"pt_BR\" \/>\n<meta property=\"og:type\" content=\"article\" \/>\n<meta property=\"og:title\" content=\"Apple revoluciona escrita com IA no iPhone, veja lan\u00e7amento em Portugu\u00eas\" \/>\n<meta property=\"og:description\" content=\"A Apple inova com Ferramentas de Escrita baseadas em IA, melhorando a experi\u00eancia de escrita em dispositivos Apple.\" \/>\n<meta property=\"og:url\" content=\"https:\/\/www.correiobraziliense.com.br\/cbradar\/apple-revoluciona-escrita-com-ia-no-iphone-veja-lancamento-em-portugues\/\" \/>\n<meta property=\"og:site_name\" content=\"Correio Braziliense - Radar\" \/>\n<meta property=\"article:published_time\" content=\"2025-04-03T11:30:00+00:00\" \/>\n<meta property=\"og:image\" content=\"https:\/\/www.correiobraziliense.com.br\/cbradar\/wp-content\/uploads\/2025\/04\/apple-empresa_1743594500322.jpg\" \/>\n\t<meta property=\"og:image:width\" content=\"1280\" \/>\n\t<meta property=\"og:image:height\" content=\"720\" \/>\n\t<meta property=\"og:image:type\" content=\"image\/jpeg\" \/>\n<meta name=\"author\" content=\"Larissa Carvalho\" \/>\n<meta name=\"twitter:card\" content=\"summary_large_image\" \/>\n<meta name=\"twitter:label1\" content=\"Escrito por\" \/>\n\t<meta name=\"twitter:data1\" content=\"Larissa Carvalho\" \/>\n\t<meta name=\"twitter:label2\" content=\"Est. tempo de leitura\" \/>\n\t<meta name=\"twitter:data2\" content=\"4 minutos\" \/>\n<!-- \/ Yoast SEO plugin. -->","yoast_head_json":{"title":"Apple revoluciona escrita com IA no iPhone, veja lan\u00e7amento em Portugu\u00eas","description":"A Apple inova com Ferramentas de Escrita baseadas em IA, melhorando a experi\u00eancia de escrita em dispositivos Apple.","robots":{"index":"index","follow":"follow","max-snippet":"max-snippet:-1","max-image-preview":"max-image-preview:large","max-video-preview":"max-video-preview:-1"},"canonical":"https:\/\/www.correiobraziliense.com.br\/cbradar\/apple-revoluciona-escrita-com-ia-no-iphone-veja-lancamento-em-portugues\/","og_locale":"pt_BR","og_type":"article","og_title":"Apple revoluciona escrita com IA no iPhone, veja lan\u00e7amento em Portugu\u00eas","og_description":"A Apple inova com Ferramentas de Escrita baseadas em IA, melhorando a experi\u00eancia de escrita em dispositivos Apple.","og_url":"https:\/\/www.correiobraziliense.com.br\/cbradar\/apple-revoluciona-escrita-com-ia-no-iphone-veja-lancamento-em-portugues\/","og_site_name":"Correio Braziliense - Radar","article_published_time":"2025-04-03T11:30:00+00:00","og_image":[{"width":1280,"height":720,"url":"https:\/\/www.correiobraziliense.com.br\/cbradar\/wp-content\/uploads\/2025\/04\/apple-empresa_1743594500322.jpg","type":"image\/jpeg"}],"author":"Larissa Carvalho","twitter_card":"summary_large_image","twitter_misc":{"Escrito por":"Larissa Carvalho","Est. tempo de leitura":"4 minutos"},"schema":{"@context":"https:\/\/schema.org","@graph":[{"@type":"WebPage","@id":"https:\/\/www.correiobraziliense.com.br\/cbradar\/apple-revoluciona-escrita-com-ia-no-iphone-veja-lancamento-em-portugues\/","url":"https:\/\/www.correiobraziliense.com.br\/cbradar\/apple-revoluciona-escrita-com-ia-no-iphone-veja-lancamento-em-portugues\/","name":"Apple revoluciona escrita com IA no iPhone, veja lan\u00e7amento em Portugu\u00eas","isPartOf":{"@id":"https:\/\/www.correiobraziliense.com.br\/cbradar\/#website"},"primaryImageOfPage":{"@id":"https:\/\/www.correiobraziliense.com.br\/cbradar\/apple-revoluciona-escrita-com-ia-no-iphone-veja-lancamento-em-portugues\/#primaryimage"},"image":{"@id":"https:\/\/www.correiobraziliense.com.br\/cbradar\/apple-revoluciona-escrita-com-ia-no-iphone-veja-lancamento-em-portugues\/#primaryimage"},"thumbnailUrl":"https:\/\/www.correiobraziliense.com.br\/cbradar\/wp-content\/uploads\/2025\/04\/apple-empresa_1743594500322.jpg","datePublished":"2025-04-03T11:30:00+00:00","author":{"@id":"https:\/\/www.correiobraziliense.com.br\/cbradar\/#\/schema\/person\/58422787644df994b53a19d3e56c1513"},"description":"A Apple inova com Ferramentas de Escrita baseadas em IA, melhorando a experi\u00eancia de escrita em dispositivos Apple.","breadcrumb":{"@id":"https:\/\/www.correiobraziliense.com.br\/cbradar\/apple-revoluciona-escrita-com-ia-no-iphone-veja-lancamento-em-portugues\/#breadcrumb"},"inLanguage":"pt-BR","potentialAction":[{"@type":"ReadAction","target":["https:\/\/www.correiobraziliense.com.br\/cbradar\/apple-revoluciona-escrita-com-ia-no-iphone-veja-lancamento-em-portugues\/"]}]},{"@type":"ImageObject","inLanguage":"pt-BR","@id":"https:\/\/www.correiobraziliense.com.br\/cbradar\/apple-revoluciona-escrita-com-ia-no-iphone-veja-lancamento-em-portugues\/#primaryimage","url":"https:\/\/www.correiobraziliense.com.br\/cbradar\/wp-content\/uploads\/2025\/04\/apple-empresa_1743594500322.jpg","contentUrl":"https:\/\/www.correiobraziliense.com.br\/cbradar\/wp-content\/uploads\/2025\/04\/apple-empresa_1743594500322.jpg","width":1280,"height":720,"caption":"Empresa Apple Cr\u00e9ditos: depositphotos.com \/ Tzido"},{"@type":"BreadcrumbList","@id":"https:\/\/www.correiobraziliense.com.br\/cbradar\/apple-revoluciona-escrita-com-ia-no-iphone-veja-lancamento-em-portugues\/#breadcrumb","itemListElement":[{"@type":"ListItem","position":1,"name":"In\u00edcio","item":"https:\/\/www.correiobraziliense.com.br\/cbradar\/"},{"@type":"ListItem","position":2,"name":"Apple revoluciona escrita com IA no iPhone, veja lan\u00e7amento em Portugu\u00eas"}]},{"@type":"WebSite","@id":"https:\/\/www.correiobraziliense.com.br\/cbradar\/#website","url":"https:\/\/www.correiobraziliense.com.br\/cbradar\/","name":"Correio Braziliense - Radar","description":"Acompanhe as \u00faltimas not\u00edcias e fique bem informado sobre tudo o que acontece no Brasil e no mundo.","potentialAction":[{"@type":"SearchAction","target":{"@type":"EntryPoint","urlTemplate":"https:\/\/www.correiobraziliense.com.br\/cbradar\/?s={search_term_string}"},"query-input":{"@type":"PropertyValueSpecification","valueRequired":true,"valueName":"search_term_string"}}],"inLanguage":"pt-BR"},{"@type":"Person","@id":"https:\/\/www.correiobraziliense.com.br\/cbradar\/#\/schema\/person\/58422787644df994b53a19d3e56c1513","name":"Larissa Carvalho","image":{"@type":"ImageObject","inLanguage":"pt-BR","@id":"https:\/\/www.correiobraziliense.com.br\/cbradar\/#\/schema\/person\/image\/","url":"https:\/\/secure.gravatar.com\/avatar\/fe4f91a0de32b52a838d0d612abdc1aa?s=96&d=mm&r=g","contentUrl":"https:\/\/secure.gravatar.com\/avatar\/fe4f91a0de32b52a838d0d612abdc1aa?s=96&d=mm&r=g","caption":"Larissa Carvalho"},"url":"https:\/\/www.correiobraziliense.com.br\/cbradar\/author\/larissamyth\/"}]}},"_links":{"self":[{"href":"https:\/\/www.correiobraziliense.com.br\/cbradar\/wp-json\/wp\/v2\/posts\/18236","targetHints":{"allow":["GET"]}}],"collection":[{"href":"https:\/\/www.correiobraziliense.com.br\/cbradar\/wp-json\/wp\/v2\/posts"}],"about":[{"href":"https:\/\/www.correiobraziliense.com.br\/cbradar\/wp-json\/wp\/v2\/types\/post"}],"author":[{"embeddable":true,"href":"https:\/\/www.correiobraziliense.com.br\/cbradar\/wp-json\/wp\/v2\/users\/3"}],"replies":[{"embeddable":true,"href":"https:\/\/www.correiobraziliense.com.br\/cbradar\/wp-json\/wp\/v2\/comments?post=18236"}],"version-history":[{"count":3,"href":"https:\/\/www.correiobraziliense.com.br\/cbradar\/wp-json\/wp\/v2\/posts\/18236\/revisions"}],"predecessor-version":[{"id":18879,"href":"https:\/\/www.correiobraziliense.com.br\/cbradar\/wp-json\/wp\/v2\/posts\/18236\/revisions\/18879"}],"wp:featuredmedia":[{"embeddable":true,"href":"https:\/\/www.correiobraziliense.com.br\/cbradar\/wp-json\/wp\/v2\/media\/18241"}],"wp:attachment":[{"href":"https:\/\/www.correiobraziliense.com.br\/cbradar\/wp-json\/wp\/v2\/media?parent=18236"}],"wp:term":[{"taxonomy":"category","embeddable":true,"href":"https:\/\/www.correiobraziliense.com.br\/cbradar\/wp-json\/wp\/v2\/categories?post=18236"},{"taxonomy":"post_tag","embeddable":true,"href":"https:\/\/www.correiobraziliense.com.br\/cbradar\/wp-json\/wp\/v2\/tags?post=18236"}],"curies":[{"name":"wp","href":"https:\/\/api.w.org\/{rel}","templated":true}]}}