{"id":182384,"date":"2026-01-28T06:15:00","date_gmt":"2026-01-28T09:15:00","guid":{"rendered":"https:\/\/www.correiobraziliense.com.br\/cbradar\/?p=182384"},"modified":"2026-01-27T23:14:24","modified_gmt":"2026-01-28T02:14:24","slug":"a-refeicao-rapida-e-nutritiva-que-aumenta-energia-e-ferro-em-poucos-minutos","status":"publish","type":"post","link":"https:\/\/www.correiobraziliense.com.br\/cbradar\/a-refeicao-rapida-e-nutritiva-que-aumenta-energia-e-ferro-em-poucos-minutos\/","title":{"rendered":"A refei\u00e7\u00e3o r\u00e1pida e nutritiva que aumenta energia e ferro em poucos minutos"},"content":{"rendered":"\n<p>Imagine chegar em casa cansado e, em poucos minutos, ter um prato quentinho, saboroso e que ainda ajuda a cuidar da sua <strong>energia<\/strong> e da sua <strong>sa\u00fade<\/strong>. A omelete com espinafre se encaixa exatamente nesse cen\u00e1rio: \u00e9 simples de preparar, r\u00e1pida e perfeita para quem busca uma refei\u00e7\u00e3o pr\u00e1tica, rica em prote\u00ednas e com boa quantidade de ferro. O prato combina ovos, espinafre refogado e poucos temperos, facilitando o consumo de vegetais at\u00e9 para quem n\u00e3o tem o h\u00e1bito de incluir hortali\u00e7as no prato principal. Funciona bem em um caf\u00e9 da manh\u00e3 refor\u00e7ado, em um almo\u00e7o leve ou em um jantar r\u00e1pido.<\/p>\n\n\n\n<h2 class=\"wp-block-heading\">Omelete com espinafre: energia e ferro para a rotina<\/h2>\n\n\n\n<p>Por reunir ovos e folhas verde-escuras, a omelete de espinafre costuma ser associada \u00e0 ideia de mais <strong>energia<\/strong> e disposi\u00e7\u00e3o ao longo do dia. Essa combina\u00e7\u00e3o fornece nutrientes importantes para o funcionamento muscular, para a sensa\u00e7\u00e3o de saciedade e para a manuten\u00e7\u00e3o da <strong>sa\u00fade<\/strong> em geral.<\/p>\n\n\n\n<p>Em muitos planos alimentares, essa refei\u00e7\u00e3o aparece como alternativa para quem deseja aumentar o consumo de prote\u00ednas sem depender apenas de carnes. Para quem vive uma rotina intensa de trabalho ou estudos, incluir a omelete de espinafre no card\u00e1pio pode ser uma forma pr\u00e1tica de garantir um prato mais completo e equilibrado, mesmo nos dias corridos.<\/p>\n\n\n<div class=\"wp-block-image\">\n<figure class=\"aligncenter size-large\"><img decoding=\"async\" width=\"1024\" height=\"576\" src=\"https:\/\/www.correiobraziliense.com.br\/cbradar\/wp-content\/uploads\/2026\/01\/Omelete-com-espinafre_1769472310894-1024x576.jpg\" alt=\"\" class=\"wp-image-182404\" srcset=\"https:\/\/www.correiobraziliense.com.br\/cbradar\/wp-content\/uploads\/2026\/01\/Omelete-com-espinafre_1769472310894-1024x576.jpg 1024w, https:\/\/www.correiobraziliense.com.br\/cbradar\/wp-content\/uploads\/2026\/01\/Omelete-com-espinafre_1769472310894-300x169.jpg 300w, https:\/\/www.correiobraziliense.com.br\/cbradar\/wp-content\/uploads\/2026\/01\/Omelete-com-espinafre_1769472310894-768x432.jpg 768w, https:\/\/www.correiobraziliense.com.br\/cbradar\/wp-content\/uploads\/2026\/01\/Omelete-com-espinafre_1769472310894-750x422.jpg 750w, https:\/\/www.correiobraziliense.com.br\/cbradar\/wp-content\/uploads\/2026\/01\/Omelete-com-espinafre_1769472310894-1140x641.jpg 1140w, https:\/\/www.correiobraziliense.com.br\/cbradar\/wp-content\/uploads\/2026\/01\/Omelete-com-espinafre_1769472310894.jpg 1280w\" sizes=\"(max-width: 1024px) 100vw, 1024px\" \/><figcaption class=\"wp-element-caption\">Por reunir ovos e folhas verde-escuras, a omelete de espinafre costuma ser associada \u00e0 ideia de mais energia e disposi\u00e7\u00e3o ao longo do dia &#8211; Cr\u00e9ditos: depositphotos.com \/ Alex33#33<\/figcaption><\/figure><\/div>\n\n\n<p>Leia tamb\u00e9m:&nbsp;<a href=\"https:\/\/www.correiobraziliense.com.br\/cbradar\/as-plantas-antimofo-ajudam-a-reduzir-a-umidade-do-ar-e-melhoram-o-ambiente-naturalmente\/\" target=\"_blank\" rel=\"noopener\">As plantas antimofo ajudam a reduzir a umidade do ar e melhoram o ambiente naturalmente<\/a><\/p>\n\n\n\n<h2 class=\"wp-block-heading\">Como ovos e espinafre contribuem para a disposi\u00e7\u00e3o<\/h2>\n\n\n\n<p>A express\u00e3o <strong>omelete com espinafre energia e ferro<\/strong> resume bem o que esse prato oferece, sem complica\u00e7\u00e3o. Os ovos concentram prote\u00ednas de alto valor biol\u00f3gico, gorduras consideradas boas e vitaminas do complexo B, envolvidas em processos ligados \u00e0 produ\u00e7\u00e3o de <strong>energia<\/strong> no organismo.<\/p>\n\n\n\n<p>O espinafre, por sua vez, fornece ferro, folato, vitamina C, fibras e outros minerais que colaboram com fun\u00e7\u00f5es como o transporte de oxig\u00eanio no sangue e o bom funcionamento do sistema imunol\u00f3gico. Quando essa omelete \u00e9 combinada a uma fonte de carboidrato, como p\u00e3o integral ou batata cozida, e a uma fruta rica em vitamina C, a refei\u00e7\u00e3o tende a ficar ainda mais completa e equilibrada.<\/p>\n\n\n\n<h2 class=\"wp-block-heading\">Como preparar uma omelete de espinafre simples para o dia a dia<\/h2>\n\n\n\n<p>O preparo da omelete com espinafre \u00e9 direto e n\u00e3o exige t\u00e9cnicas avan\u00e7adas de cozinha, sendo ideal para quem n\u00e3o tem muito tempo ou experi\u00eancia. Com poucos ingredientes b\u00e1sicos e uma frigideira antiaderente, j\u00e1 \u00e9 poss\u00edvel garantir um resultado saboroso e nutritivo.<\/p>\n\n\n\n<ul class=\"wp-block-list\">\n<li><strong>Ingredientes principais<\/strong>:\n<ul class=\"wp-block-list\">\n<li>2 ovos grandes<\/li>\n\n\n\n<li>1 x\u00edcara de folhas de espinafre picadas<\/li>\n\n\n\n<li>1 colher de ch\u00e1 de azeite ou \u00f3leo vegetal<\/li>\n\n\n\n<li>1 colher de sopa de cebola picada (opcional)<\/li>\n\n\n\n<li>Sal e pimenta a gosto<\/li>\n<\/ul>\n<\/li>\n\n\n\n<li><strong>Modo de preparo<\/strong>:\n<ol class=\"wp-block-list\">\n<li>Lave bem o espinafre, seque e pique as folhas.<\/li>\n\n\n\n<li>Quebre os ovos em um recipiente, bata levemente e tempere com sal e pimenta.<\/li>\n\n\n\n<li>Aque\u00e7a a frigideira, adicione o azeite e refogue a cebola, se estiver usando.<\/li>\n\n\n\n<li>Acrescente o espinafre e mexa at\u00e9 as folhas murcharem levemente.<\/li>\n\n\n\n<li>Despeje os ovos batidos sobre o espinafre refogado, espalhando para cobrir toda a frigideira.<\/li>\n\n\n\n<li>Cozinhe em fogo baixo at\u00e9 firmar, dobre a omelete ao meio e deixe por alguns segundos para finalizar.<\/li>\n<\/ol>\n<\/li>\n<\/ul>\n\n\n\n<h2 class=\"wp-block-heading\">Benef\u00edcios nutricionais da omelete com espinafre<\/h2>\n\n\n\n<p>A combina\u00e7\u00e3o de ovos e espinafre resulta em um prato denso em nutrientes, algo bastante \u00fatil em rotinas em que muitas refei\u00e7\u00f5es s\u00e3o feitas com pouco tempo. Mesmo com um preparo simples, \u00e9 poss\u00edvel ter uma refei\u00e7\u00e3o que realmente contribui para o corpo e para a <strong>saciedade<\/strong>.<\/p>\n\n\n\n<p>Essa base pode receber complementos como tomate em cubos, queijos em pequenas quantidades, ervas frescas ou cogumelos. Independentemente das varia\u00e7\u00f5es, a ideia central se mant\u00e9m: fazer da omelete de espinafre uma fonte de <strong>energia<\/strong> e um refor\u00e7o de ferro em uma \u00fanica prepara\u00e7\u00e3o, sem abrir m\u00e3o do sabor. Se voc\u00ea gosta de ouvir especialistas, separamos esse v\u00eddeo da nutricionista Esther Costa do canal <a href=\"https:\/\/www.youtube.com\/@MundoBoaFormaTV\" target=\"_blank\" rel=\"noreferrer noopener\">MundoBoaForma<\/a> falando sobre os benef\u00edcios do espinafre:<\/p>\n\n\n\n<figure class=\"wp-block-embed is-type-video is-provider-youtube wp-block-embed-youtube wp-embed-aspect-16-9 wp-has-aspect-ratio\"><div class=\"wp-block-embed__wrapper\">\n<div class=\"jeg_video_container jeg_video_content\"><iframe loading=\"lazy\" title=\"7 Incr\u00edveis BENEF\u00cdCIOS do ESPINAFRE para Sa\u00fade e Boa Forma (Dicas, Receitas e Cuidados)\" width=\"500\" height=\"281\" src=\"https:\/\/www.youtube.com\/embed\/1EcpBrgTErw?feature=oembed\" frameborder=\"0\" allow=\"accelerometer; autoplay; clipboard-write; encrypted-media; gyroscope; picture-in-picture; web-share\" referrerpolicy=\"strict-origin-when-cross-origin\" allowfullscreen><\/iframe><\/div>\n<\/div><\/figure>\n\n\n\n<h2 class=\"wp-block-heading\">Pontos positivos da omelete de espinafre rica em ferro e energia<\/h2>\n\n\n\n<p>A seguir, alguns aspectos frequentemente citados quando se fala em <strong>omelete de espinafre rica em ferro e energia<\/strong>, que ajudam a entender por que esse prato aparece com tanta frequ\u00eancia em card\u00e1pios de quem busca comer melhor sem complicar a rotina:<\/p>\n\n\n\n<ul class=\"wp-block-list\">\n<li><strong>Boa fonte de prote\u00ednas<\/strong>: os ovos oferecem prote\u00ednas completas, com todos os amino\u00e1cidos essenciais, importantes para manuten\u00e7\u00e3o e recupera\u00e7\u00e3o da massa muscular.<\/li>\n\n\n\n<li><strong>Aporte de ferro<\/strong>: o espinafre cont\u00e9m ferro n\u00e3o-heme, que pode ser melhor aproveitado pelo organismo quando consumido junto a alimentos ricos em vitamina C.<\/li>\n\n\n\n<li><strong>Vitaminas e minerais<\/strong>: a receita contribui com vitaminas A, C, K, folato e minerais como magn\u00e9sio e pot\u00e1ssio.<\/li>\n\n\n\n<li><strong>Maior saciedade<\/strong>: a combina\u00e7\u00e3o de prote\u00ednas, fibras do espinafre e gorduras dos ovos tende a prolongar a sensa\u00e7\u00e3o de est\u00f4mago cheio.<\/li>\n\n\n\n<li><strong>Versatilidade<\/strong>: pode entrar em diferentes refei\u00e7\u00f5es ao longo do dia, tanto em casa quanto em marmitas para levar ao trabalho ou \u00e0 faculdade.<\/li>\n<\/ul>\n\n\n\n<h2 class=\"wp-block-heading\">Valores nutricionais da omelete com espinafre energia e ferro<\/h2>\n\n\n\n<p>Os valores exatos de nutrientes variam conforme o tamanho dos ovos, a quantidade de espinafre e os ingredientes extras utilizados. Ainda assim, \u00e9 poss\u00edvel ter uma estimativa para uma por\u00e7\u00e3o padr\u00e3o de omelete com espinafre feita com 2 ovos, cerca de 1 x\u00edcara de espinafre refogado e pequena quantidade de azeite.<\/p>\n\n\n\n<figure class=\"wp-block-table\"><table class=\"has-fixed-layout\"><tbody><tr><th>Nutriente (por por\u00e7\u00e3o)<\/th><th>Quantidade aproximada<\/th><\/tr><tr><td>Energia (calorias)<\/td><td>180 \u2013 220 kcal<\/td><\/tr><tr><td>Prote\u00ednas<\/td><td>12 \u2013 14 g<\/td><\/tr><tr><td>Gorduras totais<\/td><td>13 \u2013 16 g<\/td><\/tr><tr><td>Carboidratos<\/td><td>2 \u2013 4 g<\/td><\/tr><tr><td>Fibras<\/td><td>1 \u2013 2 g<\/td><\/tr><tr><td>Ferro<\/td><td>2 \u2013 3 mg<\/td><\/tr><tr><td>Vitamina A<\/td><td>15 \u2013 25% do valor di\u00e1rio<\/td><\/tr><tr><td>Folato<\/td><td>10 \u2013 20% do valor di\u00e1rio<\/td><\/tr><\/tbody><\/table><\/figure>\n\n\n\n<h2 class=\"wp-block-heading\">Como incluir a omelete com espinafre na sua rotina<\/h2>\n\n\n\n<p>Esses n\u00fameros refor\u00e7am que a <strong>omelete com espinafre<\/strong> \u00e9 um prato concentrado em nutrientes, capaz de contribuir para o aporte di\u00e1rio de ferro e para a oferta de <strong>energia<\/strong>. Quando combinada com outros alimentos saud\u00e1veis, essa prepara\u00e7\u00e3o pode fazer parte de um padr\u00e3o alimentar variado em 2025, acompanhando a busca crescente por refei\u00e7\u00f5es r\u00e1pidas e nutritivas.<\/p>\n\n\n\n<p>Se voc\u00ea busca uma op\u00e7\u00e3o pr\u00e1tica para o dia a dia, vale experimentar essa omelete j\u00e1 na pr\u00f3xima refei\u00e7\u00e3o e ajustar os ingredientes conforme o seu paladar. Compartilhe a receita com quem tamb\u00e9m quer comer melhor com pouco tempo dispon\u00edvel e, se desejar um acompanhamento mais individualizado, converse com um <strong>nutricionista<\/strong> para adaptar essa e outras prepara\u00e7\u00f5es \u00e0 sua rotina e aos seus objetivos pessoais.<\/p>\n","protected":false},"excerpt":{"rendered":"<p>Imagine chegar em casa cansado e, em poucos minutos, ter um prato quentinho, saboroso e que ainda ajuda a cuidar da sua energia e da sua sa\u00fade. A omelete com espinafre se encaixa exatamente nesse cen\u00e1rio: \u00e9 simples de preparar, r\u00e1pida e perfeita para quem busca uma refei\u00e7\u00e3o pr\u00e1tica, rica em prote\u00ednas e com boa [&hellip;]<\/p>\n","protected":false},"author":9,"featured_media":182711,"comment_status":"open","ping_status":"open","sticky":false,"template":"","format":"standard","meta":{"_yoast_wpseo_focuskw":"Benef\u00edcios nutricionais da omelete com espinafre","_yoast_wpseo_title":"","_yoast_wpseo_metadesc":"Refei\u00e7\u00e3o r\u00e1pida, rica em prote\u00ednas, ferro e vitaminas, ideal para mais energia e saciedade no dia a dia corrido.","jnews-multi-image_gallery":[],"jnews_single_post":{"format":"standard"},"jnews_primary_category":[],"jnews_social_meta":[],"jnews_override_counter":[],"footnotes":""},"categories":[119,4404],"tags":[1849,14458,565],"class_list":["post-182384","post","type-post","status-publish","format-standard","has-post-thumbnail","hentry","category-bem-estar","category-saude","tag-espinafre","tag-omelete-com-espinafre","tag-saude"],"yoast_head":"<!-- This site is optimized with the Yoast SEO plugin v24.6 - https:\/\/yoast.com\/wordpress\/plugins\/seo\/ -->\n<title>A refei\u00e7\u00e3o r\u00e1pida e nutritiva que aumenta energia e ferro em poucos minutos - Correio Braziliense - Radar<\/title>\n<meta name=\"description\" content=\"Refei\u00e7\u00e3o r\u00e1pida, rica em prote\u00ednas, ferro e vitaminas, ideal para mais energia e saciedade no dia a dia corrido.\" \/>\n<meta name=\"robots\" content=\"index, follow, max-snippet:-1, max-image-preview:large, max-video-preview:-1\" \/>\n<link rel=\"canonical\" href=\"https:\/\/www.correiobraziliense.com.br\/cbradar\/a-refeicao-rapida-e-nutritiva-que-aumenta-energia-e-ferro-em-poucos-minutos\/\" \/>\n<meta property=\"og:locale\" content=\"pt_BR\" \/>\n<meta property=\"og:type\" content=\"article\" \/>\n<meta property=\"og:title\" content=\"A refei\u00e7\u00e3o r\u00e1pida e nutritiva que aumenta energia e ferro em poucos minutos - Correio Braziliense - Radar\" \/>\n<meta property=\"og:description\" content=\"Refei\u00e7\u00e3o r\u00e1pida, rica em prote\u00ednas, ferro e vitaminas, ideal para mais energia e saciedade no dia a dia corrido.\" \/>\n<meta property=\"og:url\" content=\"https:\/\/www.correiobraziliense.com.br\/cbradar\/a-refeicao-rapida-e-nutritiva-que-aumenta-energia-e-ferro-em-poucos-minutos\/\" \/>\n<meta property=\"og:site_name\" content=\"Correio Braziliense - Radar\" \/>\n<meta property=\"article:published_time\" content=\"2026-01-28T09:15:00+00:00\" \/>\n<meta property=\"og:image\" content=\"https:\/\/www.correiobraziliense.com.br\/cbradar\/wp-content\/uploads\/2026\/01\/3.jpg\" \/>\n\t<meta property=\"og:image:width\" content=\"1280\" \/>\n\t<meta property=\"og:image:height\" content=\"720\" \/>\n\t<meta property=\"og:image:type\" content=\"image\/jpeg\" \/>\n<meta name=\"author\" content=\"Daniely Cardoso\" \/>\n<meta name=\"twitter:card\" content=\"summary_large_image\" \/>\n<meta name=\"twitter:label1\" content=\"Escrito por\" \/>\n\t<meta name=\"twitter:data1\" content=\"Daniely Cardoso\" \/>\n\t<meta name=\"twitter:label2\" content=\"Est. tempo de leitura\" \/>\n\t<meta name=\"twitter:data2\" content=\"7 minutos\" \/>\n<!-- \/ Yoast SEO plugin. -->","yoast_head_json":{"title":"A refei\u00e7\u00e3o r\u00e1pida e nutritiva que aumenta energia e ferro em poucos minutos - Correio Braziliense - Radar","description":"Refei\u00e7\u00e3o r\u00e1pida, rica em prote\u00ednas, ferro e vitaminas, ideal para mais energia e saciedade no dia a dia corrido.","robots":{"index":"index","follow":"follow","max-snippet":"max-snippet:-1","max-image-preview":"max-image-preview:large","max-video-preview":"max-video-preview:-1"},"canonical":"https:\/\/www.correiobraziliense.com.br\/cbradar\/a-refeicao-rapida-e-nutritiva-que-aumenta-energia-e-ferro-em-poucos-minutos\/","og_locale":"pt_BR","og_type":"article","og_title":"A refei\u00e7\u00e3o r\u00e1pida e nutritiva que aumenta energia e ferro em poucos minutos - Correio Braziliense - Radar","og_description":"Refei\u00e7\u00e3o r\u00e1pida, rica em prote\u00ednas, ferro e vitaminas, ideal para mais energia e saciedade no dia a dia corrido.","og_url":"https:\/\/www.correiobraziliense.com.br\/cbradar\/a-refeicao-rapida-e-nutritiva-que-aumenta-energia-e-ferro-em-poucos-minutos\/","og_site_name":"Correio Braziliense - Radar","article_published_time":"2026-01-28T09:15:00+00:00","og_image":[{"width":1280,"height":720,"url":"https:\/\/www.correiobraziliense.com.br\/cbradar\/wp-content\/uploads\/2026\/01\/3.jpg","type":"image\/jpeg"}],"author":"Daniely Cardoso","twitter_card":"summary_large_image","twitter_misc":{"Escrito por":"Daniely Cardoso","Est. tempo de leitura":"7 minutos"},"schema":{"@context":"https:\/\/schema.org","@graph":[{"@type":"WebPage","@id":"https:\/\/www.correiobraziliense.com.br\/cbradar\/a-refeicao-rapida-e-nutritiva-que-aumenta-energia-e-ferro-em-poucos-minutos\/","url":"https:\/\/www.correiobraziliense.com.br\/cbradar\/a-refeicao-rapida-e-nutritiva-que-aumenta-energia-e-ferro-em-poucos-minutos\/","name":"A refei\u00e7\u00e3o r\u00e1pida e nutritiva que aumenta energia e ferro em poucos minutos - Correio Braziliense - Radar","isPartOf":{"@id":"https:\/\/www.correiobraziliense.com.br\/cbradar\/#website"},"primaryImageOfPage":{"@id":"https:\/\/www.correiobraziliense.com.br\/cbradar\/a-refeicao-rapida-e-nutritiva-que-aumenta-energia-e-ferro-em-poucos-minutos\/#primaryimage"},"image":{"@id":"https:\/\/www.correiobraziliense.com.br\/cbradar\/a-refeicao-rapida-e-nutritiva-que-aumenta-energia-e-ferro-em-poucos-minutos\/#primaryimage"},"thumbnailUrl":"https:\/\/www.correiobraziliense.com.br\/cbradar\/wp-content\/uploads\/2026\/01\/3.jpg","datePublished":"2026-01-28T09:15:00+00:00","author":{"@id":"https:\/\/www.correiobraziliense.com.br\/cbradar\/#\/schema\/person\/7356666e12ec0ee53f348ee5db227032"},"description":"Refei\u00e7\u00e3o r\u00e1pida, rica em prote\u00ednas, ferro e vitaminas, ideal para mais energia e saciedade no dia a dia corrido.","breadcrumb":{"@id":"https:\/\/www.correiobraziliense.com.br\/cbradar\/a-refeicao-rapida-e-nutritiva-que-aumenta-energia-e-ferro-em-poucos-minutos\/#breadcrumb"},"inLanguage":"pt-BR","potentialAction":[{"@type":"ReadAction","target":["https:\/\/www.correiobraziliense.com.br\/cbradar\/a-refeicao-rapida-e-nutritiva-que-aumenta-energia-e-ferro-em-poucos-minutos\/"]}]},{"@type":"ImageObject","inLanguage":"pt-BR","@id":"https:\/\/www.correiobraziliense.com.br\/cbradar\/a-refeicao-rapida-e-nutritiva-que-aumenta-energia-e-ferro-em-poucos-minutos\/#primaryimage","url":"https:\/\/www.correiobraziliense.com.br\/cbradar\/wp-content\/uploads\/2026\/01\/3.jpg","contentUrl":"https:\/\/www.correiobraziliense.com.br\/cbradar\/wp-content\/uploads\/2026\/01\/3.jpg","width":1280,"height":720,"caption":"Fonte pr\u00e1tica de prote\u00ednas que contribuem para a saciedade e manuten\u00e7\u00e3o muscular"},{"@type":"BreadcrumbList","@id":"https:\/\/www.correiobraziliense.com.br\/cbradar\/a-refeicao-rapida-e-nutritiva-que-aumenta-energia-e-ferro-em-poucos-minutos\/#breadcrumb","itemListElement":[{"@type":"ListItem","position":1,"name":"In\u00edcio","item":"https:\/\/www.correiobraziliense.com.br\/cbradar\/"},{"@type":"ListItem","position":2,"name":"A refei\u00e7\u00e3o r\u00e1pida e nutritiva que aumenta energia e ferro em poucos minutos"}]},{"@type":"WebSite","@id":"https:\/\/www.correiobraziliense.com.br\/cbradar\/#website","url":"https:\/\/www.correiobraziliense.com.br\/cbradar\/","name":"Correio Braziliense - Radar","description":"Acompanhe as \u00faltimas not\u00edcias e fique bem informado sobre tudo o que acontece no Brasil e no mundo.","potentialAction":[{"@type":"SearchAction","target":{"@type":"EntryPoint","urlTemplate":"https:\/\/www.correiobraziliense.com.br\/cbradar\/?s={search_term_string}"},"query-input":{"@type":"PropertyValueSpecification","valueRequired":true,"valueName":"search_term_string"}}],"inLanguage":"pt-BR"},{"@type":"Person","@id":"https:\/\/www.correiobraziliense.com.br\/cbradar\/#\/schema\/person\/7356666e12ec0ee53f348ee5db227032","name":"Daniely Cardoso","image":{"@type":"ImageObject","inLanguage":"pt-BR","@id":"https:\/\/www.correiobraziliense.com.br\/cbradar\/#\/schema\/person\/image\/","url":"https:\/\/secure.gravatar.com\/avatar\/4b80ddbd124d1f071b626d52d62e5dff?s=96&d=mm&r=g","contentUrl":"https:\/\/secure.gravatar.com\/avatar\/4b80ddbd124d1f071b626d52d62e5dff?s=96&d=mm&r=g","caption":"Daniely Cardoso"},"description":"Redatora nos portais CB Radar e EM Foco, formada pela Universidade Federal de Goi\u00e1s, em Goi\u00e2nia. Apaixonada por comunica\u00e7\u00e3o, arte, decora\u00e7\u00e3o e tend\u00eancias, atuo na produ\u00e7\u00e3o de conte\u00fados envolventes sobre curiosidades, moda, beleza e paisagismo, sempre com um olhar atento \u00e0s novidades do momento.","sameAs":["https:\/\/www.correiobraziliense.com.br\/cbradar"],"url":"https:\/\/www.correiobraziliense.com.br\/cbradar\/author\/danielymyth\/"}]}},"_links":{"self":[{"href":"https:\/\/www.correiobraziliense.com.br\/cbradar\/wp-json\/wp\/v2\/posts\/182384","targetHints":{"allow":["GET"]}}],"collection":[{"href":"https:\/\/www.correiobraziliense.com.br\/cbradar\/wp-json\/wp\/v2\/posts"}],"about":[{"href":"https:\/\/www.correiobraziliense.com.br\/cbradar\/wp-json\/wp\/v2\/types\/post"}],"author":[{"embeddable":true,"href":"https:\/\/www.correiobraziliense.com.br\/cbradar\/wp-json\/wp\/v2\/users\/9"}],"replies":[{"embeddable":true,"href":"https:\/\/www.correiobraziliense.com.br\/cbradar\/wp-json\/wp\/v2\/comments?post=182384"}],"version-history":[{"count":2,"href":"https:\/\/www.correiobraziliense.com.br\/cbradar\/wp-json\/wp\/v2\/posts\/182384\/revisions"}],"predecessor-version":[{"id":182405,"href":"https:\/\/www.correiobraziliense.com.br\/cbradar\/wp-json\/wp\/v2\/posts\/182384\/revisions\/182405"}],"wp:featuredmedia":[{"embeddable":true,"href":"https:\/\/www.correiobraziliense.com.br\/cbradar\/wp-json\/wp\/v2\/media\/182711"}],"wp:attachment":[{"href":"https:\/\/www.correiobraziliense.com.br\/cbradar\/wp-json\/wp\/v2\/media?parent=182384"}],"wp:term":[{"taxonomy":"category","embeddable":true,"href":"https:\/\/www.correiobraziliense.com.br\/cbradar\/wp-json\/wp\/v2\/categories?post=182384"},{"taxonomy":"post_tag","embeddable":true,"href":"https:\/\/www.correiobraziliense.com.br\/cbradar\/wp-json\/wp\/v2\/tags?post=182384"}],"curies":[{"name":"wp","href":"https:\/\/api.w.org\/{rel}","templated":true}]}}