{"id":182390,"date":"2026-01-28T14:25:13","date_gmt":"2026-01-28T17:25:13","guid":{"rendered":"https:\/\/www.correiobraziliense.com.br\/cbradar\/?p=182390"},"modified":"2026-01-27T14:15:26","modified_gmt":"2026-01-27T17:15:26","slug":"o-que-comer-no-dia-a-dia-para-aliviar-o-peso-no-figado-e-melhorar-a-disposicao","status":"publish","type":"post","link":"https:\/\/www.correiobraziliense.com.br\/cbradar\/o-que-comer-no-dia-a-dia-para-aliviar-o-peso-no-figado-e-melhorar-a-disposicao\/","title":{"rendered":"O que comer no dia a dia para aliviar o peso no f\u00edgado e melhorar a disposi\u00e7\u00e3o"},"content":{"rendered":"\n<p>Imagine chegar ao fim do dia com sensa\u00e7\u00e3o de cansa\u00e7o, digest\u00e3o pesada e incha\u00e7o: muitas vezes, quem est\u00e1 sobrecarregado \u00e9 o seu <strong>f\u00edgado<\/strong>. Esse \u00f3rg\u00e3o trabalha em sil\u00eancio o tempo todo, filtrando toxinas, cuidando das gorduras e ajudando na produ\u00e7\u00e3o de subst\u00e2ncias essenciais para o corpo. Em 2026, com o aumento das dietas industrializadas e ultraprocessadas, cresce o interesse por op\u00e7\u00f5es mais naturais que favorecem o f\u00edgado e ajudam na preven\u00e7\u00e3o de doen\u00e7as hep\u00e1ticas ao longo da vida.<\/p>\n\n\n\n<h2 class=\"wp-block-heading\">Como a alimenta\u00e7\u00e3o influencia o funcionamento do f\u00edgado<\/h2>\n\n\n\n<p>O&nbsp;<strong>f\u00edgado<\/strong>&nbsp;participa da digest\u00e3o de gorduras, elimina toxinas, ajuda no controle do colesterol e no metabolismo de medicamentos. Justamente por atuar como um \u201cfiltro\u201d constante, ele sente rapidamente os efeitos de uma dieta desequilibrada.<\/p>\n\n\n\n<p>Quando o consumo de \u00e1lcool, gordura saturada, ultraprocessados e a\u00e7\u00facar \u00e9 frequente, o \u00f3rg\u00e3o fica sobrecarregado. Em contrapartida, uma rotina rica em frutas, legumes, verduras, gr\u00e3os integrais e boas fontes de prote\u00edna ajuda o&nbsp;<strong>f\u00edgado<\/strong>&nbsp;a metabolizar melhor as subst\u00e2ncias e reduz o ac\u00famulo de gordura.<\/p>\n\n\n<div class=\"wp-block-image\">\n<figure class=\"aligncenter size-large\"><img decoding=\"async\" width=\"1024\" height=\"576\" src=\"https:\/\/www.correiobraziliense.com.br\/cbradar\/wp-content\/uploads\/2026\/01\/Gemini_Generated_Image_w2n2e3w2n2e3w2n2-1-1024x576.png\" alt=\"\" class=\"wp-image-177000\" srcset=\"https:\/\/www.correiobraziliense.com.br\/cbradar\/wp-content\/uploads\/2026\/01\/Gemini_Generated_Image_w2n2e3w2n2e3w2n2-1-1024x576.png 1024w, https:\/\/www.correiobraziliense.com.br\/cbradar\/wp-content\/uploads\/2026\/01\/Gemini_Generated_Image_w2n2e3w2n2e3w2n2-1-300x169.png 300w, https:\/\/www.correiobraziliense.com.br\/cbradar\/wp-content\/uploads\/2026\/01\/Gemini_Generated_Image_w2n2e3w2n2e3w2n2-1-768x432.png 768w, https:\/\/www.correiobraziliense.com.br\/cbradar\/wp-content\/uploads\/2026\/01\/Gemini_Generated_Image_w2n2e3w2n2e3w2n2-1-750x422.png 750w, https:\/\/www.correiobraziliense.com.br\/cbradar\/wp-content\/uploads\/2026\/01\/Gemini_Generated_Image_w2n2e3w2n2e3w2n2-1-1140x641.png 1140w, https:\/\/www.correiobraziliense.com.br\/cbradar\/wp-content\/uploads\/2026\/01\/Gemini_Generated_Image_w2n2e3w2n2e3w2n2-1.png 1280w\" sizes=\"(max-width: 1024px) 100vw, 1024px\" \/><figcaption class=\"wp-element-caption\">Ao analisar o br\u00f3colis sob a \u00f3tica da prote\u00e7\u00e3o celular, alguns componentes se destacam, como antioxidantes cl\u00e1ssicos<\/figcaption><\/figure><\/div>\n\n\n<p>Leia tamb\u00e9m:&nbsp;<a href=\"https:\/\/www.correiobraziliense.com.br\/cbradar\/as-plantas-antimofo-ajudam-a-reduzir-a-umidade-do-ar-e-melhoram-o-ambiente-naturalmente\/\" target=\"_blank\" rel=\"noopener\">As plantas antimofo ajudam a reduzir a umidade do ar e melhoram o ambiente naturalmente<\/a><\/p>\n\n\n\n<h2 class=\"wp-block-heading\">Quais s\u00e3o os principais alimentos que ajudam o f\u00edgado a funcionar melhor<\/h2>\n\n\n\n<p>Alguns grupos alimentares se destacam quando o assunto \u00e9 prote\u00e7\u00e3o do&nbsp;<strong>f\u00edgado<\/strong>. Frutas c\u00edtricas como laranja, lim\u00e3o, mexerica e toranja oferecem vitamina C e antioxidantes que ajudam a neutralizar radicais livres gerados durante o metabolismo hep\u00e1tico.<\/p>\n\n\n\n<p>J\u00e1 os vegetais verde-escuros, como couve, br\u00f3colis, r\u00facula e espinafre, s\u00e3o ricos em fibras, vitaminas e subst\u00e2ncias que costumam ser associadas \u00e0 desintoxica\u00e7\u00e3o natural do&nbsp;<strong>organismo<\/strong>. Consumir esses alimentos no dia a dia \u00e9 uma forma simples de apoiar o trabalho do f\u00edgado.<\/p>\n\n\n\n<h2 class=\"wp-block-heading\">Como montar um prato amigo do f\u00edgado de forma pr\u00e1tica<\/h2>\n\n\n\n<p>Ao pensar em <strong>alimentos que ajudam o f\u00edgado a funcionar melhor<\/strong>, a forma de organizar o prato tamb\u00e9m influencia bastante. Uma refei\u00e7\u00e3o equilibrada costuma reunir carboidratos integrais, prote\u00ednas magras, legumes, verduras e uma por\u00e7\u00e3o moderada de gordura boa, ajudando na digest\u00e3o e evitando picos exagerados de glicose.<\/p>\n\n\n\n<p>Um modelo simples \u00e9: metade do prato com saladas e legumes variados, dando prefer\u00eancia a folhas verdes e vegetais coloridos; um quarto com carboidrato integral, como arroz integral, batata doce ou quinoa; e o \u00faltimo quarto com prote\u00edna magra, como peixe, frango grelhado, ovos ou leguminosas. Uma pequena por\u00e7\u00e3o de gordura boa, como azeite de oliva, abacate ou castanhas, fecha o prato de maneira equilibrada. Se voc\u00ea gosta de ouvir profissionais, separamos esse v\u00eddeo da nutricionista T\u00e2nia Rodrigues do canal <a href=\"https:\/\/www.youtube.com\/@DOUTORAJUDA\" target=\"_blank\" rel=\"noreferrer noopener\">DOUTOR AJUDA<\/a> falando sobre dietas para quem tem problema no f\u00edgado:<\/p>\n\n\n\n<figure class=\"wp-block-embed is-type-video is-provider-youtube wp-block-embed-youtube wp-embed-aspect-16-9 wp-has-aspect-ratio\"><div class=\"wp-block-embed__wrapper\">\n<div class=\"jeg_video_container jeg_video_content\"><iframe loading=\"lazy\" title=\"DIETA PARA QUEM TEM PROBLEMA NO F\u00cdGADO: O QUE COMER E O QUE EVITAR?\" width=\"500\" height=\"281\" src=\"https:\/\/www.youtube.com\/embed\/JUxS2tN4RSg?feature=oembed\" frameborder=\"0\" allow=\"accelerometer; autoplay; clipboard-write; encrypted-media; gyroscope; picture-in-picture; web-share\" referrerpolicy=\"strict-origin-when-cross-origin\" allowfullscreen><\/iframe><\/div>\n<\/div><\/figure>\n\n\n\n<h2 class=\"wp-block-heading\">Quais h\u00e1bitos alimentares podem prejudicar ou favorecer o f\u00edgado<\/h2>\n\n\n\n<p>Manter o&nbsp;<strong>f\u00edgado<\/strong>&nbsp;saud\u00e1vel envolve tanto incluir alimentos protetores quanto evitar exageros que exigem esfor\u00e7o extra do \u00f3rg\u00e3o. Pequenas mudan\u00e7as na rotina, repetidas todos os dias, costumam fazer mais diferen\u00e7a do que dietas radicais de curto prazo.<\/p>\n\n\n\n<p>Entre os pontos mais lembrados por especialistas est\u00e3o a redu\u00e7\u00e3o do \u00e1lcool, o controle de a\u00e7\u00facar e farinhas refinadas e o cuidado com gorduras trans e saturadas presentes em frituras, fast food e salgadinhos. Tamb\u00e9m \u00e9 importante manter boa hidrata\u00e7\u00e3o, fazer refei\u00e7\u00f5es em hor\u00e1rios mais regulares e priorizar frutas, vegetais, gorduras de melhor qualidade e alimentos integrais, algo especialmente relevante em tempos de aumento de obesidade e diabetes.<\/p>\n\n\n\n<h2 class=\"wp-block-heading\">Quais s\u00e3o os principais alimentos aliados do f\u00edgado na tabela<\/h2>\n\n\n\n<p>A tabela a seguir apresenta alguns <strong>alimentos aliados do f\u00edgado<\/strong>, com uma descri\u00e7\u00e3o resumida de seus principais benef\u00edcios. Ela pode servir como um guia r\u00e1pido para montar compras e planejar refei\u00e7\u00f5es mais amigas do f\u00edgado no dia a dia.<\/p>\n\n\n\n<div style=\"font-family: 'Segoe UI', Tahoma, Geneva, Verdana, sans-serif; max-width: 1000px; margin: 20px auto; border: 2px solid #722f37; border-radius: 30px; overflow: hidden; background-color: #ffffff; box-shadow: 0 4px 15px rgba(114, 47, 55, 0.1);\">\n    <table style=\"width: 100%; border-collapse: collapse; text-align: left; font-size: 14px;\">\n        <thead>\n            <tr style=\"background-color: #722f37;\">\n                <th style=\"padding: 15px; color: #ffffff; border-bottom: 2px solid #f9d8e6; width: 20%;\">Alimento<\/th>\n                <th style=\"padding: 15px; color: #ffffff; border-bottom: 2px solid #f9d8e6; width: 25%;\">Categoria<\/th>\n                <th style=\"padding: 15px; color: #ffffff; border-bottom: 2px solid #f9d8e6; width: 55%;\">Poss\u00edvel benef\u00edcio para o f\u00edgado<\/th>\n            <\/tr>\n        <\/thead>\n        <tbody>\n            <tr>\n                <td style=\"padding: 12px 15px; border-bottom: 1px solid #ffe3ee; color: #4a4a4a; font-weight: bold;\">Couve<\/td>\n                <td style=\"padding: 12px 15px; border-bottom: 1px solid #ffe3ee; color: #4a4a4a;\">Vegetal verde escuro<\/td>\n                <td style=\"padding: 12px 15px; border-bottom: 1px solid #ffe3ee; color: #4a4a4a;\">Auxilia na ativa\u00e7\u00e3o de enzimas de desintoxica\u00e7\u00e3o e fornece antioxidantes<\/td>\n            <\/tr>\n            <tr style=\"background-color: #fffafa;\">\n                <td style=\"padding: 12px 15px; border-bottom: 1px solid #ffe3ee; color: #4a4a4a; font-weight: bold;\">Br\u00f3colis<\/td>\n                <td style=\"padding: 12px 15px; border-bottom: 1px solid #ffe3ee; color: #4a4a4a;\">Cruc\u00edfero<\/td>\n                <td style=\"padding: 12px 15px; border-bottom: 1px solid #ffe3ee; color: #4a4a4a;\">Pode contribuir para reduzir inflama\u00e7\u00e3o e proteger c\u00e9lulas hep\u00e1ticas<\/td>\n            <\/tr>\n            <tr>\n                <td style=\"padding: 12px 15px; border-bottom: 1px solid #ffe3ee; color: #4a4a4a; font-weight: bold;\">Alho<\/td>\n                <td style=\"padding: 12px 15px; border-bottom: 1px solid #ffe3ee; color: #4a4a4a;\">Temperos naturais<\/td>\n                <td style=\"padding: 12px 15px; border-bottom: 1px solid #ffe3ee; color: #4a4a4a;\">Rico em compostos sulfurados associados ao suporte da fun\u00e7\u00e3o hep\u00e1tica<\/td>\n            <\/tr>\n            <tr style=\"background-color: #fffafa;\">\n                <td style=\"padding: 12px 15px; border-bottom: 1px solid #ffe3ee; color: #4a4a4a; font-weight: bold;\">Cebola<\/td>\n                <td style=\"padding: 12px 15px; border-bottom: 1px solid #ffe3ee; color: #4a4a4a;\">Temperos naturais<\/td>\n                <td style=\"padding: 12px 15px; border-bottom: 1px solid #ffe3ee; color: #4a4a4a;\">Cont\u00e9m subst\u00e2ncias que colaboram com processos de limpeza do organismo<\/td>\n            <\/tr>\n            <tr>\n                <td style=\"padding: 12px 15px; border-bottom: 1px solid #ffe3ee; color: #4a4a4a; font-weight: bold;\">Laranja<\/td>\n                <td style=\"padding: 12px 15px; border-bottom: 1px solid #ffe3ee; color: #4a4a4a;\">Fruta c\u00edtrica<\/td>\n                <td style=\"padding: 12px 15px; border-bottom: 1px solid #ffe3ee; color: #4a4a4a;\">Fonte de vitamina C e flavonoides com a\u00e7\u00e3o antioxidante<\/td>\n            <\/tr>\n            <tr style=\"background-color: #fffafa;\">\n                <td style=\"padding: 12px 15px; border-bottom: 1px solid #ffe3ee; color: #4a4a4a; font-weight: bold;\">Lim\u00e3o<\/td>\n                <td style=\"padding: 12px 15px; border-bottom: 1px solid #ffe3ee; color: #4a4a4a;\">Fruta c\u00edtrica<\/td>\n                <td style=\"padding: 12px 15px; border-bottom: 1px solid #ffe3ee; color: #4a4a4a;\">Usado em preparos e bebidas, auxilia na hidrata\u00e7\u00e3o e oferta de vitamina C<\/td>\n            <\/tr>\n            <tr>\n                <td style=\"padding: 12px 15px; border-bottom: 1px solid #ffe3ee; color: #4a4a4a; font-weight: bold;\">Abacate<\/td>\n                <td style=\"padding: 12px 15px; border-bottom: 1px solid #ffe3ee; color: #4a4a4a;\">Fruta rica em gordura boa<\/td>\n                <td style=\"padding: 12px 15px; border-bottom: 1px solid #ffe3ee; color: #4a4a4a;\">Oferece gorduras monoinsaturadas que podem favorecer o perfil lip\u00eddico<\/td>\n            <\/tr>\n            <tr style=\"background-color: #fffafa;\">\n                <td style=\"padding: 12px 15px; color: #4a4a4a; font-weight: bold;\">Castanha-do-par\u00e1<\/td>\n                <td style=\"padding: 12px 15px; color: #4a4a4a;\">Oleaginosa<\/td>\n                <td style=\"padding: 12px 15px; color: #4a4a4a;\">Fornece sel\u00eanio, mineral ligado \u00e0 defesa antioxidante do organismo<\/td>\n            <\/tr>\n        <\/tbody>\n    <\/table>\n<\/div>\n\n\n\n<h2 class=\"wp-block-heading\">Como concluir o cuidado com o f\u00edgado no dia a dia e qual o pr\u00f3ximo passo<\/h2>\n\n\n\n<p>Cuidar do&nbsp;<strong>f\u00edgado<\/strong>&nbsp;\u00e9, em grande parte, cuidar das escolhas que voc\u00ea faz em cada refei\u00e7\u00e3o. Ao priorizar alimentos naturais, reduzir excessos e estar atento aos sinais do corpo, voc\u00ea d\u00e1 a esse \u00f3rg\u00e3o a chance de funcionar melhor por muitos anos.<\/p>\n\n\n\n<p>Se voc\u00ea j\u00e1 convive com esteatose hep\u00e1tica, hepatites ou suspeita de algum problema, procure um&nbsp;<strong>nutricionista<\/strong>&nbsp;ou m\u00e9dico para um plano personalizado. Use este conte\u00fado como ponto de partida e, a partir de hoje, escolha ao menos uma mudan\u00e7a pr\u00e1tica no seu prato para come\u00e7ar a proteger o seu f\u00edgado.<\/p>\n","protected":false},"excerpt":{"rendered":"<p>Imagine chegar ao fim do dia com sensa\u00e7\u00e3o de cansa\u00e7o, digest\u00e3o pesada e incha\u00e7o: muitas vezes, quem est\u00e1 sobrecarregado \u00e9 o seu f\u00edgado. Esse \u00f3rg\u00e3o trabalha em sil\u00eancio o tempo todo, filtrando toxinas, cuidando das gorduras e ajudando na produ\u00e7\u00e3o de subst\u00e2ncias essenciais para o corpo. Em 2026, com o aumento das dietas industrializadas e [&hellip;]<\/p>\n","protected":false},"author":9,"featured_media":182725,"comment_status":"open","ping_status":"open","sticky":false,"template":"","format":"standard","meta":{"_yoast_wpseo_focuskw":"alimentos que ajudam o f\u00edgado","_yoast_wpseo_title":"","_yoast_wpseo_metadesc":"Alimentos simples e naturais podem apoiar o f\u00edgado, reduzir inflama\u00e7\u00e3o e melhorar a digest\u00e3o com ajustes pr\u00e1ticos na rotina.","jnews-multi-image_gallery":[],"jnews_single_post":{"format":"standard"},"jnews_primary_category":[],"jnews_social_meta":[],"jnews_override_counter":[],"footnotes":""},"categories":[119,4404],"tags":[1423,5623,4167,565],"class_list":["post-182390","post","type-post","status-publish","format-standard","has-post-thumbnail","hentry","category-bem-estar","category-saude","tag-alimentos","tag-alimentos-para-o-figado","tag-figado","tag-saude"],"yoast_head":"<!-- This site is optimized with the Yoast SEO plugin v24.6 - https:\/\/yoast.com\/wordpress\/plugins\/seo\/ -->\n<title>O que comer no dia a dia para aliviar o peso no f\u00edgado e melhorar a disposi\u00e7\u00e3o - Correio Braziliense - Radar<\/title>\n<meta name=\"description\" content=\"Alimentos simples e naturais podem apoiar o f\u00edgado, reduzir inflama\u00e7\u00e3o e melhorar a digest\u00e3o com ajustes pr\u00e1ticos na rotina.\" \/>\n<meta name=\"robots\" content=\"index, follow, max-snippet:-1, max-image-preview:large, max-video-preview:-1\" \/>\n<link rel=\"canonical\" href=\"https:\/\/www.correiobraziliense.com.br\/cbradar\/o-que-comer-no-dia-a-dia-para-aliviar-o-peso-no-figado-e-melhorar-a-disposicao\/\" \/>\n<meta property=\"og:locale\" content=\"pt_BR\" \/>\n<meta property=\"og:type\" content=\"article\" \/>\n<meta property=\"og:title\" content=\"O que comer no dia a dia para aliviar o peso no f\u00edgado e melhorar a disposi\u00e7\u00e3o - Correio Braziliense - Radar\" \/>\n<meta property=\"og:description\" content=\"Alimentos simples e naturais podem apoiar o f\u00edgado, reduzir inflama\u00e7\u00e3o e melhorar a digest\u00e3o com ajustes pr\u00e1ticos na rotina.\" \/>\n<meta property=\"og:url\" content=\"https:\/\/www.correiobraziliense.com.br\/cbradar\/o-que-comer-no-dia-a-dia-para-aliviar-o-peso-no-figado-e-melhorar-a-disposicao\/\" \/>\n<meta property=\"og:site_name\" content=\"Correio Braziliense - Radar\" \/>\n<meta property=\"article:published_time\" content=\"2026-01-28T17:25:13+00:00\" \/>\n<meta property=\"og:image\" content=\"https:\/\/www.correiobraziliense.com.br\/cbradar\/wp-content\/uploads\/2026\/01\/17.jpg\" \/>\n\t<meta property=\"og:image:width\" content=\"1280\" \/>\n\t<meta property=\"og:image:height\" content=\"720\" \/>\n\t<meta property=\"og:image:type\" content=\"image\/jpeg\" \/>\n<meta name=\"author\" content=\"Daniely Cardoso\" \/>\n<meta name=\"twitter:card\" content=\"summary_large_image\" \/>\n<meta name=\"twitter:label1\" content=\"Escrito por\" \/>\n\t<meta name=\"twitter:data1\" content=\"Daniely Cardoso\" \/>\n\t<meta name=\"twitter:label2\" content=\"Est. tempo de leitura\" \/>\n\t<meta name=\"twitter:data2\" content=\"5 minutos\" \/>\n<!-- \/ Yoast SEO plugin. -->","yoast_head_json":{"title":"O que comer no dia a dia para aliviar o peso no f\u00edgado e melhorar a disposi\u00e7\u00e3o - Correio Braziliense - Radar","description":"Alimentos simples e naturais podem apoiar o f\u00edgado, reduzir inflama\u00e7\u00e3o e melhorar a digest\u00e3o com ajustes pr\u00e1ticos na rotina.","robots":{"index":"index","follow":"follow","max-snippet":"max-snippet:-1","max-image-preview":"max-image-preview:large","max-video-preview":"max-video-preview:-1"},"canonical":"https:\/\/www.correiobraziliense.com.br\/cbradar\/o-que-comer-no-dia-a-dia-para-aliviar-o-peso-no-figado-e-melhorar-a-disposicao\/","og_locale":"pt_BR","og_type":"article","og_title":"O que comer no dia a dia para aliviar o peso no f\u00edgado e melhorar a disposi\u00e7\u00e3o - Correio Braziliense - Radar","og_description":"Alimentos simples e naturais podem apoiar o f\u00edgado, reduzir inflama\u00e7\u00e3o e melhorar a digest\u00e3o com ajustes pr\u00e1ticos na rotina.","og_url":"https:\/\/www.correiobraziliense.com.br\/cbradar\/o-que-comer-no-dia-a-dia-para-aliviar-o-peso-no-figado-e-melhorar-a-disposicao\/","og_site_name":"Correio Braziliense - Radar","article_published_time":"2026-01-28T17:25:13+00:00","og_image":[{"width":1280,"height":720,"url":"https:\/\/www.correiobraziliense.com.br\/cbradar\/wp-content\/uploads\/2026\/01\/17.jpg","type":"image\/jpeg"}],"author":"Daniely Cardoso","twitter_card":"summary_large_image","twitter_misc":{"Escrito por":"Daniely Cardoso","Est. tempo de leitura":"5 minutos"},"schema":{"@context":"https:\/\/schema.org","@graph":[{"@type":"WebPage","@id":"https:\/\/www.correiobraziliense.com.br\/cbradar\/o-que-comer-no-dia-a-dia-para-aliviar-o-peso-no-figado-e-melhorar-a-disposicao\/","url":"https:\/\/www.correiobraziliense.com.br\/cbradar\/o-que-comer-no-dia-a-dia-para-aliviar-o-peso-no-figado-e-melhorar-a-disposicao\/","name":"O que comer no dia a dia para aliviar o peso no f\u00edgado e melhorar a disposi\u00e7\u00e3o - Correio Braziliense - Radar","isPartOf":{"@id":"https:\/\/www.correiobraziliense.com.br\/cbradar\/#website"},"primaryImageOfPage":{"@id":"https:\/\/www.correiobraziliense.com.br\/cbradar\/o-que-comer-no-dia-a-dia-para-aliviar-o-peso-no-figado-e-melhorar-a-disposicao\/#primaryimage"},"image":{"@id":"https:\/\/www.correiobraziliense.com.br\/cbradar\/o-que-comer-no-dia-a-dia-para-aliviar-o-peso-no-figado-e-melhorar-a-disposicao\/#primaryimage"},"thumbnailUrl":"https:\/\/www.correiobraziliense.com.br\/cbradar\/wp-content\/uploads\/2026\/01\/17.jpg","datePublished":"2026-01-28T17:25:13+00:00","author":{"@id":"https:\/\/www.correiobraziliense.com.br\/cbradar\/#\/schema\/person\/7356666e12ec0ee53f348ee5db227032"},"description":"Alimentos simples e naturais podem apoiar o f\u00edgado, reduzir inflama\u00e7\u00e3o e melhorar a digest\u00e3o com ajustes pr\u00e1ticos na rotina.","breadcrumb":{"@id":"https:\/\/www.correiobraziliense.com.br\/cbradar\/o-que-comer-no-dia-a-dia-para-aliviar-o-peso-no-figado-e-melhorar-a-disposicao\/#breadcrumb"},"inLanguage":"pt-BR","potentialAction":[{"@type":"ReadAction","target":["https:\/\/www.correiobraziliense.com.br\/cbradar\/o-que-comer-no-dia-a-dia-para-aliviar-o-peso-no-figado-e-melhorar-a-disposicao\/"]}]},{"@type":"ImageObject","inLanguage":"pt-BR","@id":"https:\/\/www.correiobraziliense.com.br\/cbradar\/o-que-comer-no-dia-a-dia-para-aliviar-o-peso-no-figado-e-melhorar-a-disposicao\/#primaryimage","url":"https:\/\/www.correiobraziliense.com.br\/cbradar\/wp-content\/uploads\/2026\/01\/17.jpg","contentUrl":"https:\/\/www.correiobraziliense.com.br\/cbradar\/wp-content\/uploads\/2026\/01\/17.jpg","width":1280,"height":720,"caption":"H\u00e1 crescente interesse por op\u00e7\u00f5es naturais que ajudam na prote\u00e7\u00e3o do f\u00edgado ao longo da vida"},{"@type":"BreadcrumbList","@id":"https:\/\/www.correiobraziliense.com.br\/cbradar\/o-que-comer-no-dia-a-dia-para-aliviar-o-peso-no-figado-e-melhorar-a-disposicao\/#breadcrumb","itemListElement":[{"@type":"ListItem","position":1,"name":"In\u00edcio","item":"https:\/\/www.correiobraziliense.com.br\/cbradar\/"},{"@type":"ListItem","position":2,"name":"O que comer no dia a dia para aliviar o peso no f\u00edgado e melhorar a disposi\u00e7\u00e3o"}]},{"@type":"WebSite","@id":"https:\/\/www.correiobraziliense.com.br\/cbradar\/#website","url":"https:\/\/www.correiobraziliense.com.br\/cbradar\/","name":"Correio Braziliense - Radar","description":"Acompanhe as \u00faltimas not\u00edcias e fique bem informado sobre tudo o que acontece no Brasil e no mundo.","potentialAction":[{"@type":"SearchAction","target":{"@type":"EntryPoint","urlTemplate":"https:\/\/www.correiobraziliense.com.br\/cbradar\/?s={search_term_string}"},"query-input":{"@type":"PropertyValueSpecification","valueRequired":true,"valueName":"search_term_string"}}],"inLanguage":"pt-BR"},{"@type":"Person","@id":"https:\/\/www.correiobraziliense.com.br\/cbradar\/#\/schema\/person\/7356666e12ec0ee53f348ee5db227032","name":"Daniely Cardoso","image":{"@type":"ImageObject","inLanguage":"pt-BR","@id":"https:\/\/www.correiobraziliense.com.br\/cbradar\/#\/schema\/person\/image\/","url":"https:\/\/secure.gravatar.com\/avatar\/4b80ddbd124d1f071b626d52d62e5dff?s=96&d=mm&r=g","contentUrl":"https:\/\/secure.gravatar.com\/avatar\/4b80ddbd124d1f071b626d52d62e5dff?s=96&d=mm&r=g","caption":"Daniely Cardoso"},"description":"Redatora nos portais CB Radar e EM Foco, formada pela Universidade Federal de Goi\u00e1s, em Goi\u00e2nia. Apaixonada por comunica\u00e7\u00e3o, arte, decora\u00e7\u00e3o e tend\u00eancias, atuo na produ\u00e7\u00e3o de conte\u00fados envolventes sobre curiosidades, moda, beleza e paisagismo, sempre com um olhar atento \u00e0s novidades do momento.","sameAs":["https:\/\/www.correiobraziliense.com.br\/cbradar"],"url":"https:\/\/www.correiobraziliense.com.br\/cbradar\/author\/danielymyth\/"}]}},"_links":{"self":[{"href":"https:\/\/www.correiobraziliense.com.br\/cbradar\/wp-json\/wp\/v2\/posts\/182390","targetHints":{"allow":["GET"]}}],"collection":[{"href":"https:\/\/www.correiobraziliense.com.br\/cbradar\/wp-json\/wp\/v2\/posts"}],"about":[{"href":"https:\/\/www.correiobraziliense.com.br\/cbradar\/wp-json\/wp\/v2\/types\/post"}],"author":[{"embeddable":true,"href":"https:\/\/www.correiobraziliense.com.br\/cbradar\/wp-json\/wp\/v2\/users\/9"}],"replies":[{"embeddable":true,"href":"https:\/\/www.correiobraziliense.com.br\/cbradar\/wp-json\/wp\/v2\/comments?post=182390"}],"version-history":[{"count":3,"href":"https:\/\/www.correiobraziliense.com.br\/cbradar\/wp-json\/wp\/v2\/posts\/182390\/revisions"}],"predecessor-version":[{"id":182770,"href":"https:\/\/www.correiobraziliense.com.br\/cbradar\/wp-json\/wp\/v2\/posts\/182390\/revisions\/182770"}],"wp:featuredmedia":[{"embeddable":true,"href":"https:\/\/www.correiobraziliense.com.br\/cbradar\/wp-json\/wp\/v2\/media\/182725"}],"wp:attachment":[{"href":"https:\/\/www.correiobraziliense.com.br\/cbradar\/wp-json\/wp\/v2\/media?parent=182390"}],"wp:term":[{"taxonomy":"category","embeddable":true,"href":"https:\/\/www.correiobraziliense.com.br\/cbradar\/wp-json\/wp\/v2\/categories?post=182390"},{"taxonomy":"post_tag","embeddable":true,"href":"https:\/\/www.correiobraziliense.com.br\/cbradar\/wp-json\/wp\/v2\/tags?post=182390"}],"curies":[{"name":"wp","href":"https:\/\/api.w.org\/{rel}","templated":true}]}}