{"id":18240,"date":"2025-04-03T09:30:00","date_gmt":"2025-04-03T12:30:00","guid":{"rendered":"https:\/\/www.correiobraziliense.com.br\/cbradar\/?p=18240"},"modified":"2025-04-02T14:15:54","modified_gmt":"2025-04-02T17:15:54","slug":"conheca-a-cidade-onde-fachadas-mudam-conforme-a-poluicao","status":"publish","type":"post","link":"https:\/\/www.correiobraziliense.com.br\/cbradar\/conheca-a-cidade-onde-fachadas-mudam-conforme-a-poluicao\/","title":{"rendered":"Conhe\u00e7a a cidade onde fachadas mudam conforme a polui\u00e7\u00e3o"},"content":{"rendered":"\n<p>Na futurista e consciente <strong>Londres<\/strong>, capital do <strong>Reino Unido<\/strong>, algumas fachadas de pr\u00e9dios n\u00e3o apenas decoram \u2014 elas <strong>reagem em tempo real \u00e0 qualidade do ar<\/strong>. Usando materiais inteligentes e sensores ambientais, <strong>as cores e texturas dessas superf\u00edcies mudam conforme o n\u00edvel de polui\u00e7\u00e3o atmosf\u00e9rica<\/strong>, criando um sistema visual de alerta urbano que une <strong>arte, ci\u00eancia e consci\u00eancia ambiental<\/strong>.<\/p>\n\n\n\n<p>Essa ideia faz parte de uma nova gera\u00e7\u00e3o de <strong>arquitetura responsiva<\/strong>, que transforma os pr\u00f3prios edif\u00edcios em instrumentos de monitoramento ecol\u00f3gico.<\/p>\n\n\n\n<h2 class=\"wp-block-heading\"><strong>Como funcionam as fachadas que reagem \u00e0 polui\u00e7\u00e3o?<\/strong><\/h2>\n\n\n\n<p>As constru\u00e7\u00f5es utilizam <strong>materiais fotocr\u00f4micos, termocr\u00f4micos ou sens\u00edveis a gases<\/strong>, al\u00e9m de sensores integrados que captam:<\/p>\n\n\n\n<ul class=\"wp-block-list\">\n<li>N\u00edveis de <strong>di\u00f3xido de nitrog\u00eanio (NO\u2082)<\/strong>, <strong>mon\u00f3xido de carbono (CO)<\/strong> e <strong>material particulado (PM2.5 e PM10)<\/strong><\/li>\n\n\n\n<li>Mudan\u00e7as na temperatura e umidade relativa do ar<\/li>\n\n\n\n<li>Altera\u00e7\u00f5es na radia\u00e7\u00e3o solar ou concentra\u00e7\u00e3o de oz\u00f4nio<\/li>\n<\/ul>\n\n\n\n<p>A fachada ent\u00e3o <strong>muda de cor, forma ou ilumina\u00e7\u00e3o<\/strong> para alertar sobre a polui\u00e7\u00e3o local. Em alguns projetos:<\/p>\n\n\n\n<ul class=\"wp-block-list\">\n<li>Tons mais escuros indicam <strong>maior concentra\u00e7\u00e3o de poluentes<\/strong><\/li>\n\n\n\n<li>A superf\u00edcie fica <strong>texturizada ou &#8220;ondulada&#8221;<\/strong> conforme a deteriora\u00e7\u00e3o da qualidade do ar<\/li>\n\n\n\n<li>Telas de LED exibem informa\u00e7\u00f5es em tempo real junto ao design din\u00e2mico da parede<\/li>\n<\/ul>\n\n\n\n<figure class=\"wp-block-image size-large\"><img decoding=\"async\" width=\"1024\" height=\"576\" src=\"https:\/\/www.correiobraziliense.com.br\/cbradar\/wp-content\/uploads\/2025\/04\/Londres_1743594612307-1024x576.jpg\" alt=\"Conhe\u00e7a a cidade onde fachadas mudam conforme a polui\u00e7\u00e3o\" class=\"wp-image-18245\" srcset=\"https:\/\/www.correiobraziliense.com.br\/cbradar\/wp-content\/uploads\/2025\/04\/Londres_1743594612307-1024x576.jpg 1024w, https:\/\/www.correiobraziliense.com.br\/cbradar\/wp-content\/uploads\/2025\/04\/Londres_1743594612307-300x169.jpg 300w, https:\/\/www.correiobraziliense.com.br\/cbradar\/wp-content\/uploads\/2025\/04\/Londres_1743594612307-768x432.jpg 768w, https:\/\/www.correiobraziliense.com.br\/cbradar\/wp-content\/uploads\/2025\/04\/Londres_1743594612307-750x422.jpg 750w, https:\/\/www.correiobraziliense.com.br\/cbradar\/wp-content\/uploads\/2025\/04\/Londres_1743594612307-1140x641.jpg 1140w, https:\/\/www.correiobraziliense.com.br\/cbradar\/wp-content\/uploads\/2025\/04\/Londres_1743594612307.jpg 1280w\" sizes=\"(max-width: 1024px) 100vw, 1024px\" \/><figcaption class=\"wp-element-caption\">Londres. Cr\u00e9ditos: depositphotos.com \/ zoltangabor<\/figcaption><\/figure>\n\n\n\n<h2 class=\"wp-block-heading\"><strong>Por que Londres adotou essa tecnologia?<\/strong><\/h2>\n\n\n\n<p>A cidade enfrenta s\u00e9rios desafios com a qualidade do ar, especialmente no centro urbano. Essa inova\u00e7\u00e3o foi pensada para:<\/p>\n\n\n\n<ul class=\"wp-block-list\">\n<li><strong>Conscientizar a popula\u00e7\u00e3o visualmente sobre a polui\u00e7\u00e3o<\/strong><\/li>\n\n\n\n<li><strong>Engajar os cidad\u00e3os em a\u00e7\u00f5es sustent\u00e1veis<\/strong>, como reduzir o uso de carros<\/li>\n\n\n\n<li><strong>Estimular pol\u00edticas p\u00fablicas mais r\u00edgidas de controle de emiss\u00f5es<\/strong><\/li>\n\n\n\n<li><strong>Transformar fachadas passivas em elementos ativos do tecido urbano<\/strong><\/li>\n<\/ul>\n\n\n\n<p>Al\u00e9m disso, Londres se posiciona como <strong>refer\u00eancia global em arquitetura verde e urbanismo responsivo<\/strong>.<\/p>\n\n\n\n<h2 class=\"wp-block-heading\"><strong>Curiosidades sobre Londres e suas fachadas inteligentes<\/strong><\/h2>\n\n\n\n<ul class=\"wp-block-list\">\n<li><strong>O projeto \u201cPollution Responsive Architecture\u201d come\u00e7ou como experimento art\u00edstico e virou realidade pr\u00e1tica<\/strong><\/li>\n\n\n\n<li>Algumas fachadas s\u00e3o usadas em <strong>escolas, museus e esta\u00e7\u00f5es de transporte<\/strong><\/li>\n\n\n\n<li><strong>A popula\u00e7\u00e3o pode consultar aplicativos conectados \u00e0s fachadas<\/strong>, que explicam as mudan\u00e7as em tempo real<\/li>\n\n\n\n<li><strong>O sistema j\u00e1 inspirou prot\u00f3tipos em Berlim, Nova York e Seul<\/strong><\/li>\n\n\n\n<li>A tecnologia tamb\u00e9m est\u00e1 sendo testada com <strong>materiais que absorvem poluentes<\/strong> do ar<\/li>\n<\/ul>\n\n\n\n<p>Londres mostra que <strong>at\u00e9 a parede de um pr\u00e9dio pode nos dizer como estamos tratando o planeta<\/strong>, e que o futuro das cidades pode ser <strong>mais limpo, inteligente e comunicativo \u2014 literalmente nas fachadas<\/strong>.<\/p>\n","protected":false},"excerpt":{"rendered":"<p>Em Londres, fachadas de pr\u00e9dios mudam conforme a polui\u00e7\u00e3o do ar. Descubra como a cidade une arte, ci\u00eancia e arquitetura.<\/p>\n","protected":false},"author":3,"featured_media":18242,"comment_status":"open","ping_status":"open","sticky":false,"template":"","format":"standard","meta":{"_yoast_wpseo_focuskw":"cidade fachadas","_yoast_wpseo_title":"%%title%%","_yoast_wpseo_metadesc":"Em Londres, fachadas de pr\u00e9dios mudam conforme a polui\u00e7\u00e3o do ar. Descubra como a cidade une arte, ci\u00eancia e arquitetura.","jnews-multi-image_gallery":[],"jnews_single_post":{"format":"standard"},"jnews_primary_category":[],"jnews_social_meta":[],"jnews_override_counter":[],"footnotes":""},"categories":[108],"tags":[109],"class_list":["post-18240","post","type-post","status-publish","format-standard","has-post-thumbnail","hentry","category-cidades","tag-cidades"],"yoast_head":"<!-- This site is optimized with the Yoast SEO plugin v24.6 - https:\/\/yoast.com\/wordpress\/plugins\/seo\/ -->\n<title>Conhe\u00e7a a cidade onde fachadas mudam conforme a polui\u00e7\u00e3o<\/title>\n<meta name=\"description\" content=\"Em Londres, fachadas de pr\u00e9dios mudam conforme a polui\u00e7\u00e3o do ar. Descubra como a cidade une arte, ci\u00eancia e arquitetura.\" \/>\n<meta name=\"robots\" content=\"index, follow, max-snippet:-1, max-image-preview:large, max-video-preview:-1\" \/>\n<link rel=\"canonical\" href=\"https:\/\/www.correiobraziliense.com.br\/cbradar\/conheca-a-cidade-onde-fachadas-mudam-conforme-a-poluicao\/\" \/>\n<meta property=\"og:locale\" content=\"pt_BR\" \/>\n<meta property=\"og:type\" content=\"article\" \/>\n<meta property=\"og:title\" content=\"Conhe\u00e7a a cidade onde fachadas mudam conforme a polui\u00e7\u00e3o\" \/>\n<meta property=\"og:description\" content=\"Em Londres, fachadas de pr\u00e9dios mudam conforme a polui\u00e7\u00e3o do ar. Descubra como a cidade une arte, ci\u00eancia e arquitetura.\" \/>\n<meta property=\"og:url\" content=\"https:\/\/www.correiobraziliense.com.br\/cbradar\/conheca-a-cidade-onde-fachadas-mudam-conforme-a-poluicao\/\" \/>\n<meta property=\"og:site_name\" content=\"Correio Braziliense - Radar\" \/>\n<meta property=\"article:published_time\" content=\"2025-04-03T12:30:00+00:00\" \/>\n<meta property=\"og:image\" content=\"https:\/\/www.correiobraziliense.com.br\/cbradar\/wp-content\/uploads\/2025\/04\/Londres_1743594528089.jpg\" \/>\n\t<meta property=\"og:image:width\" content=\"1280\" \/>\n\t<meta property=\"og:image:height\" content=\"720\" \/>\n\t<meta property=\"og:image:type\" content=\"image\/jpeg\" \/>\n<meta name=\"author\" content=\"Larissa Carvalho\" \/>\n<meta name=\"twitter:card\" content=\"summary_large_image\" \/>\n<meta name=\"twitter:label1\" content=\"Escrito por\" \/>\n\t<meta name=\"twitter:data1\" content=\"Larissa Carvalho\" \/>\n\t<meta name=\"twitter:label2\" content=\"Est. tempo de leitura\" \/>\n\t<meta name=\"twitter:data2\" content=\"3 minutos\" \/>\n<!-- \/ Yoast SEO plugin. -->","yoast_head_json":{"title":"Conhe\u00e7a a cidade onde fachadas mudam conforme a polui\u00e7\u00e3o","description":"Em Londres, fachadas de pr\u00e9dios mudam conforme a polui\u00e7\u00e3o do ar. Descubra como a cidade une arte, ci\u00eancia e arquitetura.","robots":{"index":"index","follow":"follow","max-snippet":"max-snippet:-1","max-image-preview":"max-image-preview:large","max-video-preview":"max-video-preview:-1"},"canonical":"https:\/\/www.correiobraziliense.com.br\/cbradar\/conheca-a-cidade-onde-fachadas-mudam-conforme-a-poluicao\/","og_locale":"pt_BR","og_type":"article","og_title":"Conhe\u00e7a a cidade onde fachadas mudam conforme a polui\u00e7\u00e3o","og_description":"Em Londres, fachadas de pr\u00e9dios mudam conforme a polui\u00e7\u00e3o do ar. Descubra como a cidade une arte, ci\u00eancia e arquitetura.","og_url":"https:\/\/www.correiobraziliense.com.br\/cbradar\/conheca-a-cidade-onde-fachadas-mudam-conforme-a-poluicao\/","og_site_name":"Correio Braziliense - Radar","article_published_time":"2025-04-03T12:30:00+00:00","og_image":[{"width":1280,"height":720,"url":"https:\/\/www.correiobraziliense.com.br\/cbradar\/wp-content\/uploads\/2025\/04\/Londres_1743594528089.jpg","type":"image\/jpeg"}],"author":"Larissa Carvalho","twitter_card":"summary_large_image","twitter_misc":{"Escrito por":"Larissa Carvalho","Est. tempo de leitura":"3 minutos"},"schema":{"@context":"https:\/\/schema.org","@graph":[{"@type":"WebPage","@id":"https:\/\/www.correiobraziliense.com.br\/cbradar\/conheca-a-cidade-onde-fachadas-mudam-conforme-a-poluicao\/","url":"https:\/\/www.correiobraziliense.com.br\/cbradar\/conheca-a-cidade-onde-fachadas-mudam-conforme-a-poluicao\/","name":"Conhe\u00e7a a cidade onde fachadas mudam conforme a polui\u00e7\u00e3o","isPartOf":{"@id":"https:\/\/www.correiobraziliense.com.br\/cbradar\/#website"},"primaryImageOfPage":{"@id":"https:\/\/www.correiobraziliense.com.br\/cbradar\/conheca-a-cidade-onde-fachadas-mudam-conforme-a-poluicao\/#primaryimage"},"image":{"@id":"https:\/\/www.correiobraziliense.com.br\/cbradar\/conheca-a-cidade-onde-fachadas-mudam-conforme-a-poluicao\/#primaryimage"},"thumbnailUrl":"https:\/\/www.correiobraziliense.com.br\/cbradar\/wp-content\/uploads\/2025\/04\/Londres_1743594528089.jpg","datePublished":"2025-04-03T12:30:00+00:00","author":{"@id":"https:\/\/www.correiobraziliense.com.br\/cbradar\/#\/schema\/person\/58422787644df994b53a19d3e56c1513"},"description":"Em Londres, fachadas de pr\u00e9dios mudam conforme a polui\u00e7\u00e3o do ar. Descubra como a cidade une arte, ci\u00eancia e arquitetura.","breadcrumb":{"@id":"https:\/\/www.correiobraziliense.com.br\/cbradar\/conheca-a-cidade-onde-fachadas-mudam-conforme-a-poluicao\/#breadcrumb"},"inLanguage":"pt-BR","potentialAction":[{"@type":"ReadAction","target":["https:\/\/www.correiobraziliense.com.br\/cbradar\/conheca-a-cidade-onde-fachadas-mudam-conforme-a-poluicao\/"]}]},{"@type":"ImageObject","inLanguage":"pt-BR","@id":"https:\/\/www.correiobraziliense.com.br\/cbradar\/conheca-a-cidade-onde-fachadas-mudam-conforme-a-poluicao\/#primaryimage","url":"https:\/\/www.correiobraziliense.com.br\/cbradar\/wp-content\/uploads\/2025\/04\/Londres_1743594528089.jpg","contentUrl":"https:\/\/www.correiobraziliense.com.br\/cbradar\/wp-content\/uploads\/2025\/04\/Londres_1743594528089.jpg","width":1280,"height":720,"caption":"Londres. Cr\u00e9ditos: depositphotos.com \/ samot"},{"@type":"BreadcrumbList","@id":"https:\/\/www.correiobraziliense.com.br\/cbradar\/conheca-a-cidade-onde-fachadas-mudam-conforme-a-poluicao\/#breadcrumb","itemListElement":[{"@type":"ListItem","position":1,"name":"In\u00edcio","item":"https:\/\/www.correiobraziliense.com.br\/cbradar\/"},{"@type":"ListItem","position":2,"name":"Conhe\u00e7a a cidade onde fachadas mudam conforme a polui\u00e7\u00e3o"}]},{"@type":"WebSite","@id":"https:\/\/www.correiobraziliense.com.br\/cbradar\/#website","url":"https:\/\/www.correiobraziliense.com.br\/cbradar\/","name":"Correio Braziliense - Radar","description":"Acompanhe as \u00faltimas not\u00edcias e fique bem informado sobre tudo o que acontece no Brasil e no mundo.","potentialAction":[{"@type":"SearchAction","target":{"@type":"EntryPoint","urlTemplate":"https:\/\/www.correiobraziliense.com.br\/cbradar\/?s={search_term_string}"},"query-input":{"@type":"PropertyValueSpecification","valueRequired":true,"valueName":"search_term_string"}}],"inLanguage":"pt-BR"},{"@type":"Person","@id":"https:\/\/www.correiobraziliense.com.br\/cbradar\/#\/schema\/person\/58422787644df994b53a19d3e56c1513","name":"Larissa Carvalho","image":{"@type":"ImageObject","inLanguage":"pt-BR","@id":"https:\/\/www.correiobraziliense.com.br\/cbradar\/#\/schema\/person\/image\/","url":"https:\/\/secure.gravatar.com\/avatar\/fe4f91a0de32b52a838d0d612abdc1aa?s=96&d=mm&r=g","contentUrl":"https:\/\/secure.gravatar.com\/avatar\/fe4f91a0de32b52a838d0d612abdc1aa?s=96&d=mm&r=g","caption":"Larissa Carvalho"},"url":"https:\/\/www.correiobraziliense.com.br\/cbradar\/author\/larissamyth\/"}]}},"_links":{"self":[{"href":"https:\/\/www.correiobraziliense.com.br\/cbradar\/wp-json\/wp\/v2\/posts\/18240","targetHints":{"allow":["GET"]}}],"collection":[{"href":"https:\/\/www.correiobraziliense.com.br\/cbradar\/wp-json\/wp\/v2\/posts"}],"about":[{"href":"https:\/\/www.correiobraziliense.com.br\/cbradar\/wp-json\/wp\/v2\/types\/post"}],"author":[{"embeddable":true,"href":"https:\/\/www.correiobraziliense.com.br\/cbradar\/wp-json\/wp\/v2\/users\/3"}],"replies":[{"embeddable":true,"href":"https:\/\/www.correiobraziliense.com.br\/cbradar\/wp-json\/wp\/v2\/comments?post=18240"}],"version-history":[{"count":1,"href":"https:\/\/www.correiobraziliense.com.br\/cbradar\/wp-json\/wp\/v2\/posts\/18240\/revisions"}],"predecessor-version":[{"id":18246,"href":"https:\/\/www.correiobraziliense.com.br\/cbradar\/wp-json\/wp\/v2\/posts\/18240\/revisions\/18246"}],"wp:featuredmedia":[{"embeddable":true,"href":"https:\/\/www.correiobraziliense.com.br\/cbradar\/wp-json\/wp\/v2\/media\/18242"}],"wp:attachment":[{"href":"https:\/\/www.correiobraziliense.com.br\/cbradar\/wp-json\/wp\/v2\/media?parent=18240"}],"wp:term":[{"taxonomy":"category","embeddable":true,"href":"https:\/\/www.correiobraziliense.com.br\/cbradar\/wp-json\/wp\/v2\/categories?post=18240"},{"taxonomy":"post_tag","embeddable":true,"href":"https:\/\/www.correiobraziliense.com.br\/cbradar\/wp-json\/wp\/v2\/tags?post=18240"}],"curies":[{"name":"wp","href":"https:\/\/api.w.org\/{rel}","templated":true}]}}