{"id":182423,"date":"2026-01-28T09:25:50","date_gmt":"2026-01-28T12:25:50","guid":{"rendered":"https:\/\/www.correiobraziliense.com.br\/cbradar\/?p=182423"},"modified":"2026-01-27T11:12:44","modified_gmt":"2026-01-27T14:12:44","slug":"as-plantas-aromaticas-que-deixam-qualquer-cantinho-mais-calmo-e-acolhedor","status":"publish","type":"post","link":"https:\/\/www.correiobraziliense.com.br\/cbradar\/as-plantas-aromaticas-que-deixam-qualquer-cantinho-mais-calmo-e-acolhedor\/","title":{"rendered":"As plantas arom\u00e1ticas que deixam qualquer cantinho mais calmo e acolhedor"},"content":{"rendered":"\n<p>Depois de um dia cheio, nada melhor do que chegar em casa e sentir um aroma suave tomando conta do ambiente, como se o espa\u00e7o inteiro estivesse convidando voc\u00ea a desacelerar. As <strong>plantas arom\u00e1ticas<\/strong> podem transformar esses cantinhos de pausa em lugares mais tranquilos e acolhedores, com o perfume liberado por folhas, flores e \u00f3leos naturais ajudando a criar uma atmosfera serena. Em quartos, salas de leitura ou espa\u00e7os de medita\u00e7\u00e3o, essas esp\u00e9cies atuam de forma discreta, mas constante, contribuindo para um ambiente mais relaxante sem exigir grandes mudan\u00e7as na decora\u00e7\u00e3o.<\/p>\n\n\n\n<h2 class=\"wp-block-heading\">Como escolher plantas arom\u00e1ticas para \u00e1reas de descanso<\/h2>\n\n\n\n<p>Ao escolher <strong>plantas arom\u00e1ticas<\/strong> para \u00e1reas de descanso, \u00e9 importante considerar fatores como intensidade do cheiro, facilidade de cultivo e adapta\u00e7\u00e3o ao espa\u00e7o dispon\u00edvel. Esp\u00e9cies em vasos pequenos, jardineiras e cachep\u00f4s podem ser posicionadas pr\u00f3ximas a janelas, mesas de cabeceira ou estantes, sem atrapalhar a circula\u00e7\u00e3o.<\/p>\n\n\n\n<p>Dessa forma, o perfume se espalha suavemente, sem se tornar excessivo, mantendo a sensa\u00e7\u00e3o de bem-estar ao longo do dia. Tamb\u00e9m vale observar a rotina da casa e a sensibilidade de quem mora ali, para que o aroma traga conforto e n\u00e3o se torne um inc\u00f4modo no dia a dia.<\/p>\n\n\n<div class=\"wp-block-image\">\n<figure class=\"aligncenter size-large\"><img decoding=\"async\" width=\"1024\" height=\"576\" src=\"https:\/\/www.correiobraziliense.com.br\/cbradar\/wp-content\/uploads\/2025\/11\/Design-sem-nome-58-1024x576.png\" alt=\"\" class=\"wp-image-140837\" srcset=\"https:\/\/www.correiobraziliense.com.br\/cbradar\/wp-content\/uploads\/2025\/11\/Design-sem-nome-58-1024x576.png 1024w, https:\/\/www.correiobraziliense.com.br\/cbradar\/wp-content\/uploads\/2025\/11\/Design-sem-nome-58-300x169.png 300w, https:\/\/www.correiobraziliense.com.br\/cbradar\/wp-content\/uploads\/2025\/11\/Design-sem-nome-58-768x432.png 768w, https:\/\/www.correiobraziliense.com.br\/cbradar\/wp-content\/uploads\/2025\/11\/Design-sem-nome-58-750x422.png 750w, https:\/\/www.correiobraziliense.com.br\/cbradar\/wp-content\/uploads\/2025\/11\/Design-sem-nome-58-1140x641.png 1140w, https:\/\/www.correiobraziliense.com.br\/cbradar\/wp-content\/uploads\/2025\/11\/Design-sem-nome-58.png 1280w\" sizes=\"(max-width: 1024px) 100vw, 1024px\" \/><figcaption class=\"wp-element-caption\">Para cultivar lavanda com sucesso, escolha um local que receba bastante sol, de prefer\u00eancia entre seis e oito horas di\u00e1rias<\/figcaption><\/figure><\/div>\n\n\n<p>Leia tamb\u00e9m:&nbsp;<a href=\"https:\/\/www.correiobraziliense.com.br\/cbradar\/como-cuidar-da-zamioculca-corretamente-e-manter-a-planta-sempre-bonita-e-saudavel\/\" target=\"_blank\" rel=\"noopener\">Como cuidar da Zamioculca corretamente e manter a planta sempre bonita e saud\u00e1vel?<\/a><\/p>\n\n\n\n<h2 class=\"wp-block-heading\">Quais plantas arom\u00e1ticas s\u00e3o indicadas para ambientes de descanso<\/h2>\n\n\n\n<p>Entre as <strong>plantas arom\u00e1ticas<\/strong> mais utilizadas em ambientes de descanso, algumas se destacam pela popularidade e pela forma como se adaptam a espa\u00e7os internos. A <strong>lavanda<\/strong>, por exemplo, \u00e9 frequentemente associada a ambientes de sono e relaxamento, gra\u00e7as ao seu perfume suave, muito usado tamb\u00e9m em sach\u00eas e travesseiros.<\/p>\n\n\n\n<p>J\u00e1 o alecrim tem aroma marcante e costuma ser usado em \u00e1reas onde se busca tranquilidade, mas tamb\u00e9m leve est\u00edmulo mental. Outra esp\u00e9cie muito presente \u00e9 o hortel\u00e3, que exala frescor e pode ser cultivada em vasos pr\u00f3ximos a janelas bem iluminadas, trazendo uma sensa\u00e7\u00e3o agrad\u00e1vel de limpeza e renova\u00e7\u00e3o.<\/p>\n\n\n\n<h2 class=\"wp-block-heading\">Como combinar diferentes esp\u00e9cies de plantas arom\u00e1ticas<\/h2>\n\n\n\n<p>A erva-cidreira e o capim-lim\u00e3o tamb\u00e9m s\u00e3o lembrados pelo cheiro c\u00edtrico e agrad\u00e1vel, comum em varandas e \u00e1reas de descanso ao ar livre. Em ambientes internos, o jasmim e a <strong>gard\u00eania<\/strong> chamam aten\u00e7\u00e3o pelo perfume floral, sendo muitas vezes colocados pr\u00f3ximos a pontos de circula\u00e7\u00e3o de ar, como portas e varandas, para perfumar sem exagero.<\/p>\n\n\n\n<p>Para quem disp\u00f5e de pouco espa\u00e7o, pequenas suculentas arom\u00e1ticas, al\u00e9m de vasinhos de manjeric\u00e3o e tomilho, podem cumprir dupla fun\u00e7\u00e3o: decorar e perfumar. Em geral, recomenda-se evitar esp\u00e9cies com cheiro muito intenso em ambientes muito fechados, como quartos pequenos, para n\u00e3o gerar inc\u00f4modo durante o sono. Se voc\u00ea gosta de plantas, separamos esse v\u00eddeo do canal <a href=\"https:\/\/www.youtube.com\/@casadasplantas\" target=\"_blank\" rel=\"noreferrer noopener\">Casa das Plantas &#8211; Garden Center e Paisagismo<\/a> mostrando plantas arom\u00e1ticas:<\/p>\n\n\n\n<figure class=\"wp-block-embed is-type-video is-provider-youtube wp-block-embed-youtube wp-embed-aspect-16-9 wp-has-aspect-ratio\"><div class=\"wp-block-embed__wrapper\">\n<div class=\"jeg_video_container jeg_video_content\"><iframe loading=\"lazy\" title=\"Plantas perfumadas - Ervas arom\u00e1ticas\" width=\"500\" height=\"281\" src=\"https:\/\/www.youtube.com\/embed\/EK2NcObfH84?feature=oembed\" frameborder=\"0\" allow=\"accelerometer; autoplay; clipboard-write; encrypted-media; gyroscope; picture-in-picture; web-share\" referrerpolicy=\"strict-origin-when-cross-origin\" allowfullscreen><\/iframe><\/div>\n<\/div><\/figure>\n\n\n\n<h2 class=\"wp-block-heading\">Qual \u00e9 o clima ideal para cultivar plantas arom\u00e1ticas<\/h2>\n\n\n\n<p>O clima \u00e9 um fator determinante para o bom desenvolvimento das plantas arom\u00e1ticas em ambientes de descanso, mesmo quando cultivadas em vasos dentro de casa. A maioria dessas esp\u00e9cies prefere temperaturas amenas, boa luminosidade e ventila\u00e7\u00e3o adequada, o que costuma combinar bem com janelas abertas em parte do dia.<\/p>\n\n\n\n<p>Em regi\u00f5es muito quentes, \u00e9 comum que as plantas se beneficiem de sombra parcial durante as horas mais intensas de sol, principalmente quando cultivadas em vasos pr\u00f3ximos a janelas voltadas para o norte ou oeste. J\u00e1 em locais mais frios, \u00e9 importante proteg\u00ea-las de ventos e geadas, mantendo-as em \u00e1reas internas iluminadas.<\/p>\n\n\n\n<h2 class=\"wp-block-heading\">Qual \u00e9 a rela\u00e7\u00e3o entre clima, luz e cuidados di\u00e1rios das plantas arom\u00e1ticas<\/h2>\n\n\n\n<p>Muitas plantas arom\u00e1ticas utilizadas em espa\u00e7os internos se adaptam bem a climas subtropicais e tropicais, desde que n\u00e3o haja exposi\u00e7\u00e3o direta ao sol forte o dia inteiro. A umidade relativa do ar tamb\u00e9m influencia: ambientes muito secos podem exigir regas mais frequentes e, em alguns casos, borrifos leves nas folhas, sempre com cuidado para n\u00e3o encharcar.<\/p>\n\n\n\n<p>Para facilitar a escolha das plantas arom\u00e1ticas indicadas para ambientes de descanso, a tabela abaixo apresenta uma vis\u00e3o geral de clima e cuidados b\u00e1sicos de luz para algumas esp\u00e9cies comuns. Observe essas informa\u00e7\u00f5es como um guia inicial e complemente com a observa\u00e7\u00e3o do comportamento de cada planta no seu espa\u00e7o.<\/p>\n\n\n\n<div style=\"font-family: 'Segoe UI', Tahoma, Geneva, Verdana, sans-serif; max-width: 1000px; margin: 20px auto; border: 2px solid #722f37; border-radius: 30px; overflow: hidden; background-color: #ffffff; box-shadow: 0 4px 15px rgba(114, 47, 55, 0.1);\">\n    <table style=\"width: 100%; border-collapse: collapse; text-align: left; font-size: 14px;\">\n        <thead>\n            <tr style=\"background-color: #722f37;\">\n                <th style=\"padding: 15px; color: #ffffff; border-bottom: 2px solid #f9d8e6; width: 20%;\">Planta arom\u00e1tica<\/th>\n                <th style=\"padding: 15px; color: #ffffff; border-bottom: 2px solid #f9d8e6; width: 25%;\">Clima ideal<\/th>\n                <th style=\"padding: 15px; color: #ffffff; border-bottom: 2px solid #f9d8e6; width: 25%;\">Tipo de luz<\/th>\n                <th style=\"padding: 15px; color: #ffffff; border-bottom: 2px solid #f9d8e6; width: 30%;\">Indica\u00e7\u00e3o para ambientes de descanso<\/th>\n            <\/tr>\n        <\/thead>\n        <tbody>\n            <tr>\n                <td style=\"padding: 12px 15px; border-bottom: 1px solid #ffe3ee; color: #4a4a4a; font-weight: bold;\">Lavanda<\/td>\n                <td style=\"padding: 12px 15px; border-bottom: 1px solid #ffe3ee; color: #4a4a4a;\">Temperado a subtropical ameno<\/td>\n                <td style=\"padding: 12px 15px; border-bottom: 1px solid #ffe3ee; color: #4a4a4a;\">Sol pleno ou meia-sombra bem iluminada<\/td>\n                <td style=\"padding: 12px 15px; border-bottom: 1px solid #ffe3ee; color: #4a4a4a;\">Quartos e espa\u00e7os de leitura, pelo aroma suave<\/td>\n            <\/tr>\n            <tr style=\"background-color: #fffafa;\">\n                <td style=\"padding: 12px 15px; border-bottom: 1px solid #ffe3ee; color: #4a4a4a; font-weight: bold;\">Alecrim<\/td>\n                <td style=\"padding: 12px 15px; border-bottom: 1px solid #ffe3ee; color: #4a4a4a;\">Mediterr\u00e2neo, seco e ensolarado<\/td>\n                <td style=\"padding: 12px 15px; border-bottom: 1px solid #ffe3ee; color: #4a4a4a;\">Sol pleno<\/td>\n                <td style=\"padding: 12px 15px; border-bottom: 1px solid #ffe3ee; color: #4a4a4a;\">Varandas e salas arejadas, devido ao perfume mais marcante<\/td>\n            <\/tr>\n            <tr>\n                <td style=\"padding: 12px 15px; border-bottom: 1px solid #ffe3ee; color: #4a4a4a; font-weight: bold;\">Hortel\u00e3<\/td>\n                <td style=\"padding: 12px 15px; border-bottom: 1px solid #ffe3ee; color: #4a4a4a;\">Tropical e subtropical \u00famido<\/td>\n                <td style=\"padding: 12px 15px; border-bottom: 1px solid #ffe3ee; color: #4a4a4a;\">Meia-sombra com boa claridade<\/td>\n                <td style=\"padding: 12px 15px; border-bottom: 1px solid #ffe3ee; color: #4a4a4a;\">Pr\u00f3xima a janelas de quartos ou salas, para aroma refrescante<\/td>\n            <\/tr>\n            <tr style=\"background-color: #fffafa;\">\n                <td style=\"padding: 12px 15px; border-bottom: 1px solid #ffe3ee; color: #4a4a4a; font-weight: bold;\">Erva-cidreira<\/td>\n                <td style=\"padding: 12px 15px; border-bottom: 1px solid #ffe3ee; color: #4a4a4a;\">Clima quente a ameno<\/td>\n                <td style=\"padding: 12px 15px; border-bottom: 1px solid #ffe3ee; color: #4a4a4a;\">Sol pleno ou meia-sombra<\/td>\n                <td style=\"padding: 12px 15px; border-bottom: 1px solid #ffe3ee; color: #4a4a4a;\">Ambientes de descanso e varandas, pelo cheiro c\u00edtrico suave<\/td>\n            <\/tr>\n            <tr>\n                <td style=\"padding: 12px 15px; color: #4a4a4a; font-weight: bold;\">Jasmim<\/td>\n                <td style=\"padding: 12px 15px; color: #4a4a4a;\">Subtropical e tropical ameno<\/td>\n                <td style=\"padding: 12px 15px; color: #4a4a4a;\">Meia-sombra com algumas horas de sol<\/td>\n                <td style=\"padding: 12px 15px; color: #4a4a4a;\">Pr\u00f3ximo a portas e janelas, para difus\u00e3o gradual do perfume<\/td>\n            <\/tr>\n        <\/tbody>\n    <\/table>\n<\/div>\n\n\n\n<p>Independentemente da esp\u00e9cie escolhida, a observa\u00e7\u00e3o di\u00e1ria das plantas arom\u00e1ticas ajuda a ajustar rega, luz e ventila\u00e7\u00e3o. Dessa forma, os ambientes de descanso permanecem com aspecto saud\u00e1vel, agrad\u00e1vel e com o aroma caracter\u00edstico de cada planta, contribuindo para momentos mais tranquilos ao longo da rotina.<\/p>\n\n\n\n<h2 class=\"wp-block-heading\">Convite para transformar seu ambiente de descanso<\/h2>\n\n\n\n<p>Trazer <strong>plantas arom\u00e1ticas<\/strong> para dentro de casa \u00e9 uma forma simples e acess\u00edvel de cuidar melhor de si mesmo, criando um ref\u00fagio de calma no meio da rotina corrida. Com pequenos ajustes de posi\u00e7\u00e3o, escolha de esp\u00e9cies e aten\u00e7\u00e3o ao clima, qualquer cantinho pode ganhar mais aconchego, beleza e aquele perfume que faz voc\u00ea respirar fundo e relaxar.<\/p>\n\n\n\n<p>Se voc\u00ea quer dar o pr\u00f3ximo passo, comece escolhendo uma esp\u00e9cie, como <strong>Lavanda<\/strong> ou hortel\u00e3, e teste em um \u00fanico ambiente de descanso. Observe como seu corpo e sua mente reagem e, aos poucos, v\u00e1 ampliando sua cole\u00e7\u00e3o de plantas, transformando sua casa em um espa\u00e7o cada vez mais acolhedor e cheio de bem-estar natural.<\/p>\n","protected":false},"excerpt":{"rendered":"<p>Depois de um dia cheio, nada melhor do que chegar em casa e sentir um aroma suave tomando conta do ambiente, como se o espa\u00e7o inteiro estivesse convidando voc\u00ea a desacelerar. As plantas arom\u00e1ticas podem transformar esses cantinhos de pausa em lugares mais tranquilos e acolhedores, com o perfume liberado por folhas, flores e \u00f3leos [&hellip;]<\/p>\n","protected":false},"author":9,"featured_media":182727,"comment_status":"open","ping_status":"open","sticky":false,"template":"","format":"standard","meta":{"_yoast_wpseo_focuskw":"plantas arom\u00e1tica","_yoast_wpseo_title":"","_yoast_wpseo_metadesc":"Plantas arom\u00e1ticas transformam \u00e1reas de descanso com perfumes suaves, criando um ambiente acolhedor com cuidados simples e luz indireta.","jnews-multi-image_gallery":[],"jnews_single_post":{"format":"standard"},"jnews_primary_category":[],"jnews_social_meta":[],"jnews_override_counter":[],"footnotes":""},"categories":[136],"tags":[14467,3013,3390],"class_list":["post-182423","post","type-post","status-publish","format-standard","has-post-thumbnail","hentry","category-jardinagem","tag-ambientes-de-descanso","tag-plantas-aromaticas","tag-plantas-decorativas"],"yoast_head":"<!-- This site is optimized with the Yoast SEO plugin v24.6 - https:\/\/yoast.com\/wordpress\/plugins\/seo\/ -->\n<title>As plantas arom\u00e1ticas que deixam qualquer cantinho mais calmo e acolhedor - Correio Braziliense - Radar<\/title>\n<meta name=\"description\" content=\"Plantas arom\u00e1ticas transformam \u00e1reas de descanso com perfumes suaves, criando um ambiente acolhedor com cuidados simples e luz indireta.\" \/>\n<meta name=\"robots\" content=\"index, follow, max-snippet:-1, max-image-preview:large, max-video-preview:-1\" \/>\n<link rel=\"canonical\" href=\"https:\/\/www.correiobraziliense.com.br\/cbradar\/as-plantas-aromaticas-que-deixam-qualquer-cantinho-mais-calmo-e-acolhedor\/\" \/>\n<meta property=\"og:locale\" content=\"pt_BR\" \/>\n<meta property=\"og:type\" content=\"article\" \/>\n<meta property=\"og:title\" content=\"As plantas arom\u00e1ticas que deixam qualquer cantinho mais calmo e acolhedor - Correio Braziliense - Radar\" \/>\n<meta property=\"og:description\" content=\"Plantas arom\u00e1ticas transformam \u00e1reas de descanso com perfumes suaves, criando um ambiente acolhedor com cuidados simples e luz indireta.\" \/>\n<meta property=\"og:url\" content=\"https:\/\/www.correiobraziliense.com.br\/cbradar\/as-plantas-aromaticas-que-deixam-qualquer-cantinho-mais-calmo-e-acolhedor\/\" \/>\n<meta property=\"og:site_name\" content=\"Correio Braziliense - Radar\" \/>\n<meta property=\"article:published_time\" content=\"2026-01-28T12:25:50+00:00\" \/>\n<meta property=\"og:image\" content=\"https:\/\/www.correiobraziliense.com.br\/cbradar\/wp-content\/uploads\/2026\/01\/19.jpg\" \/>\n\t<meta property=\"og:image:width\" content=\"1280\" \/>\n\t<meta property=\"og:image:height\" content=\"720\" \/>\n\t<meta property=\"og:image:type\" content=\"image\/jpeg\" \/>\n<meta name=\"author\" content=\"Daniely Cardoso\" \/>\n<meta name=\"twitter:card\" content=\"summary_large_image\" \/>\n<meta name=\"twitter:label1\" content=\"Escrito por\" \/>\n\t<meta name=\"twitter:data1\" content=\"Daniely Cardoso\" \/>\n\t<meta name=\"twitter:label2\" content=\"Est. tempo de leitura\" \/>\n\t<meta name=\"twitter:data2\" content=\"6 minutos\" \/>\n<!-- \/ Yoast SEO plugin. -->","yoast_head_json":{"title":"As plantas arom\u00e1ticas que deixam qualquer cantinho mais calmo e acolhedor - Correio Braziliense - Radar","description":"Plantas arom\u00e1ticas transformam \u00e1reas de descanso com perfumes suaves, criando um ambiente acolhedor com cuidados simples e luz indireta.","robots":{"index":"index","follow":"follow","max-snippet":"max-snippet:-1","max-image-preview":"max-image-preview:large","max-video-preview":"max-video-preview:-1"},"canonical":"https:\/\/www.correiobraziliense.com.br\/cbradar\/as-plantas-aromaticas-que-deixam-qualquer-cantinho-mais-calmo-e-acolhedor\/","og_locale":"pt_BR","og_type":"article","og_title":"As plantas arom\u00e1ticas que deixam qualquer cantinho mais calmo e acolhedor - Correio Braziliense - Radar","og_description":"Plantas arom\u00e1ticas transformam \u00e1reas de descanso com perfumes suaves, criando um ambiente acolhedor com cuidados simples e luz indireta.","og_url":"https:\/\/www.correiobraziliense.com.br\/cbradar\/as-plantas-aromaticas-que-deixam-qualquer-cantinho-mais-calmo-e-acolhedor\/","og_site_name":"Correio Braziliense - Radar","article_published_time":"2026-01-28T12:25:50+00:00","og_image":[{"width":1280,"height":720,"url":"https:\/\/www.correiobraziliense.com.br\/cbradar\/wp-content\/uploads\/2026\/01\/19.jpg","type":"image\/jpeg"}],"author":"Daniely Cardoso","twitter_card":"summary_large_image","twitter_misc":{"Escrito por":"Daniely Cardoso","Est. tempo de leitura":"6 minutos"},"schema":{"@context":"https:\/\/schema.org","@graph":[{"@type":"WebPage","@id":"https:\/\/www.correiobraziliense.com.br\/cbradar\/as-plantas-aromaticas-que-deixam-qualquer-cantinho-mais-calmo-e-acolhedor\/","url":"https:\/\/www.correiobraziliense.com.br\/cbradar\/as-plantas-aromaticas-que-deixam-qualquer-cantinho-mais-calmo-e-acolhedor\/","name":"As plantas arom\u00e1ticas que deixam qualquer cantinho mais calmo e acolhedor - Correio Braziliense - Radar","isPartOf":{"@id":"https:\/\/www.correiobraziliense.com.br\/cbradar\/#website"},"primaryImageOfPage":{"@id":"https:\/\/www.correiobraziliense.com.br\/cbradar\/as-plantas-aromaticas-que-deixam-qualquer-cantinho-mais-calmo-e-acolhedor\/#primaryimage"},"image":{"@id":"https:\/\/www.correiobraziliense.com.br\/cbradar\/as-plantas-aromaticas-que-deixam-qualquer-cantinho-mais-calmo-e-acolhedor\/#primaryimage"},"thumbnailUrl":"https:\/\/www.correiobraziliense.com.br\/cbradar\/wp-content\/uploads\/2026\/01\/19.jpg","datePublished":"2026-01-28T12:25:50+00:00","author":{"@id":"https:\/\/www.correiobraziliense.com.br\/cbradar\/#\/schema\/person\/7356666e12ec0ee53f348ee5db227032"},"description":"Plantas arom\u00e1ticas transformam \u00e1reas de descanso com perfumes suaves, criando um ambiente acolhedor com cuidados simples e luz indireta.","breadcrumb":{"@id":"https:\/\/www.correiobraziliense.com.br\/cbradar\/as-plantas-aromaticas-que-deixam-qualquer-cantinho-mais-calmo-e-acolhedor\/#breadcrumb"},"inLanguage":"pt-BR","potentialAction":[{"@type":"ReadAction","target":["https:\/\/www.correiobraziliense.com.br\/cbradar\/as-plantas-aromaticas-que-deixam-qualquer-cantinho-mais-calmo-e-acolhedor\/"]}]},{"@type":"ImageObject","inLanguage":"pt-BR","@id":"https:\/\/www.correiobraziliense.com.br\/cbradar\/as-plantas-aromaticas-que-deixam-qualquer-cantinho-mais-calmo-e-acolhedor\/#primaryimage","url":"https:\/\/www.correiobraziliense.com.br\/cbradar\/wp-content\/uploads\/2026\/01\/19.jpg","contentUrl":"https:\/\/www.correiobraziliense.com.br\/cbradar\/wp-content\/uploads\/2026\/01\/19.jpg","width":1280,"height":720,"caption":"Libera\u00e7\u00e3o natural de aromas suaves que ajudam a reduzir a sensa\u00e7\u00e3o de estresse"},{"@type":"BreadcrumbList","@id":"https:\/\/www.correiobraziliense.com.br\/cbradar\/as-plantas-aromaticas-que-deixam-qualquer-cantinho-mais-calmo-e-acolhedor\/#breadcrumb","itemListElement":[{"@type":"ListItem","position":1,"name":"In\u00edcio","item":"https:\/\/www.correiobraziliense.com.br\/cbradar\/"},{"@type":"ListItem","position":2,"name":"As plantas arom\u00e1ticas que deixam qualquer cantinho mais calmo e acolhedor"}]},{"@type":"WebSite","@id":"https:\/\/www.correiobraziliense.com.br\/cbradar\/#website","url":"https:\/\/www.correiobraziliense.com.br\/cbradar\/","name":"Correio Braziliense - Radar","description":"Acompanhe as \u00faltimas not\u00edcias e fique bem informado sobre tudo o que acontece no Brasil e no mundo.","potentialAction":[{"@type":"SearchAction","target":{"@type":"EntryPoint","urlTemplate":"https:\/\/www.correiobraziliense.com.br\/cbradar\/?s={search_term_string}"},"query-input":{"@type":"PropertyValueSpecification","valueRequired":true,"valueName":"search_term_string"}}],"inLanguage":"pt-BR"},{"@type":"Person","@id":"https:\/\/www.correiobraziliense.com.br\/cbradar\/#\/schema\/person\/7356666e12ec0ee53f348ee5db227032","name":"Daniely Cardoso","image":{"@type":"ImageObject","inLanguage":"pt-BR","@id":"https:\/\/www.correiobraziliense.com.br\/cbradar\/#\/schema\/person\/image\/","url":"https:\/\/secure.gravatar.com\/avatar\/4b80ddbd124d1f071b626d52d62e5dff?s=96&d=mm&r=g","contentUrl":"https:\/\/secure.gravatar.com\/avatar\/4b80ddbd124d1f071b626d52d62e5dff?s=96&d=mm&r=g","caption":"Daniely Cardoso"},"description":"Redatora nos portais CB Radar e EM Foco, formada pela Universidade Federal de Goi\u00e1s, em Goi\u00e2nia. Apaixonada por comunica\u00e7\u00e3o, arte, decora\u00e7\u00e3o e tend\u00eancias, atuo na produ\u00e7\u00e3o de conte\u00fados envolventes sobre curiosidades, moda, beleza e paisagismo, sempre com um olhar atento \u00e0s novidades do momento.","sameAs":["https:\/\/www.correiobraziliense.com.br\/cbradar"],"url":"https:\/\/www.correiobraziliense.com.br\/cbradar\/author\/danielymyth\/"}]}},"_links":{"self":[{"href":"https:\/\/www.correiobraziliense.com.br\/cbradar\/wp-json\/wp\/v2\/posts\/182423","targetHints":{"allow":["GET"]}}],"collection":[{"href":"https:\/\/www.correiobraziliense.com.br\/cbradar\/wp-json\/wp\/v2\/posts"}],"about":[{"href":"https:\/\/www.correiobraziliense.com.br\/cbradar\/wp-json\/wp\/v2\/types\/post"}],"author":[{"embeddable":true,"href":"https:\/\/www.correiobraziliense.com.br\/cbradar\/wp-json\/wp\/v2\/users\/9"}],"replies":[{"embeddable":true,"href":"https:\/\/www.correiobraziliense.com.br\/cbradar\/wp-json\/wp\/v2\/comments?post=182423"}],"version-history":[{"count":2,"href":"https:\/\/www.correiobraziliense.com.br\/cbradar\/wp-json\/wp\/v2\/posts\/182423\/revisions"}],"predecessor-version":[{"id":182435,"href":"https:\/\/www.correiobraziliense.com.br\/cbradar\/wp-json\/wp\/v2\/posts\/182423\/revisions\/182435"}],"wp:featuredmedia":[{"embeddable":true,"href":"https:\/\/www.correiobraziliense.com.br\/cbradar\/wp-json\/wp\/v2\/media\/182727"}],"wp:attachment":[{"href":"https:\/\/www.correiobraziliense.com.br\/cbradar\/wp-json\/wp\/v2\/media?parent=182423"}],"wp:term":[{"taxonomy":"category","embeddable":true,"href":"https:\/\/www.correiobraziliense.com.br\/cbradar\/wp-json\/wp\/v2\/categories?post=182423"},{"taxonomy":"post_tag","embeddable":true,"href":"https:\/\/www.correiobraziliense.com.br\/cbradar\/wp-json\/wp\/v2\/tags?post=182423"}],"curies":[{"name":"wp","href":"https:\/\/api.w.org\/{rel}","templated":true}]}}