{"id":182424,"date":"2026-01-28T10:05:55","date_gmt":"2026-01-28T13:05:55","guid":{"rendered":"https:\/\/www.correiobraziliense.com.br\/cbradar\/?p=182424"},"modified":"2026-01-27T14:22:13","modified_gmt":"2026-01-27T17:22:13","slug":"as-plantas-que-deixam-a-sala-mais-aconchegante-e-transformam-o-clima-do-ambiente","status":"publish","type":"post","link":"https:\/\/www.correiobraziliense.com.br\/cbradar\/as-plantas-que-deixam-a-sala-mais-aconchegante-e-transformam-o-clima-do-ambiente\/","title":{"rendered":"As plantas que deixam a sala mais aconchegante e transformam o clima do ambiente"},"content":{"rendered":"\n<p>Voc\u00ea j\u00e1 reparou como uma simples planta na sala pode mudar totalmente o clima da casa? Um canto antes sem gra\u00e7a ganha vida, o ar parece mais leve e a sensa\u00e7\u00e3o de acolhimento aumenta. N\u00e3o \u00e9 \u00e0 toa que cada vez mais pessoas est\u00e3o trazendo o verde para perto do sof\u00e1, da TV e at\u00e9 da mesa de centro, transformando a sala em um ambiente mais bonito e com mais bem-estar no dia a dia.<\/p>\n\n\n\n<h2 class=\"wp-block-heading\">Quais s\u00e3o as plantas ideais para sala de estar<\/h2>\n\n\n\n<p>As <strong>plantas ideais<\/strong> para sala de estar, est\u00e3o ligadas a esp\u00e9cies resistentes, vers\u00e1teis e que se d\u00e3o bem em ambientes internos. Em geral, s\u00e3o plantas que toleram luz indireta, pequenas varia\u00e7\u00f5es de temperatura e regas controladas, sem exigir cuidados complicados do morador.<\/p>\n\n\n\n<p>Entre as mais conhecidas est\u00e3o <strong>samambaias<\/strong>, zamioculca, espada-de-s\u00e3o-jorge, jiboia, l\u00edrio-da-paz e suculentas. Elas se adaptam bem tanto a apartamentos pequenos quanto a casas t\u00e9rreas, deixando o espa\u00e7o mais aconchegante e com cara de lar sem precisar de um \u201cdedo verde\u201d profissional para cuidar.<\/p>\n\n\n<div class=\"wp-block-image\">\n<figure class=\"aligncenter size-large\"><img decoding=\"async\" width=\"1024\" height=\"576\" src=\"https:\/\/www.correiobraziliense.com.br\/cbradar\/wp-content\/uploads\/2025\/11\/Design-sem-nome-47-1024x576.png\" alt=\"\" class=\"wp-image-132574\" srcset=\"https:\/\/www.correiobraziliense.com.br\/cbradar\/wp-content\/uploads\/2025\/11\/Design-sem-nome-47-1024x576.png 1024w, https:\/\/www.correiobraziliense.com.br\/cbradar\/wp-content\/uploads\/2025\/11\/Design-sem-nome-47-300x169.png 300w, https:\/\/www.correiobraziliense.com.br\/cbradar\/wp-content\/uploads\/2025\/11\/Design-sem-nome-47-768x432.png 768w, https:\/\/www.correiobraziliense.com.br\/cbradar\/wp-content\/uploads\/2025\/11\/Design-sem-nome-47-750x422.png 750w, https:\/\/www.correiobraziliense.com.br\/cbradar\/wp-content\/uploads\/2025\/11\/Design-sem-nome-47-1140x641.png 1140w, https:\/\/www.correiobraziliense.com.br\/cbradar\/wp-content\/uploads\/2025\/11\/Design-sem-nome-47.png 1280w\" sizes=\"(max-width: 1024px) 100vw, 1024px\" \/><figcaption class=\"wp-element-caption\">Plantar espada-de-s\u00e3o-Jorge em casa \u00e9 uma atividade simples e recomendada at\u00e9 para iniciantes<\/figcaption><\/figure><\/div>\n\n\n<p>Leia tamb\u00e9m:&nbsp;<a href=\"https:\/\/www.correiobraziliense.com.br\/cbradar\/como-cuidar-da-zamioculca-corretamente-e-manter-a-planta-sempre-bonita-e-saudavel\/\" target=\"_blank\" rel=\"noopener\">Como cuidar da Zamioculca corretamente e manter a planta sempre bonita e saud\u00e1vel?<\/a><\/p>\n\n\n\n<h2 class=\"wp-block-heading\">Como as esp\u00e9cies mais usadas se adaptam \u00e0 sala de estar<\/h2>\n\n\n\n<p>A <strong>zamioculca<\/strong> \u00e9 muito usada em salas com pouca luz natural, pois suporta ambientes mais sombreados e n\u00e3o precisa de regas frequentes. J\u00e1 a espada-de-s\u00e3o-jorge costuma ser escolhida para cantos, perto de portas ou janelas, por ser uma planta de porte vertical que ocupa pouco espa\u00e7o no ch\u00e3o.<\/p>\n\n\n\n<p>Samambaias, jiboias, l\u00edrio-da-paz e suculentas tamb\u00e9m t\u00eam fun\u00e7\u00f5es decorativas diferentes na sala. Enquanto a jiboia fica linda pendente em prateleiras e nichos, o l\u00edrio-da-paz traz um toque elegante com suas flores brancas, e as suculentas ficam perfeitas em mesas de centro, aparadores e racks, em vasos pequenos e charmosos.<\/p>\n\n\n\n<h2 class=\"wp-block-heading\">Quais plantas funcionam melhor em cada ponto da sala<\/h2>\n\n\n\n<p>Essas esp\u00e9cies se destacam porque se adaptam bem a diferentes cantos, m\u00f3veis e estilos de decora\u00e7\u00e3o na sala. Assim, \u00e9 poss\u00edvel criar composi\u00e7\u00f5es que combinem com o seu gosto pessoal e, ao mesmo tempo, respeitem o que cada planta precisa para crescer forte e bonita no dia a dia.<\/p>\n\n\n\n<div style=\"font-family: 'Segoe UI', Tahoma, Geneva, Verdana, sans-serif; max-width: 1000px; margin: 20px auto; border: 2px solid #722f37; border-radius: 30px; overflow: hidden; background-color: #ffffff; box-shadow: 0 4px 15px rgba(114, 47, 55, 0.1);\">\n    <table style=\"width: 100%; border-collapse: collapse; text-align: left; font-size: 14px;\">\n        <thead>\n            <tr style=\"background-color: #722f37;\">\n                <th style=\"padding: 15px; color: #ffffff; border-bottom: 2px solid #f9d8e6; width: 20%;\">Planta<\/th>\n                <th style=\"padding: 15px; color: #ffffff; border-bottom: 2px solid #f9d8e6; width: 20%;\">Luz<\/th>\n                <th style=\"padding: 15px; color: #ffffff; border-bottom: 2px solid #f9d8e6; width: 20%;\">Temperatura<\/th>\n                <th style=\"padding: 15px; color: #ffffff; border-bottom: 2px solid #f9d8e6; width: 15%;\">Umidade<\/th>\n                <th style=\"padding: 15px; color: #ffffff; border-bottom: 2px solid #f9d8e6; width: 25%;\">Observa\u00e7\u00e3o<\/th>\n            <\/tr>\n        <\/thead>\n        <tbody>\n            <tr>\n                <td style=\"padding: 12px 15px; border-bottom: 1px solid #ffe3ee; color: #4a4a4a; font-weight: bold;\">Samambaia<\/td>\n                <td style=\"padding: 12px 15px; border-bottom: 1px solid #ffe3ee; color: #4a4a4a;\">Indireta e filtrada<\/td>\n                <td style=\"padding: 12px 15px; border-bottom: 1px solid #ffe3ee; color: #4a4a4a;\">Amena, entre 18\u00b0C e 26\u00b0C<\/td>\n                <td style=\"padding: 12px 15px; border-bottom: 1px solid #ffe3ee; color: #4a4a4a;\">M\u00e9dia a alta<\/td>\n                <td style=\"padding: 12px 15px; border-bottom: 1px solid #ffe3ee; color: #4a4a4a;\">Evitar ar muito seco<\/td>\n            <\/tr>\n            <tr style=\"background-color: #fffafa;\">\n                <td style=\"padding: 12px 15px; border-bottom: 1px solid #ffe3ee; color: #4a4a4a; font-weight: bold;\">Zamioculca<\/td>\n                <td style=\"padding: 12px 15px; border-bottom: 1px solid #ffe3ee; color: #4a4a4a;\">Meia-sombra<\/td>\n                <td style=\"padding: 12px 15px; border-bottom: 1px solid #ffe3ee; color: #4a4a4a;\">18\u00b0C a 30\u00b0C<\/td>\n                <td style=\"padding: 12px 15px; border-bottom: 1px solid #ffe3ee; color: #4a4a4a;\">M\u00e9dia<\/td>\n                <td style=\"padding: 12px 15px; border-bottom: 1px solid #ffe3ee; color: #4a4a4a;\">Tolera ambientes com pouca luz, desde que n\u00e3o fique encharcada<\/td>\n            <\/tr>\n            <tr>\n                <td style=\"padding: 12px 15px; border-bottom: 1px solid #ffe3ee; color: #4a4a4a; font-weight: bold;\">Espada-de-s\u00e3o-jorge<\/td>\n                <td style=\"padding: 12px 15px; border-bottom: 1px solid #ffe3ee; color: #4a4a4a;\">Indireta ou sol fraco<\/td>\n                <td style=\"padding: 12px 15px; border-bottom: 1px solid #ffe3ee; color: #4a4a4a;\">Cerca de 15\u00b0C a 32\u00b0C<\/td>\n                <td style=\"padding: 12px 15px; border-bottom: 1px solid #ffe3ee; color: #4a4a4a;\">Baixa a m\u00e9dia<\/td>\n                <td style=\"padding: 12px 15px; border-bottom: 1px solid #ffe3ee; color: #4a4a4a;\">Esp\u00e9cie bastante resistente<\/td>\n            <\/tr>\n            <tr style=\"background-color: #fffafa;\">\n                <td style=\"padding: 12px 15px; border-bottom: 1px solid #ffe3ee; color: #4a4a4a; font-weight: bold;\">Jiboia<\/td>\n                <td style=\"padding: 12px 15px; border-bottom: 1px solid #ffe3ee; color: #4a4a4a;\">Indireta, sem sol direto forte<\/td>\n                <td style=\"padding: 12px 15px; border-bottom: 1px solid #ffe3ee; color: #4a4a4a;\">20\u00b0C a 28\u00b0C<\/td>\n                <td style=\"padding: 12px 15px; border-bottom: 1px solid #ffe3ee; color: #4a4a4a;\">M\u00e9dia<\/td>\n                <td style=\"padding: 12px 15px; border-bottom: 1px solid #ffe3ee; color: #4a4a4a;\">Pode ser conduzida como trepadeira ou planta pendente<\/td>\n            <\/tr>\n            <tr>\n                <td style=\"padding: 12px 15px; border-bottom: 1px solid #ffe3ee; color: #4a4a4a; font-weight: bold;\">L\u00edrio-da-paz<\/td>\n                <td style=\"padding: 12px 15px; border-bottom: 1px solid #ffe3ee; color: #4a4a4a;\">Meia-sombra, sem sol direto<\/td>\n                <td style=\"padding: 12px 15px; border-bottom: 1px solid #ffe3ee; color: #4a4a4a;\">18\u00b0C a 26\u00b0C<\/td>\n                <td style=\"padding: 12px 15px; border-bottom: 1px solid #ffe3ee; color: #4a4a4a;\">M\u00e9dia a alta<\/td>\n                <td style=\"padding: 12px 15px; border-bottom: 1px solid #ffe3ee; color: #4a4a4a;\">Sens\u00edvel ao ressecamento do solo<\/td>\n            <\/tr>\n            <tr style=\"background-color: #fffafa;\">\n                <td style=\"padding: 12px 15px; color: #4a4a4a; font-weight: bold;\">Suculentas variadas<\/td>\n                <td style=\"padding: 12px 15px; color: #4a4a4a;\">Boa claridade, podendo receber sol suave<\/td>\n                <td style=\"padding: 12px 15px; color: #4a4a4a;\">18\u00b0C a 30\u00b0C<\/td>\n                <td style=\"padding: 12px 15px; color: #4a4a4a;\">Baixa<\/td>\n                <td style=\"padding: 12px 15px; color: #4a4a4a;\">Rega espa\u00e7ada e solo bem drenado<\/td>\n            <\/tr>\n        <\/tbody>\n    <\/table>\n<\/div>\n\n\n\n<h2 class=\"wp-block-heading\">Qual \u00e9 o clima ideal para cultivar plantas na sala de estar<\/h2>\n\n\n\n<p>Para que as <strong>plantas ideais<\/strong> para sala de estar cres\u00e7am saud\u00e1veis, o clima interno da casa precisa ser minimamente agrad\u00e1vel. Temperaturas muito extremas costumam incomodar tanto as pessoas quanto as plantas, ent\u00e3o o ideal \u00e9 manter o ambiente ameno, sem calor exagerado e sem frio intenso direto sobre as folhas.<\/p>\n\n\n\n<p>Tamb\u00e9m \u00e9 importante observar a umidade do ar, principalmente em cidades grandes e per\u00edodos mais secos. Algumas esp\u00e9cies, como samambaias e <strong>l\u00edrio-da-paz<\/strong>, apreciam um pouco mais de umidade e podem se beneficiar de borrifadas de \u00e1gua ou de um pratinho com pedrinhas \u00famidas pr\u00f3ximo ao vaso, sempre sem encharcar a raiz.<\/p>\n\n\n\n<h2 class=\"wp-block-heading\">Como equilibrar luz, sombra e conforto das plantas<\/h2>\n\n\n\n<p>De forma geral, a maior parte das <strong>plantas<\/strong> para sala prefere luz indireta ou filtrada, recebendo claridade sem sol direto forte por muitas horas. A luz da janela \u00e9 bem-vinda, mas quando entra em excesso pode queimar folhas mais delicadas e deixar o visual da planta comprometido.<\/p>\n\n\n\n<figure class=\"wp-block-embed is-type-rich is-provider-pinterest wp-block-embed-pinterest\"><div class=\"wp-block-embed__wrapper\">\n<iframe loading=\"lazy\" title=\"7 ideias para deixar sua sala de estar mais aconchegante\" src=\"https:\/\/assets.pinterest.com\/ext\/embed.html?id=281543725431879&#038;src=oembed\" height=\"774\" width=\"450\" frameborder=\"0\" scrolling=\"no\" ><\/iframe>\n<\/div><\/figure>\n\n\n\n<p>Cortinas leves, persianas ou posicionar o vaso um pouco mais distante da janela ajudam a equilibrar essa rela\u00e7\u00e3o entre luz e sombra. Assim, o ambiente continua iluminado, mas as plantas ficam protegidas e conseguem se adaptar melhor \u00e0 rotina da casa, mesmo com mudan\u00e7as de esta\u00e7\u00e3o.<\/p>\n\n\n\n<h2 class=\"wp-block-heading\">Como usar a luz natural para posicionar cada planta<\/h2>\n\n\n\n<p>Para facilitar a escolha das esp\u00e9cies e evitar frustra\u00e7\u00f5es, muitas pessoas organizam as plantas de acordo com a quantidade de luz dispon\u00edvel em cada ponto da sala. Esse olhar atento ao dia a dia, observando onde bate mais sol e onde o ambiente \u00e9 mais escuro, ajuda a posicionar melhor cada vaso. Se voc\u00ea gosta de plantas, separamos esse v\u00eddeo do canal <a href=\"https:\/\/www.youtube.com\/@meuquintal5129\" target=\"_blank\" rel=\"noreferrer noopener\">Meu Quintal<\/a> mostrando mais op\u00e7\u00f5es para voc\u00ea colocar na sua sala<\/p>\n\n\n\n<figure class=\"wp-block-embed is-type-video is-provider-youtube wp-block-embed-youtube wp-embed-aspect-16-9 wp-has-aspect-ratio\"><div class=\"wp-block-embed__wrapper\">\n<div class=\"jeg_video_container jeg_video_content\"><iframe loading=\"lazy\" title=\"25 PLANTAS PARA DENTRO DE CASA! DECORE SUA SALA COM PLANTAS! FOLHAGENS DE MEIA SOMBRA!\" width=\"500\" height=\"281\" src=\"https:\/\/www.youtube.com\/embed\/2g2TgNrbjj8?feature=oembed\" frameborder=\"0\" allow=\"accelerometer; autoplay; clipboard-write; encrypted-media; gyroscope; picture-in-picture; web-share\" referrerpolicy=\"strict-origin-when-cross-origin\" allowfullscreen><\/iframe><\/div>\n<\/div><\/figure>\n\n\n\n<p>Perto da janela, costumam ficar as plantas que gostam de mais claridade; em estantes internas, as que aceitam meia-sombra; e nos cantos mais escuros, esp\u00e9cies r\u00fasticas e resistentes. Com isso, a decora\u00e7\u00e3o fica bonita e, ao mesmo tempo, respeita o conforto de cada <strong>planta<\/strong>.<\/p>\n\n\n\n<h2 class=\"wp-block-heading\">Pr\u00f3ximo passo para transformar sua sala com plantas<\/h2>\n\n\n\n<p>Com essas informa\u00e7\u00f5es, escolher as <strong>plantas ideais<\/strong> para sala de estar fica muito mais simples e leve, sem mist\u00e9rio. Ao observar luz, temperatura e umidade, voc\u00ea aumenta as chances de ver suas plantas durarem por muito tempo e a sala ganhar um charme que nenhum outro objeto decorativo traz.<\/p>\n\n\n\n<p>Agora que voc\u00ea j\u00e1 sabe por onde come\u00e7ar, que tal olhar para a sua sala e imaginar onde entrariam uma <strong>zamioculca<\/strong>, uma jiboia ou um l\u00edrio-da-paz? D\u00ea o primeiro passo escolhendo uma ou duas esp\u00e9cies e v\u00e1 testando aos poucos: assim, sua casa vai ficando mais verde, acolhedora e cheia de vida dia ap\u00f3s dia.<\/p>\n","protected":false},"excerpt":{"rendered":"<p>Voc\u00ea j\u00e1 reparou como uma simples planta na sala pode mudar totalmente o clima da casa? Um canto antes sem gra\u00e7a ganha vida, o ar parece mais leve e a sensa\u00e7\u00e3o de acolhimento aumenta. N\u00e3o \u00e9 \u00e0 toa que cada vez mais pessoas est\u00e3o trazendo o verde para perto do sof\u00e1, da TV e at\u00e9 [&hellip;]<\/p>\n","protected":false},"author":9,"featured_media":182709,"comment_status":"open","ping_status":"open","sticky":false,"template":"","format":"standard","meta":{"_yoast_wpseo_focuskw":"plantas para sala de estar","_yoast_wpseo_title":"","_yoast_wpseo_metadesc":"Plantas resistentes e f\u00e1ceis deixam a sala mais acolhedora, com luz indireta, clima ameno e cuidados simples no dia a dia.","jnews-multi-image_gallery":[],"jnews_single_post":{"format":"standard"},"jnews_primary_category":[],"jnews_social_meta":[],"jnews_override_counter":[],"footnotes":""},"categories":[136],"tags":[3390,14468,9248],"class_list":["post-182424","post","type-post","status-publish","format-standard","has-post-thumbnail","hentry","category-jardinagem","tag-plantas-decorativas","tag-plantas-ideais-para-sala-de-estar","tag-tipos-de-plantas"],"yoast_head":"<!-- This site is optimized with the Yoast SEO plugin v24.6 - https:\/\/yoast.com\/wordpress\/plugins\/seo\/ -->\n<title>As plantas que deixam a sala mais aconchegante e transformam o clima do ambiente - Correio Braziliense - Radar<\/title>\n<meta name=\"description\" content=\"Plantas resistentes e f\u00e1ceis deixam a sala mais acolhedora, com luz indireta, clima ameno e cuidados simples no dia a dia.\" \/>\n<meta name=\"robots\" content=\"index, follow, max-snippet:-1, max-image-preview:large, max-video-preview:-1\" \/>\n<link rel=\"canonical\" href=\"https:\/\/www.correiobraziliense.com.br\/cbradar\/as-plantas-que-deixam-a-sala-mais-aconchegante-e-transformam-o-clima-do-ambiente\/\" \/>\n<meta property=\"og:locale\" content=\"pt_BR\" \/>\n<meta property=\"og:type\" content=\"article\" \/>\n<meta property=\"og:title\" content=\"As plantas que deixam a sala mais aconchegante e transformam o clima do ambiente - Correio Braziliense - Radar\" \/>\n<meta property=\"og:description\" content=\"Plantas resistentes e f\u00e1ceis deixam a sala mais acolhedora, com luz indireta, clima ameno e cuidados simples no dia a dia.\" \/>\n<meta property=\"og:url\" content=\"https:\/\/www.correiobraziliense.com.br\/cbradar\/as-plantas-que-deixam-a-sala-mais-aconchegante-e-transformam-o-clima-do-ambiente\/\" \/>\n<meta property=\"og:site_name\" content=\"Correio Braziliense - Radar\" \/>\n<meta property=\"article:published_time\" content=\"2026-01-28T13:05:55+00:00\" \/>\n<meta property=\"og:image\" content=\"https:\/\/www.correiobraziliense.com.br\/cbradar\/wp-content\/uploads\/2026\/01\/1.jpg\" \/>\n\t<meta property=\"og:image:width\" content=\"1280\" \/>\n\t<meta property=\"og:image:height\" content=\"720\" \/>\n\t<meta property=\"og:image:type\" content=\"image\/jpeg\" \/>\n<meta name=\"author\" content=\"Daniely Cardoso\" \/>\n<meta name=\"twitter:card\" content=\"summary_large_image\" \/>\n<meta name=\"twitter:label1\" content=\"Escrito por\" \/>\n\t<meta name=\"twitter:data1\" content=\"Daniely Cardoso\" \/>\n\t<meta name=\"twitter:label2\" content=\"Est. tempo de leitura\" \/>\n\t<meta name=\"twitter:data2\" content=\"6 minutos\" \/>\n<!-- \/ Yoast SEO plugin. -->","yoast_head_json":{"title":"As plantas que deixam a sala mais aconchegante e transformam o clima do ambiente - Correio Braziliense - Radar","description":"Plantas resistentes e f\u00e1ceis deixam a sala mais acolhedora, com luz indireta, clima ameno e cuidados simples no dia a dia.","robots":{"index":"index","follow":"follow","max-snippet":"max-snippet:-1","max-image-preview":"max-image-preview:large","max-video-preview":"max-video-preview:-1"},"canonical":"https:\/\/www.correiobraziliense.com.br\/cbradar\/as-plantas-que-deixam-a-sala-mais-aconchegante-e-transformam-o-clima-do-ambiente\/","og_locale":"pt_BR","og_type":"article","og_title":"As plantas que deixam a sala mais aconchegante e transformam o clima do ambiente - Correio Braziliense - Radar","og_description":"Plantas resistentes e f\u00e1ceis deixam a sala mais acolhedora, com luz indireta, clima ameno e cuidados simples no dia a dia.","og_url":"https:\/\/www.correiobraziliense.com.br\/cbradar\/as-plantas-que-deixam-a-sala-mais-aconchegante-e-transformam-o-clima-do-ambiente\/","og_site_name":"Correio Braziliense - Radar","article_published_time":"2026-01-28T13:05:55+00:00","og_image":[{"width":1280,"height":720,"url":"https:\/\/www.correiobraziliense.com.br\/cbradar\/wp-content\/uploads\/2026\/01\/1.jpg","type":"image\/jpeg"}],"author":"Daniely Cardoso","twitter_card":"summary_large_image","twitter_misc":{"Escrito por":"Daniely Cardoso","Est. tempo de leitura":"6 minutos"},"schema":{"@context":"https:\/\/schema.org","@graph":[{"@type":"WebPage","@id":"https:\/\/www.correiobraziliense.com.br\/cbradar\/as-plantas-que-deixam-a-sala-mais-aconchegante-e-transformam-o-clima-do-ambiente\/","url":"https:\/\/www.correiobraziliense.com.br\/cbradar\/as-plantas-que-deixam-a-sala-mais-aconchegante-e-transformam-o-clima-do-ambiente\/","name":"As plantas que deixam a sala mais aconchegante e transformam o clima do ambiente - Correio Braziliense - Radar","isPartOf":{"@id":"https:\/\/www.correiobraziliense.com.br\/cbradar\/#website"},"primaryImageOfPage":{"@id":"https:\/\/www.correiobraziliense.com.br\/cbradar\/as-plantas-que-deixam-a-sala-mais-aconchegante-e-transformam-o-clima-do-ambiente\/#primaryimage"},"image":{"@id":"https:\/\/www.correiobraziliense.com.br\/cbradar\/as-plantas-que-deixam-a-sala-mais-aconchegante-e-transformam-o-clima-do-ambiente\/#primaryimage"},"thumbnailUrl":"https:\/\/www.correiobraziliense.com.br\/cbradar\/wp-content\/uploads\/2026\/01\/1.jpg","datePublished":"2026-01-28T13:05:55+00:00","author":{"@id":"https:\/\/www.correiobraziliense.com.br\/cbradar\/#\/schema\/person\/7356666e12ec0ee53f348ee5db227032"},"description":"Plantas resistentes e f\u00e1ceis deixam a sala mais acolhedora, com luz indireta, clima ameno e cuidados simples no dia a dia.","breadcrumb":{"@id":"https:\/\/www.correiobraziliense.com.br\/cbradar\/as-plantas-que-deixam-a-sala-mais-aconchegante-e-transformam-o-clima-do-ambiente\/#breadcrumb"},"inLanguage":"pt-BR","potentialAction":[{"@type":"ReadAction","target":["https:\/\/www.correiobraziliense.com.br\/cbradar\/as-plantas-que-deixam-a-sala-mais-aconchegante-e-transformam-o-clima-do-ambiente\/"]}]},{"@type":"ImageObject","inLanguage":"pt-BR","@id":"https:\/\/www.correiobraziliense.com.br\/cbradar\/as-plantas-que-deixam-a-sala-mais-aconchegante-e-transformam-o-clima-do-ambiente\/#primaryimage","url":"https:\/\/www.correiobraziliense.com.br\/cbradar\/wp-content\/uploads\/2026\/01\/1.jpg","contentUrl":"https:\/\/www.correiobraziliense.com.br\/cbradar\/wp-content\/uploads\/2026\/01\/1.jpg","width":1280,"height":720,"caption":"Plantas na sala contribuem para a sensa\u00e7\u00e3o de conforto e acolhimento no ambiente"},{"@type":"BreadcrumbList","@id":"https:\/\/www.correiobraziliense.com.br\/cbradar\/as-plantas-que-deixam-a-sala-mais-aconchegante-e-transformam-o-clima-do-ambiente\/#breadcrumb","itemListElement":[{"@type":"ListItem","position":1,"name":"In\u00edcio","item":"https:\/\/www.correiobraziliense.com.br\/cbradar\/"},{"@type":"ListItem","position":2,"name":"As plantas que deixam a sala mais aconchegante e transformam o clima do ambiente"}]},{"@type":"WebSite","@id":"https:\/\/www.correiobraziliense.com.br\/cbradar\/#website","url":"https:\/\/www.correiobraziliense.com.br\/cbradar\/","name":"Correio Braziliense - Radar","description":"Acompanhe as \u00faltimas not\u00edcias e fique bem informado sobre tudo o que acontece no Brasil e no mundo.","potentialAction":[{"@type":"SearchAction","target":{"@type":"EntryPoint","urlTemplate":"https:\/\/www.correiobraziliense.com.br\/cbradar\/?s={search_term_string}"},"query-input":{"@type":"PropertyValueSpecification","valueRequired":true,"valueName":"search_term_string"}}],"inLanguage":"pt-BR"},{"@type":"Person","@id":"https:\/\/www.correiobraziliense.com.br\/cbradar\/#\/schema\/person\/7356666e12ec0ee53f348ee5db227032","name":"Daniely Cardoso","image":{"@type":"ImageObject","inLanguage":"pt-BR","@id":"https:\/\/www.correiobraziliense.com.br\/cbradar\/#\/schema\/person\/image\/","url":"https:\/\/secure.gravatar.com\/avatar\/4b80ddbd124d1f071b626d52d62e5dff?s=96&d=mm&r=g","contentUrl":"https:\/\/secure.gravatar.com\/avatar\/4b80ddbd124d1f071b626d52d62e5dff?s=96&d=mm&r=g","caption":"Daniely Cardoso"},"description":"Redatora nos portais CB Radar e EM Foco, formada pela Universidade Federal de Goi\u00e1s, em Goi\u00e2nia. Apaixonada por comunica\u00e7\u00e3o, arte, decora\u00e7\u00e3o e tend\u00eancias, atuo na produ\u00e7\u00e3o de conte\u00fados envolventes sobre curiosidades, moda, beleza e paisagismo, sempre com um olhar atento \u00e0s novidades do momento.","sameAs":["https:\/\/www.correiobraziliense.com.br\/cbradar"],"url":"https:\/\/www.correiobraziliense.com.br\/cbradar\/author\/danielymyth\/"}]}},"_links":{"self":[{"href":"https:\/\/www.correiobraziliense.com.br\/cbradar\/wp-json\/wp\/v2\/posts\/182424","targetHints":{"allow":["GET"]}}],"collection":[{"href":"https:\/\/www.correiobraziliense.com.br\/cbradar\/wp-json\/wp\/v2\/posts"}],"about":[{"href":"https:\/\/www.correiobraziliense.com.br\/cbradar\/wp-json\/wp\/v2\/types\/post"}],"author":[{"embeddable":true,"href":"https:\/\/www.correiobraziliense.com.br\/cbradar\/wp-json\/wp\/v2\/users\/9"}],"replies":[{"embeddable":true,"href":"https:\/\/www.correiobraziliense.com.br\/cbradar\/wp-json\/wp\/v2\/comments?post=182424"}],"version-history":[{"count":3,"href":"https:\/\/www.correiobraziliense.com.br\/cbradar\/wp-json\/wp\/v2\/posts\/182424\/revisions"}],"predecessor-version":[{"id":182777,"href":"https:\/\/www.correiobraziliense.com.br\/cbradar\/wp-json\/wp\/v2\/posts\/182424\/revisions\/182777"}],"wp:featuredmedia":[{"embeddable":true,"href":"https:\/\/www.correiobraziliense.com.br\/cbradar\/wp-json\/wp\/v2\/media\/182709"}],"wp:attachment":[{"href":"https:\/\/www.correiobraziliense.com.br\/cbradar\/wp-json\/wp\/v2\/media?parent=182424"}],"wp:term":[{"taxonomy":"category","embeddable":true,"href":"https:\/\/www.correiobraziliense.com.br\/cbradar\/wp-json\/wp\/v2\/categories?post=182424"},{"taxonomy":"post_tag","embeddable":true,"href":"https:\/\/www.correiobraziliense.com.br\/cbradar\/wp-json\/wp\/v2\/tags?post=182424"}],"curies":[{"name":"wp","href":"https:\/\/api.w.org\/{rel}","templated":true}]}}