{"id":182425,"date":"2026-01-28T12:55:02","date_gmt":"2026-01-28T15:55:02","guid":{"rendered":"https:\/\/www.correiobraziliense.com.br\/cbradar\/?p=182425"},"modified":"2026-01-27T11:14:06","modified_gmt":"2026-01-27T14:14:06","slug":"as-plantas-ideais-para-quem-quer-um-corredor-bonito-sem-precisar-de-muita-manutencao","status":"publish","type":"post","link":"https:\/\/www.correiobraziliense.com.br\/cbradar\/as-plantas-ideais-para-quem-quer-um-corredor-bonito-sem-precisar-de-muita-manutencao\/","title":{"rendered":"As plantas ideais para quem quer um corredor bonito sem precisar de muita manuten\u00e7\u00e3o"},"content":{"rendered":"\n<p>Voc\u00ea j\u00e1 olhou para um corredor escuro da casa e pensou que ele nunca poderia ficar bonito? Esses espa\u00e7os de passagem costumam ser esquecidos, mas com as <strong>plantas certas<\/strong> e alguns cuidados simples \u00e9 poss\u00edvel transformar um hall sem gra\u00e7a em um cantinho mais <b>acolhedor<\/b>, mesmo com pouca luz natural e uma rotina corrida.<\/p>\n\n\n\n<h2 class=\"wp-block-heading\">Quais plantas se adaptam melhor a corredores e halls com pouca luz<\/h2>\n\n\n\n<p>Ambientes como corredores e halls costumam receber pouca luz natural, o que gera d\u00favidas sobre quais <strong>plantas<\/strong> podem se desenvolver bem nesses espa\u00e7os. Mesmo com essa limita\u00e7\u00e3o, existem esp\u00e9cies mais resistentes, adaptadas \u00e0 meia-sombra ou \u00e0 sombra, que conseguem manter folhas vi\u00e7osas e deixar a \u00e1rea de circula\u00e7\u00e3o mais <b>aconchegante<\/b>.<\/p>\n\n\n\n<p>Outro ponto importante \u00e9 entender que \u201cpouca luz\u201d n\u00e3o significa aus\u00eancia total de claridade. Em geral, essas plantas para locais sombreados precisam de alguma luminosidade indireta, mesmo que filtrada por janelas distantes ou portas de vidro, e podem contar com apoio de <strong>ilumina\u00e7\u00e3o artificial<\/strong> para se manter saud\u00e1veis no dia a dia.<\/p>\n\n\n<div class=\"wp-block-image\">\n<figure class=\"aligncenter size-large\"><img decoding=\"async\" width=\"1024\" height=\"576\" src=\"https:\/\/www.correiobraziliense.com.br\/cbradar\/wp-content\/uploads\/2026\/01\/Gemini_Generated_Image_4wsx8u4wsx8u4wsx-2-1024x576.png\" alt=\"\" class=\"wp-image-182439\" srcset=\"https:\/\/www.correiobraziliense.com.br\/cbradar\/wp-content\/uploads\/2026\/01\/Gemini_Generated_Image_4wsx8u4wsx8u4wsx-2-1024x576.png 1024w, https:\/\/www.correiobraziliense.com.br\/cbradar\/wp-content\/uploads\/2026\/01\/Gemini_Generated_Image_4wsx8u4wsx8u4wsx-2-300x169.png 300w, https:\/\/www.correiobraziliense.com.br\/cbradar\/wp-content\/uploads\/2026\/01\/Gemini_Generated_Image_4wsx8u4wsx8u4wsx-2-768x432.png 768w, https:\/\/www.correiobraziliense.com.br\/cbradar\/wp-content\/uploads\/2026\/01\/Gemini_Generated_Image_4wsx8u4wsx8u4wsx-2-750x422.png 750w, https:\/\/www.correiobraziliense.com.br\/cbradar\/wp-content\/uploads\/2026\/01\/Gemini_Generated_Image_4wsx8u4wsx8u4wsx-2-1140x641.png 1140w, https:\/\/www.correiobraziliense.com.br\/cbradar\/wp-content\/uploads\/2026\/01\/Gemini_Generated_Image_4wsx8u4wsx8u4wsx-2.png 1280w\" sizes=\"(max-width: 1024px) 100vw, 1024px\" \/><figcaption class=\"wp-element-caption\">Evitar tanto o excesso de \u00e1gua quanto a exposi\u00e7\u00e3o direta a raios solares intensos, que podem queimar as folhas<\/figcaption><\/figure><\/div>\n\n\n<p>Leia tamb\u00e9m:&nbsp;<a href=\"https:\/\/www.correiobraziliense.com.br\/cbradar\/como-cuidar-da-zamioculca-corretamente-e-manter-a-planta-sempre-bonita-e-saudavel\/\" target=\"_blank\" rel=\"noopener\">Como cuidar da Zamioculca corretamente e manter a planta sempre bonita e saud\u00e1vel?<\/a><\/p>\n\n\n\n<h2 class=\"wp-block-heading\">Qual \u00e9 o clima ideal para cultivar plantas em corredores e halls internos<\/h2>\n\n\n\n<p>O clima ideal para <strong>plantas de sombra<\/strong> em corredores e halls com pouca luz costuma se aproximar das condi\u00e7\u00f5es de floresta \u00famida: temperaturas amenas, sem extremos, e certa umidade no ar. Dentro de casa, por\u00e9m, ar-condicionado, janelas fechadas e circula\u00e7\u00e3o de pessoas podem alterar bastante essa sensa\u00e7\u00e3o, deixando o ambiente mais seco do que parece.<\/p>\n\n\n\n<p>De forma geral, a maior parte das plantas de sombra prefere temperaturas entre 18 \u00b0C e 28 \u00b0C, sem ventos fortes ou correntes de ar constantes. Ambientes muito frios, com ar-condicionado direto nas folhas, podem provocar ressecamento, enquanto calor excessivo pr\u00f3ximo a portas envidra\u00e7adas pode favorecer <b>queimaduras<\/b> nas plantas mais sens\u00edveis.<\/p>\n\n\n\n<div style=\"font-family: 'Segoe UI', Tahoma, Geneva, Verdana, sans-serif; max-width: 1000px; margin: 20px auto; border: 2px solid #722f37; border-radius: 30px; overflow: hidden; background-color: #ffffff; box-shadow: 0 4px 15px rgba(114, 47, 55, 0.1);\">\n    <table style=\"width: 100%; border-collapse: collapse; text-align: left; font-size: 14px;\">\n        <thead>\n            <tr style=\"background-color: #722f37;\">\n                <th style=\"padding: 15px; color: #ffffff; border-bottom: 2px solid #f9d8e6; width: 25%;\">Planta<\/th>\n                <th style=\"padding: 15px; color: #ffffff; border-bottom: 2px solid #f9d8e6; width: 25%;\">Faixa de temperatura ideal<\/th>\n                <th style=\"padding: 15px; color: #ffffff; border-bottom: 2px solid #f9d8e6; width: 25%;\">Umidade do ar<\/th>\n                <th style=\"padding: 15px; color: #ffffff; border-bottom: 2px solid #f9d8e6; width: 25%;\">N\u00edvel de luz<\/th>\n            <\/tr>\n        <\/thead>\n        <tbody>\n            <tr>\n                <td style=\"padding: 12px 15px; border-bottom: 1px solid #ffe3ee; color: #4a4a4a; font-weight: bold;\">Zamioculca<\/td>\n                <td style=\"padding: 12px 15px; border-bottom: 1px solid #ffe3ee; color: #4a4a4a;\">18 \u00b0C a 30 \u00b0C<\/td>\n                <td style=\"padding: 12px 15px; border-bottom: 1px solid #ffe3ee; color: #4a4a4a;\">M\u00e9dia a baixa<\/td>\n                <td style=\"padding: 12px 15px; border-bottom: 1px solid #ffe3ee; color: #4a4a4a;\">Sombra a meia-sombra<\/td>\n            <\/tr>\n            <tr style=\"background-color: #fffafa;\">\n                <td style=\"padding: 12px 15px; border-bottom: 1px solid #ffe3ee; color: #4a4a4a; font-weight: bold;\">Jiboia<\/td>\n                <td style=\"padding: 12px 15px; border-bottom: 1px solid #ffe3ee; color: #4a4a4a;\">20 \u00b0C a 28 \u00b0C<\/td>\n                <td style=\"padding: 12px 15px; border-bottom: 1px solid #ffe3ee; color: #4a4a4a;\">M\u00e9dia a alta<\/td>\n                <td style=\"padding: 12px 15px; border-bottom: 1px solid #ffe3ee; color: #4a4a4a;\">Luz indireta fraca a moderada<\/td>\n            <\/tr>\n            <tr>\n                <td style=\"padding: 12px 15px; border-bottom: 1px solid #ffe3ee; color: #4a4a4a; font-weight: bold;\">Espada-de-s\u00e3o-jorge<\/td>\n                <td style=\"padding: 12px 15px; border-bottom: 1px solid #ffe3ee; color: #4a4a4a;\">15 \u00b0C a 32 \u00b0C<\/td>\n                <td style=\"padding: 12px 15px; border-bottom: 1px solid #ffe3ee; color: #4a4a4a;\">Baixa a m\u00e9dia<\/td>\n                <td style=\"padding: 12px 15px; border-bottom: 1px solid #ffe3ee; color: #4a4a4a;\">Sombra, meia-sombra<\/td>\n            <\/tr>\n            <tr style=\"background-color: #fffafa;\">\n                <td style=\"padding: 12px 15px; border-bottom: 1px solid #ffe3ee; color: #4a4a4a; font-weight: bold;\">L\u00edrio-da-paz<\/td>\n                <td style=\"padding: 12px 15px; border-bottom: 1px solid #ffe3ee; color: #4a4a4a;\">18 \u00b0C a 26 \u00b0C<\/td>\n                <td style=\"padding: 12px 15px; border-bottom: 1px solid #ffe3ee; color: #4a4a4a;\">M\u00e9dia a alta<\/td>\n                <td style=\"padding: 12px 15px; border-bottom: 1px solid #ffe3ee; color: #4a4a4a;\">Meia-sombra, luz difusa<\/td>\n            <\/tr>\n            <tr>\n                <td style=\"padding: 12px 15px; color: #4a4a4a; font-weight: bold;\">Pau-d\u2019\u00e1gua<\/td>\n                <td style=\"padding: 12px 15px; color: #4a4a4a;\">20 \u00b0C a 30 \u00b0C<\/td>\n                <td style=\"padding: 12px 15px; color: #4a4a4a;\">M\u00e9dia<\/td>\n                <td style=\"padding: 12px 15px; color: #4a4a4a;\">Meia-sombra, longe de sol direto<\/td>\n            <\/tr>\n        <\/tbody>\n    <\/table>\n<\/div>\n\n\n\n<h2 class=\"wp-block-heading\">Como manter as plantas saud\u00e1veis em espa\u00e7os com pouca ilumina\u00e7\u00e3o<\/h2>\n\n\n\n<p>Evitar tanto o excesso de \u00e1gua quanto a exposi\u00e7\u00e3o direta a raios solares intensos, que podem queimar as folhas. Em corredores muito escuros, complementar com uma luz artificial suave pode ajudar a planta a reagir melhor sem perder o visual natural.<\/p>\n\n\n\n<p>A observa\u00e7\u00e3o regular das plantas permite identificar sinais como folhas amareladas, murchas ou com manchas, indicando necessidade de ajuste nas regas, na luminosidade ou na aduba\u00e7\u00e3o. Pequenos cuidados de rotina, como girar o <b>vaso<\/b> de tempos em tempos, tamb\u00e9m ajudam a planta a crescer de forma mais harmoniosa.<\/p>\n\n\n\n<h2 class=\"wp-block-heading\">Como organizar plantas em corredores e halls estreitos sem atrapalhar a circula\u00e7\u00e3o<\/h2>\n\n\n\n<p>Em corredores e halls com pouca luz, a organiza\u00e7\u00e3o dos vasos influencia tanto o visual quanto a circula\u00e7\u00e3o. Em espa\u00e7os estreitos, costuma ser mais pr\u00e1tico priorizar plantas de porte m\u00e9dio ou pequeno, em vasos encostados \u00e0 parede, evitando bloquear passagens e permitindo que as pessoas caminhem com conforto. Se voc\u00ea gosta de paisagismo, separamos esse v\u00eddeo do canal <a href=\"https:\/\/www.youtube.com\/@casasecia\" target=\"_blank\" rel=\"noreferrer noopener\">Casas &amp; Cia<\/a> mostrando ideias de plantas para seu corredor:<\/p>\n\n\n\n<figure class=\"wp-block-embed is-type-video is-provider-youtube wp-block-embed-youtube wp-embed-aspect-16-9 wp-has-aspect-ratio\"><div class=\"wp-block-embed__wrapper\">\n<div class=\"jeg_video_container jeg_video_content\"><iframe loading=\"lazy\" title=\"COMO DEIXAR O CORREDOR LATERAL MAIS BONITO | DICAS PAISAGISMO | @casasecia\" width=\"500\" height=\"281\" src=\"https:\/\/www.youtube.com\/embed\/CiujWlZh_hU?feature=oembed\" frameborder=\"0\" allow=\"accelerometer; autoplay; clipboard-write; encrypted-media; gyroscope; picture-in-picture; web-share\" referrerpolicy=\"strict-origin-when-cross-origin\" allowfullscreen><\/iframe><\/div>\n<\/div><\/figure>\n\n\n\n<p>Vasos altos e estreitos, por exemplo, podem acomodar esp\u00e9cies como <strong>Zamioculca<\/strong> ou dracenas, criando uma linha vertical sem ocupar muita \u00e1rea no piso. Tamb\u00e9m vale pensar na altura dos vasos e suportes, para que folhas e galhos n\u00e3o batam em portas ou esbarrem nas pessoas todo o tempo.<\/p>\n\n\n\n<h2 class=\"wp-block-heading\">Quais estrat\u00e9gias ajudam a criar um corredor mais harm\u00f4nico com plantas<\/h2>\n\n\n\n<p>Algumas estrat\u00e9gias ajudam a deixar o corredor bonito e funcional, sem excesso de informa\u00e7\u00e3o visual ou sensa\u00e7\u00e3o de bagun\u00e7a. Em vez de misturar muitas esp\u00e9cies diferentes, pode ser interessante repetir as mesmas plantas ao longo do caminho para criar um ritmo mais <strong>harmonioso<\/strong>.<\/p>\n\n\n\n<p>Para quem pretende refor\u00e7ar a sensa\u00e7\u00e3o de continuidade, o uso de esp\u00e9cies repetidas ao longo do corredor cria um ritmo visual. J\u00e1 a combina\u00e7\u00e3o de plantas com texturas e tons diferentes de verde gera contraste discreto, e limpar as folhas com frequ\u00eancia ajuda a manter o brilho e aproveitar melhor a pouca <b>luz<\/b> dispon\u00edvel.<\/p>\n\n\n\n<p>Em per\u00edodos mais secos, especialmente no inverno ou em dias de uso intenso de ar-condicionado, \u00e9 comum adotar pr\u00e1ticas simples, como borrifar \u00e1gua nas folhas de esp\u00e9cies que apreciam maior umidade. Ajustes peri\u00f3dicos, observando o comportamento das folhas e o crescimento, ajudam a manter as plantas em bom estado ao longo do ano e deixam o corredor sempre mais <strong>vivo<\/strong>.<\/p>\n","protected":false},"excerpt":{"rendered":"<p>Voc\u00ea j\u00e1 olhou para um corredor escuro da casa e pensou que ele nunca poderia ficar bonito? Esses espa\u00e7os de passagem costumam ser esquecidos, mas com as plantas certas e alguns cuidados simples \u00e9 poss\u00edvel transformar um hall sem gra\u00e7a em um cantinho mais acolhedor, mesmo com pouca luz natural e uma rotina corrida. Quais [&hellip;]<\/p>\n","protected":false},"author":9,"featured_media":182714,"comment_status":"open","ping_status":"open","sticky":false,"template":"","format":"standard","meta":{"_yoast_wpseo_focuskw":"plantas em corredores","_yoast_wpseo_title":"","_yoast_wpseo_metadesc":"Plantas resistentes renovam corredores com pouca luz, trazendo aconchego, harmonia e cuidados simples no dia a dia.","jnews-multi-image_gallery":[],"jnews_single_post":{"format":"standard"},"jnews_primary_category":[],"jnews_social_meta":[],"jnews_override_counter":[],"footnotes":""},"categories":[136],"tags":[14469,3317,9248],"class_list":["post-182425","post","type-post","status-publish","format-standard","has-post-thumbnail","hentry","category-jardinagem","tag-plantas-para-corredores","tag-plantas-em-casa","tag-tipos-de-plantas"],"yoast_head":"<!-- This site is optimized with the Yoast SEO plugin v24.6 - https:\/\/yoast.com\/wordpress\/plugins\/seo\/ -->\n<title>As plantas ideais para quem quer um corredor bonito sem precisar de muita manuten\u00e7\u00e3o - Correio Braziliense - Radar<\/title>\n<meta name=\"description\" content=\"Plantas resistentes renovam corredores com pouca luz, trazendo aconchego, harmonia e cuidados simples no dia a dia.\" \/>\n<meta name=\"robots\" content=\"index, follow, max-snippet:-1, max-image-preview:large, max-video-preview:-1\" \/>\n<link rel=\"canonical\" href=\"https:\/\/www.correiobraziliense.com.br\/cbradar\/as-plantas-ideais-para-quem-quer-um-corredor-bonito-sem-precisar-de-muita-manutencao\/\" \/>\n<meta property=\"og:locale\" content=\"pt_BR\" \/>\n<meta property=\"og:type\" content=\"article\" \/>\n<meta property=\"og:title\" content=\"As plantas ideais para quem quer um corredor bonito sem precisar de muita manuten\u00e7\u00e3o - Correio Braziliense - Radar\" \/>\n<meta property=\"og:description\" content=\"Plantas resistentes renovam corredores com pouca luz, trazendo aconchego, harmonia e cuidados simples no dia a dia.\" \/>\n<meta property=\"og:url\" content=\"https:\/\/www.correiobraziliense.com.br\/cbradar\/as-plantas-ideais-para-quem-quer-um-corredor-bonito-sem-precisar-de-muita-manutencao\/\" \/>\n<meta property=\"og:site_name\" content=\"Correio Braziliense - Radar\" \/>\n<meta property=\"article:published_time\" content=\"2026-01-28T15:55:02+00:00\" \/>\n<meta property=\"og:image\" content=\"https:\/\/www.correiobraziliense.com.br\/cbradar\/wp-content\/uploads\/2026\/01\/6.jpg\" \/>\n\t<meta property=\"og:image:width\" content=\"1280\" \/>\n\t<meta property=\"og:image:height\" content=\"720\" \/>\n\t<meta property=\"og:image:type\" content=\"image\/jpeg\" \/>\n<meta name=\"author\" content=\"Daniely Cardoso\" \/>\n<meta name=\"twitter:card\" content=\"summary_large_image\" \/>\n<meta name=\"twitter:label1\" content=\"Escrito por\" \/>\n\t<meta name=\"twitter:data1\" content=\"Daniely Cardoso\" \/>\n\t<meta name=\"twitter:label2\" content=\"Est. tempo de leitura\" \/>\n\t<meta name=\"twitter:data2\" content=\"5 minutos\" \/>\n<!-- \/ Yoast SEO plugin. -->","yoast_head_json":{"title":"As plantas ideais para quem quer um corredor bonito sem precisar de muita manuten\u00e7\u00e3o - Correio Braziliense - Radar","description":"Plantas resistentes renovam corredores com pouca luz, trazendo aconchego, harmonia e cuidados simples no dia a dia.","robots":{"index":"index","follow":"follow","max-snippet":"max-snippet:-1","max-image-preview":"max-image-preview:large","max-video-preview":"max-video-preview:-1"},"canonical":"https:\/\/www.correiobraziliense.com.br\/cbradar\/as-plantas-ideais-para-quem-quer-um-corredor-bonito-sem-precisar-de-muita-manutencao\/","og_locale":"pt_BR","og_type":"article","og_title":"As plantas ideais para quem quer um corredor bonito sem precisar de muita manuten\u00e7\u00e3o - Correio Braziliense - Radar","og_description":"Plantas resistentes renovam corredores com pouca luz, trazendo aconchego, harmonia e cuidados simples no dia a dia.","og_url":"https:\/\/www.correiobraziliense.com.br\/cbradar\/as-plantas-ideais-para-quem-quer-um-corredor-bonito-sem-precisar-de-muita-manutencao\/","og_site_name":"Correio Braziliense - Radar","article_published_time":"2026-01-28T15:55:02+00:00","og_image":[{"width":1280,"height":720,"url":"https:\/\/www.correiobraziliense.com.br\/cbradar\/wp-content\/uploads\/2026\/01\/6.jpg","type":"image\/jpeg"}],"author":"Daniely Cardoso","twitter_card":"summary_large_image","twitter_misc":{"Escrito por":"Daniely Cardoso","Est. tempo de leitura":"5 minutos"},"schema":{"@context":"https:\/\/schema.org","@graph":[{"@type":"WebPage","@id":"https:\/\/www.correiobraziliense.com.br\/cbradar\/as-plantas-ideais-para-quem-quer-um-corredor-bonito-sem-precisar-de-muita-manutencao\/","url":"https:\/\/www.correiobraziliense.com.br\/cbradar\/as-plantas-ideais-para-quem-quer-um-corredor-bonito-sem-precisar-de-muita-manutencao\/","name":"As plantas ideais para quem quer um corredor bonito sem precisar de muita manuten\u00e7\u00e3o - Correio Braziliense - Radar","isPartOf":{"@id":"https:\/\/www.correiobraziliense.com.br\/cbradar\/#website"},"primaryImageOfPage":{"@id":"https:\/\/www.correiobraziliense.com.br\/cbradar\/as-plantas-ideais-para-quem-quer-um-corredor-bonito-sem-precisar-de-muita-manutencao\/#primaryimage"},"image":{"@id":"https:\/\/www.correiobraziliense.com.br\/cbradar\/as-plantas-ideais-para-quem-quer-um-corredor-bonito-sem-precisar-de-muita-manutencao\/#primaryimage"},"thumbnailUrl":"https:\/\/www.correiobraziliense.com.br\/cbradar\/wp-content\/uploads\/2026\/01\/6.jpg","datePublished":"2026-01-28T15:55:02+00:00","author":{"@id":"https:\/\/www.correiobraziliense.com.br\/cbradar\/#\/schema\/person\/7356666e12ec0ee53f348ee5db227032"},"description":"Plantas resistentes renovam corredores com pouca luz, trazendo aconchego, harmonia e cuidados simples no dia a dia.","breadcrumb":{"@id":"https:\/\/www.correiobraziliense.com.br\/cbradar\/as-plantas-ideais-para-quem-quer-um-corredor-bonito-sem-precisar-de-muita-manutencao\/#breadcrumb"},"inLanguage":"pt-BR","potentialAction":[{"@type":"ReadAction","target":["https:\/\/www.correiobraziliense.com.br\/cbradar\/as-plantas-ideais-para-quem-quer-um-corredor-bonito-sem-precisar-de-muita-manutencao\/"]}]},{"@type":"ImageObject","inLanguage":"pt-BR","@id":"https:\/\/www.correiobraziliense.com.br\/cbradar\/as-plantas-ideais-para-quem-quer-um-corredor-bonito-sem-precisar-de-muita-manutencao\/#primaryimage","url":"https:\/\/www.correiobraziliense.com.br\/cbradar\/wp-content\/uploads\/2026\/01\/6.jpg","contentUrl":"https:\/\/www.correiobraziliense.com.br\/cbradar\/wp-content\/uploads\/2026\/01\/6.jpg","width":1280,"height":720,"caption":"Plantas tolerantes \u00e0 sombra ajudam a dar vida a corredores com pouca luz"},{"@type":"BreadcrumbList","@id":"https:\/\/www.correiobraziliense.com.br\/cbradar\/as-plantas-ideais-para-quem-quer-um-corredor-bonito-sem-precisar-de-muita-manutencao\/#breadcrumb","itemListElement":[{"@type":"ListItem","position":1,"name":"In\u00edcio","item":"https:\/\/www.correiobraziliense.com.br\/cbradar\/"},{"@type":"ListItem","position":2,"name":"As plantas ideais para quem quer um corredor bonito sem precisar de muita manuten\u00e7\u00e3o"}]},{"@type":"WebSite","@id":"https:\/\/www.correiobraziliense.com.br\/cbradar\/#website","url":"https:\/\/www.correiobraziliense.com.br\/cbradar\/","name":"Correio Braziliense - Radar","description":"Acompanhe as \u00faltimas not\u00edcias e fique bem informado sobre tudo o que acontece no Brasil e no mundo.","potentialAction":[{"@type":"SearchAction","target":{"@type":"EntryPoint","urlTemplate":"https:\/\/www.correiobraziliense.com.br\/cbradar\/?s={search_term_string}"},"query-input":{"@type":"PropertyValueSpecification","valueRequired":true,"valueName":"search_term_string"}}],"inLanguage":"pt-BR"},{"@type":"Person","@id":"https:\/\/www.correiobraziliense.com.br\/cbradar\/#\/schema\/person\/7356666e12ec0ee53f348ee5db227032","name":"Daniely Cardoso","image":{"@type":"ImageObject","inLanguage":"pt-BR","@id":"https:\/\/www.correiobraziliense.com.br\/cbradar\/#\/schema\/person\/image\/","url":"https:\/\/secure.gravatar.com\/avatar\/4b80ddbd124d1f071b626d52d62e5dff?s=96&d=mm&r=g","contentUrl":"https:\/\/secure.gravatar.com\/avatar\/4b80ddbd124d1f071b626d52d62e5dff?s=96&d=mm&r=g","caption":"Daniely Cardoso"},"description":"Redatora nos portais CB Radar e EM Foco, formada pela Universidade Federal de Goi\u00e1s, em Goi\u00e2nia. Apaixonada por comunica\u00e7\u00e3o, arte, decora\u00e7\u00e3o e tend\u00eancias, atuo na produ\u00e7\u00e3o de conte\u00fados envolventes sobre curiosidades, moda, beleza e paisagismo, sempre com um olhar atento \u00e0s novidades do momento.","sameAs":["https:\/\/www.correiobraziliense.com.br\/cbradar"],"url":"https:\/\/www.correiobraziliense.com.br\/cbradar\/author\/danielymyth\/"}]}},"_links":{"self":[{"href":"https:\/\/www.correiobraziliense.com.br\/cbradar\/wp-json\/wp\/v2\/posts\/182425","targetHints":{"allow":["GET"]}}],"collection":[{"href":"https:\/\/www.correiobraziliense.com.br\/cbradar\/wp-json\/wp\/v2\/posts"}],"about":[{"href":"https:\/\/www.correiobraziliense.com.br\/cbradar\/wp-json\/wp\/v2\/types\/post"}],"author":[{"embeddable":true,"href":"https:\/\/www.correiobraziliense.com.br\/cbradar\/wp-json\/wp\/v2\/users\/9"}],"replies":[{"embeddable":true,"href":"https:\/\/www.correiobraziliense.com.br\/cbradar\/wp-json\/wp\/v2\/comments?post=182425"}],"version-history":[{"count":2,"href":"https:\/\/www.correiobraziliense.com.br\/cbradar\/wp-json\/wp\/v2\/posts\/182425\/revisions"}],"predecessor-version":[{"id":182440,"href":"https:\/\/www.correiobraziliense.com.br\/cbradar\/wp-json\/wp\/v2\/posts\/182425\/revisions\/182440"}],"wp:featuredmedia":[{"embeddable":true,"href":"https:\/\/www.correiobraziliense.com.br\/cbradar\/wp-json\/wp\/v2\/media\/182714"}],"wp:attachment":[{"href":"https:\/\/www.correiobraziliense.com.br\/cbradar\/wp-json\/wp\/v2\/media?parent=182425"}],"wp:term":[{"taxonomy":"category","embeddable":true,"href":"https:\/\/www.correiobraziliense.com.br\/cbradar\/wp-json\/wp\/v2\/categories?post=182425"},{"taxonomy":"post_tag","embeddable":true,"href":"https:\/\/www.correiobraziliense.com.br\/cbradar\/wp-json\/wp\/v2\/tags?post=182425"}],"curies":[{"name":"wp","href":"https:\/\/api.w.org\/{rel}","templated":true}]}}