{"id":182426,"date":"2026-01-28T16:25:09","date_gmt":"2026-01-28T19:25:09","guid":{"rendered":"https:\/\/www.correiobraziliense.com.br\/cbradar\/?p=182426"},"modified":"2026-01-27T14:20:51","modified_gmt":"2026-01-27T17:20:51","slug":"as-plantas-que-sobrevivem-ao-calor-extremo-e-deixam-a-varanda-bonita-e-fresca","status":"publish","type":"post","link":"https:\/\/www.correiobraziliense.com.br\/cbradar\/as-plantas-que-sobrevivem-ao-calor-extremo-e-deixam-a-varanda-bonita-e-fresca\/","title":{"rendered":"As plantas que sobrevivem ao calor extremo e deixam a varanda bonita e fresca"},"content":{"rendered":"\n<p>Em dias de calor forte, n\u00e3o \u00e9 raro ver folhas queimadas e vasos secando r\u00e1pido demais, fazendo muita gente achar que \u201cn\u00e3o leva jeito\u201d para plantas. Mas, com algumas escolhas simples e entendendo melhor quais esp\u00e9cies gostam de temperaturas altas, \u00e9 poss\u00edvel transformar at\u00e9 a varanda mais quente em um cantinho verde bonito e f\u00e1cil de cuidar.<\/p>\n\n\n\n<h2 class=\"wp-block-heading\">Quais plantas funcionam bem em ambientes internos quentes<\/h2>\n\n\n\n<p>Para espa\u00e7os internos quentes, mas com luz filtrada, \u00e9 poss\u00edvel montar composi\u00e7\u00f5es verdes que n\u00e3o sofrem com o abafamento moderado do dia a dia. A ideia \u00e9 escolher esp\u00e9cies vers\u00e1teis, que tolerem calor sem exigir sol direto o tempo todo.<\/p>\n\n\n\n<p>Nessas situa\u00e7\u00f5es, plantas como <strong>zamioculca<\/strong>, jiboia e algumas palmeiras de porte m\u00e9dio costumam ter bom desempenho. Elas gostam de ambientes claros, mas precisam de ventila\u00e7\u00e3o m\u00ednima para n\u00e3o sentirem tanto o ar parado.<\/p>\n\n\n<div class=\"wp-block-image\">\n<figure class=\"aligncenter size-large\"><img decoding=\"async\" width=\"1024\" height=\"576\" src=\"https:\/\/www.correiobraziliense.com.br\/cbradar\/wp-content\/uploads\/2026\/01\/Gemini_Generated_Image_c5msvic5msvic5ms-2-1024x576.png\" alt=\"\" class=\"wp-image-181822\" srcset=\"https:\/\/www.correiobraziliense.com.br\/cbradar\/wp-content\/uploads\/2026\/01\/Gemini_Generated_Image_c5msvic5msvic5ms-2-1024x576.png 1024w, https:\/\/www.correiobraziliense.com.br\/cbradar\/wp-content\/uploads\/2026\/01\/Gemini_Generated_Image_c5msvic5msvic5ms-2-300x169.png 300w, https:\/\/www.correiobraziliense.com.br\/cbradar\/wp-content\/uploads\/2026\/01\/Gemini_Generated_Image_c5msvic5msvic5ms-2-768x432.png 768w, https:\/\/www.correiobraziliense.com.br\/cbradar\/wp-content\/uploads\/2026\/01\/Gemini_Generated_Image_c5msvic5msvic5ms-2-750x422.png 750w, https:\/\/www.correiobraziliense.com.br\/cbradar\/wp-content\/uploads\/2026\/01\/Gemini_Generated_Image_c5msvic5msvic5ms-2-1140x641.png 1140w, https:\/\/www.correiobraziliense.com.br\/cbradar\/wp-content\/uploads\/2026\/01\/Gemini_Generated_Image_c5msvic5msvic5ms-2.png 1280w\" sizes=\"(max-width: 1024px) 100vw, 1024px\" \/><figcaption class=\"wp-element-caption\">Ao falar em plantas seguras para quarto com pets, algumas esp\u00e9cies costumam aparecer com frequ\u00eancia<\/figcaption><\/figure><\/div>\n\n\n<p>Leia tamb\u00e9m:&nbsp;<a href=\"https:\/\/www.correiobraziliense.com.br\/cbradar\/como-cuidar-da-zamioculca-corretamente-e-manter-a-planta-sempre-bonita-e-saudavel\/\" target=\"_blank\" rel=\"noopener\">Como cuidar da Zamioculca corretamente e manter a planta sempre bonita e saud\u00e1vel?<\/a><\/p>\n\n\n\n<h2 class=\"wp-block-heading\">Qual \u00e9 o clima ideal para cultivar plantas que gostam de calor<\/h2>\n\n\n\n<p>Quando se fala em <strong>clima ideal para cultivar<\/strong> plantas em regi\u00f5es quentes, n\u00e3o \u00e9 s\u00f3 a temperatura que importa. Tamb\u00e9m entram em jogo a intensidade do sol, a umidade do ar e a circula\u00e7\u00e3o do vento, que podem deixar o ambiente mais confort\u00e1vel ou estressante para as esp\u00e9cies.<\/p>\n\n\n\n<p>Em geral, essas plantas gostam de boa luminosidade e temperaturas entre 20 \u00b0C e 35 \u00b0C, com solo bem drenado e regas ajustadas. O segredo \u00e9 evitar tanto o encharcamento quanto o ressecamento extremo por muitos dias seguidos.<\/p>\n\n\n\n<h2 class=\"wp-block-heading\">Quais s\u00e3o as faixas de clima indicadas para plantas que gostam de calor<\/h2>\n\n\n\n<p>Para facilitar a escolha das esp\u00e9cies, \u00e9 \u00fatil ter em mente faixas de temperatura e tipos de luz que combinam com cada grupo de planta. Assim, fica mais f\u00e1cil decidir o melhor lugar para cada vaso ou canteiro, aproveitando bem o que sua casa oferece.<\/p>\n\n\n\n<p>A tabela abaixo traz valores m\u00e9dios de <strong>temperatura<\/strong> e <strong>luminosidade<\/strong> para alguns grupos comuns em ambientes muito quentes. S\u00e3o n\u00fameros aproximados, que podem mudar um pouco conforme a regi\u00e3o e os cuidados di\u00e1rios.<\/p>\n\n\n\n<div style=\"font-family: 'Segoe UI', Tahoma, Geneva, Verdana, sans-serif; max-width: 1000px; margin: 20px auto; border: 2px solid #722f37; border-radius: 30px; overflow: hidden; background-color: #ffffff; box-shadow: 0 4px 15px rgba(114, 47, 55, 0.1);\">\n    <table style=\"width: 100%; border-collapse: collapse; text-align: left; font-size: 14px;\">\n        <thead>\n            <tr style=\"background-color: #722f37;\">\n                <th style=\"padding: 15px; color: #ffffff; border-bottom: 2px solid #f9d8e6; width: 25%;\">Grupo de plantas<\/th>\n                <th style=\"padding: 15px; color: #ffffff; border-bottom: 2px solid #f9d8e6; width: 25%;\">Faixa de temperatura ideal<\/th>\n                <th style=\"padding: 15px; color: #ffffff; border-bottom: 2px solid #f9d8e6; width: 25%;\">Tipo de luz recomendado<\/th>\n                <th style=\"padding: 15px; color: #ffffff; border-bottom: 2px solid #f9d8e6; width: 25%;\">N\u00edvel de rega<\/th>\n            <\/tr>\n        <\/thead>\n        <tbody>\n            <tr>\n                <td style=\"padding: 12px 15px; border-bottom: 1px solid #ffe3ee; color: #4a4a4a; font-weight: bold;\">Suculentas e cactos<\/td>\n                <td style=\"padding: 12px 15px; border-bottom: 1px solid #ffe3ee; color: #4a4a4a;\">20 \u00b0C a 38 \u00b0C<\/td>\n                <td style=\"padding: 12px 15px; border-bottom: 1px solid #ffe3ee; color: #4a4a4a;\">Sol pleno ou luz muito intensa<\/td>\n                <td style=\"padding: 12px 15px; border-bottom: 1px solid #ffe3ee; color: #4a4a4a;\">Baixa, com intervalos entre regas<\/td>\n            <\/tr>\n            <tr style=\"background-color: #fffafa;\">\n                <td style=\"padding: 12px 15px; border-bottom: 1px solid #ffe3ee; color: #4a4a4a; font-weight: bold;\">Arbustos flor\u00edferos (hibisco, bougainville)<\/td>\n                <td style=\"padding: 12px 15px; border-bottom: 1px solid #ffe3ee; color: #4a4a4a;\">22 \u00b0C a 35 \u00b0C<\/td>\n                <td style=\"padding: 12px 15px; border-bottom: 1px solid #ffe3ee; color: #4a4a4a;\">Sol pleno (4 a 6 horas de sol direto)<\/td>\n                <td style=\"padding: 12px 15px; border-bottom: 1px solid #ffe3ee; color: #4a4a4a;\">M\u00e9dia, mantendo o solo levemente \u00famido<\/td>\n            <\/tr>\n            <tr>\n                <td style=\"padding: 12px 15px; border-bottom: 1px solid #ffe3ee; color: #4a4a4a; font-weight: bold;\">Plantas de sombra quente (jiboia, zamioculca)<\/td>\n                <td style=\"padding: 12px 15px; border-bottom: 1px solid #ffe3ee; color: #4a4a4a;\">18 \u00b0C a 32 \u00b0C<\/td>\n                <td style=\"padding: 12px 15px; border-bottom: 1px solid #ffe3ee; color: #4a4a4a;\">Luz indireta forte ou meia-sombra<\/td>\n                <td style=\"padding: 12px 15px; border-bottom: 1px solid #ffe3ee; color: #4a4a4a;\">M\u00e9dia a baixa, sem encharcar<\/td>\n            <\/tr>\n            <tr style=\"background-color: #fffafa;\">\n                <td style=\"padding: 12px 15px; color: #4a4a4a; font-weight: bold;\">Palmeiras de pequeno porte<\/td>\n                <td style=\"padding: 12px 15px; color: #4a4a4a;\">20 \u00b0C a 34 \u00b0C<\/td>\n                <td style=\"padding: 12px 15px; color: #4a4a4a;\">Luz filtrada ou sol suave<\/td>\n                <td style=\"padding: 12px 15px; color: #4a4a4a;\">M\u00e9dia, com boa drenagem<\/td>\n            <\/tr>\n        <\/tbody>\n    <\/table>\n<\/div>\n\n\n\n<h2 class=\"wp-block-heading\">Como cuidar das plantas no dia a dia em locais de calor intenso<\/h2>\n\n\n\n<p>Al\u00e9m de escolher bem as <strong>plantas para ambientes muito quentes<\/strong>, a forma de cuidar delas no dia a dia faz muita diferen\u00e7a. Pequenos ajustes na rotina ajudam a preservar folhas, ra\u00edzes e flores, mesmo em dias muito secos e ensolarados.<\/p>\n\n\n\n<p>Uma boa not\u00edcia \u00e9 que n\u00e3o \u00e9 preciso ser especialista para acertar: com aten\u00e7\u00e3o ao solo, aos hor\u00e1rios de rega e \u00e0 posi\u00e7\u00e3o dos vasos, j\u00e1 d\u00e1 para evitar os erros mais comuns, como exagerar na \u00e1gua ou deixar tudo no sol mais forte do dia sem prote\u00e7\u00e3o.<\/p>\n\n\n\n<h2 class=\"wp-block-heading\">Quais cuidados b\u00e1sicos ajudam a proteger as plantas do calor<\/h2>\n\n\n\n<p>Alguns cuidados simples ajudam a manter as plantas bonitas mesmo quando a temperatura sobe demais. Abaixo, veja um conjunto de atitudes pr\u00e1ticas que voc\u00ea pode aplicar aos poucos, observando como cada esp\u00e9cie reage no seu espa\u00e7o.<\/p>\n\n\n\n<ol class=\"wp-block-list\">\n<li><strong>Adequar o vaso e o substrato:<\/strong> recipientes com furos de drenagem e misturas de solo mais arenosas evitam \u00e1gua parada.<\/li>\n\n\n\n<li><strong>Regar em hor\u00e1rios amenos:<\/strong> de manh\u00e3 cedo ou no fim da tarde, reduzindo a evapora\u00e7\u00e3o r\u00e1pida e o choque t\u00e9rmico.<\/li>\n\n\n\n<li><strong>Proteger durante ondas de calor extremo:<\/strong> em dias muito secos, pode ser \u00fatil afastar vasos do sol direto por algumas horas.<\/li>\n\n\n\n<li><strong>Observar sinais das folhas:<\/strong> bordas queimadas podem indicar sol em excesso; folhas murchas e moles podem indicar falta ou excesso de \u00e1gua.<\/li>\n\n\n\n<li><strong>Ventilar o ambiente:<\/strong> janelas abertas, varandas e corredores ventilados favorecem o equil\u00edbrio t\u00e9rmico das plantas.<\/li>\n<\/ol>\n\n\n\n<p>Se voc\u00ea gosta de plantas, separamos esse v\u00eddeo da Carol Costa do canal <a href=\"https:\/\/www.youtube.com\/@MinhasPlantas\" target=\"_blank\" rel=\"noreferrer noopener\">Minhas Plantas<\/a> mostrando mais op\u00e7\u00f5es de esp\u00e9cies que gostam de sol:<\/p>\n\n\n\n<figure class=\"wp-block-embed is-type-video is-provider-youtube wp-block-embed-youtube wp-embed-aspect-16-9 wp-has-aspect-ratio\"><div class=\"wp-block-embed__wrapper\">\n<div class=\"jeg_video_container jeg_video_content\"><iframe loading=\"lazy\" title=\"35 PLANTAS que AMAM SOL (boas para CALOR e FRIO)\" width=\"500\" height=\"281\" src=\"https:\/\/www.youtube.com\/embed\/m1ZOFStR4MA?feature=oembed\" frameborder=\"0\" allow=\"accelerometer; autoplay; clipboard-write; encrypted-media; gyroscope; picture-in-picture; web-share\" referrerpolicy=\"strict-origin-when-cross-origin\" allowfullscreen><\/iframe><\/div>\n<\/div><\/figure>\n\n\n\n<h2 class=\"wp-block-heading\">Quais plantas para ambientes muito quentes funcionam melhor em \u00e1reas internas<\/h2>\n\n\n\n<p>Em interiores aquecidos, como apartamentos voltados para o sol da tarde, o desafio \u00e9 equilibrar calor, luz indireta e, \u00e0s vezes, at\u00e9 ar condicionado. Nessas situa\u00e7\u00f5es, vale apostar em esp\u00e9cies mais resistentes, que n\u00e3o sofram tanto com mudan\u00e7as de temperatura ao longo do dia.<\/p>\n\n\n\n<p>Entre as op\u00e7\u00f5es mais usadas est\u00e3o <strong>Zamioculca<\/strong>, jiboia, espada-de-s\u00e3o-jorge e clorofito, que suportam bem ambientes quentes e iluminados sem precisar de sol direto constante. Combinadas com cactos e suculentas perto das janelas, elas formam um conjunto bonito e adaptado ao clima.<\/p>\n\n\n\n<h2 class=\"wp-block-heading\">Pr\u00f3ximos passos para montar seu cantinho verde<\/h2>\n\n\n\n<p>Ter <strong>plantas<\/strong> em ambientes muito quentes \u00e9 totalmente poss\u00edvel quando voc\u00ea entende um pouco do comportamento de cada esp\u00e9cie e ajusta os cuidados b\u00e1sicos. Em vez de lutar contra o calor, d\u00e1 para us\u00e1-lo a favor, escolhendo plantas que se sentem em casa nesse tipo de clima.<\/p>\n\n\n\n<p>Se voc\u00ea quer transformar sua varanda, janela ou jardim em um espa\u00e7o mais verde e aconchegante, comece observando a <strong>luz<\/strong> que recebe ao longo do dia e selecione poucas esp\u00e9cies resistentes para testar. A partir da\u00ed, v\u00e1 ampliando sua cole\u00e7\u00e3o com calma e, se quiser, pe\u00e7a mais sugest\u00f5es espec\u00edficas para o seu tipo de ambiente.<\/p>\n","protected":false},"excerpt":{"rendered":"<p>Em dias de calor forte, n\u00e3o \u00e9 raro ver folhas queimadas e vasos secando r\u00e1pido demais, fazendo muita gente achar que \u201cn\u00e3o leva jeito\u201d para plantas. Mas, com algumas escolhas simples e entendendo melhor quais esp\u00e9cies gostam de temperaturas altas, \u00e9 poss\u00edvel transformar at\u00e9 a varanda mais quente em um cantinho verde bonito e f\u00e1cil [&hellip;]<\/p>\n","protected":false},"author":9,"featured_media":182723,"comment_status":"open","ping_status":"open","sticky":false,"template":"","format":"standard","meta":{"_yoast_wpseo_focuskw":"plantas que amam sol","_yoast_wpseo_title":"","_yoast_wpseo_metadesc":"Plantas resistentes ao calor mant\u00eam varandas e interiores quentes verdes com poucos cuidados, boa drenagem e regas nos hor\u00e1rios certos.","jnews-multi-image_gallery":[],"jnews_single_post":{"format":"standard"},"jnews_primary_category":[],"jnews_social_meta":[],"jnews_override_counter":[],"footnotes":""},"categories":[136],"tags":[224,14470,9248],"class_list":["post-182426","post","type-post","status-publish","format-standard","has-post-thumbnail","hentry","category-jardinagem","tag-plantas","tag-plantas-para-calor","tag-tipos-de-plantas"],"yoast_head":"<!-- This site is optimized with the Yoast SEO plugin v24.6 - https:\/\/yoast.com\/wordpress\/plugins\/seo\/ -->\n<title>As plantas que sobrevivem ao calor extremo e deixam a varanda bonita e fresca - Correio Braziliense - Radar<\/title>\n<meta name=\"description\" content=\"Plantas resistentes ao calor mant\u00eam varandas e interiores quentes verdes com poucos cuidados, boa drenagem e regas nos hor\u00e1rios certos.\" \/>\n<meta name=\"robots\" content=\"index, follow, max-snippet:-1, max-image-preview:large, max-video-preview:-1\" \/>\n<link rel=\"canonical\" href=\"https:\/\/www.correiobraziliense.com.br\/cbradar\/as-plantas-que-sobrevivem-ao-calor-extremo-e-deixam-a-varanda-bonita-e-fresca\/\" \/>\n<meta property=\"og:locale\" content=\"pt_BR\" \/>\n<meta property=\"og:type\" content=\"article\" \/>\n<meta property=\"og:title\" content=\"As plantas que sobrevivem ao calor extremo e deixam a varanda bonita e fresca - Correio Braziliense - Radar\" \/>\n<meta property=\"og:description\" content=\"Plantas resistentes ao calor mant\u00eam varandas e interiores quentes verdes com poucos cuidados, boa drenagem e regas nos hor\u00e1rios certos.\" \/>\n<meta property=\"og:url\" content=\"https:\/\/www.correiobraziliense.com.br\/cbradar\/as-plantas-que-sobrevivem-ao-calor-extremo-e-deixam-a-varanda-bonita-e-fresca\/\" \/>\n<meta property=\"og:site_name\" content=\"Correio Braziliense - Radar\" \/>\n<meta property=\"article:published_time\" content=\"2026-01-28T19:25:09+00:00\" \/>\n<meta property=\"og:image\" content=\"https:\/\/www.correiobraziliense.com.br\/cbradar\/wp-content\/uploads\/2026\/01\/15.jpg\" \/>\n\t<meta property=\"og:image:width\" content=\"1280\" \/>\n\t<meta property=\"og:image:height\" content=\"720\" \/>\n\t<meta property=\"og:image:type\" content=\"image\/jpeg\" \/>\n<meta name=\"author\" content=\"Daniely Cardoso\" \/>\n<meta name=\"twitter:card\" content=\"summary_large_image\" \/>\n<meta name=\"twitter:label1\" content=\"Escrito por\" \/>\n\t<meta name=\"twitter:data1\" content=\"Daniely Cardoso\" \/>\n\t<meta name=\"twitter:label2\" content=\"Est. tempo de leitura\" \/>\n\t<meta name=\"twitter:data2\" content=\"6 minutos\" \/>\n<!-- \/ Yoast SEO plugin. -->","yoast_head_json":{"title":"As plantas que sobrevivem ao calor extremo e deixam a varanda bonita e fresca - Correio Braziliense - Radar","description":"Plantas resistentes ao calor mant\u00eam varandas e interiores quentes verdes com poucos cuidados, boa drenagem e regas nos hor\u00e1rios certos.","robots":{"index":"index","follow":"follow","max-snippet":"max-snippet:-1","max-image-preview":"max-image-preview:large","max-video-preview":"max-video-preview:-1"},"canonical":"https:\/\/www.correiobraziliense.com.br\/cbradar\/as-plantas-que-sobrevivem-ao-calor-extremo-e-deixam-a-varanda-bonita-e-fresca\/","og_locale":"pt_BR","og_type":"article","og_title":"As plantas que sobrevivem ao calor extremo e deixam a varanda bonita e fresca - Correio Braziliense - Radar","og_description":"Plantas resistentes ao calor mant\u00eam varandas e interiores quentes verdes com poucos cuidados, boa drenagem e regas nos hor\u00e1rios certos.","og_url":"https:\/\/www.correiobraziliense.com.br\/cbradar\/as-plantas-que-sobrevivem-ao-calor-extremo-e-deixam-a-varanda-bonita-e-fresca\/","og_site_name":"Correio Braziliense - Radar","article_published_time":"2026-01-28T19:25:09+00:00","og_image":[{"width":1280,"height":720,"url":"https:\/\/www.correiobraziliense.com.br\/cbradar\/wp-content\/uploads\/2026\/01\/15.jpg","type":"image\/jpeg"}],"author":"Daniely Cardoso","twitter_card":"summary_large_image","twitter_misc":{"Escrito por":"Daniely Cardoso","Est. tempo de leitura":"6 minutos"},"schema":{"@context":"https:\/\/schema.org","@graph":[{"@type":"WebPage","@id":"https:\/\/www.correiobraziliense.com.br\/cbradar\/as-plantas-que-sobrevivem-ao-calor-extremo-e-deixam-a-varanda-bonita-e-fresca\/","url":"https:\/\/www.correiobraziliense.com.br\/cbradar\/as-plantas-que-sobrevivem-ao-calor-extremo-e-deixam-a-varanda-bonita-e-fresca\/","name":"As plantas que sobrevivem ao calor extremo e deixam a varanda bonita e fresca - Correio Braziliense - Radar","isPartOf":{"@id":"https:\/\/www.correiobraziliense.com.br\/cbradar\/#website"},"primaryImageOfPage":{"@id":"https:\/\/www.correiobraziliense.com.br\/cbradar\/as-plantas-que-sobrevivem-ao-calor-extremo-e-deixam-a-varanda-bonita-e-fresca\/#primaryimage"},"image":{"@id":"https:\/\/www.correiobraziliense.com.br\/cbradar\/as-plantas-que-sobrevivem-ao-calor-extremo-e-deixam-a-varanda-bonita-e-fresca\/#primaryimage"},"thumbnailUrl":"https:\/\/www.correiobraziliense.com.br\/cbradar\/wp-content\/uploads\/2026\/01\/15.jpg","datePublished":"2026-01-28T19:25:09+00:00","author":{"@id":"https:\/\/www.correiobraziliense.com.br\/cbradar\/#\/schema\/person\/7356666e12ec0ee53f348ee5db227032"},"description":"Plantas resistentes ao calor mant\u00eam varandas e interiores quentes verdes com poucos cuidados, boa drenagem e regas nos hor\u00e1rios certos.","breadcrumb":{"@id":"https:\/\/www.correiobraziliense.com.br\/cbradar\/as-plantas-que-sobrevivem-ao-calor-extremo-e-deixam-a-varanda-bonita-e-fresca\/#breadcrumb"},"inLanguage":"pt-BR","potentialAction":[{"@type":"ReadAction","target":["https:\/\/www.correiobraziliense.com.br\/cbradar\/as-plantas-que-sobrevivem-ao-calor-extremo-e-deixam-a-varanda-bonita-e-fresca\/"]}]},{"@type":"ImageObject","inLanguage":"pt-BR","@id":"https:\/\/www.correiobraziliense.com.br\/cbradar\/as-plantas-que-sobrevivem-ao-calor-extremo-e-deixam-a-varanda-bonita-e-fresca\/#primaryimage","url":"https:\/\/www.correiobraziliense.com.br\/cbradar\/wp-content\/uploads\/2026\/01\/15.jpg","contentUrl":"https:\/\/www.correiobraziliense.com.br\/cbradar\/wp-content\/uploads\/2026\/01\/15.jpg","width":1280,"height":720,"caption":"Algumas plantas s\u00e3o naturalmente mais resistentes ao calor intenso"},{"@type":"BreadcrumbList","@id":"https:\/\/www.correiobraziliense.com.br\/cbradar\/as-plantas-que-sobrevivem-ao-calor-extremo-e-deixam-a-varanda-bonita-e-fresca\/#breadcrumb","itemListElement":[{"@type":"ListItem","position":1,"name":"In\u00edcio","item":"https:\/\/www.correiobraziliense.com.br\/cbradar\/"},{"@type":"ListItem","position":2,"name":"As plantas que sobrevivem ao calor extremo e deixam a varanda bonita e fresca"}]},{"@type":"WebSite","@id":"https:\/\/www.correiobraziliense.com.br\/cbradar\/#website","url":"https:\/\/www.correiobraziliense.com.br\/cbradar\/","name":"Correio Braziliense - Radar","description":"Acompanhe as \u00faltimas not\u00edcias e fique bem informado sobre tudo o que acontece no Brasil e no mundo.","potentialAction":[{"@type":"SearchAction","target":{"@type":"EntryPoint","urlTemplate":"https:\/\/www.correiobraziliense.com.br\/cbradar\/?s={search_term_string}"},"query-input":{"@type":"PropertyValueSpecification","valueRequired":true,"valueName":"search_term_string"}}],"inLanguage":"pt-BR"},{"@type":"Person","@id":"https:\/\/www.correiobraziliense.com.br\/cbradar\/#\/schema\/person\/7356666e12ec0ee53f348ee5db227032","name":"Daniely Cardoso","image":{"@type":"ImageObject","inLanguage":"pt-BR","@id":"https:\/\/www.correiobraziliense.com.br\/cbradar\/#\/schema\/person\/image\/","url":"https:\/\/secure.gravatar.com\/avatar\/4b80ddbd124d1f071b626d52d62e5dff?s=96&d=mm&r=g","contentUrl":"https:\/\/secure.gravatar.com\/avatar\/4b80ddbd124d1f071b626d52d62e5dff?s=96&d=mm&r=g","caption":"Daniely Cardoso"},"description":"Redatora nos portais CB Radar e EM Foco, formada pela Universidade Federal de Goi\u00e1s, em Goi\u00e2nia. Apaixonada por comunica\u00e7\u00e3o, arte, decora\u00e7\u00e3o e tend\u00eancias, atuo na produ\u00e7\u00e3o de conte\u00fados envolventes sobre curiosidades, moda, beleza e paisagismo, sempre com um olhar atento \u00e0s novidades do momento.","sameAs":["https:\/\/www.correiobraziliense.com.br\/cbradar"],"url":"https:\/\/www.correiobraziliense.com.br\/cbradar\/author\/danielymyth\/"}]}},"_links":{"self":[{"href":"https:\/\/www.correiobraziliense.com.br\/cbradar\/wp-json\/wp\/v2\/posts\/182426","targetHints":{"allow":["GET"]}}],"collection":[{"href":"https:\/\/www.correiobraziliense.com.br\/cbradar\/wp-json\/wp\/v2\/posts"}],"about":[{"href":"https:\/\/www.correiobraziliense.com.br\/cbradar\/wp-json\/wp\/v2\/types\/post"}],"author":[{"embeddable":true,"href":"https:\/\/www.correiobraziliense.com.br\/cbradar\/wp-json\/wp\/v2\/users\/9"}],"replies":[{"embeddable":true,"href":"https:\/\/www.correiobraziliense.com.br\/cbradar\/wp-json\/wp\/v2\/comments?post=182426"}],"version-history":[{"count":2,"href":"https:\/\/www.correiobraziliense.com.br\/cbradar\/wp-json\/wp\/v2\/posts\/182426\/revisions"}],"predecessor-version":[{"id":182441,"href":"https:\/\/www.correiobraziliense.com.br\/cbradar\/wp-json\/wp\/v2\/posts\/182426\/revisions\/182441"}],"wp:featuredmedia":[{"embeddable":true,"href":"https:\/\/www.correiobraziliense.com.br\/cbradar\/wp-json\/wp\/v2\/media\/182723"}],"wp:attachment":[{"href":"https:\/\/www.correiobraziliense.com.br\/cbradar\/wp-json\/wp\/v2\/media?parent=182426"}],"wp:term":[{"taxonomy":"category","embeddable":true,"href":"https:\/\/www.correiobraziliense.com.br\/cbradar\/wp-json\/wp\/v2\/categories?post=182426"},{"taxonomy":"post_tag","embeddable":true,"href":"https:\/\/www.correiobraziliense.com.br\/cbradar\/wp-json\/wp\/v2\/tags?post=182426"}],"curies":[{"name":"wp","href":"https:\/\/api.w.org\/{rel}","templated":true}]}}