{"id":182427,"date":"2026-01-28T19:45:17","date_gmt":"2026-01-28T22:45:17","guid":{"rendered":"https:\/\/www.correiobraziliense.com.br\/cbradar\/?p=182427"},"modified":"2026-01-27T14:20:44","modified_gmt":"2026-01-27T17:20:44","slug":"ideias-de-temperos-que-resistem-ao-calor-da-cozinha-e-dao-mais-vida-a-bancada-da-pia","status":"publish","type":"post","link":"https:\/\/www.correiobraziliense.com.br\/cbradar\/ideias-de-temperos-que-resistem-ao-calor-da-cozinha-e-dao-mais-vida-a-bancada-da-pia\/","title":{"rendered":"Ideias de temperos que resistem ao calor da cozinha e d\u00e3o mais vida \u00e0 bancada da pia"},"content":{"rendered":"\n<p>Voc\u00ea j\u00e1 percebeu como uma simples plantinha na bancada da pia pode transformar o clima da cozinha, deixando tudo mais aconchegante e com aquele cheirinho gostoso de comida fresca? Al\u00e9m de enfeitar, muitas esp\u00e9cies ainda viram temperos na hora, trazendo mais sabor e praticidade para o dia a dia, mesmo em cozinhas pequenas, quentes ou muito usadas.<\/p>\n\n\n\n<h2 class=\"wp-block-heading\">Quais plantas para cozinha resistem melhor ao calor<\/h2>\n\n\n\n<p>Em locais onde o fog\u00e3o e o forno ficam ligados com frequ\u00eancia, o calor e o vapor podem prejudicar algumas esp\u00e9cies mais sens\u00edveis. Por isso, escolher <strong>plantas para cozinha<\/strong> que resistem ao calor torna-se uma forma pr\u00e1tica de manter o espa\u00e7o mais verde sem exigir cuidados complexos no dia a dia.<\/p>\n\n\n\n<p>Em apartamentos pequenos ou cozinhas integradas, a circula\u00e7\u00e3o de ar nem sempre \u00e9 ideal. Nesses casos, optar por ervas e esp\u00e9cies ornamentais que se adaptam bem ao calor e \u00e0 varia\u00e7\u00e3o de umidade facilita o cultivo, permitindo que at\u00e9 quem tem pouca experi\u00eancia com <strong>jardinagem<\/strong> mantenha um cantinho verde perto da pia, da janela ou sobre a bancada.<\/p>\n\n\n<div class=\"wp-block-image\">\n<figure class=\"aligncenter size-large\"><img decoding=\"async\" width=\"1024\" height=\"576\" src=\"https:\/\/www.correiobraziliense.com.br\/cbradar\/wp-content\/uploads\/2025\/11\/manjericao-plantacao_1762358726632-1024x576.jpg\" alt=\"\" class=\"wp-image-131853\" srcset=\"https:\/\/www.correiobraziliense.com.br\/cbradar\/wp-content\/uploads\/2025\/11\/manjericao-plantacao_1762358726632-1024x576.jpg 1024w, https:\/\/www.correiobraziliense.com.br\/cbradar\/wp-content\/uploads\/2025\/11\/manjericao-plantacao_1762358726632-300x169.jpg 300w, https:\/\/www.correiobraziliense.com.br\/cbradar\/wp-content\/uploads\/2025\/11\/manjericao-plantacao_1762358726632-768x432.jpg 768w, https:\/\/www.correiobraziliense.com.br\/cbradar\/wp-content\/uploads\/2025\/11\/manjericao-plantacao_1762358726632-750x422.jpg 750w, https:\/\/www.correiobraziliense.com.br\/cbradar\/wp-content\/uploads\/2025\/11\/manjericao-plantacao_1762358726632-1140x641.jpg 1140w, https:\/\/www.correiobraziliense.com.br\/cbradar\/wp-content\/uploads\/2025\/11\/manjericao-plantacao_1762358726632.jpg 1280w\" sizes=\"(max-width: 1024px) 100vw, 1024px\" \/><figcaption class=\"wp-element-caption\">Regue sempre que o solo estiver seco ao toque, mas sem encharcar &#8211; Cr\u00e9ditos: depositphotos.com \/ k_v<\/figcaption><\/figure><\/div>\n\n\n<p>Leia tamb\u00e9m:&nbsp;<a href=\"https:\/\/www.correiobraziliense.com.br\/cbradar\/como-cuidar-da-zamioculca-corretamente-e-manter-a-planta-sempre-bonita-e-saudavel\/\" target=\"_blank\" rel=\"noopener\">Como cuidar da Zamioculca corretamente e manter a planta sempre bonita e saud\u00e1vel?<\/a><\/p>\n\n\n\n<h2 class=\"wp-block-heading\">Quais s\u00e3o as principais plantas que suportam bem temperaturas mais altas<\/h2>\n\n\n\n<p>Entre as plantas para cozinha que suportam melhor o calor est\u00e3o v\u00e1rias ervas arom\u00e1ticas e algumas esp\u00e9cies ornamentais r\u00fasticas. Elas costumam tolerar temperaturas elevadas, um ar um pouco mais seco e varia\u00e7\u00f5es de ilumina\u00e7\u00e3o, desde que recebam um m\u00ednimo de cuidado com rega, luz e ventila\u00e7\u00e3o.<\/p>\n\n\n\n<p>Se voc\u00ea quer montar um pequeno \u201cjardim culin\u00e1rio\u201d e decorar o ambiente ao mesmo tempo, vale apostar em esp\u00e9cies f\u00e1ceis de encontrar em qualquer <strong>floricultura<\/strong> ou mercado de plantas, como as da lista abaixo.<\/p>\n\n\n\n<div style=\"font-family: 'Segoe UI', Tahoma, Geneva, Verdana, sans-serif; max-width: 1100px; margin: 20px auto; border: 2px solid #722f37; border-radius: 30px; overflow: hidden; background-color: #ffffff; box-shadow: 0 4px 15px rgba(114, 47, 55, 0.1);\">\n    <table style=\"width: 100%; border-collapse: collapse; text-align: left; font-size: 14px;\">\n        <thead>\n            <tr style=\"background-color: #722f37;\">\n                <th style=\"padding: 15px; color: #ffffff; border-bottom: 2px solid #f9d8e6; width: 15%;\">Planta<\/th>\n                <th style=\"padding: 15px; color: #ffffff; border-bottom: 2px solid #f9d8e6; width: 15%;\">Tipo<\/th>\n                <th style=\"padding: 15px; color: #ffffff; border-bottom: 2px solid #f9d8e6; width: 20%;\">Faixa de temperatura ideal<\/th>\n                <th style=\"padding: 15px; color: #ffffff; border-bottom: 2px solid #f9d8e6; width: 20%;\">Luz indicada<\/th>\n                <th style=\"padding: 15px; color: #ffffff; border-bottom: 2px solid #f9d8e6; width: 30%;\">Rega recomendada<\/th>\n            <\/tr>\n        <\/thead>\n        <tbody>\n            <tr>\n                <td style=\"padding: 12px 15px; border-bottom: 1px solid #ffe3ee; color: #4a4a4a; font-weight: bold;\">Manjeric\u00e3o<\/td>\n                <td style=\"padding: 12px 15px; border-bottom: 1px solid #ffe3ee; color: #4a4a4a;\">Erva arom\u00e1tica<\/td>\n                <td style=\"padding: 12px 15px; border-bottom: 1px solid #ffe3ee; color: #4a4a4a;\">20 \u00b0C a 30 \u00b0C<\/td>\n                <td style=\"padding: 12px 15px; border-bottom: 1px solid #ffe3ee; color: #4a4a4a;\">Sol direto ou luz intensa<\/td>\n                <td style=\"padding: 12px 15px; border-bottom: 1px solid #ffe3ee; color: #4a4a4a;\">3 a 4 vezes por semana, conforme calor<\/td>\n            <\/tr>\n            <tr style=\"background-color: #fffafa;\">\n                <td style=\"padding: 12px 15px; border-bottom: 1px solid #ffe3ee; color: #4a4a4a; font-weight: bold;\">Alecrim<\/td>\n                <td style=\"padding: 12px 15px; border-bottom: 1px solid #ffe3ee; color: #4a4a4a;\">Erva arom\u00e1tica<\/td>\n                <td style=\"padding: 12px 15px; border-bottom: 1px solid #ffe3ee; color: #4a4a4a;\">18 \u00b0C a 30 \u00b0C<\/td>\n                <td style=\"padding: 12px 15px; border-bottom: 1px solid #ffe3ee; color: #4a4a4a;\">Sol pleno<\/td>\n                <td style=\"padding: 12px 15px; border-bottom: 1px solid #ffe3ee; color: #4a4a4a;\">2 vezes por semana, solo sempre bem drenado<\/td>\n            <\/tr>\n            <tr>\n                <td style=\"padding: 12px 15px; border-bottom: 1px solid #ffe3ee; color: #4a4a4a; font-weight: bold;\">Tomilho<\/td>\n                <td style=\"padding: 12px 15px; border-bottom: 1px solid #ffe3ee; color: #4a4a4a;\">Erva arom\u00e1tica<\/td>\n                <td style=\"padding: 12px 15px; border-bottom: 1px solid #ffe3ee; color: #4a4a4a;\">18 \u00b0C a 28 \u00b0C<\/td>\n                <td style=\"padding: 12px 15px; border-bottom: 1px solid #ffe3ee; color: #4a4a4a;\">Sol direto ou meia-sombra clara<\/td>\n                <td style=\"padding: 12px 15px; border-bottom: 1px solid #ffe3ee; color: #4a4a4a;\">2 a 3 vezes por semana, evitando encharcar<\/td>\n            <\/tr>\n            <tr style=\"background-color: #fffafa;\">\n                <td style=\"padding: 12px 15px; border-bottom: 1px solid #ffe3ee; color: #4a4a4a; font-weight: bold;\">S\u00e1lvia<\/td>\n                <td style=\"padding: 12px 15px; border-bottom: 1px solid #ffe3ee; color: #4a4a4a;\">Erva arom\u00e1tica<\/td>\n                <td style=\"padding: 12px 15px; border-bottom: 1px solid #ffe3ee; color: #4a4a4a;\">18 \u00b0C a 27 \u00b0C<\/td>\n                <td style=\"padding: 12px 15px; border-bottom: 1px solid #ffe3ee; color: #4a4a4a;\">Luz indireta forte<\/td>\n                <td style=\"padding: 12px 15px; border-bottom: 1px solid #ffe3ee; color: #4a4a4a;\">2 a 3 vezes por semana<\/td>\n            <\/tr>\n            <tr>\n                <td style=\"padding: 12px 15px; border-bottom: 1px solid #ffe3ee; color: #4a4a4a; font-weight: bold;\">Cebolinha<\/td>\n                <td style=\"padding: 12px 15px; border-bottom: 1px solid #ffe3ee; color: #4a4a4a;\">Erva culin\u00e1ria<\/td>\n                <td style=\"padding: 12px 15px; border-bottom: 1px solid #ffe3ee; color: #4a4a4a;\">15 \u00b0C a 28 \u00b0C<\/td>\n                <td style=\"padding: 12px 15px; border-bottom: 1px solid #ffe3ee; color: #4a4a4a;\">Luz indireta ou sol fraco<\/td>\n                <td style=\"padding: 12px 15px; border-bottom: 1px solid #ffe3ee; color: #4a4a4a;\">3 vezes por semana, mantendo solo \u00famido<\/td>\n            <\/tr>\n            <tr style=\"background-color: #fffafa;\">\n                <td style=\"padding: 12px 15px; border-bottom: 1px solid #ffe3ee; color: #4a4a4a; font-weight: bold;\">Pimenta ornamental<\/td>\n                <td style=\"padding: 12px 15px; border-bottom: 1px solid #ffe3ee; color: #4a4a4a;\">Ornamental\/comest\u00edvel<\/td>\n                <td style=\"padding: 12px 15px; border-bottom: 1px solid #ffe3ee; color: #4a4a4a;\">20 \u00b0C a 32 \u00b0C<\/td>\n                <td style=\"padding: 12px 15px; border-bottom: 1px solid #ffe3ee; color: #4a4a4a;\">Sol pleno<\/td>\n                <td style=\"padding: 12px 15px; border-bottom: 1px solid #ffe3ee; color: #4a4a4a;\">2 a 3 vezes por semana<\/td>\n            <\/tr>\n            <tr>\n                <td style=\"padding: 12px 15px; color: #4a4a4a; font-weight: bold;\">L\u00edrio-da-paz<\/td>\n                <td style=\"padding: 12px 15px; color: #4a4a4a;\">Ornamental<\/td>\n                <td style=\"padding: 12px 15px; color: #4a4a4a;\">18 \u00b0C a 26 \u00b0C<\/td>\n                <td style=\"padding: 12px 15px; color: #4a4a4a;\">Meia-sombra<\/td>\n                <td style=\"padding: 12px 15px; color: #4a4a4a;\">2 vezes por semana, mantendo umidade moderada<\/td>\n            <\/tr>\n        <\/tbody>\n    <\/table>\n<\/div>\n\n\n\n<h2 class=\"wp-block-heading\">Como o clima ideal influencia o cultivo de plantas na cozinha<\/h2>\n\n\n\n<p>O clima ideal para cultivar <strong>plantas de cozinha<\/strong> resistentes ao calor costuma ficar entre temperaturas amenas e quentes, sem extremos. Em geral, a faixa entre 18 \u00b0C e 30 \u00b0C \u00e9 adequada para a maior parte das ervas arom\u00e1ticas e esp\u00e9cies ornamentais comuns em cozinhas, mantendo as folhas firmes e cheias de vida.<\/p>\n\n\n\n<p>Outro ponto importante \u00e9 a <strong>ilumina\u00e7\u00e3o<\/strong>, que faz toda a diferen\u00e7a na sa\u00fade das plantas. Muitas esp\u00e9cies precisam de luz indireta intensa ou algumas horas de sol direto, principalmente pela manh\u00e3, ent\u00e3o vale observar a posi\u00e7\u00e3o das janelas e aproximar os vasos da claridade sempre que poss\u00edvel.<\/p>\n\n\n\n<h2 class=\"wp-block-heading\">Como a ilumina\u00e7\u00e3o e a circula\u00e7\u00e3o de ar ajudam as plantas da cozinha<\/h2>\n\n\n\n<p>Janelas voltadas para leste ou norte costumam favorecer o desenvolvimento de ervas como manjeric\u00e3o, alecrim e tomilho. J\u00e1 em cozinhas mais escuras, \u00e9 comum as plantas ficarem fracas ou alongadas demais, por isso prateleiras suspensas perto da janela podem ser uma solu\u00e7\u00e3o simples para aproveitar melhor a luz dispon\u00edvel.<\/p>\n\n\n\n<p>A boa circula\u00e7\u00e3o de ar tamb\u00e9m \u00e9 essencial, especialmente em cozinhas muito usadas, onde o uso constante do <strong>fog\u00e3o<\/strong> gera vapor e gordura. Abrir janelas com frequ\u00eancia ajuda a evitar fungos, murchas repentinas e aquele aspecto \u201cabatido\u201d das folhas, al\u00e9m de deixar o ambiente mais agrad\u00e1vel para quem cozinha. Se voc\u00ea gosta de cultivo, separamos esse v\u00eddeo do canal <a href=\"https:\/\/www.youtube.com\/@VilaNinaTV\" target=\"_blank\" rel=\"noreferrer noopener\">Vila Nina TV<\/a> mostrando temperos para sua horta:<\/p>\n\n\n\n<figure class=\"wp-block-embed is-type-video is-provider-youtube wp-block-embed-youtube wp-embed-aspect-16-9 wp-has-aspect-ratio\"><div class=\"wp-block-embed__wrapper\">\n<div class=\"jeg_video_container jeg_video_content\"><iframe loading=\"lazy\" title=\"Como Cultivar Sua Horta de Temperos em Casa ou Apartamento\" width=\"500\" height=\"281\" src=\"https:\/\/www.youtube.com\/embed\/3IW8wGRO-Lo?feature=oembed\" frameborder=\"0\" allow=\"accelerometer; autoplay; clipboard-write; encrypted-media; gyroscope; picture-in-picture; web-share\" referrerpolicy=\"strict-origin-when-cross-origin\" allowfullscreen><\/iframe><\/div>\n<\/div><\/figure>\n\n\n\n<h2 class=\"wp-block-heading\">Como cuidar de plantas para cozinha que resistem ao calor<\/h2>\n\n\n\n<p>Mesmo sendo adaptadas ao calor, as plantas de cozinha precisam de alguns cuidados b\u00e1sicos para se manterem bonitas e produtivas. A rotina n\u00e3o precisa ser complicada: pequenos gestos, como observar o solo e as folhas, j\u00e1 ajudam a identificar se est\u00e1 faltando ou sobrando \u00e1gua, luz ou ventila\u00e7\u00e3o.<\/p>\n\n\n\n<p>Esses cuidados simples prolongam a vida das esp\u00e9cies, mesmo em cozinhas muito movimentadas. A observa\u00e7\u00e3o di\u00e1ria do solo, do crescimento e da cor das folhas permite notar sinais de estresse, como amarelamento, murcha ou manchas, e ajustar a rotina de <strong>rega<\/strong> antes que a planta enfraque\u00e7a demais.<\/p>\n\n\n\n<h2 class=\"wp-block-heading\">Como come\u00e7ar seu cantinho verde na cozinha hoje<\/h2>\n\n\n\n<p>Com a escolha certa das esp\u00e9cies, aten\u00e7\u00e3o b\u00e1sica \u00e0 <strong>luz<\/strong>, \u00e0 rega e \u00e0 ventila\u00e7\u00e3o, a cozinha pode se transformar em um ambiente funcional e ao mesmo tempo mais acolhedor. Al\u00e9m de trazer aroma e frescor, as plantas criam uma sensa\u00e7\u00e3o de bem-estar e deixam o preparo das refei\u00e7\u00f5es muito mais prazeroso.<\/p>\n\n\n\n<p>Se voc\u00ea quer dar o primeiro passo, comece com uma ou duas ervas mais f\u00e1ceis, como <strong>manjeric\u00e3o<\/strong> e cebolinha, em vasos pequenos perto da janela. Observe, teste, ajuste a rotina de cuidados e, aos poucos, v\u00e1 ampliando seu mini jardim: assim, a cada refei\u00e7\u00e3o, voc\u00ea colhe n\u00e3o s\u00f3 temperos frescos, mas tamb\u00e9m mais cor e vida para a sua casa.<\/p>\n","protected":false},"excerpt":{"rendered":"<p>Voc\u00ea j\u00e1 percebeu como uma simples plantinha na bancada da pia pode transformar o clima da cozinha, deixando tudo mais aconchegante e com aquele cheirinho gostoso de comida fresca? Al\u00e9m de enfeitar, muitas esp\u00e9cies ainda viram temperos na hora, trazendo mais sabor e praticidade para o dia a dia, mesmo em cozinhas pequenas, quentes ou [&hellip;]<\/p>\n","protected":false},"author":9,"featured_media":182719,"comment_status":"open","ping_status":"open","sticky":false,"template":"","format":"standard","meta":{"_yoast_wpseo_focuskw":"plantas para cozinha","_yoast_wpseo_title":"","_yoast_wpseo_metadesc":"Plantas resistentes ao calor mant\u00eam a cozinha verde, arom\u00e1tica e produtiva com luz adequada, boa ventila\u00e7\u00e3o e regas moderadas.","jnews-multi-image_gallery":[],"jnews_single_post":{"format":"standard"},"jnews_primary_category":[],"jnews_social_meta":[],"jnews_override_counter":[],"footnotes":""},"categories":[136],"tags":[224,14471,9248],"class_list":["post-182427","post","type-post","status-publish","format-standard","has-post-thumbnail","hentry","category-jardinagem","tag-plantas","tag-plantas-para-a-cozinha","tag-tipos-de-plantas"],"yoast_head":"<!-- This site is optimized with the Yoast SEO plugin v24.6 - https:\/\/yoast.com\/wordpress\/plugins\/seo\/ -->\n<title>Ideias de temperos que resistem ao calor da cozinha e d\u00e3o mais vida \u00e0 bancada da pia - Correio Braziliense - Radar<\/title>\n<meta name=\"description\" content=\"Plantas resistentes ao calor mant\u00eam a cozinha verde, arom\u00e1tica e produtiva com luz adequada, boa ventila\u00e7\u00e3o e regas moderadas.\" \/>\n<meta name=\"robots\" content=\"index, follow, max-snippet:-1, max-image-preview:large, max-video-preview:-1\" \/>\n<link rel=\"canonical\" href=\"https:\/\/www.correiobraziliense.com.br\/cbradar\/ideias-de-temperos-que-resistem-ao-calor-da-cozinha-e-dao-mais-vida-a-bancada-da-pia\/\" \/>\n<meta property=\"og:locale\" content=\"pt_BR\" \/>\n<meta property=\"og:type\" content=\"article\" \/>\n<meta property=\"og:title\" content=\"Ideias de temperos que resistem ao calor da cozinha e d\u00e3o mais vida \u00e0 bancada da pia - Correio Braziliense - Radar\" \/>\n<meta property=\"og:description\" content=\"Plantas resistentes ao calor mant\u00eam a cozinha verde, arom\u00e1tica e produtiva com luz adequada, boa ventila\u00e7\u00e3o e regas moderadas.\" \/>\n<meta property=\"og:url\" content=\"https:\/\/www.correiobraziliense.com.br\/cbradar\/ideias-de-temperos-que-resistem-ao-calor-da-cozinha-e-dao-mais-vida-a-bancada-da-pia\/\" \/>\n<meta property=\"og:site_name\" content=\"Correio Braziliense - Radar\" \/>\n<meta property=\"article:published_time\" content=\"2026-01-28T22:45:17+00:00\" \/>\n<meta property=\"og:image\" content=\"https:\/\/www.correiobraziliense.com.br\/cbradar\/wp-content\/uploads\/2026\/01\/11.jpg\" \/>\n\t<meta property=\"og:image:width\" content=\"1280\" \/>\n\t<meta property=\"og:image:height\" content=\"720\" \/>\n\t<meta property=\"og:image:type\" content=\"image\/jpeg\" \/>\n<meta name=\"author\" content=\"Daniely Cardoso\" \/>\n<meta name=\"twitter:card\" content=\"summary_large_image\" \/>\n<meta name=\"twitter:label1\" content=\"Escrito por\" \/>\n\t<meta name=\"twitter:data1\" content=\"Daniely Cardoso\" \/>\n\t<meta name=\"twitter:label2\" content=\"Est. tempo de leitura\" \/>\n\t<meta name=\"twitter:data2\" content=\"6 minutos\" \/>\n<!-- \/ Yoast SEO plugin. -->","yoast_head_json":{"title":"Ideias de temperos que resistem ao calor da cozinha e d\u00e3o mais vida \u00e0 bancada da pia - Correio Braziliense - Radar","description":"Plantas resistentes ao calor mant\u00eam a cozinha verde, arom\u00e1tica e produtiva com luz adequada, boa ventila\u00e7\u00e3o e regas moderadas.","robots":{"index":"index","follow":"follow","max-snippet":"max-snippet:-1","max-image-preview":"max-image-preview:large","max-video-preview":"max-video-preview:-1"},"canonical":"https:\/\/www.correiobraziliense.com.br\/cbradar\/ideias-de-temperos-que-resistem-ao-calor-da-cozinha-e-dao-mais-vida-a-bancada-da-pia\/","og_locale":"pt_BR","og_type":"article","og_title":"Ideias de temperos que resistem ao calor da cozinha e d\u00e3o mais vida \u00e0 bancada da pia - Correio Braziliense - Radar","og_description":"Plantas resistentes ao calor mant\u00eam a cozinha verde, arom\u00e1tica e produtiva com luz adequada, boa ventila\u00e7\u00e3o e regas moderadas.","og_url":"https:\/\/www.correiobraziliense.com.br\/cbradar\/ideias-de-temperos-que-resistem-ao-calor-da-cozinha-e-dao-mais-vida-a-bancada-da-pia\/","og_site_name":"Correio Braziliense - Radar","article_published_time":"2026-01-28T22:45:17+00:00","og_image":[{"width":1280,"height":720,"url":"https:\/\/www.correiobraziliense.com.br\/cbradar\/wp-content\/uploads\/2026\/01\/11.jpg","type":"image\/jpeg"}],"author":"Daniely Cardoso","twitter_card":"summary_large_image","twitter_misc":{"Escrito por":"Daniely Cardoso","Est. tempo de leitura":"6 minutos"},"schema":{"@context":"https:\/\/schema.org","@graph":[{"@type":"WebPage","@id":"https:\/\/www.correiobraziliense.com.br\/cbradar\/ideias-de-temperos-que-resistem-ao-calor-da-cozinha-e-dao-mais-vida-a-bancada-da-pia\/","url":"https:\/\/www.correiobraziliense.com.br\/cbradar\/ideias-de-temperos-que-resistem-ao-calor-da-cozinha-e-dao-mais-vida-a-bancada-da-pia\/","name":"Ideias de temperos que resistem ao calor da cozinha e d\u00e3o mais vida \u00e0 bancada da pia - Correio Braziliense - Radar","isPartOf":{"@id":"https:\/\/www.correiobraziliense.com.br\/cbradar\/#website"},"primaryImageOfPage":{"@id":"https:\/\/www.correiobraziliense.com.br\/cbradar\/ideias-de-temperos-que-resistem-ao-calor-da-cozinha-e-dao-mais-vida-a-bancada-da-pia\/#primaryimage"},"image":{"@id":"https:\/\/www.correiobraziliense.com.br\/cbradar\/ideias-de-temperos-que-resistem-ao-calor-da-cozinha-e-dao-mais-vida-a-bancada-da-pia\/#primaryimage"},"thumbnailUrl":"https:\/\/www.correiobraziliense.com.br\/cbradar\/wp-content\/uploads\/2026\/01\/11.jpg","datePublished":"2026-01-28T22:45:17+00:00","author":{"@id":"https:\/\/www.correiobraziliense.com.br\/cbradar\/#\/schema\/person\/7356666e12ec0ee53f348ee5db227032"},"description":"Plantas resistentes ao calor mant\u00eam a cozinha verde, arom\u00e1tica e produtiva com luz adequada, boa ventila\u00e7\u00e3o e regas moderadas.","breadcrumb":{"@id":"https:\/\/www.correiobraziliense.com.br\/cbradar\/ideias-de-temperos-que-resistem-ao-calor-da-cozinha-e-dao-mais-vida-a-bancada-da-pia\/#breadcrumb"},"inLanguage":"pt-BR","potentialAction":[{"@type":"ReadAction","target":["https:\/\/www.correiobraziliense.com.br\/cbradar\/ideias-de-temperos-que-resistem-ao-calor-da-cozinha-e-dao-mais-vida-a-bancada-da-pia\/"]}]},{"@type":"ImageObject","inLanguage":"pt-BR","@id":"https:\/\/www.correiobraziliense.com.br\/cbradar\/ideias-de-temperos-que-resistem-ao-calor-da-cozinha-e-dao-mais-vida-a-bancada-da-pia\/#primaryimage","url":"https:\/\/www.correiobraziliense.com.br\/cbradar\/wp-content\/uploads\/2026\/01\/11.jpg","contentUrl":"https:\/\/www.correiobraziliense.com.br\/cbradar\/wp-content\/uploads\/2026\/01\/11.jpg","width":1280,"height":720,"caption":"Plantas na cozinha ajudam a criar um ambiente mais acolhedor e agrad\u00e1vel"},{"@type":"BreadcrumbList","@id":"https:\/\/www.correiobraziliense.com.br\/cbradar\/ideias-de-temperos-que-resistem-ao-calor-da-cozinha-e-dao-mais-vida-a-bancada-da-pia\/#breadcrumb","itemListElement":[{"@type":"ListItem","position":1,"name":"In\u00edcio","item":"https:\/\/www.correiobraziliense.com.br\/cbradar\/"},{"@type":"ListItem","position":2,"name":"Ideias de temperos que resistem ao calor da cozinha e d\u00e3o mais vida \u00e0 bancada da pia"}]},{"@type":"WebSite","@id":"https:\/\/www.correiobraziliense.com.br\/cbradar\/#website","url":"https:\/\/www.correiobraziliense.com.br\/cbradar\/","name":"Correio Braziliense - Radar","description":"Acompanhe as \u00faltimas not\u00edcias e fique bem informado sobre tudo o que acontece no Brasil e no mundo.","potentialAction":[{"@type":"SearchAction","target":{"@type":"EntryPoint","urlTemplate":"https:\/\/www.correiobraziliense.com.br\/cbradar\/?s={search_term_string}"},"query-input":{"@type":"PropertyValueSpecification","valueRequired":true,"valueName":"search_term_string"}}],"inLanguage":"pt-BR"},{"@type":"Person","@id":"https:\/\/www.correiobraziliense.com.br\/cbradar\/#\/schema\/person\/7356666e12ec0ee53f348ee5db227032","name":"Daniely Cardoso","image":{"@type":"ImageObject","inLanguage":"pt-BR","@id":"https:\/\/www.correiobraziliense.com.br\/cbradar\/#\/schema\/person\/image\/","url":"https:\/\/secure.gravatar.com\/avatar\/4b80ddbd124d1f071b626d52d62e5dff?s=96&d=mm&r=g","contentUrl":"https:\/\/secure.gravatar.com\/avatar\/4b80ddbd124d1f071b626d52d62e5dff?s=96&d=mm&r=g","caption":"Daniely Cardoso"},"description":"Redatora nos portais CB Radar e EM Foco, formada pela Universidade Federal de Goi\u00e1s, em Goi\u00e2nia. Apaixonada por comunica\u00e7\u00e3o, arte, decora\u00e7\u00e3o e tend\u00eancias, atuo na produ\u00e7\u00e3o de conte\u00fados envolventes sobre curiosidades, moda, beleza e paisagismo, sempre com um olhar atento \u00e0s novidades do momento.","sameAs":["https:\/\/www.correiobraziliense.com.br\/cbradar"],"url":"https:\/\/www.correiobraziliense.com.br\/cbradar\/author\/danielymyth\/"}]}},"_links":{"self":[{"href":"https:\/\/www.correiobraziliense.com.br\/cbradar\/wp-json\/wp\/v2\/posts\/182427","targetHints":{"allow":["GET"]}}],"collection":[{"href":"https:\/\/www.correiobraziliense.com.br\/cbradar\/wp-json\/wp\/v2\/posts"}],"about":[{"href":"https:\/\/www.correiobraziliense.com.br\/cbradar\/wp-json\/wp\/v2\/types\/post"}],"author":[{"embeddable":true,"href":"https:\/\/www.correiobraziliense.com.br\/cbradar\/wp-json\/wp\/v2\/users\/9"}],"replies":[{"embeddable":true,"href":"https:\/\/www.correiobraziliense.com.br\/cbradar\/wp-json\/wp\/v2\/comments?post=182427"}],"version-history":[{"count":2,"href":"https:\/\/www.correiobraziliense.com.br\/cbradar\/wp-json\/wp\/v2\/posts\/182427\/revisions"}],"predecessor-version":[{"id":182442,"href":"https:\/\/www.correiobraziliense.com.br\/cbradar\/wp-json\/wp\/v2\/posts\/182427\/revisions\/182442"}],"wp:featuredmedia":[{"embeddable":true,"href":"https:\/\/www.correiobraziliense.com.br\/cbradar\/wp-json\/wp\/v2\/media\/182719"}],"wp:attachment":[{"href":"https:\/\/www.correiobraziliense.com.br\/cbradar\/wp-json\/wp\/v2\/media?parent=182427"}],"wp:term":[{"taxonomy":"category","embeddable":true,"href":"https:\/\/www.correiobraziliense.com.br\/cbradar\/wp-json\/wp\/v2\/categories?post=182427"},{"taxonomy":"post_tag","embeddable":true,"href":"https:\/\/www.correiobraziliense.com.br\/cbradar\/wp-json\/wp\/v2\/tags?post=182427"}],"curies":[{"name":"wp","href":"https:\/\/api.w.org\/{rel}","templated":true}]}}