{"id":182437,"date":"2026-01-27T00:08:47","date_gmt":"2026-01-27T03:08:47","guid":{"rendered":"https:\/\/www.correiobraziliense.com.br\/cbradar\/?p=182437"},"modified":"2026-01-27T00:08:50","modified_gmt":"2026-01-27T03:08:50","slug":"proibicao-das-unhas-em-gel-entrou-em-vigor-em-1o-de-setembro-saiba-se-voce-corre-risco","status":"publish","type":"post","link":"https:\/\/www.correiobraziliense.com.br\/cbradar\/proibicao-das-unhas-em-gel-entrou-em-vigor-em-1o-de-setembro-saiba-se-voce-corre-risco\/","title":{"rendered":"Proibi\u00e7\u00e3o das unhas em gel entrou em vigor em 1\u00ba de setembro; saiba se voc\u00ea corre risco"},"content":{"rendered":"\n<p>Uma mudan\u00e7a silenciosa, mas dr\u00e1stica, atingiu o mercado de beleza e est\u00e9tica nos \u00faltimos meses. Desde o dia <strong>1\u00ba de setembro<\/strong>, entrou em vigor na Europa \u2014 com reflexos diretos e medidas similares adotadas pela <strong>Anvisa (Ag\u00eancia Nacional de Vigil\u00e2ncia Sanit\u00e1ria)<\/strong> no Brasil \u2014 a proibi\u00e7\u00e3o de cosm\u00e9ticos e produtos para unhas que contenham duas subst\u00e2ncias qu\u00edmicas espec\u00edficas: o <strong>TPO<\/strong> e o <strong>DMPT<\/strong>.<\/p>\n\n\n\n<p>Esses compostos, fundamentais para o endurecimento e secagem r\u00e1pida dos esmaltes em gel sob luz UV\/LED, foram reclassificados como perigosos ap\u00f3s novos estudos toxicol\u00f3gicos, obrigando fabricantes e manicures a mudarem suas f\u00f3rmulas \u00e0s pressas.<\/p>\n\n\n\n<h3 class=\"wp-block-heading\">O que s\u00e3o essas subst\u00e2ncias e por que foram banidas?<\/h3>\n\n\n\n<p>A decis\u00e3o n\u00e3o \u00e9 um exagero burocr\u00e1tico, mas um alerta de sa\u00fade p\u00fablica. Segundo os relat\u00f3rios t\u00e9cnicos que embasaram a proibi\u00e7\u00e3o, os riscos s\u00e3o s\u00e9rios:<\/p>\n\n\n\n<ul class=\"wp-block-list\">\n<li><strong>TPO (Trimethylbenzoyl Diphenylphosphine Oxide):<\/strong> Classificado como t\u00f3xico para a reprodu\u00e7\u00e3o humana. Estudos indicaram que a exposi\u00e7\u00e3o cont\u00ednua a este agente de cura pode afetar a fertilidade.<\/li>\n\n\n\n<li><strong>DMPT (Dimethyltolylamine):<\/strong> Identificado com potencial carcinog\u00eanico (risco de c\u00e2ncer).<\/li>\n<\/ul>\n\n\n\n<p>Embora o consumidor final tenha contato com pequenas quantidades, o risco maior recai sobre as profissionais (manicures) que manipulam os produtos diariamente e sobre o uso a longo prazo.<\/p>\n\n\n\n<h3 class=\"wp-block-heading\">O fim das unhas em gel?<\/h3>\n\n\n\n<p>N\u00e3o \u00e9 o fim da t\u00e9cnica, mas o fim de uma era de &#8220;vale-tudo&#8221; qu\u00edmico. A proibi\u00e7\u00e3o exige que as marcas retirem do mercado os produtos que cont\u00eam TPO e DMPT. Para o consumidor, isso significa que o seu sal\u00e3o de confian\u00e7a precisa atualizar o estoque.<\/p>\n\n\n\n<p>A Anvisa deu um prazo (geralmente de 90 dias a partir da resolu\u00e7\u00e3o de outubro\/novembro de 2025) para que as empresas cessem a venda e recolham os itens. Portanto, unhas em gel continuam permitidas, desde que feitas com os novos produtos &#8220;TPO-Free&#8221; e &#8220;Hema-Free&#8221; (livres de \u00e1cidos agressivos), que j\u00e1 s\u00e3o tend\u00eancia mundial.<\/p>\n\n\n\n<h3 class=\"wp-block-heading\">Como se proteger?<\/h3>\n\n\n\n<p>Se voc\u00ea \u00e9 adepta das unhas em gel ou blindagem, o ideal \u00e9 questionar sua manicure sobre a marca dos produtos utilizados. Grandes fabricantes internacionais e nacionais j\u00e1 reformularam suas linhas para se adequarem \u00e0 legisla\u00e7\u00e3o que entrou em vigor em setembro na Europa e foi seguida pelo Brasil.<\/p>\n\n\n\n<p>A recomenda\u00e7\u00e3o da Anvisa \u00e9 clara: produtos com essas subst\u00e2ncias n\u00e3o devem mais ser utilizados. Se o r\u00f3tulo do seu esmalte ou gel constar <strong>Trimethylbenzoyl Diphenylphosphine Oxide<\/strong> ou <strong>Dimethyltolylamine<\/strong>, ele est\u00e1 irregular e pode oferecer riscos \u00e0 sua sa\u00fade reprodutiva.<\/p>\n\n\n\n<p>Para entender os detalhes t\u00e9cnicos da resolu\u00e7\u00e3o e os prazos oficiais, <a target=\"_blank\" rel=\"noreferrer noopener\" href=\"https:\/\/agenciabrasil.ebc.com.br\/saude\/noticia\/2025-10\/anvisa-proibe-duas-substancias-utilizadas-em-produtos-para-unhas-em-gel\">leia o comunicado completo da Ag\u00eancia Brasil sobre a proibi\u00e7\u00e3o da Anvisa<\/a>.<\/p>\n\n\n\n<hr class=\"wp-block-separator has-alpha-channel-opacity\"\/>\n\n\n\n<h3 class=\"wp-block-heading\">Perguntas Frequentes (FAQ)<\/h3>\n\n\n\n<p><strong>1. Vou ter que tirar meu gel agora?<\/strong> N\u00e3o h\u00e1 necessidade de p\u00e2nico ou remo\u00e7\u00e3o imediata se voc\u00ea fez as unhas recentemente. O risco est\u00e1 na exposi\u00e7\u00e3o cont\u00ednua e no manuseio do produto l\u00edquido\/pastoso antes da secagem.<\/p>\n\n\n\n<p><strong>2. Como sei se o produto do meu sal\u00e3o \u00e9 seguro?<\/strong> Pe\u00e7a para ver a embalagem. Procure pelos termos &#8220;TPO-Free&#8221; ou verifique a lista de ingredientes. Marcas regularizadas j\u00e1 est\u00e3o emitindo comunicados garantindo a aus\u00eancia das subst\u00e2ncias proibidas.<\/p>\n\n\n\n<p><strong>3. A luz UV tamb\u00e9m foi proibida?<\/strong> N\u00e3o. A proibi\u00e7\u00e3o \u00e9 qu\u00edmica (sobre o gel e o esmalte). As cabines de luz UV\/LED continuam permitidas, embora dermatologistas recomendem o uso de protetor solar nas m\u00e3os antes da exposi\u00e7\u00e3o para evitar envelhecimento precoce da pele.<\/p>\n","protected":false},"excerpt":{"rendered":"<p>Novas regras da Anvisa e da Uni\u00e3o Europeia vetam subst\u00e2ncias qu\u00edmicas populares ligadas \u00e0 infertilidade e c\u00e2ncer; sal\u00f5es t\u00eam prazo para se adaptar.<\/p>\n","protected":false},"author":4,"featured_media":114792,"comment_status":"open","ping_status":"open","sticky":false,"template":"","format":"standard","meta":{"_yoast_wpseo_focuskw":"unhas de gel","_yoast_wpseo_title":"","_yoast_wpseo_metadesc":"Novas regras da Anvisa e da Uni\u00e3o Europeia vetam subst\u00e2ncias qu\u00edmicas populares ligadas \u00e0 infertilidade e c\u00e2ncer; sal\u00f5es t\u00eam prazo para se adaptar.","jnews-multi-image_gallery":[],"jnews_single_post":{"format":"standard"},"jnews_primary_category":[],"jnews_social_meta":[],"jnews_override_counter":[],"footnotes":""},"categories":[124],"tags":[125,507],"class_list":["post-182437","post","type-post","status-publish","format-standard","has-post-thumbnail","hentry","category-beleza","tag-beleza","tag-unhas"],"yoast_head":"<!-- This site is optimized with the Yoast SEO plugin v24.6 - https:\/\/yoast.com\/wordpress\/plugins\/seo\/ -->\n<title>Proibi\u00e7\u00e3o das unhas em gel entrou em vigor em 1\u00ba de setembro; saiba se voc\u00ea corre risco - Correio Braziliense - Radar<\/title>\n<meta name=\"description\" content=\"Novas regras da Anvisa e da Uni\u00e3o Europeia vetam subst\u00e2ncias qu\u00edmicas populares ligadas \u00e0 infertilidade e c\u00e2ncer; sal\u00f5es t\u00eam prazo para se adaptar.\" \/>\n<meta name=\"robots\" content=\"index, follow, max-snippet:-1, max-image-preview:large, max-video-preview:-1\" \/>\n<link rel=\"canonical\" href=\"https:\/\/www.correiobraziliense.com.br\/cbradar\/proibicao-das-unhas-em-gel-entrou-em-vigor-em-1o-de-setembro-saiba-se-voce-corre-risco\/\" \/>\n<meta property=\"og:locale\" content=\"pt_BR\" \/>\n<meta property=\"og:type\" content=\"article\" \/>\n<meta property=\"og:title\" content=\"Proibi\u00e7\u00e3o das unhas em gel entrou em vigor em 1\u00ba de setembro; saiba se voc\u00ea corre risco - Correio Braziliense - Radar\" \/>\n<meta property=\"og:description\" content=\"Novas regras da Anvisa e da Uni\u00e3o Europeia vetam subst\u00e2ncias qu\u00edmicas populares ligadas \u00e0 infertilidade e c\u00e2ncer; sal\u00f5es t\u00eam prazo para se adaptar.\" \/>\n<meta property=\"og:url\" content=\"https:\/\/www.correiobraziliense.com.br\/cbradar\/proibicao-das-unhas-em-gel-entrou-em-vigor-em-1o-de-setembro-saiba-se-voce-corre-risco\/\" \/>\n<meta property=\"og:site_name\" content=\"Correio Braziliense - Radar\" \/>\n<meta property=\"article:published_time\" content=\"2026-01-27T03:08:47+00:00\" \/>\n<meta property=\"article:modified_time\" content=\"2026-01-27T03:08:50+00:00\" \/>\n<meta property=\"og:image\" content=\"https:\/\/www.correiobraziliense.com.br\/cbradar\/wp-content\/uploads\/2025\/10\/unhas_1759767972903-1.jpg\" \/>\n\t<meta property=\"og:image:width\" content=\"1280\" \/>\n\t<meta property=\"og:image:height\" content=\"720\" \/>\n\t<meta property=\"og:image:type\" content=\"image\/jpeg\" \/>\n<meta name=\"author\" content=\"Guilherme Cremaschi\" \/>\n<meta name=\"twitter:card\" content=\"summary_large_image\" \/>\n<meta name=\"twitter:label1\" content=\"Escrito por\" \/>\n\t<meta name=\"twitter:data1\" content=\"Guilherme Cremaschi\" \/>\n\t<meta name=\"twitter:label2\" content=\"Est. tempo de leitura\" \/>\n\t<meta name=\"twitter:data2\" content=\"4 minutos\" \/>\n<!-- \/ Yoast SEO plugin. -->","yoast_head_json":{"title":"Proibi\u00e7\u00e3o das unhas em gel entrou em vigor em 1\u00ba de setembro; saiba se voc\u00ea corre risco - Correio Braziliense - Radar","description":"Novas regras da Anvisa e da Uni\u00e3o Europeia vetam subst\u00e2ncias qu\u00edmicas populares ligadas \u00e0 infertilidade e c\u00e2ncer; sal\u00f5es t\u00eam prazo para se adaptar.","robots":{"index":"index","follow":"follow","max-snippet":"max-snippet:-1","max-image-preview":"max-image-preview:large","max-video-preview":"max-video-preview:-1"},"canonical":"https:\/\/www.correiobraziliense.com.br\/cbradar\/proibicao-das-unhas-em-gel-entrou-em-vigor-em-1o-de-setembro-saiba-se-voce-corre-risco\/","og_locale":"pt_BR","og_type":"article","og_title":"Proibi\u00e7\u00e3o das unhas em gel entrou em vigor em 1\u00ba de setembro; saiba se voc\u00ea corre risco - Correio Braziliense - Radar","og_description":"Novas regras da Anvisa e da Uni\u00e3o Europeia vetam subst\u00e2ncias qu\u00edmicas populares ligadas \u00e0 infertilidade e c\u00e2ncer; sal\u00f5es t\u00eam prazo para se adaptar.","og_url":"https:\/\/www.correiobraziliense.com.br\/cbradar\/proibicao-das-unhas-em-gel-entrou-em-vigor-em-1o-de-setembro-saiba-se-voce-corre-risco\/","og_site_name":"Correio Braziliense - Radar","article_published_time":"2026-01-27T03:08:47+00:00","article_modified_time":"2026-01-27T03:08:50+00:00","og_image":[{"width":1280,"height":720,"url":"https:\/\/www.correiobraziliense.com.br\/cbradar\/wp-content\/uploads\/2025\/10\/unhas_1759767972903-1.jpg","type":"image\/jpeg"}],"author":"Guilherme Cremaschi","twitter_card":"summary_large_image","twitter_misc":{"Escrito por":"Guilherme Cremaschi","Est. tempo de leitura":"4 minutos"},"schema":{"@context":"https:\/\/schema.org","@graph":[{"@type":"WebPage","@id":"https:\/\/www.correiobraziliense.com.br\/cbradar\/proibicao-das-unhas-em-gel-entrou-em-vigor-em-1o-de-setembro-saiba-se-voce-corre-risco\/","url":"https:\/\/www.correiobraziliense.com.br\/cbradar\/proibicao-das-unhas-em-gel-entrou-em-vigor-em-1o-de-setembro-saiba-se-voce-corre-risco\/","name":"Proibi\u00e7\u00e3o das unhas em gel entrou em vigor em 1\u00ba de setembro; saiba se voc\u00ea corre risco - Correio Braziliense - Radar","isPartOf":{"@id":"https:\/\/www.correiobraziliense.com.br\/cbradar\/#website"},"primaryImageOfPage":{"@id":"https:\/\/www.correiobraziliense.com.br\/cbradar\/proibicao-das-unhas-em-gel-entrou-em-vigor-em-1o-de-setembro-saiba-se-voce-corre-risco\/#primaryimage"},"image":{"@id":"https:\/\/www.correiobraziliense.com.br\/cbradar\/proibicao-das-unhas-em-gel-entrou-em-vigor-em-1o-de-setembro-saiba-se-voce-corre-risco\/#primaryimage"},"thumbnailUrl":"https:\/\/www.correiobraziliense.com.br\/cbradar\/wp-content\/uploads\/2025\/10\/unhas_1759767972903-1.jpg","datePublished":"2026-01-27T03:08:47+00:00","dateModified":"2026-01-27T03:08:50+00:00","author":{"@id":"https:\/\/www.correiobraziliense.com.br\/cbradar\/#\/schema\/person\/4760856b25506e84ce34d5de2b0d95f1"},"description":"Novas regras da Anvisa e da Uni\u00e3o Europeia vetam subst\u00e2ncias qu\u00edmicas populares ligadas \u00e0 infertilidade e c\u00e2ncer; sal\u00f5es t\u00eam prazo para se adaptar.","breadcrumb":{"@id":"https:\/\/www.correiobraziliense.com.br\/cbradar\/proibicao-das-unhas-em-gel-entrou-em-vigor-em-1o-de-setembro-saiba-se-voce-corre-risco\/#breadcrumb"},"inLanguage":"pt-BR","potentialAction":[{"@type":"ReadAction","target":["https:\/\/www.correiobraziliense.com.br\/cbradar\/proibicao-das-unhas-em-gel-entrou-em-vigor-em-1o-de-setembro-saiba-se-voce-corre-risco\/"]}]},{"@type":"ImageObject","inLanguage":"pt-BR","@id":"https:\/\/www.correiobraziliense.com.br\/cbradar\/proibicao-das-unhas-em-gel-entrou-em-vigor-em-1o-de-setembro-saiba-se-voce-corre-risco\/#primaryimage","url":"https:\/\/www.correiobraziliense.com.br\/cbradar\/wp-content\/uploads\/2025\/10\/unhas_1759767972903-1.jpg","contentUrl":"https:\/\/www.correiobraziliense.com.br\/cbradar\/wp-content\/uploads\/2025\/10\/unhas_1759767972903-1.jpg","width":1280,"height":720,"caption":"Unhas impec\u00e1veis - Cr\u00e9ditos: depositphotos.com \/ AllaSerebrina"},{"@type":"BreadcrumbList","@id":"https:\/\/www.correiobraziliense.com.br\/cbradar\/proibicao-das-unhas-em-gel-entrou-em-vigor-em-1o-de-setembro-saiba-se-voce-corre-risco\/#breadcrumb","itemListElement":[{"@type":"ListItem","position":1,"name":"In\u00edcio","item":"https:\/\/www.correiobraziliense.com.br\/cbradar\/"},{"@type":"ListItem","position":2,"name":"Proibi\u00e7\u00e3o das unhas em gel entrou em vigor em 1\u00ba de setembro; saiba se voc\u00ea corre risco"}]},{"@type":"WebSite","@id":"https:\/\/www.correiobraziliense.com.br\/cbradar\/#website","url":"https:\/\/www.correiobraziliense.com.br\/cbradar\/","name":"Correio Braziliense - Radar","description":"Acompanhe as \u00faltimas not\u00edcias e fique bem informado sobre tudo o que acontece no Brasil e no mundo.","potentialAction":[{"@type":"SearchAction","target":{"@type":"EntryPoint","urlTemplate":"https:\/\/www.correiobraziliense.com.br\/cbradar\/?s={search_term_string}"},"query-input":{"@type":"PropertyValueSpecification","valueRequired":true,"valueName":"search_term_string"}}],"inLanguage":"pt-BR"},{"@type":"Person","@id":"https:\/\/www.correiobraziliense.com.br\/cbradar\/#\/schema\/person\/4760856b25506e84ce34d5de2b0d95f1","name":"Guilherme Cremaschi","image":{"@type":"ImageObject","inLanguage":"pt-BR","@id":"https:\/\/www.correiobraziliense.com.br\/cbradar\/#\/schema\/person\/image\/","url":"https:\/\/secure.gravatar.com\/avatar\/6a059d20d980bdeb1d1d6b0fa2b4633c?s=96&d=mm&r=g","contentUrl":"https:\/\/secure.gravatar.com\/avatar\/6a059d20d980bdeb1d1d6b0fa2b4633c?s=96&d=mm&r=g","caption":"Guilherme Cremaschi"},"sameAs":["https:\/\/www.correiobraziliense.com.br\/"],"url":"https:\/\/www.correiobraziliense.com.br\/cbradar\/author\/guilhermemyth\/"}]}},"_links":{"self":[{"href":"https:\/\/www.correiobraziliense.com.br\/cbradar\/wp-json\/wp\/v2\/posts\/182437","targetHints":{"allow":["GET"]}}],"collection":[{"href":"https:\/\/www.correiobraziliense.com.br\/cbradar\/wp-json\/wp\/v2\/posts"}],"about":[{"href":"https:\/\/www.correiobraziliense.com.br\/cbradar\/wp-json\/wp\/v2\/types\/post"}],"author":[{"embeddable":true,"href":"https:\/\/www.correiobraziliense.com.br\/cbradar\/wp-json\/wp\/v2\/users\/4"}],"replies":[{"embeddable":true,"href":"https:\/\/www.correiobraziliense.com.br\/cbradar\/wp-json\/wp\/v2\/comments?post=182437"}],"version-history":[{"count":1,"href":"https:\/\/www.correiobraziliense.com.br\/cbradar\/wp-json\/wp\/v2\/posts\/182437\/revisions"}],"predecessor-version":[{"id":182438,"href":"https:\/\/www.correiobraziliense.com.br\/cbradar\/wp-json\/wp\/v2\/posts\/182437\/revisions\/182438"}],"wp:featuredmedia":[{"embeddable":true,"href":"https:\/\/www.correiobraziliense.com.br\/cbradar\/wp-json\/wp\/v2\/media\/114792"}],"wp:attachment":[{"href":"https:\/\/www.correiobraziliense.com.br\/cbradar\/wp-json\/wp\/v2\/media?parent=182437"}],"wp:term":[{"taxonomy":"category","embeddable":true,"href":"https:\/\/www.correiobraziliense.com.br\/cbradar\/wp-json\/wp\/v2\/categories?post=182437"},{"taxonomy":"post_tag","embeddable":true,"href":"https:\/\/www.correiobraziliense.com.br\/cbradar\/wp-json\/wp\/v2\/tags?post=182437"}],"curies":[{"name":"wp","href":"https:\/\/api.w.org\/{rel}","templated":true}]}}