{"id":18247,"date":"2025-04-03T18:30:00","date_gmt":"2025-04-03T21:30:00","guid":{"rendered":"https:\/\/www.correiobraziliense.com.br\/cbradar\/?p=18247"},"modified":"2025-04-02T14:13:57","modified_gmt":"2025-04-02T17:13:57","slug":"conheca-a-cidade-onde-a-agua-da-chuva-e-usada-para-shows-de-luz","status":"publish","type":"post","link":"https:\/\/www.correiobraziliense.com.br\/cbradar\/conheca-a-cidade-onde-a-agua-da-chuva-e-usada-para-shows-de-luz\/","title":{"rendered":"Conhe\u00e7a a cidade onde a \u00e1gua da chuva \u00e9 usada para shows de luz"},"content":{"rendered":"\n<p>Na criativa e tecnol\u00f3gica <strong>Lyon<\/strong>, na <strong>Fran\u00e7a<\/strong>, at\u00e9 a \u00e1gua da chuva ganha vida art\u00edstica. Durante eventos como a <strong>F\u00eate des Lumi\u00e8res<\/strong> (Festa das Luzes), a cidade utiliza sistemas inovadores que <strong>coletam a \u00e1gua da chuva e a transformam em espet\u00e1culo<\/strong>, servindo como <strong>superf\u00edcie para proje\u00e7\u00f5es de luz, arte interativa e performances visuais impressionantes<\/strong>.<\/p>\n\n\n\n<p>Essa iniciativa mistura <strong>sustentabilidade, tecnologia e cultura<\/strong>, fazendo com que Lyon brilhe \u2014 literalmente \u2014 mesmo nos dias mais chuvosos.<\/p>\n\n\n\n<h2 class=\"wp-block-heading\"><strong>Como a \u00e1gua da chuva vira palco de luz?<\/strong><\/h2>\n\n\n\n<p>O projeto combina diferentes recursos urbanos e tecnol\u00f3gicos:<\/p>\n\n\n\n<ul class=\"wp-block-list\">\n<li><strong>Reservat\u00f3rios e calhas especiais<\/strong> coletam e armazenam a \u00e1gua das chuvas em locais estrat\u00e9gicos da cidade<\/li>\n\n\n\n<li>A \u00e1gua acumulada \u00e9 direcionada para <strong>piscinas reflexivas tempor\u00e1rias<\/strong> ou superf\u00edcies transparentes em pra\u00e7as e parques<\/li>\n\n\n\n<li>Durante o festival, essas superf\u00edcies s\u00e3o usadas para <strong>proje\u00e7\u00f5es de luz, videomapping e efeitos visuais sincronizados com m\u00fasica<\/strong><\/li>\n\n\n\n<li>A \u00e1gua, ao refletir e distorcer a luz, cria <strong>efeitos \u00fanicos e org\u00e2nicos<\/strong>, que mudam a cada show<\/li>\n<\/ul>\n\n\n\n<p>Al\u00e9m do efeito est\u00e9tico, o sistema refor\u00e7a a import\u00e2ncia da <strong>capta\u00e7\u00e3o e uso criativo da \u00e1gua pluvial<\/strong>.<\/p>\n\n\n\n<figure class=\"wp-block-image size-large\"><img decoding=\"async\" width=\"1024\" height=\"576\" src=\"https:\/\/www.correiobraziliense.com.br\/cbradar\/wp-content\/uploads\/2025\/04\/Lyon_1743594986996-1024x576.jpg\" alt=\"Conhe\u00e7a a cidade onde a \u00e1gua da chuva \u00e9 usada para shows de luz\" class=\"wp-image-18250\" srcset=\"https:\/\/www.correiobraziliense.com.br\/cbradar\/wp-content\/uploads\/2025\/04\/Lyon_1743594986996-1024x576.jpg 1024w, https:\/\/www.correiobraziliense.com.br\/cbradar\/wp-content\/uploads\/2025\/04\/Lyon_1743594986996-300x169.jpg 300w, https:\/\/www.correiobraziliense.com.br\/cbradar\/wp-content\/uploads\/2025\/04\/Lyon_1743594986996-768x432.jpg 768w, https:\/\/www.correiobraziliense.com.br\/cbradar\/wp-content\/uploads\/2025\/04\/Lyon_1743594986996-750x422.jpg 750w, https:\/\/www.correiobraziliense.com.br\/cbradar\/wp-content\/uploads\/2025\/04\/Lyon_1743594986996-1140x641.jpg 1140w, https:\/\/www.correiobraziliense.com.br\/cbradar\/wp-content\/uploads\/2025\/04\/Lyon_1743594986996.jpg 1280w\" sizes=\"(max-width: 1024px) 100vw, 1024px\" \/><figcaption class=\"wp-element-caption\">Lyon. Cr\u00e9ditos: depositphotos.com \/ Hornet83<\/figcaption><\/figure>\n\n\n\n<h2 class=\"wp-block-heading\"><strong>Por que Lyon criou esse projeto?<\/strong><\/h2>\n\n\n\n<p>A proposta nasceu da vontade de:<\/p>\n\n\n\n<ul class=\"wp-block-list\">\n<li><strong>Unir arte urbana e consci\u00eancia ecol\u00f3gica<\/strong><\/li>\n\n\n\n<li>Tornar a <strong>chuva uma aliada e n\u00e3o um obst\u00e1culo<\/strong> aos eventos ao ar livre<\/li>\n\n\n\n<li><strong>Reduzir o desperd\u00edcio de \u00e1gua<\/strong>, usando-a como parte do espet\u00e1culo<\/li>\n\n\n\n<li>Refor\u00e7ar o papel de Lyon como <strong>refer\u00eancia em ilumina\u00e7\u00e3o e inova\u00e7\u00e3o cultural<\/strong><\/li>\n<\/ul>\n\n\n\n<p>A iniciativa \u00e9 apoiada por artistas, engenheiros ambientais e a prefeitura da cidade.<\/p>\n\n\n\n<h2 class=\"wp-block-heading\"><strong>Curiosidades sobre Lyon e seus shows de luz com chuva<\/strong><\/h2>\n\n\n\n<ul class=\"wp-block-list\">\n<li>A <strong>F\u00eate des Lumi\u00e8res<\/strong> \u00e9 um dos maiores festivais de luz do mundo, com mais de 2 milh\u00f5es de visitantes por edi\u00e7\u00e3o<\/li>\n\n\n\n<li>Alguns shows s\u00f3 acontecem <strong>se chover<\/strong>, pois dependem da presen\u00e7a da \u00e1gua acumulada<\/li>\n\n\n\n<li>Os efeitos visuais s\u00e3o inspirados em <strong>formas da natureza, como ondas e reflexos l\u00edquidos<\/strong><\/li>\n\n\n\n<li>Projetos semelhantes foram testados em <strong>Berlim, Montreal e Cingapura<\/strong>, ap\u00f3s o sucesso em Lyon<\/li>\n\n\n\n<li>A cidade tamb\u00e9m usa a \u00e1gua da chuva em <strong>sistemas de irriga\u00e7\u00e3o e fontes p\u00fablicas inteligentes<\/strong><\/li>\n<\/ul>\n\n\n\n<p>Lyon mostra que <strong>com criatividade e respeito \u00e0 natureza, at\u00e9 a chuva pode virar espet\u00e1culo<\/strong> \u2014 e que as cidades do futuro <strong>n\u00e3o evitam os elementos, mas dan\u00e7am com eles.<\/strong><\/p>\n","protected":false},"excerpt":{"rendered":"<p>Em Lyon, Fran\u00e7a, a \u00e1gua da chuva vira cen\u00e1rio para shows de luz. Conhe\u00e7a a cidade onde arte, tecnologia e sustentabilidade brilham juntos.<\/p>\n","protected":false},"author":3,"featured_media":18249,"comment_status":"open","ping_status":"open","sticky":false,"template":"","format":"standard","meta":{"_yoast_wpseo_focuskw":"cidade \u00e1gua luz","_yoast_wpseo_title":"%%title%%","_yoast_wpseo_metadesc":"Em Lyon, Fran\u00e7a, a \u00e1gua da chuva vira cen\u00e1rio para shows de luz. Conhe\u00e7a a cidade onde arte, tecnologia e sustentabilidade brilham juntos.","jnews-multi-image_gallery":[],"jnews_single_post":{"format":"standard"},"jnews_primary_category":[],"jnews_social_meta":[],"jnews_override_counter":[],"footnotes":""},"categories":[108],"tags":[109],"class_list":["post-18247","post","type-post","status-publish","format-standard","has-post-thumbnail","hentry","category-cidades","tag-cidades"],"yoast_head":"<!-- This site is optimized with the Yoast SEO plugin v24.6 - https:\/\/yoast.com\/wordpress\/plugins\/seo\/ -->\n<title>Conhe\u00e7a a cidade onde a \u00e1gua da chuva \u00e9 usada para shows de luz<\/title>\n<meta name=\"description\" content=\"Em Lyon, Fran\u00e7a, a \u00e1gua da chuva vira cen\u00e1rio para shows de luz. Conhe\u00e7a a cidade onde arte, tecnologia e sustentabilidade brilham juntos.\" \/>\n<meta name=\"robots\" content=\"index, follow, max-snippet:-1, max-image-preview:large, max-video-preview:-1\" \/>\n<link rel=\"canonical\" href=\"https:\/\/www.correiobraziliense.com.br\/cbradar\/conheca-a-cidade-onde-a-agua-da-chuva-e-usada-para-shows-de-luz\/\" \/>\n<meta property=\"og:locale\" content=\"pt_BR\" \/>\n<meta property=\"og:type\" content=\"article\" \/>\n<meta property=\"og:title\" content=\"Conhe\u00e7a a cidade onde a \u00e1gua da chuva \u00e9 usada para shows de luz\" \/>\n<meta property=\"og:description\" content=\"Em Lyon, Fran\u00e7a, a \u00e1gua da chuva vira cen\u00e1rio para shows de luz. Conhe\u00e7a a cidade onde arte, tecnologia e sustentabilidade brilham juntos.\" \/>\n<meta property=\"og:url\" content=\"https:\/\/www.correiobraziliense.com.br\/cbradar\/conheca-a-cidade-onde-a-agua-da-chuva-e-usada-para-shows-de-luz\/\" \/>\n<meta property=\"og:site_name\" content=\"Correio Braziliense - Radar\" \/>\n<meta property=\"article:published_time\" content=\"2025-04-03T21:30:00+00:00\" \/>\n<meta property=\"og:image\" content=\"https:\/\/www.correiobraziliense.com.br\/cbradar\/wp-content\/uploads\/2025\/04\/Lyon_1743594955050.jpg\" \/>\n\t<meta property=\"og:image:width\" content=\"1280\" \/>\n\t<meta property=\"og:image:height\" content=\"720\" \/>\n\t<meta property=\"og:image:type\" content=\"image\/jpeg\" \/>\n<meta name=\"author\" content=\"Larissa Carvalho\" \/>\n<meta name=\"twitter:card\" content=\"summary_large_image\" \/>\n<meta name=\"twitter:label1\" content=\"Escrito por\" \/>\n\t<meta name=\"twitter:data1\" content=\"Larissa Carvalho\" \/>\n\t<meta name=\"twitter:label2\" content=\"Est. tempo de leitura\" \/>\n\t<meta name=\"twitter:data2\" content=\"3 minutos\" \/>\n<!-- \/ Yoast SEO plugin. -->","yoast_head_json":{"title":"Conhe\u00e7a a cidade onde a \u00e1gua da chuva \u00e9 usada para shows de luz","description":"Em Lyon, Fran\u00e7a, a \u00e1gua da chuva vira cen\u00e1rio para shows de luz. Conhe\u00e7a a cidade onde arte, tecnologia e sustentabilidade brilham juntos.","robots":{"index":"index","follow":"follow","max-snippet":"max-snippet:-1","max-image-preview":"max-image-preview:large","max-video-preview":"max-video-preview:-1"},"canonical":"https:\/\/www.correiobraziliense.com.br\/cbradar\/conheca-a-cidade-onde-a-agua-da-chuva-e-usada-para-shows-de-luz\/","og_locale":"pt_BR","og_type":"article","og_title":"Conhe\u00e7a a cidade onde a \u00e1gua da chuva \u00e9 usada para shows de luz","og_description":"Em Lyon, Fran\u00e7a, a \u00e1gua da chuva vira cen\u00e1rio para shows de luz. Conhe\u00e7a a cidade onde arte, tecnologia e sustentabilidade brilham juntos.","og_url":"https:\/\/www.correiobraziliense.com.br\/cbradar\/conheca-a-cidade-onde-a-agua-da-chuva-e-usada-para-shows-de-luz\/","og_site_name":"Correio Braziliense - Radar","article_published_time":"2025-04-03T21:30:00+00:00","og_image":[{"width":1280,"height":720,"url":"https:\/\/www.correiobraziliense.com.br\/cbradar\/wp-content\/uploads\/2025\/04\/Lyon_1743594955050.jpg","type":"image\/jpeg"}],"author":"Larissa Carvalho","twitter_card":"summary_large_image","twitter_misc":{"Escrito por":"Larissa Carvalho","Est. tempo de leitura":"3 minutos"},"schema":{"@context":"https:\/\/schema.org","@graph":[{"@type":"WebPage","@id":"https:\/\/www.correiobraziliense.com.br\/cbradar\/conheca-a-cidade-onde-a-agua-da-chuva-e-usada-para-shows-de-luz\/","url":"https:\/\/www.correiobraziliense.com.br\/cbradar\/conheca-a-cidade-onde-a-agua-da-chuva-e-usada-para-shows-de-luz\/","name":"Conhe\u00e7a a cidade onde a \u00e1gua da chuva \u00e9 usada para shows de luz","isPartOf":{"@id":"https:\/\/www.correiobraziliense.com.br\/cbradar\/#website"},"primaryImageOfPage":{"@id":"https:\/\/www.correiobraziliense.com.br\/cbradar\/conheca-a-cidade-onde-a-agua-da-chuva-e-usada-para-shows-de-luz\/#primaryimage"},"image":{"@id":"https:\/\/www.correiobraziliense.com.br\/cbradar\/conheca-a-cidade-onde-a-agua-da-chuva-e-usada-para-shows-de-luz\/#primaryimage"},"thumbnailUrl":"https:\/\/www.correiobraziliense.com.br\/cbradar\/wp-content\/uploads\/2025\/04\/Lyon_1743594955050.jpg","datePublished":"2025-04-03T21:30:00+00:00","author":{"@id":"https:\/\/www.correiobraziliense.com.br\/cbradar\/#\/schema\/person\/58422787644df994b53a19d3e56c1513"},"description":"Em Lyon, Fran\u00e7a, a \u00e1gua da chuva vira cen\u00e1rio para shows de luz. Conhe\u00e7a a cidade onde arte, tecnologia e sustentabilidade brilham juntos.","breadcrumb":{"@id":"https:\/\/www.correiobraziliense.com.br\/cbradar\/conheca-a-cidade-onde-a-agua-da-chuva-e-usada-para-shows-de-luz\/#breadcrumb"},"inLanguage":"pt-BR","potentialAction":[{"@type":"ReadAction","target":["https:\/\/www.correiobraziliense.com.br\/cbradar\/conheca-a-cidade-onde-a-agua-da-chuva-e-usada-para-shows-de-luz\/"]}]},{"@type":"ImageObject","inLanguage":"pt-BR","@id":"https:\/\/www.correiobraziliense.com.br\/cbradar\/conheca-a-cidade-onde-a-agua-da-chuva-e-usada-para-shows-de-luz\/#primaryimage","url":"https:\/\/www.correiobraziliense.com.br\/cbradar\/wp-content\/uploads\/2025\/04\/Lyon_1743594955050.jpg","contentUrl":"https:\/\/www.correiobraziliense.com.br\/cbradar\/wp-content\/uploads\/2025\/04\/Lyon_1743594955050.jpg","width":1280,"height":720,"caption":"Lyon. Cr\u00e9ditos: depositphotos.com \/ laraslk"},{"@type":"BreadcrumbList","@id":"https:\/\/www.correiobraziliense.com.br\/cbradar\/conheca-a-cidade-onde-a-agua-da-chuva-e-usada-para-shows-de-luz\/#breadcrumb","itemListElement":[{"@type":"ListItem","position":1,"name":"In\u00edcio","item":"https:\/\/www.correiobraziliense.com.br\/cbradar\/"},{"@type":"ListItem","position":2,"name":"Conhe\u00e7a a cidade onde a \u00e1gua da chuva \u00e9 usada para shows de luz"}]},{"@type":"WebSite","@id":"https:\/\/www.correiobraziliense.com.br\/cbradar\/#website","url":"https:\/\/www.correiobraziliense.com.br\/cbradar\/","name":"Correio Braziliense - Radar","description":"Acompanhe as \u00faltimas not\u00edcias e fique bem informado sobre tudo o que acontece no Brasil e no mundo.","potentialAction":[{"@type":"SearchAction","target":{"@type":"EntryPoint","urlTemplate":"https:\/\/www.correiobraziliense.com.br\/cbradar\/?s={search_term_string}"},"query-input":{"@type":"PropertyValueSpecification","valueRequired":true,"valueName":"search_term_string"}}],"inLanguage":"pt-BR"},{"@type":"Person","@id":"https:\/\/www.correiobraziliense.com.br\/cbradar\/#\/schema\/person\/58422787644df994b53a19d3e56c1513","name":"Larissa Carvalho","image":{"@type":"ImageObject","inLanguage":"pt-BR","@id":"https:\/\/www.correiobraziliense.com.br\/cbradar\/#\/schema\/person\/image\/","url":"https:\/\/secure.gravatar.com\/avatar\/fe4f91a0de32b52a838d0d612abdc1aa?s=96&d=mm&r=g","contentUrl":"https:\/\/secure.gravatar.com\/avatar\/fe4f91a0de32b52a838d0d612abdc1aa?s=96&d=mm&r=g","caption":"Larissa Carvalho"},"url":"https:\/\/www.correiobraziliense.com.br\/cbradar\/author\/larissamyth\/"}]}},"_links":{"self":[{"href":"https:\/\/www.correiobraziliense.com.br\/cbradar\/wp-json\/wp\/v2\/posts\/18247","targetHints":{"allow":["GET"]}}],"collection":[{"href":"https:\/\/www.correiobraziliense.com.br\/cbradar\/wp-json\/wp\/v2\/posts"}],"about":[{"href":"https:\/\/www.correiobraziliense.com.br\/cbradar\/wp-json\/wp\/v2\/types\/post"}],"author":[{"embeddable":true,"href":"https:\/\/www.correiobraziliense.com.br\/cbradar\/wp-json\/wp\/v2\/users\/3"}],"replies":[{"embeddable":true,"href":"https:\/\/www.correiobraziliense.com.br\/cbradar\/wp-json\/wp\/v2\/comments?post=18247"}],"version-history":[{"count":1,"href":"https:\/\/www.correiobraziliense.com.br\/cbradar\/wp-json\/wp\/v2\/posts\/18247\/revisions"}],"predecessor-version":[{"id":18251,"href":"https:\/\/www.correiobraziliense.com.br\/cbradar\/wp-json\/wp\/v2\/posts\/18247\/revisions\/18251"}],"wp:featuredmedia":[{"embeddable":true,"href":"https:\/\/www.correiobraziliense.com.br\/cbradar\/wp-json\/wp\/v2\/media\/18249"}],"wp:attachment":[{"href":"https:\/\/www.correiobraziliense.com.br\/cbradar\/wp-json\/wp\/v2\/media?parent=18247"}],"wp:term":[{"taxonomy":"category","embeddable":true,"href":"https:\/\/www.correiobraziliense.com.br\/cbradar\/wp-json\/wp\/v2\/categories?post=18247"},{"taxonomy":"post_tag","embeddable":true,"href":"https:\/\/www.correiobraziliense.com.br\/cbradar\/wp-json\/wp\/v2\/tags?post=18247"}],"curies":[{"name":"wp","href":"https:\/\/api.w.org\/{rel}","templated":true}]}}