{"id":182524,"date":"2026-01-27T15:25:00","date_gmt":"2026-01-27T18:25:00","guid":{"rendered":"https:\/\/www.correiobraziliense.com.br\/cbradar\/?p=182524"},"modified":"2026-01-27T08:51:57","modified_gmt":"2026-01-27T11:51:57","slug":"a-cidade-da-aviacao-mostra-como-tecnologia-e-qualidade-de-vida-podem-crescer-juntas-no-interior-do-rio-grande-do-sul","status":"publish","type":"post","link":"https:\/\/www.correiobraziliense.com.br\/cbradar\/a-cidade-da-aviacao-mostra-como-tecnologia-e-qualidade-de-vida-podem-crescer-juntas-no-interior-do-rio-grande-do-sul\/","title":{"rendered":"A \u201cCidade da Avia\u00e7\u00e3o\u201d mostra como tecnologia e qualidade de vida podem crescer juntas no interior do Rio Grande do Sul"},"content":{"rendered":"\n<p>Localizada na regi\u00e3o metropolitana, a apenas 14 km da capital <strong>Porto Alegre<\/strong>, a cidade de <strong>Canoas<\/strong> possui o terceiro maior PIB do estado. Conhecida como a &#8220;Cidade do Avi\u00e3o&#8221;, o munic\u00edpio \u00e9 um entroncamento log\u00edstico vital que combina um parque industrial robusto com uma vida universit\u00e1ria ativa.<\/p>\n\n\n\n<h2 class=\"wp-block-heading\">Por que a cidade \u00e9 estrat\u00e9gica para a defesa e economia do Sul<\/h2>\n\n\n\n<p>A identidade de <strong>Canoas<\/strong> \u00e9 indissoci\u00e1vel da presen\u00e7a da <a href=\"https:\/\/www.fab.mil.br\" target=\"_blank\" rel=\"noreferrer noopener\"><strong>For\u00e7a A\u00e9rea Brasileira<\/strong> (<strong>FAB<\/strong>)<\/a>. A cidade abriga a <a href=\"https:\/\/www.fab.mil.br\/organizacoes\/mostra\/39\/BASE%20A\u00c9REA%20DE%20CANOAS\" target=\"_blank\" rel=\"noreferrer noopener\"><strong>Base A\u00e9rea de Canoas<\/strong> (<strong>BACO<\/strong>)<\/a> e o Quinto Comando A\u00e9reo Regional, o que lhe rendeu o apelido ligado \u00e0 avia\u00e7\u00e3o. A Pra\u00e7a do Avi\u00e3o, com uma aeronave F-8 Gloster Meteor exposta, \u00e9 o s\u00edmbolo m\u00e1ximo desse orgulho c\u00edvico.<\/p>\n\n\n\n<p>Economicamente, o munic\u00edpio \u00e9 uma pot\u00eancia. Sede da <strong><a href=\"https:\/\/petrobras.com.br\/quem-somos\/refinaria-alberto-pasqualini\" target=\"_blank\" rel=\"noreferrer noopener\">Refinaria Alberto Pasqualini (REFAP)<\/a><\/strong>, a cidade processa grande parte do combust\u00edvel utilizado no sul do pa\u00eds. Al\u00e9m do petr\u00f3leo, o setor de servi\u00e7os e log\u00edstica \u00e9 fort\u00edssimo, beneficiado pela localiza\u00e7\u00e3o \u00e0s margens da <strong>BR-116<\/strong> e <strong>BR-386<\/strong>, servindo como porta de entrada para a capital.<\/p>\n\n\n<div class=\"wp-block-image\">\n<figure class=\"aligncenter size-large\"><img decoding=\"async\" width=\"1024\" height=\"576\" src=\"https:\/\/www.correiobraziliense.com.br\/cbradar\/wp-content\/uploads\/2025\/10\/Santos-Dumont-1-1024x576.png\" alt=\"A cidade do Rio Grande do Sul que avan\u00e7a sem perder qualidade de vida e destaque na educa\u00e7\u00e3o\" class=\"wp-image-119275\" srcset=\"https:\/\/www.correiobraziliense.com.br\/cbradar\/wp-content\/uploads\/2025\/10\/Santos-Dumont-1-1024x576.png 1024w, https:\/\/www.correiobraziliense.com.br\/cbradar\/wp-content\/uploads\/2025\/10\/Santos-Dumont-1-300x169.png 300w, https:\/\/www.correiobraziliense.com.br\/cbradar\/wp-content\/uploads\/2025\/10\/Santos-Dumont-1-768x432.png 768w, https:\/\/www.correiobraziliense.com.br\/cbradar\/wp-content\/uploads\/2025\/10\/Santos-Dumont-1-750x422.png 750w, https:\/\/www.correiobraziliense.com.br\/cbradar\/wp-content\/uploads\/2025\/10\/Santos-Dumont-1-1140x641.png 1140w, https:\/\/www.correiobraziliense.com.br\/cbradar\/wp-content\/uploads\/2025\/10\/Santos-Dumont-1.png 1280w\" sizes=\"(max-width: 1024px) 100vw, 1024px\" \/><figcaption class=\"wp-element-caption\">Canoas se destaca entre as cidades mais din\u00e2micas do Sul do Brasil, atraindo empresas e novos moradores. \/\/ Cr\u00e9ditos: YouTube @canoasdronedrone4977<\/figcaption><\/figure><\/div>\n\n\n<h2 class=\"wp-block-heading\">Como \u00e9 a rotina urbana e a resili\u00eancia local?<\/h2>\n\n\n\n<p>Viver em <strong>Canoas<\/strong> \u00e9 ter a infraestrutura de uma capital com custo de vida ligeiramente mais acess\u00edvel. A cidade \u00e9 conectada a <strong>Porto Alegre<\/strong> pelo <strong>Trensurb<\/strong> (metr\u00f4 de superf\u00edcie), facilitando o deslocamento di\u00e1rio de milhares de trabalhadores. O lazer se concentra em grandes \u00e1reas verdes e em shoppings modernos que atraem visitantes de toda a regi\u00e3o.<\/p>\n\n\n\n<p>A popula\u00e7\u00e3o local \u00e9 marcada por um forte esp\u00edrito de resili\u00eancia e solidariedade, caracter\u00edsticas que se tornaram ainda mais evidentes na reconstru\u00e7\u00e3o e uni\u00e3o comunit\u00e1ria ap\u00f3s os eventos clim\u00e1ticos extremos que atingiram o estado em 2024. A cidade soube se reerguer, mantendo seu dinamismo comercial e o acolhimento caracter\u00edstico do povo ga\u00facho.<\/p>\n\n\n\n<p><strong>Conhe\u00e7a os principais aspectos de uma das maiores e mais din\u00e2micas cidades do Rio Grande do Sul.<\/strong> O v\u00eddeo \u00e9 do canal<strong> Cidades &amp; Cia<\/strong>, que conta com mais de<strong> 16 mil inscritos<\/strong>, e oferece uma vis\u00e3o geral sobre a economia, infraestrutura, lazer e a hist\u00f3ria de Canoas: <strong>Cidades &amp; Cia<\/strong>.<\/p>\n\n\n\n<figure class=\"wp-block-embed aligncenter is-type-video is-provider-youtube wp-block-embed-youtube wp-embed-aspect-16-9 wp-has-aspect-ratio\"><div class=\"wp-block-embed__wrapper\">\n<div class=\"jeg_video_container jeg_video_content\"><iframe loading=\"lazy\" title=\"Canoas, Rio Grande do Sul: Uma Vis\u00e3o Geral de uma Cidade em Crescimento!\" width=\"500\" height=\"281\" src=\"https:\/\/www.youtube.com\/embed\/R-Wwnwtb2EM?feature=oembed\" frameborder=\"0\" allow=\"accelerometer; autoplay; clipboard-write; encrypted-media; gyroscope; picture-in-picture; web-share\" referrerpolicy=\"strict-origin-when-cross-origin\" allowfullscreen><\/iframe><\/div>\n<\/div><\/figure>\n\n\n\n<h2 class=\"wp-block-heading\">Qual o tamanho da popula\u00e7\u00e3o e o cen\u00e1rio educacional?<\/h2>\n\n\n\n<p>O munic\u00edpio conta com 347.657 habitantes, conforme o Censo de 2022 do <strong>IBGE<\/strong>, consolidando-se como uma das cidades mais populosas do <strong>Rio Grande do Sul<\/strong>. O desenvolvimento humano \u00e9 alto, refletido em uma ampla rede de servi\u00e7os: dados<strong> <a href=\"https:\/\/cidades.ibge.gov.br\/brasil\/rs\/canoas\/panorama\" target=\"_blank\" rel=\"noreferrer noopener\">Instituto Brasileiro de Geografia e Estat\u00edstica (IBGE)<\/a> <\/strong>apontam um <strong>IDH de 0,750<\/strong>.<\/p>\n\n\n\n<p><strong>Canoas<\/strong> tamb\u00e9m \u00e9 um polo universit\u00e1rio de destaque, abrigando campus de grandes institui\u00e7\u00f5es como a <strong>Universidade Luterana do Brasil<\/strong> (<strong>ULBRA<\/strong>) e a <strong>Unilasalle<\/strong>. Essa estrutura atrai jovens estudantes, fomentando a inova\u00e7\u00e3o tecnol\u00f3gica e movimentando a vida noturna e cultural.<\/p>\n\n\n\n<h2 class=\"wp-block-heading\">Quais s\u00e3o os principais pontos de lazer e cultura?<\/h2>\n\n\n\n<p>O turismo e o lazer na cidade misturam \u00e1reas de preserva\u00e7\u00e3o ambiental com entretenimento moderno. A cidade oferece desde zool\u00f3gicos urbanos at\u00e9 pistas de patina\u00e7\u00e3o no gelo permanentes.<\/p>\n\n\n\n<p>Abaixo est\u00e3o os locais que definem a experi\u00eancia na cidade:<\/p>\n\n\n\n<ul class=\"wp-block-list\">\n<li><strong>Pra\u00e7a do Avi\u00e3o<\/strong>: O cart\u00e3o-postal da cidade, ponto de refer\u00eancia hist\u00f3rico e local de eventos c\u00edvicos.<\/li>\n\n\n\n<li><strong>Parque Get\u00falio Vargas (Cap\u00e3o do Corvo)<\/strong>: O &#8220;pulm\u00e3o&#8221; da cidade, com zool\u00f3gico municipal, lagos, churrasqueiras e \u00e1reas para esporte.<\/li>\n\n\n\n<li><strong>ParkShopping Canoas<\/strong>: Um dos maiores e mais modernos centros de compras do estado, famoso por abrigar uma pista de patina\u00e7\u00e3o no gelo.<\/li>\n\n\n\n<li><strong>Villa Mimosa<\/strong>: Um belo casar\u00e3o hist\u00f3rico restaurado que funciona como centro cultural, preservando a mem\u00f3ria local.<\/li>\n\n\n\n<li><strong>Praia do Paquet\u00e1<\/strong>: Localizada \u00e0s margens do <strong>Rio dos Sinos<\/strong>, \u00e9 um ponto tradicional de lazer e encontro da comunidade, especialmente no ver\u00e3o.<\/li>\n<\/ul>\n\n\n\n<p><strong>Dica do editor: <a href=\"https:\/\/www.correiobraziliense.com.br\/cbradar\/uma-antiga-vila-de-pescadores-com-um-simbolo-de-lua-esculpido-nos-paredoes-e-aguas-azuis-foi-descoberto-por-hippies-nos-anos-70\/\" target=\"_blank\" rel=\"noreferrer noopener\">Uma antiga vila de pescadores descoberta por hippies nos anos 70 conquista com um s\u00edmbolo de lua esculpido nos pared\u00f5es e \u00e1guas azuis.<\/a><\/strong><\/p>\n\n\n<div class=\"wp-block-image\">\n<figure class=\"aligncenter size-large\"><img decoding=\"async\" width=\"1024\" height=\"576\" src=\"https:\/\/www.correiobraziliense.com.br\/cbradar\/wp-content\/uploads\/2025\/08\/Edicoes-2025-08-06T173105.181-1-1-1-1024x576.png\" alt=\"A cidade do Rio Grande do Sul que cresce sem perder qualidade de vida e destaque na educa\u00e7\u00e3o\" class=\"wp-image-82148\" srcset=\"https:\/\/www.correiobraziliense.com.br\/cbradar\/wp-content\/uploads\/2025\/08\/Edicoes-2025-08-06T173105.181-1-1-1-1024x576.png 1024w, https:\/\/www.correiobraziliense.com.br\/cbradar\/wp-content\/uploads\/2025\/08\/Edicoes-2025-08-06T173105.181-1-1-1-300x169.png 300w, https:\/\/www.correiobraziliense.com.br\/cbradar\/wp-content\/uploads\/2025\/08\/Edicoes-2025-08-06T173105.181-1-1-1-768x432.png 768w, https:\/\/www.correiobraziliense.com.br\/cbradar\/wp-content\/uploads\/2025\/08\/Edicoes-2025-08-06T173105.181-1-1-1-1536x864.png 1536w, https:\/\/www.correiobraziliense.com.br\/cbradar\/wp-content\/uploads\/2025\/08\/Edicoes-2025-08-06T173105.181-1-1-1-2048x1152.png 2048w, https:\/\/www.correiobraziliense.com.br\/cbradar\/wp-content\/uploads\/2025\/08\/Edicoes-2025-08-06T173105.181-1-1-1-750x422.png 750w, https:\/\/www.correiobraziliense.com.br\/cbradar\/wp-content\/uploads\/2025\/08\/Edicoes-2025-08-06T173105.181-1-1-1-1140x641.png 1140w\" sizes=\"(max-width: 1024px) 100vw, 1024px\" \/><figcaption class=\"wp-element-caption\">Canoas mostra que desenvolvimento e qualidade de vida podem caminhar lado a lado no cora\u00e7\u00e3o do Sul. \/\/ Cr\u00e9ditos: Wikip\u00e9dia<\/figcaption><\/figure><\/div>\n\n\n<h2 class=\"wp-block-heading\">Como funciona o regime de chuvas e temperatura?<\/h2>\n\n\n\n<p><strong>O clima \u00e9 subtropical \u00famido, com as quatro esta\u00e7\u00f5es bem definidas.<\/strong> A cidade sofre influ\u00eancia do vento Minuano no inverno e do calor abafado t\u00edpico da depress\u00e3o central no ver\u00e3o. A umidade \u00e9 uma constante ao longo do ano.<\/p>\n\n\n\n<p>As m\u00e9dias t\u00e9rmicas e o comportamento atmosf\u00e9rico, baseados no monitoramento do <strong><a href=\"https:\/\/cidades.ibge.gov.br\/brasil\/rs\/canoas\/panorama\" target=\"_blank\" rel=\"noreferrer noopener\">Climatempo<\/a><\/strong>, seguem o padr\u00e3o abaixo:<\/p>\n\n\n\n<figure class=\"wp-block-table\"><table class=\"has-fixed-layout\"><tbody><tr><th>Esta\u00e7\u00e3o\/Meses<\/th><th>Temperatura<\/th><th>O que esperar<\/th><\/tr><tr><td>Ver\u00e3o (Dezembro a Mar\u00e7o)<\/td><td>22\u00b0C a 35\u00b0C<\/td><td>Calor intenso e \u00famido, sensa\u00e7\u00e3o t\u00e9rmica alta e temporais de fim de tarde<\/td><\/tr><tr><td>Outono (Abril a Junho)<\/td><td>12\u00b0C a 25\u00b0C<\/td><td>Dias agrad\u00e1veis, queda gradual da temperatura e folhas caindo (Pl\u00e1tanos)<\/td><\/tr><tr><td>Inverno (Julho a Setembro)<\/td><td>5\u00b0C a 19\u00b0C<\/td><td>Frio \u00famido, neblina matinal frequente e dias de &#8220;veranico&#8221;<\/td><\/tr><tr><td>Primavera (Outubro a Novembro)<\/td><td>15\u00b0C a 28\u00b0C<\/td><td>Clima inst\u00e1vel, ventos e aquecimento r\u00e1pido rumo ao ver\u00e3o<\/td><\/tr><\/tbody><\/table><\/figure>\n\n\n\n<h2 class=\"wp-block-heading\">Motivos para escolher Canoas como destino<\/h2>\n\n\n\n<p><strong>Optar por morar ou investir nesta cidade ga\u00facha \u00e9 estar no centro produtivo do estado, com acesso facilitado a todas as regi\u00f5es.<\/strong> <strong>Canoas<\/strong> oferece a pujan\u00e7a de um polo industrial com a vida vibrante de uma cidade universit\u00e1ria.<\/p>\n\n\n\n<ul class=\"wp-block-list\">\n<li>Localiza\u00e7\u00e3o estrat\u00e9gica ao lado da capital e do aeroporto internacional.<\/li>\n\n\n\n<li>Oferta educacional completa, do ensino b\u00e1sico ao doutorado.<\/li>\n\n\n\n<li>\u00c1reas verdes revitalizadas como o <strong>Cap\u00e3o do Corvo<\/strong> para lazer em fam\u00edlia.<\/li>\n<\/ul>\n\n\n\n<p>Voc\u00ea precisa conhecer a for\u00e7a de trabalho e a infraestrutura que fazem desta cidade uma das gigantes do Sul.<\/p>\n","protected":false},"excerpt":{"rendered":"<p>Localizada na regi\u00e3o metropolitana, a apenas 14 km da capital Porto Alegre, a cidade de Canoas possui o terceiro maior PIB do estado. Conhecida como a &#8220;Cidade do Avi\u00e3o&#8221;, o munic\u00edpio \u00e9 um entroncamento log\u00edstico vital que combina um parque industrial robusto com uma vida universit\u00e1ria ativa. Por que a cidade \u00e9 estrat\u00e9gica para a [&hellip;]<\/p>\n","protected":false},"author":8,"featured_media":149779,"comment_status":"open","ping_status":"open","sticky":false,"template":"","format":"standard","meta":{"_yoast_wpseo_focuskw":"cidade da avia\u00e7\u00e3o","_yoast_wpseo_title":"","_yoast_wpseo_metadesc":"A \u201cCidade da Avia\u00e7\u00e3o\u201d virou refer\u00eancia ao unir tecnologia de ponta e qualidade de vida. Entenda por que esse modelo urbano chama aten\u00e7\u00e3o.","jnews-multi-image_gallery":[],"jnews_single_post":{"format":"standard"},"jnews_primary_category":[],"jnews_social_meta":[],"jnews_override_counter":[],"footnotes":""},"categories":[108,111],"tags":[4301,247,217],"class_list":["post-182524","post","type-post","status-publish","format-standard","has-post-thumbnail","hentry","category-cidades","category-turismo","tag-canoas","tag-qualidade-de-vida","tag-rio-grande-do-sul"],"yoast_head":"<!-- This site is optimized with the Yoast SEO plugin v24.6 - https:\/\/yoast.com\/wordpress\/plugins\/seo\/ -->\n<title>A \u201cCidade da Avia\u00e7\u00e3o\u201d mostra como tecnologia e qualidade de vida podem crescer juntas no interior do Rio Grande do Sul - Correio Braziliense - Radar<\/title>\n<meta name=\"description\" content=\"A \u201cCidade da Avia\u00e7\u00e3o\u201d virou refer\u00eancia ao unir tecnologia de ponta e qualidade de vida. Entenda por que esse modelo urbano chama aten\u00e7\u00e3o.\" \/>\n<meta name=\"robots\" content=\"index, follow, max-snippet:-1, max-image-preview:large, max-video-preview:-1\" \/>\n<link rel=\"canonical\" href=\"https:\/\/www.correiobraziliense.com.br\/cbradar\/a-cidade-da-aviacao-mostra-como-tecnologia-e-qualidade-de-vida-podem-crescer-juntas-no-interior-do-rio-grande-do-sul\/\" \/>\n<meta property=\"og:locale\" content=\"pt_BR\" \/>\n<meta property=\"og:type\" content=\"article\" \/>\n<meta property=\"og:title\" content=\"A \u201cCidade da Avia\u00e7\u00e3o\u201d mostra como tecnologia e qualidade de vida podem crescer juntas no interior do Rio Grande do Sul - Correio Braziliense - Radar\" \/>\n<meta property=\"og:description\" content=\"A \u201cCidade da Avia\u00e7\u00e3o\u201d virou refer\u00eancia ao unir tecnologia de ponta e qualidade de vida. Entenda por que esse modelo urbano chama aten\u00e7\u00e3o.\" \/>\n<meta property=\"og:url\" content=\"https:\/\/www.correiobraziliense.com.br\/cbradar\/a-cidade-da-aviacao-mostra-como-tecnologia-e-qualidade-de-vida-podem-crescer-juntas-no-interior-do-rio-grande-do-sul\/\" \/>\n<meta property=\"og:site_name\" content=\"Correio Braziliense - Radar\" \/>\n<meta property=\"article:published_time\" content=\"2026-01-27T18:25:00+00:00\" \/>\n<meta property=\"og:image\" content=\"https:\/\/www.correiobraziliense.com.br\/cbradar\/wp-content\/uploads\/2025\/12\/G-2025-12-04T001035.478.png\" \/>\n\t<meta property=\"og:image:width\" content=\"1280\" \/>\n\t<meta property=\"og:image:height\" content=\"720\" \/>\n\t<meta property=\"og:image:type\" content=\"image\/png\" \/>\n<meta name=\"author\" content=\"Maura Pereira\" \/>\n<meta name=\"twitter:card\" content=\"summary_large_image\" \/>\n<meta name=\"twitter:label1\" content=\"Escrito por\" \/>\n\t<meta name=\"twitter:data1\" content=\"Maura Pereira\" \/>\n\t<meta name=\"twitter:label2\" content=\"Est. tempo de leitura\" \/>\n\t<meta name=\"twitter:data2\" content=\"6 minutos\" \/>\n<!-- \/ Yoast SEO plugin. -->","yoast_head_json":{"title":"A \u201cCidade da Avia\u00e7\u00e3o\u201d mostra como tecnologia e qualidade de vida podem crescer juntas no interior do Rio Grande do Sul - Correio Braziliense - Radar","description":"A \u201cCidade da Avia\u00e7\u00e3o\u201d virou refer\u00eancia ao unir tecnologia de ponta e qualidade de vida. Entenda por que esse modelo urbano chama aten\u00e7\u00e3o.","robots":{"index":"index","follow":"follow","max-snippet":"max-snippet:-1","max-image-preview":"max-image-preview:large","max-video-preview":"max-video-preview:-1"},"canonical":"https:\/\/www.correiobraziliense.com.br\/cbradar\/a-cidade-da-aviacao-mostra-como-tecnologia-e-qualidade-de-vida-podem-crescer-juntas-no-interior-do-rio-grande-do-sul\/","og_locale":"pt_BR","og_type":"article","og_title":"A \u201cCidade da Avia\u00e7\u00e3o\u201d mostra como tecnologia e qualidade de vida podem crescer juntas no interior do Rio Grande do Sul - Correio Braziliense - Radar","og_description":"A \u201cCidade da Avia\u00e7\u00e3o\u201d virou refer\u00eancia ao unir tecnologia de ponta e qualidade de vida. Entenda por que esse modelo urbano chama aten\u00e7\u00e3o.","og_url":"https:\/\/www.correiobraziliense.com.br\/cbradar\/a-cidade-da-aviacao-mostra-como-tecnologia-e-qualidade-de-vida-podem-crescer-juntas-no-interior-do-rio-grande-do-sul\/","og_site_name":"Correio Braziliense - Radar","article_published_time":"2026-01-27T18:25:00+00:00","og_image":[{"width":1280,"height":720,"url":"https:\/\/www.correiobraziliense.com.br\/cbradar\/wp-content\/uploads\/2025\/12\/G-2025-12-04T001035.478.png","type":"image\/png"}],"author":"Maura Pereira","twitter_card":"summary_large_image","twitter_misc":{"Escrito por":"Maura Pereira","Est. tempo de leitura":"6 minutos"},"schema":{"@context":"https:\/\/schema.org","@graph":[{"@type":"WebPage","@id":"https:\/\/www.correiobraziliense.com.br\/cbradar\/a-cidade-da-aviacao-mostra-como-tecnologia-e-qualidade-de-vida-podem-crescer-juntas-no-interior-do-rio-grande-do-sul\/","url":"https:\/\/www.correiobraziliense.com.br\/cbradar\/a-cidade-da-aviacao-mostra-como-tecnologia-e-qualidade-de-vida-podem-crescer-juntas-no-interior-do-rio-grande-do-sul\/","name":"A \u201cCidade da Avia\u00e7\u00e3o\u201d mostra como tecnologia e qualidade de vida podem crescer juntas no interior do Rio Grande do Sul - Correio Braziliense - Radar","isPartOf":{"@id":"https:\/\/www.correiobraziliense.com.br\/cbradar\/#website"},"primaryImageOfPage":{"@id":"https:\/\/www.correiobraziliense.com.br\/cbradar\/a-cidade-da-aviacao-mostra-como-tecnologia-e-qualidade-de-vida-podem-crescer-juntas-no-interior-do-rio-grande-do-sul\/#primaryimage"},"image":{"@id":"https:\/\/www.correiobraziliense.com.br\/cbradar\/a-cidade-da-aviacao-mostra-como-tecnologia-e-qualidade-de-vida-podem-crescer-juntas-no-interior-do-rio-grande-do-sul\/#primaryimage"},"thumbnailUrl":"https:\/\/www.correiobraziliense.com.br\/cbradar\/wp-content\/uploads\/2025\/12\/G-2025-12-04T001035.478.png","datePublished":"2026-01-27T18:25:00+00:00","author":{"@id":"https:\/\/www.correiobraziliense.com.br\/cbradar\/#\/schema\/person\/4053c651a9bfc785afc6f4cbc9032fd3"},"description":"A \u201cCidade da Avia\u00e7\u00e3o\u201d virou refer\u00eancia ao unir tecnologia de ponta e qualidade de vida. Entenda por que esse modelo urbano chama aten\u00e7\u00e3o.","breadcrumb":{"@id":"https:\/\/www.correiobraziliense.com.br\/cbradar\/a-cidade-da-aviacao-mostra-como-tecnologia-e-qualidade-de-vida-podem-crescer-juntas-no-interior-do-rio-grande-do-sul\/#breadcrumb"},"inLanguage":"pt-BR","potentialAction":[{"@type":"ReadAction","target":["https:\/\/www.correiobraziliense.com.br\/cbradar\/a-cidade-da-aviacao-mostra-como-tecnologia-e-qualidade-de-vida-podem-crescer-juntas-no-interior-do-rio-grande-do-sul\/"]}]},{"@type":"ImageObject","inLanguage":"pt-BR","@id":"https:\/\/www.correiobraziliense.com.br\/cbradar\/a-cidade-da-aviacao-mostra-como-tecnologia-e-qualidade-de-vida-podem-crescer-juntas-no-interior-do-rio-grande-do-sul\/#primaryimage","url":"https:\/\/www.correiobraziliense.com.br\/cbradar\/wp-content\/uploads\/2025\/12\/G-2025-12-04T001035.478.png","contentUrl":"https:\/\/www.correiobraziliense.com.br\/cbradar\/wp-content\/uploads\/2025\/12\/G-2025-12-04T001035.478.png","width":1280,"height":720,"caption":"Canoas, onde o crescimento urbano se alia a \u00e1reas verdes, parques e uma economia din\u00e2mica, proporcionando qualidade de vida. \/ Imagem ilustrativa"},{"@type":"BreadcrumbList","@id":"https:\/\/www.correiobraziliense.com.br\/cbradar\/a-cidade-da-aviacao-mostra-como-tecnologia-e-qualidade-de-vida-podem-crescer-juntas-no-interior-do-rio-grande-do-sul\/#breadcrumb","itemListElement":[{"@type":"ListItem","position":1,"name":"In\u00edcio","item":"https:\/\/www.correiobraziliense.com.br\/cbradar\/"},{"@type":"ListItem","position":2,"name":"A \u201cCidade da Avia\u00e7\u00e3o\u201d mostra como tecnologia e qualidade de vida podem crescer juntas no interior do Rio Grande do Sul"}]},{"@type":"WebSite","@id":"https:\/\/www.correiobraziliense.com.br\/cbradar\/#website","url":"https:\/\/www.correiobraziliense.com.br\/cbradar\/","name":"Correio Braziliense - Radar","description":"Acompanhe as \u00faltimas not\u00edcias e fique bem informado sobre tudo o que acontece no Brasil e no mundo.","potentialAction":[{"@type":"SearchAction","target":{"@type":"EntryPoint","urlTemplate":"https:\/\/www.correiobraziliense.com.br\/cbradar\/?s={search_term_string}"},"query-input":{"@type":"PropertyValueSpecification","valueRequired":true,"valueName":"search_term_string"}}],"inLanguage":"pt-BR"},{"@type":"Person","@id":"https:\/\/www.correiobraziliense.com.br\/cbradar\/#\/schema\/person\/4053c651a9bfc785afc6f4cbc9032fd3","name":"Maura Pereira","image":{"@type":"ImageObject","inLanguage":"pt-BR","@id":"https:\/\/www.correiobraziliense.com.br\/cbradar\/#\/schema\/person\/image\/","url":"https:\/\/secure.gravatar.com\/avatar\/3effd6bdadfa447f15089c7f7144eaa6?s=96&d=mm&r=g","contentUrl":"https:\/\/secure.gravatar.com\/avatar\/3effd6bdadfa447f15089c7f7144eaa6?s=96&d=mm&r=g","caption":"Maura Pereira"},"sameAs":["https:\/\/www.correiobraziliense.com.br\/"],"url":"https:\/\/www.correiobraziliense.com.br\/cbradar\/author\/mauramyth\/"}]}},"_links":{"self":[{"href":"https:\/\/www.correiobraziliense.com.br\/cbradar\/wp-json\/wp\/v2\/posts\/182524","targetHints":{"allow":["GET"]}}],"collection":[{"href":"https:\/\/www.correiobraziliense.com.br\/cbradar\/wp-json\/wp\/v2\/posts"}],"about":[{"href":"https:\/\/www.correiobraziliense.com.br\/cbradar\/wp-json\/wp\/v2\/types\/post"}],"author":[{"embeddable":true,"href":"https:\/\/www.correiobraziliense.com.br\/cbradar\/wp-json\/wp\/v2\/users\/8"}],"replies":[{"embeddable":true,"href":"https:\/\/www.correiobraziliense.com.br\/cbradar\/wp-json\/wp\/v2\/comments?post=182524"}],"version-history":[{"count":12,"href":"https:\/\/www.correiobraziliense.com.br\/cbradar\/wp-json\/wp\/v2\/posts\/182524\/revisions"}],"predecessor-version":[{"id":182612,"href":"https:\/\/www.correiobraziliense.com.br\/cbradar\/wp-json\/wp\/v2\/posts\/182524\/revisions\/182612"}],"wp:featuredmedia":[{"embeddable":true,"href":"https:\/\/www.correiobraziliense.com.br\/cbradar\/wp-json\/wp\/v2\/media\/149779"}],"wp:attachment":[{"href":"https:\/\/www.correiobraziliense.com.br\/cbradar\/wp-json\/wp\/v2\/media?parent=182524"}],"wp:term":[{"taxonomy":"category","embeddable":true,"href":"https:\/\/www.correiobraziliense.com.br\/cbradar\/wp-json\/wp\/v2\/categories?post=182524"},{"taxonomy":"post_tag","embeddable":true,"href":"https:\/\/www.correiobraziliense.com.br\/cbradar\/wp-json\/wp\/v2\/tags?post=182524"}],"curies":[{"name":"wp","href":"https:\/\/api.w.org\/{rel}","templated":true}]}}