{"id":182525,"date":"2026-01-27T19:15:00","date_gmt":"2026-01-27T22:15:00","guid":{"rendered":"https:\/\/www.correiobraziliense.com.br\/cbradar\/?p=182525"},"modified":"2026-01-27T08:32:12","modified_gmt":"2026-01-27T11:32:12","slug":"um-vilarejo-no-nordeste-onde-nao-entram-carros-e-a-eletricidade-ainda-e-novidade-esta-chamando-atencao-ao-preservar-a-natureza","status":"publish","type":"post","link":"https:\/\/www.correiobraziliense.com.br\/cbradar\/um-vilarejo-no-nordeste-onde-nao-entram-carros-e-a-eletricidade-ainda-e-novidade-esta-chamando-atencao-ao-preservar-a-natureza\/","title":{"rendered":"Um vilarejo no Nordeste onde n\u00e3o entram carros e a eletricidade ainda \u00e9 novidade est\u00e1 chamando aten\u00e7\u00e3o ao preservar a natureza"},"content":{"rendered":"\n<p>Localizada a cerca de 70 km do aeroporto de <strong>Porto Seguro<\/strong>, a vila de <strong>Cara\u00edva<\/strong> \u00e9 um dos destinos mais singulares do litoral baiano. Situada em uma pen\u00ednsula isolada pelo <strong>Rio Cara\u00edva<\/strong> e pelo mar, o vilarejo mant\u00e9m um charme r\u00fastico intencional, onde carros n\u00e3o entram e a eletricidade chegou recentemente em 2007, preservando a fia\u00e7\u00e3o subterr\u00e2nea para n\u00e3o poluir o visual.<\/p>\n\n\n\n<h2 class=\"wp-block-heading\">Por que a aus\u00eancia de carros define a experi\u00eancia local?<\/h2>\n\n\n\n<p>A magia de <strong>Cara\u00edva<\/strong> come\u00e7a na travessia. O acesso final \u00e9 feito exclusivamente por canoas nativas, deixando para tr\u00e1s o asfalto e os ve\u00edculos motorizados. Nas ruas de areia fofa, o transporte \u00e9 feito a p\u00e9 ou em carro\u00e7as puxadas por muares, criando uma atmosfera de desacelera\u00e7\u00e3o imediata.<\/p>\n\n\n\n<p>Essa restri\u00e7\u00e3o geogr\u00e1fica protegeu a comunidade do turismo de massa predat\u00f3rio, atraindo visitantes que valorizam o sil\u00eancio e a simplicidade. A arquitetura segue um padr\u00e3o colorido e baixo, integrado \u00e0 natureza, onde chinelos de dedo s\u00e3o o \u00fanico cal\u00e7ado necess\u00e1rio e o luxo est\u00e1 na desconex\u00e3o digital e no contato humano.<\/p>\n\n\n\n<figure class=\"wp-block-image aligncenter size-large\"><img decoding=\"async\" width=\"1024\" height=\"576\" src=\"https:\/\/www.correiobraziliense.com.br\/cbradar\/wp-content\/uploads\/2025\/12\/canva-2025-12-27T184340.929-1024x576.png\" alt=\"Um vilarejo no Nordeste onde n\u00e3o entram carros e a eletricidade ainda \u00e9 novidade come\u00e7a a chamar aten\u00e7\u00e3o pela forma rara de preservar a natureza\" class=\"wp-image-163767\" srcset=\"https:\/\/www.correiobraziliense.com.br\/cbradar\/wp-content\/uploads\/2025\/12\/canva-2025-12-27T184340.929-1024x576.png 1024w, https:\/\/www.correiobraziliense.com.br\/cbradar\/wp-content\/uploads\/2025\/12\/canva-2025-12-27T184340.929-300x169.png 300w, https:\/\/www.correiobraziliense.com.br\/cbradar\/wp-content\/uploads\/2025\/12\/canva-2025-12-27T184340.929-768x432.png 768w, https:\/\/www.correiobraziliense.com.br\/cbradar\/wp-content\/uploads\/2025\/12\/canva-2025-12-27T184340.929-750x422.png 750w, https:\/\/www.correiobraziliense.com.br\/cbradar\/wp-content\/uploads\/2025\/12\/canva-2025-12-27T184340.929-1140x641.png 1140w, https:\/\/www.correiobraziliense.com.br\/cbradar\/wp-content\/uploads\/2025\/12\/canva-2025-12-27T184340.929.png 1280w\" sizes=\"(max-width: 1024px) 100vw, 1024px\" \/><figcaption class=\"wp-element-caption\">Cara\u00edva fascina com mar calmo e vilarejo bo\u00eamio: viva o para\u00edso bahiano que inspira caminhadas na praia ao p\u00f4r do sol, forr\u00f3 na areia e paz desconectada do mundo agitado! \/\/ Cr\u00e9ditos: YouTube @guilhermeargolo8365\n<\/figcaption><\/figure>\n\n\n\n<h2 class=\"wp-block-heading\">Como \u00e9 a rotina entre o rio e o mar?<\/h2>\n\n\n\n<p>Viver ou visitar a vila significa dividir o dia entre a \u00e1gua doce e a salgada. O ponto alto da rotina \u00e9 o encontro do <strong>Rio Cara\u00edva<\/strong> com o mar na chamada &#8220;Barra&#8221;, onde cadeiras de praia s\u00e3o colocadas dentro d&#8217;\u00e1gua para contemplar o p\u00f4r do sol mais famoso da regi\u00e3o. A vida noturna \u00e9 vibrante, mas sem excessos, guiada pelo ritmo do forr\u00f3 p\u00e9 de serra em casas tradicionais como o <strong>Forr\u00f3 do Pel\u00e9<\/strong> e o <strong>Forr\u00f3 do Ouri\u00e7o<\/strong>.<\/p>\n\n\n\n<p>A cultura ind\u00edgena \u00e9 uma presen\u00e7a viva, n\u00e3o apenas uma atra\u00e7\u00e3o tur\u00edstica. A proximidade com a <strong>Aldeia Barra Velha<\/strong> e o Parque Nacional de Monte Pascoal integra a sabedoria dos Patax\u00f3s ao cotidiano, vis\u00edvel na culin\u00e1ria, no artesanato e na prote\u00e7\u00e3o ambiental liderada pelos nativos.<\/p>\n\n\n\n<p><strong>Desconecte-se na vila mais charmosa do sul da Bahia, onde o tempo parece parar e o mar dita o ritmo. <\/strong>O v\u00eddeo \u00e9 do canal <strong>Traz o Passaporte<\/strong>, que conta com mais de <strong>10 mil inscritos<\/strong>, e detalha um roteiro de dois dias por Cara\u00edva, com dicas de log\u00edstica, travessia de rio e passeios imperd\u00edveis: <\/p>\n\n\n\n<figure class=\"wp-block-embed aligncenter is-type-video is-provider-youtube wp-block-embed-youtube wp-embed-aspect-16-9 wp-has-aspect-ratio\"><div class=\"wp-block-embed__wrapper\">\n<div class=\"jeg_video_container jeg_video_content\"><iframe loading=\"lazy\" title=\"CARA\u00cdVA 2026 - PORTO SEGURO BAHIA | O que fazer, onde comer, se hospedar, passeio tudo com pre\u00e7os\" width=\"500\" height=\"281\" src=\"https:\/\/www.youtube.com\/embed\/OVnM2EoV4Yo?feature=oembed\" frameborder=\"0\" allow=\"accelerometer; autoplay; clipboard-write; encrypted-media; gyroscope; picture-in-picture; web-share\" referrerpolicy=\"strict-origin-when-cross-origin\" allowfullscreen><\/iframe><\/div>\n<\/div><\/figure>\n\n\n\n<h2 class=\"wp-block-heading\">Qual o tamanho da popula\u00e7\u00e3o e o contexto regional?<\/h2>\n\n\n\n<p>O distrito de Cara\u00edva (que engloba a vila tur\u00edstica, Nova Cara\u00edva e \u00e1reas rurais) possui 13.214 habitantes, conforme o Censo de 2022 do <strong>IBGE<\/strong>. No entanto, a popula\u00e7\u00e3o residente na &#8220;Velha Cara\u00edva&#8221; (a \u00e1rea tur\u00edstica peninsular) \u00e9 muito menor, criando a sensa\u00e7\u00e3o de uma comunidade onde todos se conhecem.<\/p>\n\n\n\n<p>A economia gira em torno do turismo sustent\u00e1vel e da pesca, com um forte movimento comunit\u00e1rio para preservar as tradi\u00e7\u00f5es locais contra a especula\u00e7\u00e3o imobili\u00e1ria. O visitante paga uma taxa de conserva\u00e7\u00e3o ambiental ao entrar, revertida para a limpeza e manuten\u00e7\u00e3o da vila.<\/p>\n\n\n\n<figure class=\"wp-block-image aligncenter size-large\"><img decoding=\"async\" width=\"1024\" height=\"576\" src=\"https:\/\/www.correiobraziliense.com.br\/cbradar\/wp-content\/uploads\/2025\/12\/canva-2025-12-27T184222.195-1024x576.png\" alt=\"Um vilarejo no Nordeste onde n\u00e3o entram carros e a eletricidade ainda \u00e9 novidade come\u00e7a a chamar aten\u00e7\u00e3o pela forma rara de preservar a natureza\" class=\"wp-image-163769\" srcset=\"https:\/\/www.correiobraziliense.com.br\/cbradar\/wp-content\/uploads\/2025\/12\/canva-2025-12-27T184222.195-1024x576.png 1024w, https:\/\/www.correiobraziliense.com.br\/cbradar\/wp-content\/uploads\/2025\/12\/canva-2025-12-27T184222.195-300x169.png 300w, https:\/\/www.correiobraziliense.com.br\/cbradar\/wp-content\/uploads\/2025\/12\/canva-2025-12-27T184222.195-768x432.png 768w, https:\/\/www.correiobraziliense.com.br\/cbradar\/wp-content\/uploads\/2025\/12\/canva-2025-12-27T184222.195-750x422.png 750w, https:\/\/www.correiobraziliense.com.br\/cbradar\/wp-content\/uploads\/2025\/12\/canva-2025-12-27T184222.195-1140x641.png 1140w, https:\/\/www.correiobraziliense.com.br\/cbradar\/wp-content\/uploads\/2025\/12\/canva-2025-12-27T184222.195.png 1280w\" sizes=\"(max-width: 1024px) 100vw, 1024px\" \/><figcaption class=\"wp-element-caption\">Cara\u00edva fascina com mar calmo e vilarejo bo\u00eamio: viva o para\u00edso bahiano que inspira caminhadas na praia ao p\u00f4r do sol, forr\u00f3 na areia e paz desconectada do mundo agitado! \/\/ Cr\u00e9ditos: YouTube @guilhermeargolo8365\n<\/figcaption><\/figure>\n\n\n\n<h2 class=\"wp-block-heading\">Quais s\u00e3o os roteiros imperd\u00edveis na Costa do Descobrimento?<\/h2>\n\n\n\n<p>O turismo na regi\u00e3o oferece desde flutua\u00e7\u00f5es relaxantes no rio at\u00e9 caminhadas longas por praias desertas cercadas por fal\u00e9sias. \u00c9 o destino ideal para quem busca natureza intocada e viv\u00eancia cultural.<\/p>\n\n\n\n<p>Abaixo est\u00e3o as experi\u00eancias que definem a alma do lugar:<\/p>\n\n\n\n<ul class=\"wp-block-list\">\n<li><strong>Barra de Cara\u00edva<\/strong>: O encontro das \u00e1guas, ideal para banhos relaxantes e para assistir ao espet\u00e1culo do entardecer.<\/li>\n\n\n\n<li><strong>Praia do Satu<\/strong>: Localizada a cerca de 3 km de caminhada, oferece lagoas de \u00e1gua doce e piscinas naturais na mar\u00e9 baixa.<\/li>\n\n\n\n<li><strong>Descida de Boia<\/strong>: Um passeio cl\u00e1ssico onde se desce a correnteza suave do rio apreciando o mangulzal e a mata ciliar.<\/li>\n\n\n\n<li><strong>Centro Cultural Porto do Boi<\/strong>: Uma imers\u00e3o aut\u00eantica na cultura Patax\u00f3, com rituais, pintura corporal e culin\u00e1ria t\u00edpica.<\/li>\n\n\n\n<li><strong>Praia do Espelho<\/strong>: Considerada uma das mais bonitas do Brasil, acess\u00edvel por trilha longa ou barco, famosa por suas \u00e1guas cristalinas.<\/li>\n<\/ul>\n\n\n\n<p><strong>Dica do editor: <a href=\"https:\/\/www.correiobraziliense.com.br\/cbradar\/uma-antiga-vila-de-pescadores-com-um-simbolo-de-lua-esculpido-nos-paredoes-e-aguas-azuis-foi-descoberto-por-hippies-nos-anos-70\/\" target=\"_blank\" rel=\"noreferrer noopener\">Uma antiga vila de pescadores descoberta por hippies nos anos 70 conquista com um s\u00edmbolo de lua esculpido nos pared\u00f5es e \u00e1guas azuis.<\/a><\/strong><\/p>\n\n\n\n<figure class=\"wp-block-image aligncenter size-large\"><img decoding=\"async\" width=\"1024\" height=\"576\" src=\"https:\/\/www.correiobraziliense.com.br\/cbradar\/wp-content\/uploads\/2025\/12\/canva-2025-12-27T184517.498-1024x576.png\" alt=\"Um vilarejo no Nordeste onde n\u00e3o entram carros e a eletricidade ainda \u00e9 novidade come\u00e7a a chamar aten\u00e7\u00e3o pela forma rara de preservar a natureza\" class=\"wp-image-163766\" srcset=\"https:\/\/www.correiobraziliense.com.br\/cbradar\/wp-content\/uploads\/2025\/12\/canva-2025-12-27T184517.498-1024x576.png 1024w, https:\/\/www.correiobraziliense.com.br\/cbradar\/wp-content\/uploads\/2025\/12\/canva-2025-12-27T184517.498-300x169.png 300w, https:\/\/www.correiobraziliense.com.br\/cbradar\/wp-content\/uploads\/2025\/12\/canva-2025-12-27T184517.498-768x432.png 768w, https:\/\/www.correiobraziliense.com.br\/cbradar\/wp-content\/uploads\/2025\/12\/canva-2025-12-27T184517.498-750x422.png 750w, https:\/\/www.correiobraziliense.com.br\/cbradar\/wp-content\/uploads\/2025\/12\/canva-2025-12-27T184517.498-1140x641.png 1140w, https:\/\/www.correiobraziliense.com.br\/cbradar\/wp-content\/uploads\/2025\/12\/canva-2025-12-27T184517.498.png 1280w\" sizes=\"(max-width: 1024px) 100vw, 1024px\" \/><figcaption class=\"wp-element-caption\">Cara\u00edva, BA, vila p\u00e9 na areia no litoral sul da Bahia, revela praia extensa com rio desaguando no mar, ruas de areia sem carros e pousadas charmosas preservadas no Monte Pascoal. \/\/ Cr\u00e9ditos: YouTube @guilhermeargolo8365\n<\/figcaption><\/figure>\n\n\n\n<h2 class=\"wp-block-heading\">Como funciona o regime de chuvas e temperatura?<\/h2>\n\n\n\n<p><strong>O clima \u00e9 tropical \u00famido, quente o ano todo, sem uma esta\u00e7\u00e3o seca rigorosa como no nordeste setentrional.<\/strong> As chuvas s\u00e3o bem distribu\u00eddas, podendo ocorrer pancadas r\u00e1pidas em qualquer m\u00eas, o que mant\u00e9m a vegeta\u00e7\u00e3o sempre verde.<\/p>\n\n\n\n<p>As m\u00e9dias t\u00e9rmicas e o comportamento atmosf\u00e9rico, baseados no padr\u00e3o monitorado pelo <strong><a href=\"https:\/\/www.climatempo.com.br\/previsao-do-tempo\/cidade\/1383\/canoas-rs\" target=\"_blank\" rel=\"noreferrer noopener\">Climatempo<\/a><\/strong>, seguem o resumo abaixo:<\/p>\n\n\n\n<figure class=\"wp-block-table\"><table class=\"has-fixed-layout\"><tbody><tr><th>Esta\u00e7\u00e3o\/Meses<\/th><th>Temperatura<\/th><th>O que esperar<\/th><\/tr><tr><td>Ver\u00e3o (Dezembro a Mar\u00e7o)<\/td><td>23\u00b0C a 31\u00b0C<\/td><td>Calor intenso, vila cheia, mar morno e pancadas de chuva ocasionais<\/td><\/tr><tr><td>Outono (Abril a Junho)<\/td><td>21\u00b0C a 28\u00b0C<\/td><td>Clima ameno, maior probabilidade de chuvas em abril\/maio<\/td><\/tr><tr><td>Inverno (Julho a Setembro)<\/td><td>19\u00b0C a 26\u00b0C<\/td><td>Noites frescas, dias agrad\u00e1veis e menor \u00edndice pluviom\u00e9trico (agosto\/setembro)<\/td><\/tr><tr><td>Primavera (Outubro a Novembro)<\/td><td>22\u00b0C a 29\u00b0C<\/td><td>Aquecimento gradual e retorno das chuvas de fim de ano (novembro costuma chover)<\/td><\/tr><\/tbody><\/table><\/figure>\n\n\n\n<h2 class=\"wp-block-heading\">Motivos para desconectar e viver Cara\u00edva<\/h2>\n\n\n\n<p>Escolher este destino \u00e9 aceitar um convite para viver em outro ritmo, guiado pela mar\u00e9 e pela lua. <strong>Cara\u00edva<\/strong> n\u00e3o \u00e9 apenas uma praia, \u00e9 um estado de esp\u00edrito que valoriza o essencial.<\/p>\n\n\n\n<ul class=\"wp-block-list\">\n<li>Ruas de areia sem tr\u00e2nsito, perfeitas para crian\u00e7as e caminhadas.<\/li>\n\n\n\n<li>Gastronomia que mistura o tempero baiano com influ\u00eancias internacionais.<\/li>\n\n\n\n<li>C\u00e9u noturno espetacular devido \u00e0 baixa polui\u00e7\u00e3o luminosa p\u00fablica.<\/li>\n<\/ul>\n\n\n\n<p>Voc\u00ea precisa atravessar o rio de canoa e deixar os problemas na outra margem.<\/p>\n","protected":false},"excerpt":{"rendered":"<p>Localizada a cerca de 70 km do aeroporto de Porto Seguro, a vila de Cara\u00edva \u00e9 um dos destinos mais singulares do litoral baiano. Situada em uma pen\u00ednsula isolada pelo Rio Cara\u00edva e pelo mar, o vilarejo mant\u00e9m um charme r\u00fastico intencional, onde carros n\u00e3o entram e a eletricidade chegou recentemente em 2007, preservando a [&hellip;]<\/p>\n","protected":false},"author":8,"featured_media":182632,"comment_status":"open","ping_status":"open","sticky":false,"template":"","format":"standard","meta":{"_yoast_wpseo_focuskw":"vilarejo no nordeste","_yoast_wpseo_title":"","_yoast_wpseo_metadesc":"Um vilarejo no Nordeste recebeu eletricidade recentemente e manter a natureza quase intacta. Veja por que esse lugar \u00e9 exemplo.","jnews-multi-image_gallery":[],"jnews_single_post":{"format":"standard"},"jnews_primary_category":[],"jnews_social_meta":[],"jnews_override_counter":[],"footnotes":""},"categories":[108,111],"tags":[483,13214,1128],"class_list":["post-182525","post","type-post","status-publish","format-standard","has-post-thumbnail","hentry","category-cidades","category-turismo","tag-bahia","tag-caraiva","tag-vilarejo"],"yoast_head":"<!-- This site is optimized with the Yoast SEO plugin v24.6 - https:\/\/yoast.com\/wordpress\/plugins\/seo\/ -->\n<title>Um vilarejo no Nordeste onde n\u00e3o entram carros e a eletricidade ainda \u00e9 novidade est\u00e1 chamando aten\u00e7\u00e3o ao preservar a natureza - Correio Braziliense - Radar<\/title>\n<meta name=\"description\" content=\"Um vilarejo no Nordeste recebeu eletricidade recentemente e manter a natureza quase intacta. Veja por que esse lugar \u00e9 exemplo.\" \/>\n<meta name=\"robots\" content=\"index, follow, max-snippet:-1, max-image-preview:large, max-video-preview:-1\" \/>\n<link rel=\"canonical\" href=\"https:\/\/www.correiobraziliense.com.br\/cbradar\/um-vilarejo-no-nordeste-onde-nao-entram-carros-e-a-eletricidade-ainda-e-novidade-esta-chamando-atencao-ao-preservar-a-natureza\/\" \/>\n<meta property=\"og:locale\" content=\"pt_BR\" \/>\n<meta property=\"og:type\" content=\"article\" \/>\n<meta property=\"og:title\" content=\"Um vilarejo no Nordeste onde n\u00e3o entram carros e a eletricidade ainda \u00e9 novidade est\u00e1 chamando aten\u00e7\u00e3o ao preservar a natureza - Correio Braziliense - Radar\" \/>\n<meta property=\"og:description\" content=\"Um vilarejo no Nordeste recebeu eletricidade recentemente e manter a natureza quase intacta. Veja por que esse lugar \u00e9 exemplo.\" \/>\n<meta property=\"og:url\" content=\"https:\/\/www.correiobraziliense.com.br\/cbradar\/um-vilarejo-no-nordeste-onde-nao-entram-carros-e-a-eletricidade-ainda-e-novidade-esta-chamando-atencao-ao-preservar-a-natureza\/\" \/>\n<meta property=\"og:site_name\" content=\"Correio Braziliense - Radar\" \/>\n<meta property=\"article:published_time\" content=\"2026-01-27T22:15:00+00:00\" \/>\n<meta property=\"og:image\" content=\"https:\/\/www.correiobraziliense.com.br\/cbradar\/wp-content\/uploads\/2026\/01\/aaa-2026-01-27T075906.770.png\" \/>\n\t<meta property=\"og:image:width\" content=\"1280\" \/>\n\t<meta property=\"og:image:height\" content=\"720\" \/>\n\t<meta property=\"og:image:type\" content=\"image\/png\" \/>\n<meta name=\"author\" content=\"Maura Pereira\" \/>\n<meta name=\"twitter:card\" content=\"summary_large_image\" \/>\n<meta name=\"twitter:label1\" content=\"Escrito por\" \/>\n\t<meta name=\"twitter:data1\" content=\"Maura Pereira\" \/>\n\t<meta name=\"twitter:label2\" content=\"Est. tempo de leitura\" \/>\n\t<meta name=\"twitter:data2\" content=\"7 minutos\" \/>\n<!-- \/ Yoast SEO plugin. -->","yoast_head_json":{"title":"Um vilarejo no Nordeste onde n\u00e3o entram carros e a eletricidade ainda \u00e9 novidade est\u00e1 chamando aten\u00e7\u00e3o ao preservar a natureza - Correio Braziliense - Radar","description":"Um vilarejo no Nordeste recebeu eletricidade recentemente e manter a natureza quase intacta. Veja por que esse lugar \u00e9 exemplo.","robots":{"index":"index","follow":"follow","max-snippet":"max-snippet:-1","max-image-preview":"max-image-preview:large","max-video-preview":"max-video-preview:-1"},"canonical":"https:\/\/www.correiobraziliense.com.br\/cbradar\/um-vilarejo-no-nordeste-onde-nao-entram-carros-e-a-eletricidade-ainda-e-novidade-esta-chamando-atencao-ao-preservar-a-natureza\/","og_locale":"pt_BR","og_type":"article","og_title":"Um vilarejo no Nordeste onde n\u00e3o entram carros e a eletricidade ainda \u00e9 novidade est\u00e1 chamando aten\u00e7\u00e3o ao preservar a natureza - Correio Braziliense - Radar","og_description":"Um vilarejo no Nordeste recebeu eletricidade recentemente e manter a natureza quase intacta. Veja por que esse lugar \u00e9 exemplo.","og_url":"https:\/\/www.correiobraziliense.com.br\/cbradar\/um-vilarejo-no-nordeste-onde-nao-entram-carros-e-a-eletricidade-ainda-e-novidade-esta-chamando-atencao-ao-preservar-a-natureza\/","og_site_name":"Correio Braziliense - Radar","article_published_time":"2026-01-27T22:15:00+00:00","og_image":[{"width":1280,"height":720,"url":"https:\/\/www.correiobraziliense.com.br\/cbradar\/wp-content\/uploads\/2026\/01\/aaa-2026-01-27T075906.770.png","type":"image\/png"}],"author":"Maura Pereira","twitter_card":"summary_large_image","twitter_misc":{"Escrito por":"Maura Pereira","Est. tempo de leitura":"7 minutos"},"schema":{"@context":"https:\/\/schema.org","@graph":[{"@type":"WebPage","@id":"https:\/\/www.correiobraziliense.com.br\/cbradar\/um-vilarejo-no-nordeste-onde-nao-entram-carros-e-a-eletricidade-ainda-e-novidade-esta-chamando-atencao-ao-preservar-a-natureza\/","url":"https:\/\/www.correiobraziliense.com.br\/cbradar\/um-vilarejo-no-nordeste-onde-nao-entram-carros-e-a-eletricidade-ainda-e-novidade-esta-chamando-atencao-ao-preservar-a-natureza\/","name":"Um vilarejo no Nordeste onde n\u00e3o entram carros e a eletricidade ainda \u00e9 novidade est\u00e1 chamando aten\u00e7\u00e3o ao preservar a natureza - Correio Braziliense - Radar","isPartOf":{"@id":"https:\/\/www.correiobraziliense.com.br\/cbradar\/#website"},"primaryImageOfPage":{"@id":"https:\/\/www.correiobraziliense.com.br\/cbradar\/um-vilarejo-no-nordeste-onde-nao-entram-carros-e-a-eletricidade-ainda-e-novidade-esta-chamando-atencao-ao-preservar-a-natureza\/#primaryimage"},"image":{"@id":"https:\/\/www.correiobraziliense.com.br\/cbradar\/um-vilarejo-no-nordeste-onde-nao-entram-carros-e-a-eletricidade-ainda-e-novidade-esta-chamando-atencao-ao-preservar-a-natureza\/#primaryimage"},"thumbnailUrl":"https:\/\/www.correiobraziliense.com.br\/cbradar\/wp-content\/uploads\/2026\/01\/aaa-2026-01-27T075906.770.png","datePublished":"2026-01-27T22:15:00+00:00","author":{"@id":"https:\/\/www.correiobraziliense.com.br\/cbradar\/#\/schema\/person\/4053c651a9bfc785afc6f4cbc9032fd3"},"description":"Um vilarejo no Nordeste recebeu eletricidade recentemente e manter a natureza quase intacta. Veja por que esse lugar \u00e9 exemplo.","breadcrumb":{"@id":"https:\/\/www.correiobraziliense.com.br\/cbradar\/um-vilarejo-no-nordeste-onde-nao-entram-carros-e-a-eletricidade-ainda-e-novidade-esta-chamando-atencao-ao-preservar-a-natureza\/#breadcrumb"},"inLanguage":"pt-BR","potentialAction":[{"@type":"ReadAction","target":["https:\/\/www.correiobraziliense.com.br\/cbradar\/um-vilarejo-no-nordeste-onde-nao-entram-carros-e-a-eletricidade-ainda-e-novidade-esta-chamando-atencao-ao-preservar-a-natureza\/"]}]},{"@type":"ImageObject","inLanguage":"pt-BR","@id":"https:\/\/www.correiobraziliense.com.br\/cbradar\/um-vilarejo-no-nordeste-onde-nao-entram-carros-e-a-eletricidade-ainda-e-novidade-esta-chamando-atencao-ao-preservar-a-natureza\/#primaryimage","url":"https:\/\/www.correiobraziliense.com.br\/cbradar\/wp-content\/uploads\/2026\/01\/aaa-2026-01-27T075906.770.png","contentUrl":"https:\/\/www.correiobraziliense.com.br\/cbradar\/wp-content\/uploads\/2026\/01\/aaa-2026-01-27T075906.770.png","width":1280,"height":720,"caption":"A magia de Cara\u00edva come\u00e7a na travessia. O acesso final \u00e9 feito exclusivamente por canoas nativas, deixando para tr\u00e1s o asfalto e os ve\u00edculos motorizados. \/ Imagem ilustrativa"},{"@type":"BreadcrumbList","@id":"https:\/\/www.correiobraziliense.com.br\/cbradar\/um-vilarejo-no-nordeste-onde-nao-entram-carros-e-a-eletricidade-ainda-e-novidade-esta-chamando-atencao-ao-preservar-a-natureza\/#breadcrumb","itemListElement":[{"@type":"ListItem","position":1,"name":"In\u00edcio","item":"https:\/\/www.correiobraziliense.com.br\/cbradar\/"},{"@type":"ListItem","position":2,"name":"Um vilarejo no Nordeste onde n\u00e3o entram carros e a eletricidade ainda \u00e9 novidade est\u00e1 chamando aten\u00e7\u00e3o ao preservar a natureza"}]},{"@type":"WebSite","@id":"https:\/\/www.correiobraziliense.com.br\/cbradar\/#website","url":"https:\/\/www.correiobraziliense.com.br\/cbradar\/","name":"Correio Braziliense - Radar","description":"Acompanhe as \u00faltimas not\u00edcias e fique bem informado sobre tudo o que acontece no Brasil e no mundo.","potentialAction":[{"@type":"SearchAction","target":{"@type":"EntryPoint","urlTemplate":"https:\/\/www.correiobraziliense.com.br\/cbradar\/?s={search_term_string}"},"query-input":{"@type":"PropertyValueSpecification","valueRequired":true,"valueName":"search_term_string"}}],"inLanguage":"pt-BR"},{"@type":"Person","@id":"https:\/\/www.correiobraziliense.com.br\/cbradar\/#\/schema\/person\/4053c651a9bfc785afc6f4cbc9032fd3","name":"Maura Pereira","image":{"@type":"ImageObject","inLanguage":"pt-BR","@id":"https:\/\/www.correiobraziliense.com.br\/cbradar\/#\/schema\/person\/image\/","url":"https:\/\/secure.gravatar.com\/avatar\/3effd6bdadfa447f15089c7f7144eaa6?s=96&d=mm&r=g","contentUrl":"https:\/\/secure.gravatar.com\/avatar\/3effd6bdadfa447f15089c7f7144eaa6?s=96&d=mm&r=g","caption":"Maura Pereira"},"sameAs":["https:\/\/www.correiobraziliense.com.br\/"],"url":"https:\/\/www.correiobraziliense.com.br\/cbradar\/author\/mauramyth\/"}]}},"_links":{"self":[{"href":"https:\/\/www.correiobraziliense.com.br\/cbradar\/wp-json\/wp\/v2\/posts\/182525","targetHints":{"allow":["GET"]}}],"collection":[{"href":"https:\/\/www.correiobraziliense.com.br\/cbradar\/wp-json\/wp\/v2\/posts"}],"about":[{"href":"https:\/\/www.correiobraziliense.com.br\/cbradar\/wp-json\/wp\/v2\/types\/post"}],"author":[{"embeddable":true,"href":"https:\/\/www.correiobraziliense.com.br\/cbradar\/wp-json\/wp\/v2\/users\/8"}],"replies":[{"embeddable":true,"href":"https:\/\/www.correiobraziliense.com.br\/cbradar\/wp-json\/wp\/v2\/comments?post=182525"}],"version-history":[{"count":17,"href":"https:\/\/www.correiobraziliense.com.br\/cbradar\/wp-json\/wp\/v2\/posts\/182525\/revisions"}],"predecessor-version":[{"id":182629,"href":"https:\/\/www.correiobraziliense.com.br\/cbradar\/wp-json\/wp\/v2\/posts\/182525\/revisions\/182629"}],"wp:featuredmedia":[{"embeddable":true,"href":"https:\/\/www.correiobraziliense.com.br\/cbradar\/wp-json\/wp\/v2\/media\/182632"}],"wp:attachment":[{"href":"https:\/\/www.correiobraziliense.com.br\/cbradar\/wp-json\/wp\/v2\/media?parent=182525"}],"wp:term":[{"taxonomy":"category","embeddable":true,"href":"https:\/\/www.correiobraziliense.com.br\/cbradar\/wp-json\/wp\/v2\/categories?post=182525"},{"taxonomy":"post_tag","embeddable":true,"href":"https:\/\/www.correiobraziliense.com.br\/cbradar\/wp-json\/wp\/v2\/tags?post=182525"}],"curies":[{"name":"wp","href":"https:\/\/api.w.org\/{rel}","templated":true}]}}