{"id":18256,"date":"2025-04-03T21:30:00","date_gmt":"2025-04-04T00:30:00","guid":{"rendered":"https:\/\/www.correiobraziliense.com.br\/cbradar\/?p=18256"},"modified":"2025-04-02T14:12:53","modified_gmt":"2025-04-02T17:12:53","slug":"conheca-a-cidade-onde-a-rua-principal-e-um-rio","status":"publish","type":"post","link":"https:\/\/www.correiobraziliense.com.br\/cbradar\/conheca-a-cidade-onde-a-rua-principal-e-um-rio\/","title":{"rendered":"Conhe\u00e7a a cidade onde a rua principal \u00e9 um rio"},"content":{"rendered":"\n<p>Em <strong>Giethoorn<\/strong>, uma vila encantadora no norte da <strong>Holanda<\/strong>, carros n\u00e3o t\u00eam vez. Isso porque sua \u201crua principal\u201d \u00e9, na verdade, <strong>um rio que atravessa a cidade inteira<\/strong>, e os meios de transporte mais comuns s\u00e3o <strong>barcos, canoas e pequenas embarca\u00e7\u00f5es el\u00e9tricas<\/strong>.<\/p>\n\n\n\n<p>Conhecida como a <strong>\u201cVeneza holandesa\u201d<\/strong>, Giethoorn \u00e9 um exemplo vivo de urbanismo tranquilo, silencioso e 100% adaptado \u00e0 \u00e1gua \u2014 onde <strong>as cal\u00e7adas s\u00e3o trilhas, e os autom\u00f3veis foram substitu\u00eddos por navega\u00e7\u00e3o pac\u00edfica<\/strong>.<\/p>\n\n\n\n<h2 class=\"wp-block-heading\"><strong>Como \u00e9 viver em uma cidade onde o rio \u00e9 a rua?<\/strong><\/h2>\n\n\n\n<p>A vida em Giethoorn flui literalmente sobre a \u00e1gua. A cidade conta com:<\/p>\n\n\n\n<ul class=\"wp-block-list\">\n<li><strong>Mais de 7,5 km de canais<\/strong>, que conectam casas, caf\u00e9s e pequenos com\u00e9rcios<\/li>\n\n\n\n<li><strong>Cerca de 180 pontes de madeira<\/strong> que ligam as margens e servem de passarelas entre propriedades<\/li>\n\n\n\n<li>Casas constru\u00eddas com <strong>funda\u00e7\u00e3o sobre estacas e jardins que terminam direto na \u00e1gua<\/strong><\/li>\n\n\n\n<li>Um sistema de <strong>barcos silenciosos e ecol\u00f3gicos<\/strong>, conhecidos como \u201csussurradores\u201d, usados por moradores e turistas<\/li>\n<\/ul>\n\n\n\n<p>Tudo foi projetado para manter o ritmo calmo e preservar o ecossistema da regi\u00e3o.<\/p>\n\n\n\n<figure class=\"wp-block-image size-large\"><img decoding=\"async\" width=\"1024\" height=\"576\" src=\"https:\/\/www.correiobraziliense.com.br\/cbradar\/wp-content\/uploads\/2025\/04\/Giethoorn_1743595284321-1024x576.jpg\" alt=\"Conhe\u00e7a a cidade onde a rua principal \u00e9 um rio\" class=\"wp-image-18258\" srcset=\"https:\/\/www.correiobraziliense.com.br\/cbradar\/wp-content\/uploads\/2025\/04\/Giethoorn_1743595284321-1024x576.jpg 1024w, https:\/\/www.correiobraziliense.com.br\/cbradar\/wp-content\/uploads\/2025\/04\/Giethoorn_1743595284321-300x169.jpg 300w, https:\/\/www.correiobraziliense.com.br\/cbradar\/wp-content\/uploads\/2025\/04\/Giethoorn_1743595284321-768x432.jpg 768w, https:\/\/www.correiobraziliense.com.br\/cbradar\/wp-content\/uploads\/2025\/04\/Giethoorn_1743595284321-750x422.jpg 750w, https:\/\/www.correiobraziliense.com.br\/cbradar\/wp-content\/uploads\/2025\/04\/Giethoorn_1743595284321-1140x642.jpg 1140w, https:\/\/www.correiobraziliense.com.br\/cbradar\/wp-content\/uploads\/2025\/04\/Giethoorn_1743595284321.jpg 1279w\" sizes=\"(max-width: 1024px) 100vw, 1024px\" \/><figcaption class=\"wp-element-caption\">Giethoorn. Cr\u00e9ditos: depositphotos.com \/ sippel<\/figcaption><\/figure>\n\n\n\n<h2 class=\"wp-block-heading\"><strong>Por que Giethoorn n\u00e3o tem ruas comuns?<\/strong><\/h2>\n\n\n\n<p>A cidade foi fundada no s\u00e9culo XIII por camponeses e mineradores de turfa. Ao cavarem a terra para extra\u00e7\u00e3o do material, acabaram criando os canais, que foram se tornando:<\/p>\n\n\n\n<ul class=\"wp-block-list\">\n<li><strong>Rotas de transporte natural para pessoas e mercadorias<\/strong><\/li>\n\n\n\n<li>Uma <strong>alternativa vi\u00e1vel ao uso de estradas<\/strong>, especialmente em uma regi\u00e3o pantanosa<\/li>\n\n\n\n<li>Um <strong>modo de vida sustent\u00e1vel e harmonioso com a paisagem local<\/strong><\/li>\n<\/ul>\n\n\n\n<p>At\u00e9 hoje, o modelo se manteve, com regras que limitam o tr\u00e1fego de carros ao entorno da vila.<\/p>\n\n\n\n<h2 class=\"wp-block-heading\"><strong>Curiosidades sobre Giethoorn<\/strong><\/h2>\n\n\n\n<ul class=\"wp-block-list\">\n<li><strong>A cidade n\u00e3o tem buzinas, sem\u00e1foros nem engarrafamentos<\/strong><\/li>\n\n\n\n<li>Moradores usam <strong>barcos como \u201ccarros\u201d para ir \u00e0 escola, ao mercado e ao trabalho<\/strong><\/li>\n\n\n\n<li><strong>\u00c9 poss\u00edvel alugar uma casa com vaga de barco no lugar de garagem<\/strong><\/li>\n\n\n\n<li><strong>A vila ficou famosa ap\u00f3s aparecer em um jogo do SimCity<\/strong>, como exemplo de cidade sem polui\u00e7\u00e3o sonora<\/li>\n\n\n\n<li>Giethoorn \u00e9 um <strong>dos destinos mais fotografados da Holanda<\/strong>, especialmente na primavera<\/li>\n<\/ul>\n\n\n\n<p>Giethoorn mostra que <strong>\u00e9 poss\u00edvel viver com tranquilidade, beleza e sustentabilidade<\/strong> \u2014 onde o barulho dos motores d\u00e1 lugar ao som da \u00e1gua, e <strong>o trajeto do dia a dia \u00e9 uma navega\u00e7\u00e3o calma por canais floridos.<\/strong><\/p>\n","protected":false},"excerpt":{"rendered":"<p>Em Giethoorn, Holanda, a rua principal \u00e9 um rio. Descubra a vila sem carros onde barcos substituem carros e a tranquilidade navega entre canais e pontes.<\/p>\n","protected":false},"author":3,"featured_media":18257,"comment_status":"open","ping_status":"open","sticky":false,"template":"","format":"standard","meta":{"_yoast_wpseo_focuskw":"cidade rua rio","_yoast_wpseo_title":"%%title%%","_yoast_wpseo_metadesc":"Em Giethoorn, Holanda, a rua principal \u00e9 um rio. Descubra a vila sem carros onde barcos substituem carros e a tranquilidade navega entre canais e pontes.","jnews-multi-image_gallery":[],"jnews_single_post":{"format":"standard"},"jnews_primary_category":[],"jnews_social_meta":[],"jnews_override_counter":[],"footnotes":""},"categories":[108],"tags":[109],"class_list":["post-18256","post","type-post","status-publish","format-standard","has-post-thumbnail","hentry","category-cidades","tag-cidades"],"yoast_head":"<!-- This site is optimized with the Yoast SEO plugin v24.6 - https:\/\/yoast.com\/wordpress\/plugins\/seo\/ -->\n<title>Conhe\u00e7a a cidade onde a rua principal \u00e9 um rio<\/title>\n<meta name=\"description\" content=\"Em Giethoorn, Holanda, a rua principal \u00e9 um rio. Descubra a vila sem carros onde barcos substituem carros e a tranquilidade navega entre canais e pontes.\" \/>\n<meta name=\"robots\" content=\"index, follow, max-snippet:-1, max-image-preview:large, max-video-preview:-1\" \/>\n<link rel=\"canonical\" href=\"https:\/\/www.correiobraziliense.com.br\/cbradar\/conheca-a-cidade-onde-a-rua-principal-e-um-rio\/\" \/>\n<meta property=\"og:locale\" content=\"pt_BR\" \/>\n<meta property=\"og:type\" content=\"article\" \/>\n<meta property=\"og:title\" content=\"Conhe\u00e7a a cidade onde a rua principal \u00e9 um rio\" \/>\n<meta property=\"og:description\" content=\"Em Giethoorn, Holanda, a rua principal \u00e9 um rio. Descubra a vila sem carros onde barcos substituem carros e a tranquilidade navega entre canais e pontes.\" \/>\n<meta property=\"og:url\" content=\"https:\/\/www.correiobraziliense.com.br\/cbradar\/conheca-a-cidade-onde-a-rua-principal-e-um-rio\/\" \/>\n<meta property=\"og:site_name\" content=\"Correio Braziliense - Radar\" \/>\n<meta property=\"article:published_time\" content=\"2025-04-04T00:30:00+00:00\" \/>\n<meta property=\"og:image\" content=\"https:\/\/www.correiobraziliense.com.br\/cbradar\/wp-content\/uploads\/2025\/04\/Giethoorn_1743595257947.jpg\" \/>\n\t<meta property=\"og:image:width\" content=\"1280\" \/>\n\t<meta property=\"og:image:height\" content=\"720\" \/>\n\t<meta property=\"og:image:type\" content=\"image\/jpeg\" \/>\n<meta name=\"author\" content=\"Larissa Carvalho\" \/>\n<meta name=\"twitter:card\" content=\"summary_large_image\" \/>\n<meta name=\"twitter:label1\" content=\"Escrito por\" \/>\n\t<meta name=\"twitter:data1\" content=\"Larissa Carvalho\" \/>\n\t<meta name=\"twitter:label2\" content=\"Est. tempo de leitura\" \/>\n\t<meta name=\"twitter:data2\" content=\"3 minutos\" \/>\n<!-- \/ Yoast SEO plugin. -->","yoast_head_json":{"title":"Conhe\u00e7a a cidade onde a rua principal \u00e9 um rio","description":"Em Giethoorn, Holanda, a rua principal \u00e9 um rio. Descubra a vila sem carros onde barcos substituem carros e a tranquilidade navega entre canais e pontes.","robots":{"index":"index","follow":"follow","max-snippet":"max-snippet:-1","max-image-preview":"max-image-preview:large","max-video-preview":"max-video-preview:-1"},"canonical":"https:\/\/www.correiobraziliense.com.br\/cbradar\/conheca-a-cidade-onde-a-rua-principal-e-um-rio\/","og_locale":"pt_BR","og_type":"article","og_title":"Conhe\u00e7a a cidade onde a rua principal \u00e9 um rio","og_description":"Em Giethoorn, Holanda, a rua principal \u00e9 um rio. Descubra a vila sem carros onde barcos substituem carros e a tranquilidade navega entre canais e pontes.","og_url":"https:\/\/www.correiobraziliense.com.br\/cbradar\/conheca-a-cidade-onde-a-rua-principal-e-um-rio\/","og_site_name":"Correio Braziliense - Radar","article_published_time":"2025-04-04T00:30:00+00:00","og_image":[{"width":1280,"height":720,"url":"https:\/\/www.correiobraziliense.com.br\/cbradar\/wp-content\/uploads\/2025\/04\/Giethoorn_1743595257947.jpg","type":"image\/jpeg"}],"author":"Larissa Carvalho","twitter_card":"summary_large_image","twitter_misc":{"Escrito por":"Larissa Carvalho","Est. tempo de leitura":"3 minutos"},"schema":{"@context":"https:\/\/schema.org","@graph":[{"@type":"WebPage","@id":"https:\/\/www.correiobraziliense.com.br\/cbradar\/conheca-a-cidade-onde-a-rua-principal-e-um-rio\/","url":"https:\/\/www.correiobraziliense.com.br\/cbradar\/conheca-a-cidade-onde-a-rua-principal-e-um-rio\/","name":"Conhe\u00e7a a cidade onde a rua principal \u00e9 um rio","isPartOf":{"@id":"https:\/\/www.correiobraziliense.com.br\/cbradar\/#website"},"primaryImageOfPage":{"@id":"https:\/\/www.correiobraziliense.com.br\/cbradar\/conheca-a-cidade-onde-a-rua-principal-e-um-rio\/#primaryimage"},"image":{"@id":"https:\/\/www.correiobraziliense.com.br\/cbradar\/conheca-a-cidade-onde-a-rua-principal-e-um-rio\/#primaryimage"},"thumbnailUrl":"https:\/\/www.correiobraziliense.com.br\/cbradar\/wp-content\/uploads\/2025\/04\/Giethoorn_1743595257947.jpg","datePublished":"2025-04-04T00:30:00+00:00","author":{"@id":"https:\/\/www.correiobraziliense.com.br\/cbradar\/#\/schema\/person\/58422787644df994b53a19d3e56c1513"},"description":"Em Giethoorn, Holanda, a rua principal \u00e9 um rio. Descubra a vila sem carros onde barcos substituem carros e a tranquilidade navega entre canais e pontes.","breadcrumb":{"@id":"https:\/\/www.correiobraziliense.com.br\/cbradar\/conheca-a-cidade-onde-a-rua-principal-e-um-rio\/#breadcrumb"},"inLanguage":"pt-BR","potentialAction":[{"@type":"ReadAction","target":["https:\/\/www.correiobraziliense.com.br\/cbradar\/conheca-a-cidade-onde-a-rua-principal-e-um-rio\/"]}]},{"@type":"ImageObject","inLanguage":"pt-BR","@id":"https:\/\/www.correiobraziliense.com.br\/cbradar\/conheca-a-cidade-onde-a-rua-principal-e-um-rio\/#primaryimage","url":"https:\/\/www.correiobraziliense.com.br\/cbradar\/wp-content\/uploads\/2025\/04\/Giethoorn_1743595257947.jpg","contentUrl":"https:\/\/www.correiobraziliense.com.br\/cbradar\/wp-content\/uploads\/2025\/04\/Giethoorn_1743595257947.jpg","width":1280,"height":720,"caption":"Giethoorn. Cr\u00e9ditos: depositphotos.com \/ photoweges"},{"@type":"BreadcrumbList","@id":"https:\/\/www.correiobraziliense.com.br\/cbradar\/conheca-a-cidade-onde-a-rua-principal-e-um-rio\/#breadcrumb","itemListElement":[{"@type":"ListItem","position":1,"name":"In\u00edcio","item":"https:\/\/www.correiobraziliense.com.br\/cbradar\/"},{"@type":"ListItem","position":2,"name":"Conhe\u00e7a a cidade onde a rua principal \u00e9 um rio"}]},{"@type":"WebSite","@id":"https:\/\/www.correiobraziliense.com.br\/cbradar\/#website","url":"https:\/\/www.correiobraziliense.com.br\/cbradar\/","name":"Correio Braziliense - Radar","description":"Acompanhe as \u00faltimas not\u00edcias e fique bem informado sobre tudo o que acontece no Brasil e no mundo.","potentialAction":[{"@type":"SearchAction","target":{"@type":"EntryPoint","urlTemplate":"https:\/\/www.correiobraziliense.com.br\/cbradar\/?s={search_term_string}"},"query-input":{"@type":"PropertyValueSpecification","valueRequired":true,"valueName":"search_term_string"}}],"inLanguage":"pt-BR"},{"@type":"Person","@id":"https:\/\/www.correiobraziliense.com.br\/cbradar\/#\/schema\/person\/58422787644df994b53a19d3e56c1513","name":"Larissa Carvalho","image":{"@type":"ImageObject","inLanguage":"pt-BR","@id":"https:\/\/www.correiobraziliense.com.br\/cbradar\/#\/schema\/person\/image\/","url":"https:\/\/secure.gravatar.com\/avatar\/fe4f91a0de32b52a838d0d612abdc1aa?s=96&d=mm&r=g","contentUrl":"https:\/\/secure.gravatar.com\/avatar\/fe4f91a0de32b52a838d0d612abdc1aa?s=96&d=mm&r=g","caption":"Larissa Carvalho"},"url":"https:\/\/www.correiobraziliense.com.br\/cbradar\/author\/larissamyth\/"}]}},"_links":{"self":[{"href":"https:\/\/www.correiobraziliense.com.br\/cbradar\/wp-json\/wp\/v2\/posts\/18256","targetHints":{"allow":["GET"]}}],"collection":[{"href":"https:\/\/www.correiobraziliense.com.br\/cbradar\/wp-json\/wp\/v2\/posts"}],"about":[{"href":"https:\/\/www.correiobraziliense.com.br\/cbradar\/wp-json\/wp\/v2\/types\/post"}],"author":[{"embeddable":true,"href":"https:\/\/www.correiobraziliense.com.br\/cbradar\/wp-json\/wp\/v2\/users\/3"}],"replies":[{"embeddable":true,"href":"https:\/\/www.correiobraziliense.com.br\/cbradar\/wp-json\/wp\/v2\/comments?post=18256"}],"version-history":[{"count":1,"href":"https:\/\/www.correiobraziliense.com.br\/cbradar\/wp-json\/wp\/v2\/posts\/18256\/revisions"}],"predecessor-version":[{"id":18259,"href":"https:\/\/www.correiobraziliense.com.br\/cbradar\/wp-json\/wp\/v2\/posts\/18256\/revisions\/18259"}],"wp:featuredmedia":[{"embeddable":true,"href":"https:\/\/www.correiobraziliense.com.br\/cbradar\/wp-json\/wp\/v2\/media\/18257"}],"wp:attachment":[{"href":"https:\/\/www.correiobraziliense.com.br\/cbradar\/wp-json\/wp\/v2\/media?parent=18256"}],"wp:term":[{"taxonomy":"category","embeddable":true,"href":"https:\/\/www.correiobraziliense.com.br\/cbradar\/wp-json\/wp\/v2\/categories?post=18256"},{"taxonomy":"post_tag","embeddable":true,"href":"https:\/\/www.correiobraziliense.com.br\/cbradar\/wp-json\/wp\/v2\/tags?post=18256"}],"curies":[{"name":"wp","href":"https:\/\/api.w.org\/{rel}","templated":true}]}}