{"id":182665,"date":"2026-01-28T15:55:00","date_gmt":"2026-01-28T18:55:00","guid":{"rendered":"https:\/\/www.correiobraziliense.com.br\/cbradar\/?p=182665"},"modified":"2026-01-27T09:36:07","modified_gmt":"2026-01-27T12:36:07","slug":"a-ligacao-silenciosa-entre-insonia-e-depressao-em-idosos","status":"publish","type":"post","link":"https:\/\/www.correiobraziliense.com.br\/cbradar\/a-ligacao-silenciosa-entre-insonia-e-depressao-em-idosos\/","title":{"rendered":"A liga\u00e7\u00e3o silenciosa entre ins\u00f4nia e depress\u00e3o em idosos"},"content":{"rendered":"\n<p>A <strong>Ins\u00f4nia <\/strong>\u00e9 um dist\u00farbio comumente associado \u00e0 dificuldade de iniciar ou manter o sono. Recentes estudos realizados pela Universidade da Calif\u00f3rnia em Los Angeles revelam uma liga\u00e7\u00e3o preocupante entre Ins\u00f4nia cr\u00f4nica e o desenvolvimento de depress\u00e3o, especialmente em indiv\u00edduos idosos. Esta correla\u00e7\u00e3o se intensifica na presen\u00e7a de inflama\u00e7\u00e3o cr\u00f4nica, aumentando significativamente o risco de sintomas depressivos.<\/p>\n\n\n\n<p>Em um experimento envolvendo 160 adultos com mais de 60 anos, descobriu-se que pessoas com Ins\u00f4nia apresentam um risco tr\u00eas vezes maior de manifestar sintomas de depress\u00e3o quando expostas a condi\u00e7\u00f5es que promovem a inflama\u00e7\u00e3o. Este estudo enfatiza a necessidade de considerar a Ins\u00f4nia n\u00e3o apenas como um problema de sono isolado, mas como um potencial precursor de condi\u00e7\u00f5es psicol\u00f3gicas adversas.<\/p>\n\n\n\n<h2 class=\"wp-block-heading\">Como a Inflama\u00e7\u00e3o Influencia na Sa\u00fade Mental?<\/h2>\n\n\n\n<p>O processo inflamat\u00f3rio no corpo humano \u00e9 uma resposta natural do sistema imunol\u00f3gico a agress\u00f5es ou infec\u00e7\u00f5es. Contudo, quando essa inflama\u00e7\u00e3o se torna cr\u00f4nica, pode afetar negativamente v\u00e1rias fun\u00e7\u00f5es corporais, incluindo a <a href=\"https:\/\/www.correiobraziliense.com.br\/cbradar\/a-proteina-vegetal-que-pode-desafiar-o-whey-protein\/\" target=\"_blank\" rel=\"noreferrer noopener\">sa\u00fade <\/a>mental. Doen\u00e7as como as card\u00edacas e c\u00e2ncer j\u00e1 foram associadas a processos inflamat\u00f3rios persistentes. O envelhecimento, por si s\u00f3, tamb\u00e9m pode contribuir para o aumento da inflama\u00e7\u00e3o devido \u00e0 fragilidade imunol\u00f3gica.<\/p>\n\n\n\n<p>Especificamente, em indiv\u00edduos com Ins\u00f4nia, a inflama\u00e7\u00e3o cr\u00f4nica parece desempenhar um papel crucial na manifesta\u00e7\u00e3o da depress\u00e3o. A priva\u00e7\u00e3o do sono pode tornar o c\u00e9rebro mais vulner\u00e1vel \u00e0 infiltra\u00e7\u00e3o desses agentes inflamat\u00f3rios, aumentando a suscetibilidade a dist\u00farbios de humor. A pesquisa mostrou que, enquanto pessoas com sono saud\u00e1vel recuperaram-se rapidamente de aumentos depressivos induzidos pela inflama\u00e7\u00e3o, ins\u00f4nias persistiram com sintomas depressivos por per\u00edodos prolongados.<\/p>\n\n\n<div class=\"wp-block-image\">\n<figure class=\"aligncenter size-large\"><img decoding=\"async\" width=\"1024\" height=\"576\" src=\"https:\/\/www.correiobraziliense.com.br\/cbradar\/wp-content\/uploads\/2025\/06\/insonia_1749042653802-1024x576.jpg\" alt=\"\" class=\"wp-image-47912\" srcset=\"https:\/\/www.correiobraziliense.com.br\/cbradar\/wp-content\/uploads\/2025\/06\/insonia_1749042653802-1024x576.jpg 1024w, https:\/\/www.correiobraziliense.com.br\/cbradar\/wp-content\/uploads\/2025\/06\/insonia_1749042653802-300x169.jpg 300w, https:\/\/www.correiobraziliense.com.br\/cbradar\/wp-content\/uploads\/2025\/06\/insonia_1749042653802-768x432.jpg 768w, https:\/\/www.correiobraziliense.com.br\/cbradar\/wp-content\/uploads\/2025\/06\/insonia_1749042653802-750x422.jpg 750w, https:\/\/www.correiobraziliense.com.br\/cbradar\/wp-content\/uploads\/2025\/06\/insonia_1749042653802-1140x641.jpg 1140w, https:\/\/www.correiobraziliense.com.br\/cbradar\/wp-content\/uploads\/2025\/06\/insonia_1749042653802.jpg 1280w\" sizes=\"(max-width: 1024px) 100vw, 1024px\" \/><figcaption class=\"wp-element-caption\">Ins\u00f4nia &#8211; Cr\u00e9ditos: depositphotos.com \/ HayDmitriy<\/figcaption><\/figure><\/div>\n\n\n<h2 class=\"wp-block-heading\">Por que a Ins\u00f4nia agrava a inflama\u00e7\u00e3o?<\/h2>\n\n\n\n<p>Estudos sugerem que a falta de sono afeta significativamente a resposta imunol\u00f3gica do corpo, facilitando o aumento de subst\u00e2ncias inflamat\u00f3rias no sistema. A Ins\u00f4nia cr\u00f4nica pode, portanto, intensificar este efeito, tornando o c\u00e9rebro mais suscet\u00edvel a ataques inflamat\u00f3rios. Os mecanismos exatos ainda est\u00e3o em estudo, mas \u00e9 evidente que a Ins\u00f4nia pode predispor as c\u00e9lulas cerebrais a uma rea\u00e7\u00e3o exagerada frente \u00e0 inflama\u00e7\u00e3o.<\/p>\n\n\n\n<p>Essas descobertas levantam um alerta para a aten\u00e7\u00e3o m\u00e9dica sobre o tratamento de dist\u00farbios do sono. Al\u00e9m do acompanhamento psicol\u00f3gico, interven\u00e7\u00f5es m\u00e9dicas focadas na redu\u00e7\u00e3o da inflama\u00e7\u00e3o podem ser cr\u00edticas para melhorar a qualidade de vida de pacientes com Ins\u00f4nia cr\u00f4nica.<\/p>\n\n\n\n<h2 class=\"wp-block-heading\">Quais medidas podem mitigar esses efeitos?<\/h2>\n\n\n\n<p>Diante desses dados, estrat\u00e9gias que combinem a melhora dos padr\u00f5es de sono com a gest\u00e3o da inflama\u00e7\u00e3o s\u00e3o fundamentais. Algumas abordagens j\u00e1 demonstram potencial, como:<\/p>\n\n\n\n<ul class=\"wp-block-list\">\n<li><strong>Promo\u00e7\u00e3o de H\u00e1bitos de Sono Saud\u00e1veis:<\/strong>\u00a0Estabelecer uma rotina de sono regular, evitar estimulantes antes de dormir e criar um ambiente relaxante podem ser eficazes.<\/li>\n\n\n\n<li><strong>Interven\u00e7\u00f5es Farmacol\u00f3gicas:<\/strong>\u00a0O uso de medicamentos anti-inflamat\u00f3rios em conjunto com terapias para o sono pode ajudar a mitigar os efeitos da Ins\u00f4nia na sa\u00fade mental.<\/li>\n\n\n\n<li><strong>Inovadoras Terapias Alternativas:<\/strong>\u00a0M\u00e9todos como a eletroacupuntura t\u00eam mostrado algum \u00eaxito na redu\u00e7\u00e3o dos sintomas da Ins\u00f4nia e, consequentemente, em minimizar os riscos de depress\u00e3o associada.<\/li>\n<\/ul>\n\n\n\n<p>Cada vez mais, percebe-se a import\u00e2ncia de tratar a Ins\u00f4nia n\u00e3o apenas como um simples dist\u00farbio do sono, mas como uma condi\u00e7\u00e3o cr\u00edtica que influencia amplamente o bem-estar psicol\u00f3gico, principalmente em idosos. A pesquisa aponta para a urg\u00eancia de abordagens integradas que visem tanto a redu\u00e7\u00e3o da Ins\u00f4nia quanto a gest\u00e3o da inflama\u00e7\u00e3o para prevenir a progress\u00e3o para estados depressivos.<\/p>\n\n\n<a href=\"https:\/\/www.instagram.com\/dra.annaluisabf\/\" target=\"_blank\" rel=\"noopener\" style=\"text-decoration: none; color: inherit;\">\n    <span style=\"display: inline-block; border: 1px solid #ccc; border-radius: 10px; padding: 15px; max-width: 550px; font-family: sans-serif; box-shadow: 0 2px 5px rgba(0,0,0,0.1); width: 100%;\">\n\n      <!-- T\u00edtulo -->\n      <span style=\"display: block; margin: 0 0 15px 0; font-weight: bold; color: #2c3e50; text-align: center;\">\n        Entre em contato:\n      <\/span>\n\n      <!-- Linha do perfil -->\n      <span style=\"display: flex; align-items: center; gap: 15px;\">\n        <img decoding=\"async\"\n          src=\"https:\/\/www.correiobraziliense.com.br\/cbradar\/wp-content\/uploads\/2025\/08\/dra_anna_luisa.jpeg\"\n          alt=\"Foto da Dra. Anna Lu\u00edsa\"\n          style=\"border-radius: 50%; width: 80px; height: 80px; object-fit: cover;\"\n        \/>\n        <span style=\"display: flex; flex-direction: column;\">\n          <span style=\"font-size: 18px; font-weight: 700; color: #2c3e50;\">Dra. Anna Lu\u00edsa Barbosa Fernandes<\/span>\n          <span style=\"color: #555;\">CRM-GO 33.271<\/span>\n        <\/span>\n      <\/span>\n\n      <!-- Redes -->\n      <span style=\"display: flex; align-items: center; gap: 10px; margin-top: 12px;\">\n        <img decoding=\"async\" src=\"https:\/\/cdn-icons-png.flaticon.com\/24\/1384\/1384063.png\" alt=\"Instagram\" width=\"24\" height=\"24\" \/>\n        <span style=\"text-decoration: underline; color: #2c3e50;\">@dra.annaluisabf<\/span>\n      <\/span>\n\n    <\/span>\n  <\/a>","protected":false},"excerpt":{"rendered":"<p>A Ins\u00f4nia \u00e9 um dist\u00farbio comumente associado \u00e0 dificuldade de iniciar ou manter o sono. Recentes estudos realizados pela Universidade da Calif\u00f3rnia em Los Angeles revelam uma liga\u00e7\u00e3o preocupante entre Ins\u00f4nia cr\u00f4nica e o desenvolvimento de depress\u00e3o, especialmente em indiv\u00edduos idosos. Esta correla\u00e7\u00e3o se intensifica na presen\u00e7a de inflama\u00e7\u00e3o cr\u00f4nica, aumentando significativamente o risco de [&hellip;]<\/p>\n","protected":false},"author":14,"featured_media":47911,"comment_status":"open","ping_status":"open","sticky":false,"template":"","format":"standard","meta":{"_yoast_wpseo_focuskw":"Ins\u00f4nia","_yoast_wpseo_title":"","_yoast_wpseo_metadesc":"Estudos mostram que a ins\u00f4nia cr\u00f4nica vai al\u00e9m do sono ruim e pode afetar o equil\u00edbrio emocional. Veja o que a ci\u00eancia aponta.","jnews-multi-image_gallery":[],"jnews_single_post":{"format":"standard"},"jnews_primary_category":[],"jnews_social_meta":[],"jnews_override_counter":[],"footnotes":""},"categories":[4404],"tags":[2145,247,1318],"class_list":["post-182665","post","type-post","status-publish","format-standard","has-post-thumbnail","hentry","category-saude","tag-insonia","tag-qualidade-de-vida","tag-saude-2"],"yoast_head":"<!-- This site is optimized with the Yoast SEO plugin v24.6 - https:\/\/yoast.com\/wordpress\/plugins\/seo\/ -->\n<title>A liga\u00e7\u00e3o silenciosa entre ins\u00f4nia e depress\u00e3o em idosos - Correio Braziliense - Radar<\/title>\n<meta name=\"description\" content=\"Estudos mostram que a ins\u00f4nia cr\u00f4nica vai al\u00e9m do sono ruim e pode afetar o equil\u00edbrio emocional. Veja o que a ci\u00eancia aponta.\" \/>\n<meta name=\"robots\" content=\"index, follow, max-snippet:-1, max-image-preview:large, max-video-preview:-1\" \/>\n<link rel=\"canonical\" href=\"https:\/\/www.correiobraziliense.com.br\/cbradar\/a-ligacao-silenciosa-entre-insonia-e-depressao-em-idosos\/\" \/>\n<meta property=\"og:locale\" content=\"pt_BR\" \/>\n<meta property=\"og:type\" content=\"article\" \/>\n<meta property=\"og:title\" content=\"A liga\u00e7\u00e3o silenciosa entre ins\u00f4nia e depress\u00e3o em idosos - Correio Braziliense - Radar\" \/>\n<meta property=\"og:description\" content=\"Estudos mostram que a ins\u00f4nia cr\u00f4nica vai al\u00e9m do sono ruim e pode afetar o equil\u00edbrio emocional. Veja o que a ci\u00eancia aponta.\" \/>\n<meta property=\"og:url\" content=\"https:\/\/www.correiobraziliense.com.br\/cbradar\/a-ligacao-silenciosa-entre-insonia-e-depressao-em-idosos\/\" \/>\n<meta property=\"og:site_name\" content=\"Correio Braziliense - Radar\" \/>\n<meta property=\"article:published_time\" content=\"2026-01-28T18:55:00+00:00\" \/>\n<meta property=\"og:image\" content=\"https:\/\/www.correiobraziliense.com.br\/cbradar\/wp-content\/uploads\/2025\/06\/insonia_1749042590382.jpg\" \/>\n\t<meta property=\"og:image:width\" content=\"1280\" \/>\n\t<meta property=\"og:image:height\" content=\"720\" \/>\n\t<meta property=\"og:image:type\" content=\"image\/jpeg\" \/>\n<meta name=\"author\" content=\"guilherme_saude\" \/>\n<meta name=\"twitter:card\" content=\"summary_large_image\" \/>\n<meta name=\"twitter:label1\" content=\"Escrito por\" \/>\n\t<meta name=\"twitter:data1\" content=\"guilherme_saude\" \/>\n\t<meta name=\"twitter:label2\" content=\"Est. tempo de leitura\" \/>\n\t<meta name=\"twitter:data2\" content=\"4 minutos\" \/>\n<!-- \/ Yoast SEO plugin. -->","yoast_head_json":{"title":"A liga\u00e7\u00e3o silenciosa entre ins\u00f4nia e depress\u00e3o em idosos - Correio Braziliense - Radar","description":"Estudos mostram que a ins\u00f4nia cr\u00f4nica vai al\u00e9m do sono ruim e pode afetar o equil\u00edbrio emocional. Veja o que a ci\u00eancia aponta.","robots":{"index":"index","follow":"follow","max-snippet":"max-snippet:-1","max-image-preview":"max-image-preview:large","max-video-preview":"max-video-preview:-1"},"canonical":"https:\/\/www.correiobraziliense.com.br\/cbradar\/a-ligacao-silenciosa-entre-insonia-e-depressao-em-idosos\/","og_locale":"pt_BR","og_type":"article","og_title":"A liga\u00e7\u00e3o silenciosa entre ins\u00f4nia e depress\u00e3o em idosos - Correio Braziliense - Radar","og_description":"Estudos mostram que a ins\u00f4nia cr\u00f4nica vai al\u00e9m do sono ruim e pode afetar o equil\u00edbrio emocional. Veja o que a ci\u00eancia aponta.","og_url":"https:\/\/www.correiobraziliense.com.br\/cbradar\/a-ligacao-silenciosa-entre-insonia-e-depressao-em-idosos\/","og_site_name":"Correio Braziliense - Radar","article_published_time":"2026-01-28T18:55:00+00:00","og_image":[{"width":1280,"height":720,"url":"https:\/\/www.correiobraziliense.com.br\/cbradar\/wp-content\/uploads\/2025\/06\/insonia_1749042590382.jpg","type":"image\/jpeg"}],"author":"guilherme_saude","twitter_card":"summary_large_image","twitter_misc":{"Escrito por":"guilherme_saude","Est. tempo de leitura":"4 minutos"},"schema":{"@context":"https:\/\/schema.org","@graph":[{"@type":"WebPage","@id":"https:\/\/www.correiobraziliense.com.br\/cbradar\/a-ligacao-silenciosa-entre-insonia-e-depressao-em-idosos\/","url":"https:\/\/www.correiobraziliense.com.br\/cbradar\/a-ligacao-silenciosa-entre-insonia-e-depressao-em-idosos\/","name":"A liga\u00e7\u00e3o silenciosa entre ins\u00f4nia e depress\u00e3o em idosos - Correio Braziliense - Radar","isPartOf":{"@id":"https:\/\/www.correiobraziliense.com.br\/cbradar\/#website"},"primaryImageOfPage":{"@id":"https:\/\/www.correiobraziliense.com.br\/cbradar\/a-ligacao-silenciosa-entre-insonia-e-depressao-em-idosos\/#primaryimage"},"image":{"@id":"https:\/\/www.correiobraziliense.com.br\/cbradar\/a-ligacao-silenciosa-entre-insonia-e-depressao-em-idosos\/#primaryimage"},"thumbnailUrl":"https:\/\/www.correiobraziliense.com.br\/cbradar\/wp-content\/uploads\/2025\/06\/insonia_1749042590382.jpg","datePublished":"2026-01-28T18:55:00+00:00","author":{"@id":"https:\/\/www.correiobraziliense.com.br\/cbradar\/#\/schema\/person\/5aa4bf3c8fa699c267933611de12978b"},"description":"Estudos mostram que a ins\u00f4nia cr\u00f4nica vai al\u00e9m do sono ruim e pode afetar o equil\u00edbrio emocional. Veja o que a ci\u00eancia aponta.","breadcrumb":{"@id":"https:\/\/www.correiobraziliense.com.br\/cbradar\/a-ligacao-silenciosa-entre-insonia-e-depressao-em-idosos\/#breadcrumb"},"inLanguage":"pt-BR","potentialAction":[{"@type":"ReadAction","target":["https:\/\/www.correiobraziliense.com.br\/cbradar\/a-ligacao-silenciosa-entre-insonia-e-depressao-em-idosos\/"]}]},{"@type":"ImageObject","inLanguage":"pt-BR","@id":"https:\/\/www.correiobraziliense.com.br\/cbradar\/a-ligacao-silenciosa-entre-insonia-e-depressao-em-idosos\/#primaryimage","url":"https:\/\/www.correiobraziliense.com.br\/cbradar\/wp-content\/uploads\/2025\/06\/insonia_1749042590382.jpg","contentUrl":"https:\/\/www.correiobraziliense.com.br\/cbradar\/wp-content\/uploads\/2025\/06\/insonia_1749042590382.jpg","width":1280,"height":720,"caption":"Ins\u00f4nia - Cr\u00e9ditos: depositphotos.com \/ focuspocusltd"},{"@type":"BreadcrumbList","@id":"https:\/\/www.correiobraziliense.com.br\/cbradar\/a-ligacao-silenciosa-entre-insonia-e-depressao-em-idosos\/#breadcrumb","itemListElement":[{"@type":"ListItem","position":1,"name":"In\u00edcio","item":"https:\/\/www.correiobraziliense.com.br\/cbradar\/"},{"@type":"ListItem","position":2,"name":"A liga\u00e7\u00e3o silenciosa entre ins\u00f4nia e depress\u00e3o em idosos"}]},{"@type":"WebSite","@id":"https:\/\/www.correiobraziliense.com.br\/cbradar\/#website","url":"https:\/\/www.correiobraziliense.com.br\/cbradar\/","name":"Correio Braziliense - Radar","description":"Acompanhe as \u00faltimas not\u00edcias e fique bem informado sobre tudo o que acontece no Brasil e no mundo.","potentialAction":[{"@type":"SearchAction","target":{"@type":"EntryPoint","urlTemplate":"https:\/\/www.correiobraziliense.com.br\/cbradar\/?s={search_term_string}"},"query-input":{"@type":"PropertyValueSpecification","valueRequired":true,"valueName":"search_term_string"}}],"inLanguage":"pt-BR"},{"@type":"Person","@id":"https:\/\/www.correiobraziliense.com.br\/cbradar\/#\/schema\/person\/5aa4bf3c8fa699c267933611de12978b","name":"guilherme_saude","image":{"@type":"ImageObject","inLanguage":"pt-BR","@id":"https:\/\/www.correiobraziliense.com.br\/cbradar\/#\/schema\/person\/image\/","url":"https:\/\/secure.gravatar.com\/avatar\/df9adfb835d344bc0af109d41756253f?s=96&d=mm&r=g","contentUrl":"https:\/\/secure.gravatar.com\/avatar\/df9adfb835d344bc0af109d41756253f?s=96&d=mm&r=g","caption":"guilherme_saude"},"url":"https:\/\/www.correiobraziliense.com.br\/cbradar\/author\/guilherme_saude\/"}]}},"_links":{"self":[{"href":"https:\/\/www.correiobraziliense.com.br\/cbradar\/wp-json\/wp\/v2\/posts\/182665","targetHints":{"allow":["GET"]}}],"collection":[{"href":"https:\/\/www.correiobraziliense.com.br\/cbradar\/wp-json\/wp\/v2\/posts"}],"about":[{"href":"https:\/\/www.correiobraziliense.com.br\/cbradar\/wp-json\/wp\/v2\/types\/post"}],"author":[{"embeddable":true,"href":"https:\/\/www.correiobraziliense.com.br\/cbradar\/wp-json\/wp\/v2\/users\/14"}],"replies":[{"embeddable":true,"href":"https:\/\/www.correiobraziliense.com.br\/cbradar\/wp-json\/wp\/v2\/comments?post=182665"}],"version-history":[{"count":1,"href":"https:\/\/www.correiobraziliense.com.br\/cbradar\/wp-json\/wp\/v2\/posts\/182665\/revisions"}],"predecessor-version":[{"id":182666,"href":"https:\/\/www.correiobraziliense.com.br\/cbradar\/wp-json\/wp\/v2\/posts\/182665\/revisions\/182666"}],"wp:featuredmedia":[{"embeddable":true,"href":"https:\/\/www.correiobraziliense.com.br\/cbradar\/wp-json\/wp\/v2\/media\/47911"}],"wp:attachment":[{"href":"https:\/\/www.correiobraziliense.com.br\/cbradar\/wp-json\/wp\/v2\/media?parent=182665"}],"wp:term":[{"taxonomy":"category","embeddable":true,"href":"https:\/\/www.correiobraziliense.com.br\/cbradar\/wp-json\/wp\/v2\/categories?post=182665"},{"taxonomy":"post_tag","embeddable":true,"href":"https:\/\/www.correiobraziliense.com.br\/cbradar\/wp-json\/wp\/v2\/tags?post=182665"}],"curies":[{"name":"wp","href":"https:\/\/api.w.org\/{rel}","templated":true}]}}